{"id":8028,"date":"2022-02-01T06:03:00","date_gmt":"2022-02-01T09:03:00","guid":{"rendered":"https:\/\/www.padreeustaquio.com.br\/?p=8028"},"modified":"2022-01-27T15:56:19","modified_gmt":"2022-01-27T18:56:19","slug":"almost-60-years-ago-jk-gave-his-testimony-for-the-canonization-of-father-eustaquio","status":"publish","type":"post","link":"https:\/\/www.padreeustaquio.com.br\/en\/almost-60-years-ago-jk-gave-his-testimony-for-the-canonization-of-father-eustaquio\/","title":{"rendered":"Nearly 60 years ago, JK gave his testimony for the canonization of Father Eust\u00e1quio."},"content":{"rendered":"<p>Exactly 59 years ago, in February 1963, the former president of Brazil, Juscelino Kubitschek, gave a testimony to the Ecclesiastical Tribunal that was handling the initial work for the Cause of Beatification\/Canonization of Father Eust\u00e1quio. On that occasion, he spoke about two graces obtained by him and his family through the intercession of the Dutch priest.<\/p>\n\n\n\n<p>Read the full testimony:<\/p>\n\n\n\n<p><em>\u201c&quot;While I was suffering from a throat infection and had a fever for several days, with no effect from the remedies, Father Eust\u00e1quio gave me a blessing around eleven in the morning, and by two in the afternoon, I was completely cured. Another fact is this: for twelve years I had been tired and childless. All treatments had been tried, without any result. Finally, Dr. Lucas Machado proposed a minor surgical intervention, which I, as a doctor, knew to be practically useless. In conversation with Dr. Olinto Orsini regarding the aforementioned surgical intervention, he told me that he would bring Father Eust\u00e1quio to my house. Father Eust\u00e1quio gave my wife a blessing, and approximately ten days after the blessing, conception was confirmed. The entire pregnancy was extremely difficult with several complications, and the delivery was difficult, ending in a cesarean section. There is no further confirmation of this event because my wife did not conceive again. When Father Eust\u00e1quio was at my house to give the blessing...&quot; I received it from my wife more out of politeness than because I was thinking of some extraordinary event. As a Catholic, I acknowledge the possibility of a miracle. If the surgical intervention had been performed and, simultaneously, Father Eust\u00e1quio had given his blessing, I would attribute the result to the intervention.<\/em> <em>However, since only Father Eust\u00e1quio gave a blessing, I firmly believe that a miracle occurred in this case.\u201d<\/em><\/p>\n\n\n\n<p>Juscelino Kubitschek lived alongside Father Eust\u00e1quio during the time the Blessed Father resided in the capital of Minas Gerais. At the time, JK was mayor of Belo Horizonte and donated the land to the Blessed Father to build the Parish of the Sacred Hearts, now the Archdiocesan Sanctuary of Health and Peace.<\/p>\n\n\n\n<p><\/p>","protected":false},"excerpt":{"rendered":"<p>H\u00e1 exatos 59 anos, em fevereiro de 1963, o ex-presidente do Brasil, Juscelino Kubitschek, prestou um depoimento ao Tribunal Eclesi\u00e1stico que cuidava dos trabalhos iniciais para a Causa de Beatifica\u00e7\u00e3o\/Canoniza\u00e7\u00e3o de Padre Eust\u00e1quio. Na ocasi\u00e3o ele falou sobre duas gra\u00e7as alcan\u00e7adas por ele e pela fam\u00edlia dele, pela intercess\u00e3o do padre holand\u00eas. Leia o depoimento na \u00edntegra: \u201cEstando eu atacado de uma infec\u00e7\u00e3o da garganta, com febre de alguns dias, sem que os rem\u00e9dios produzissem efeito, o Padre Eust\u00e1quio deu-me uma ben\u00e7\u00e3o, cerca de onze horas da manh\u00e3, e \u00e0s duas horas da tarde, eu j\u00e1 n\u00e3o tinha mais nada. [&hellip;]<\/p>\n","protected":false},"author":2,"featured_media":8032,"comment_status":"open","ping_status":"closed","sticky":false,"template":"","format":"standard","meta":{"_acf_changed":false,"footnotes":""},"categories":[611],"tags":[],"class_list":["post-8028","post","type-post","status-publish","format-standard","has-post-thumbnail","hentry","category-noticias"],"acf":[],"yoast_head":"<!-- This site is optimized with the Yoast SEO plugin v27.2 - https:\/\/yoast.com\/product\/yoast-seo-wordpress\/ -->\n<title>H\u00e1 quase 60 anos JK dava seu depoimento para Canoniza\u00e7\u00e3o de Padre Eust\u00e1quio<\/title>\n<meta name=\"description\" content=\"H\u00e1 exatos 59 anos, em fevereiro de 1963, o ex-presidente do Brasil, Juscelino Kubitschek, prestou um depoimento ao Tribunal Eclesi\u00e1stico que cuidava dos trabalhos iniciais para a Causa de Beatifica\u00e7\u00e3o\/Canoniza\u00e7\u00e3o de Padre Eust\u00e1quio.\" \/>\n<meta name=\"robots\" content=\"index, follow, max-snippet:-1, max-image-preview:large, max-video-preview:-1\" \/>\n<link rel=\"canonical\" href=\"https:\/\/www.padreeustaquio.com.br\/en\/almost-60-years-ago-jk-gave-his-testimony-for-the-canonization-of-father-eustaquio\/\" \/>\n<meta property=\"og:locale\" content=\"en_US\" \/>\n<meta property=\"og:type\" content=\"article\" \/>\n<meta property=\"og:title\" content=\"H\u00e1 quase 60 anos JK dava seu depoimento para Canoniza\u00e7\u00e3o de Padre Eust\u00e1quio\" \/>\n<meta property=\"og:description\" content=\"H\u00e1 exatos 59 anos, em fevereiro de 1963, o ex-presidente do Brasil, Juscelino Kubitschek, prestou um depoimento ao Tribunal Eclesi\u00e1stico que cuidava dos trabalhos iniciais para a Causa de Beatifica\u00e7\u00e3o\/Canoniza\u00e7\u00e3o de Padre Eust\u00e1quio.\" \/>\n<meta property=\"og:url\" content=\"https:\/\/www.padreeustaquio.com.br\/en\/almost-60-years-ago-jk-gave-his-testimony-for-the-canonization-of-father-eustaquio\/\" \/>\n<meta property=\"og:site_name\" content=\"Padre Eust\u00e1quio\" \/>\n<meta property=\"article:publisher\" content=\"https:\/\/www.facebook.com\/beatopadreeustaquio\/\" \/>\n<meta property=\"article:published_time\" content=\"2022-02-01T09:03:00+00:00\" \/>\n<meta property=\"og:image\" content=\"https:\/\/www.padreeustaquio.com.br\/wp-content\/uploads\/2022\/02\/jk.jpg\" \/>\n\t<meta property=\"og:image:width\" content=\"748\" \/>\n\t<meta property=\"og:image:height\" content=\"394\" \/>\n\t<meta property=\"og:image:type\" content=\"image\/jpeg\" \/>\n<meta name=\"author\" content=\"@sscc\" \/>\n<meta name=\"twitter:card\" content=\"summary_large_image\" \/>\n<meta name=\"twitter:creator\" content=\"@beatopeustaquio\" \/>\n<meta name=\"twitter:site\" content=\"@beatopeustaquio\" \/>\n<meta name=\"twitter:label1\" content=\"Written by\" \/>\n\t<meta name=\"twitter:data1\" content=\"@sscc\" \/>\n\t<meta name=\"twitter:label2\" content=\"Est. reading time\" \/>\n\t<meta name=\"twitter:data2\" content=\"2 minutes\" \/>\n<script type=\"application\/ld+json\" class=\"yoast-schema-graph\">{\"@context\":\"https:\/\/schema.org\",\"@graph\":[{\"@type\":\"Article\",\"@id\":\"https:\/\/www.padreeustaquio.com.br\/ha-quase-60-anos-jk-dava-seu-depoimento-para-canonizacao-de-padre-eustaquio\/#article\",\"isPartOf\":{\"@id\":\"https:\/\/www.padreeustaquio.com.br\/ha-quase-60-anos-jk-dava-seu-depoimento-para-canonizacao-de-padre-eustaquio\/\"},\"author\":{\"name\":\"@sscc\",\"@id\":\"https:\/\/www.padreeustaquio.com.br\/#\/schema\/person\/a2a51db1d00f1a7af0204a0f1ddb1566\"},\"headline\":\"H\u00e1 quase 60 anos JK dava seu depoimento para Canoniza\u00e7\u00e3o de Padre Eust\u00e1quio\",\"datePublished\":\"2022-02-01T09:03:00+00:00\",\"mainEntityOfPage\":{\"@id\":\"https:\/\/www.padreeustaquio.com.br\/ha-quase-60-anos-jk-dava-seu-depoimento-para-canonizacao-de-padre-eustaquio\/\"},\"wordCount\":382,\"commentCount\":0,\"publisher\":{\"@id\":\"https:\/\/www.padreeustaquio.com.br\/#organization\"},\"image\":{\"@id\":\"https:\/\/www.padreeustaquio.com.br\/ha-quase-60-anos-jk-dava-seu-depoimento-para-canonizacao-de-padre-eustaquio\/#primaryimage\"},\"thumbnailUrl\":\"https:\/\/www.padreeustaquio.com.br\/wp-content\/uploads\/2022\/02\/jk.jpg\",\"articleSection\":[\"Not\u00edcias\"],\"inLanguage\":\"en-US\",\"potentialAction\":[{\"@type\":\"CommentAction\",\"name\":\"Comment\",\"target\":[\"https:\/\/www.padreeustaquio.com.br\/ha-quase-60-anos-jk-dava-seu-depoimento-para-canonizacao-de-padre-eustaquio\/#respond\"]}]},{\"@type\":\"WebPage\",\"@id\":\"https:\/\/www.padreeustaquio.com.br\/ha-quase-60-anos-jk-dava-seu-depoimento-para-canonizacao-de-padre-eustaquio\/\",\"url\":\"https:\/\/www.padreeustaquio.com.br\/ha-quase-60-anos-jk-dava-seu-depoimento-para-canonizacao-de-padre-eustaquio\/\",\"name\":\"H\u00e1 quase 60 anos JK dava seu depoimento para Canoniza\u00e7\u00e3o de Padre Eust\u00e1quio\",\"isPartOf\":{\"@id\":\"https:\/\/www.padreeustaquio.com.br\/#website\"},\"primaryImageOfPage\":{\"@id\":\"https:\/\/www.padreeustaquio.com.br\/ha-quase-60-anos-jk-dava-seu-depoimento-para-canonizacao-de-padre-eustaquio\/#primaryimage\"},\"image\":{\"@id\":\"https:\/\/www.padreeustaquio.com.br\/ha-quase-60-anos-jk-dava-seu-depoimento-para-canonizacao-de-padre-eustaquio\/#primaryimage\"},\"thumbnailUrl\":\"https:\/\/www.padreeustaquio.com.br\/wp-content\/uploads\/2022\/02\/jk.jpg\",\"datePublished\":\"2022-02-01T09:03:00+00:00\",\"description\":\"H\u00e1 exatos 59 anos, em fevereiro de 1963, o ex-presidente do Brasil, Juscelino Kubitschek, prestou um depoimento ao Tribunal Eclesi\u00e1stico que cuidava dos trabalhos iniciais para a Causa de Beatifica\u00e7\u00e3o\/Canoniza\u00e7\u00e3o de Padre Eust\u00e1quio.\",\"breadcrumb\":{\"@id\":\"https:\/\/www.padreeustaquio.com.br\/ha-quase-60-anos-jk-dava-seu-depoimento-para-canonizacao-de-padre-eustaquio\/#breadcrumb\"},\"inLanguage\":\"en-US\",\"potentialAction\":[{\"@type\":\"ReadAction\",\"target\":[\"https:\/\/www.padreeustaquio.com.br\/ha-quase-60-anos-jk-dava-seu-depoimento-para-canonizacao-de-padre-eustaquio\/\"]}]},{\"@type\":\"ImageObject\",\"inLanguage\":\"en-US\",\"@id\":\"https:\/\/www.padreeustaquio.com.br\/ha-quase-60-anos-jk-dava-seu-depoimento-para-canonizacao-de-padre-eustaquio\/#primaryimage\",\"url\":\"https:\/\/www.padreeustaquio.com.br\/wp-content\/uploads\/2022\/02\/jk.jpg\",\"contentUrl\":\"https:\/\/www.padreeustaquio.com.br\/wp-content\/uploads\/2022\/02\/jk.jpg\",\"width\":748,\"height\":394},{\"@type\":\"BreadcrumbList\",\"@id\":\"https:\/\/www.padreeustaquio.com.br\/ha-quase-60-anos-jk-dava-seu-depoimento-para-canonizacao-de-padre-eustaquio\/#breadcrumb\",\"itemListElement\":[{\"@type\":\"ListItem\",\"position\":1,\"name\":\"In\u00edcio\",\"item\":\"https:\/\/www.padreeustaquio.com.br\/\"},{\"@type\":\"ListItem\",\"position\":2,\"name\":\"H\u00e1 quase 60 anos JK dava seu depoimento para Canoniza\u00e7\u00e3o de Padre Eust\u00e1quio\"}]},{\"@type\":\"WebSite\",\"@id\":\"https:\/\/www.padreeustaquio.com.br\/#website\",\"url\":\"https:\/\/www.padreeustaquio.com.br\/\",\"name\":\"Padre Eust\u00e1quio\",\"description\":\"Sa\u00fade e Paz\",\"publisher\":{\"@id\":\"https:\/\/www.padreeustaquio.com.br\/#organization\"},\"potentialAction\":[{\"@type\":\"SearchAction\",\"target\":{\"@type\":\"EntryPoint\",\"urlTemplate\":\"https:\/\/www.padreeustaquio.com.br\/?s={search_term_string}\"},\"query-input\":{\"@type\":\"PropertyValueSpecification\",\"valueRequired\":true,\"valueName\":\"search_term_string\"}}],\"inLanguage\":\"en-US\"},{\"@type\":\"Organization\",\"@id\":\"https:\/\/www.padreeustaquio.com.br\/#organization\",\"name\":\"Padre Eust\u00e1quio\",\"url\":\"https:\/\/www.padreeustaquio.com.br\/\",\"logo\":{\"@type\":\"ImageObject\",\"inLanguage\":\"en-US\",\"@id\":\"https:\/\/www.padreeustaquio.com.br\/#\/schema\/logo\/image\/\",\"url\":\"https:\/\/www.padreeustaquio.com.br\/wp-content\/uploads\/2019\/08\/marca.png\",\"contentUrl\":\"https:\/\/www.padreeustaquio.com.br\/wp-content\/uploads\/2019\/08\/marca.png\",\"width\":350,\"height\":400,\"caption\":\"Padre Eust\u00e1quio\"},\"image\":{\"@id\":\"https:\/\/www.padreeustaquio.com.br\/#\/schema\/logo\/image\/\"},\"sameAs\":[\"https:\/\/www.facebook.com\/beatopadreeustaquio\/\",\"https:\/\/x.com\/beatopeustaquio\",\"https:\/\/www.instagram.com\/beatopadreeustaquio\/\",\"https:\/\/www.youtube.com\/channel\/UCRhw7vfabnajwLxb1ZXMeIw\"]},{\"@type\":\"Person\",\"@id\":\"https:\/\/www.padreeustaquio.com.br\/#\/schema\/person\/a2a51db1d00f1a7af0204a0f1ddb1566\",\"name\":\"@sscc\",\"image\":{\"@type\":\"ImageObject\",\"inLanguage\":\"en-US\",\"@id\":\"https:\/\/secure.gravatar.com\/avatar\/68cfafa5f44617fea54071e215026e0ff06be366c3d54a8425f04fdcb86f8c5f?s=96&d=mm&r=g\",\"url\":\"https:\/\/secure.gravatar.com\/avatar\/68cfafa5f44617fea54071e215026e0ff06be366c3d54a8425f04fdcb86f8c5f?s=96&d=mm&r=g\",\"contentUrl\":\"https:\/\/secure.gravatar.com\/avatar\/68cfafa5f44617fea54071e215026e0ff06be366c3d54a8425f04fdcb86f8c5f?s=96&d=mm&r=g\",\"caption\":\"@sscc\"},\"url\":\"https:\/\/www.padreeustaquio.com.br\/en\/author\/sscc\/\"}]}<\/script>\n<!-- \/ Yoast SEO plugin. -->","yoast_head_json":{"title":"Nearly 60 years ago, JK gave his testimony for the canonization of Father Eust\u00e1quio.","description":"Exactly 59 years ago, in February 1963, the former president of Brazil, Juscelino Kubitschek, gave a testimony to the Ecclesiastical Tribunal that was handling the initial work for the Cause of Beatification\/Canonization of Father Eust\u00e1quio.","robots":{"index":"index","follow":"follow","max-snippet":"max-snippet:-1","max-image-preview":"max-image-preview:large","max-video-preview":"max-video-preview:-1"},"canonical":"https:\/\/www.padreeustaquio.com.br\/en\/almost-60-years-ago-jk-gave-his-testimony-for-the-canonization-of-father-eustaquio\/","og_locale":"en_US","og_type":"article","og_title":"H\u00e1 quase 60 anos JK dava seu depoimento para Canoniza\u00e7\u00e3o de Padre Eust\u00e1quio","og_description":"H\u00e1 exatos 59 anos, em fevereiro de 1963, o ex-presidente do Brasil, Juscelino Kubitschek, prestou um depoimento ao Tribunal Eclesi\u00e1stico que cuidava dos trabalhos iniciais para a Causa de Beatifica\u00e7\u00e3o\/Canoniza\u00e7\u00e3o de Padre Eust\u00e1quio.","og_url":"https:\/\/www.padreeustaquio.com.br\/en\/almost-60-years-ago-jk-gave-his-testimony-for-the-canonization-of-father-eustaquio\/","og_site_name":"Padre Eust\u00e1quio","article_publisher":"https:\/\/www.facebook.com\/beatopadreeustaquio\/","article_published_time":"2022-02-01T09:03:00+00:00","og_image":[{"width":748,"height":394,"url":"https:\/\/www.padreeustaquio.com.br\/wp-content\/uploads\/2022\/02\/jk.jpg","type":"image\/jpeg"}],"author":"@sscc","twitter_card":"summary_large_image","twitter_creator":"@beatopeustaquio","twitter_site":"@beatopeustaquio","twitter_misc":{"Written by":"@sscc","Est. reading time":"2 minutes"},"schema":{"@context":"https:\/\/schema.org","@graph":[{"@type":"Article","@id":"https:\/\/www.padreeustaquio.com.br\/ha-quase-60-anos-jk-dava-seu-depoimento-para-canonizacao-de-padre-eustaquio\/#article","isPartOf":{"@id":"https:\/\/www.padreeustaquio.com.br\/ha-quase-60-anos-jk-dava-seu-depoimento-para-canonizacao-de-padre-eustaquio\/"},"author":{"name":"@sscc","@id":"https:\/\/www.padreeustaquio.com.br\/#\/schema\/person\/a2a51db1d00f1a7af0204a0f1ddb1566"},"headline":"H\u00e1 quase 60 anos JK dava seu depoimento para Canoniza\u00e7\u00e3o de Padre Eust\u00e1quio","datePublished":"2022-02-01T09:03:00+00:00","mainEntityOfPage":{"@id":"https:\/\/www.padreeustaquio.com.br\/ha-quase-60-anos-jk-dava-seu-depoimento-para-canonizacao-de-padre-eustaquio\/"},"wordCount":382,"commentCount":0,"publisher":{"@id":"https:\/\/www.padreeustaquio.com.br\/#organization"},"image":{"@id":"https:\/\/www.padreeustaquio.com.br\/ha-quase-60-anos-jk-dava-seu-depoimento-para-canonizacao-de-padre-eustaquio\/#primaryimage"},"thumbnailUrl":"https:\/\/www.padreeustaquio.com.br\/wp-content\/uploads\/2022\/02\/jk.jpg","articleSection":["Not\u00edcias"],"inLanguage":"en-US","potentialAction":[{"@type":"CommentAction","name":"Comment","target":["https:\/\/www.padreeustaquio.com.br\/ha-quase-60-anos-jk-dava-seu-depoimento-para-canonizacao-de-padre-eustaquio\/#respond"]}]},{"@type":"WebPage","@id":"https:\/\/www.padreeustaquio.com.br\/ha-quase-60-anos-jk-dava-seu-depoimento-para-canonizacao-de-padre-eustaquio\/","url":"https:\/\/www.padreeustaquio.com.br\/ha-quase-60-anos-jk-dava-seu-depoimento-para-canonizacao-de-padre-eustaquio\/","name":"Nearly 60 years ago, JK gave his testimony for the canonization of Father Eust\u00e1quio.","isPartOf":{"@id":"https:\/\/www.padreeustaquio.com.br\/#website"},"primaryImageOfPage":{"@id":"https:\/\/www.padreeustaquio.com.br\/ha-quase-60-anos-jk-dava-seu-depoimento-para-canonizacao-de-padre-eustaquio\/#primaryimage"},"image":{"@id":"https:\/\/www.padreeustaquio.com.br\/ha-quase-60-anos-jk-dava-seu-depoimento-para-canonizacao-de-padre-eustaquio\/#primaryimage"},"thumbnailUrl":"https:\/\/www.padreeustaquio.com.br\/wp-content\/uploads\/2022\/02\/jk.jpg","datePublished":"2022-02-01T09:03:00+00:00","description":"Exactly 59 years ago, in February 1963, the former president of Brazil, Juscelino Kubitschek, gave a testimony to the Ecclesiastical Tribunal that was handling the initial work for the Cause of Beatification\/Canonization of Father Eust\u00e1quio.","breadcrumb":{"@id":"https:\/\/www.padreeustaquio.com.br\/ha-quase-60-anos-jk-dava-seu-depoimento-para-canonizacao-de-padre-eustaquio\/#breadcrumb"},"inLanguage":"en-US","potentialAction":[{"@type":"ReadAction","target":["https:\/\/www.padreeustaquio.com.br\/ha-quase-60-anos-jk-dava-seu-depoimento-para-canonizacao-de-padre-eustaquio\/"]}]},{"@type":"ImageObject","inLanguage":"en-US","@id":"https:\/\/www.padreeustaquio.com.br\/ha-quase-60-anos-jk-dava-seu-depoimento-para-canonizacao-de-padre-eustaquio\/#primaryimage","url":"https:\/\/www.padreeustaquio.com.br\/wp-content\/uploads\/2022\/02\/jk.jpg","contentUrl":"https:\/\/www.padreeustaquio.com.br\/wp-content\/uploads\/2022\/02\/jk.jpg","width":748,"height":394},{"@type":"BreadcrumbList","@id":"https:\/\/www.padreeustaquio.com.br\/ha-quase-60-anos-jk-dava-seu-depoimento-para-canonizacao-de-padre-eustaquio\/#breadcrumb","itemListElement":[{"@type":"ListItem","position":1,"name":"In\u00edcio","item":"https:\/\/www.padreeustaquio.com.br\/"},{"@type":"ListItem","position":2,"name":"H\u00e1 quase 60 anos JK dava seu depoimento para Canoniza\u00e7\u00e3o de Padre Eust\u00e1quio"}]},{"@type":"WebSite","@id":"https:\/\/www.padreeustaquio.com.br\/#website","url":"https:\/\/www.padreeustaquio.com.br\/","name":"FATHER EUST\u00c1QUIO","description":"Health and Peace","publisher":{"@id":"https:\/\/www.padreeustaquio.com.br\/#organization"},"potentialAction":[{"@type":"SearchAction","target":{"@type":"EntryPoint","urlTemplate":"https:\/\/www.padreeustaquio.com.br\/?s={search_term_string}"},"query-input":{"@type":"PropertyValueSpecification","valueRequired":true,"valueName":"search_term_string"}}],"inLanguage":"en-US"},{"@type":"Organization","@id":"https:\/\/www.padreeustaquio.com.br\/#organization","name":"FATHER EUST\u00c1QUIO","url":"https:\/\/www.padreeustaquio.com.br\/","logo":{"@type":"ImageObject","inLanguage":"en-US","@id":"https:\/\/www.padreeustaquio.com.br\/#\/schema\/logo\/image\/","url":"https:\/\/www.padreeustaquio.com.br\/wp-content\/uploads\/2019\/08\/marca.png","contentUrl":"https:\/\/www.padreeustaquio.com.br\/wp-content\/uploads\/2019\/08\/marca.png","width":350,"height":400,"caption":"Padre Eust\u00e1quio"},"image":{"@id":"https:\/\/www.padreeustaquio.com.br\/#\/schema\/logo\/image\/"},"sameAs":["https:\/\/www.facebook.com\/beatopadreeustaquio\/","https:\/\/x.com\/beatopeustaquio","https:\/\/www.instagram.com\/beatopadreeustaquio\/","https:\/\/www.youtube.com\/channel\/UCRhw7vfabnajwLxb1ZXMeIw"]},{"@type":"Person","@id":"https:\/\/www.padreeustaquio.com.br\/#\/schema\/person\/a2a51db1d00f1a7af0204a0f1ddb1566","name":"@sscc","image":{"@type":"ImageObject","inLanguage":"en-US","@id":"https:\/\/secure.gravatar.com\/avatar\/68cfafa5f44617fea54071e215026e0ff06be366c3d54a8425f04fdcb86f8c5f?s=96&d=mm&r=g","url":"https:\/\/secure.gravatar.com\/avatar\/68cfafa5f44617fea54071e215026e0ff06be366c3d54a8425f04fdcb86f8c5f?s=96&d=mm&r=g","contentUrl":"https:\/\/secure.gravatar.com\/avatar\/68cfafa5f44617fea54071e215026e0ff06be366c3d54a8425f04fdcb86f8c5f?s=96&d=mm&r=g","caption":"@sscc"},"url":"https:\/\/www.padreeustaquio.com.br\/en\/author\/sscc\/"}]}},"_links":{"self":[{"href":"https:\/\/www.padreeustaquio.com.br\/en\/wp-json\/wp\/v2\/posts\/8028","targetHints":{"allow":["GET"]}}],"collection":[{"href":"https:\/\/www.padreeustaquio.com.br\/en\/wp-json\/wp\/v2\/posts"}],"about":[{"href":"https:\/\/www.padreeustaquio.com.br\/en\/wp-json\/wp\/v2\/types\/post"}],"author":[{"embeddable":true,"href":"https:\/\/www.padreeustaquio.com.br\/en\/wp-json\/wp\/v2\/users\/2"}],"replies":[{"embeddable":true,"href":"https:\/\/www.padreeustaquio.com.br\/en\/wp-json\/wp\/v2\/comments?post=8028"}],"version-history":[{"count":0,"href":"https:\/\/www.padreeustaquio.com.br\/en\/wp-json\/wp\/v2\/posts\/8028\/revisions"}],"wp:featuredmedia":[{"embeddable":true,"href":"https:\/\/www.padreeustaquio.com.br\/en\/wp-json\/wp\/v2\/media\/8032"}],"wp:attachment":[{"href":"https:\/\/www.padreeustaquio.com.br\/en\/wp-json\/wp\/v2\/media?parent=8028"}],"wp:term":[{"taxonomy":"category","embeddable":true,"href":"https:\/\/www.padreeustaquio.com.br\/en\/wp-json\/wp\/v2\/categories?post=8028"},{"taxonomy":"post_tag","embeddable":true,"href":"https:\/\/www.padreeustaquio.com.br\/en\/wp-json\/wp\/v2\/tags?post=8028"}],"curies":[{"name":"wp","href":"https:\/\/api.w.org\/{rel}","templated":true}]}}