{"id":8024,"date":"2022-01-31T06:36:00","date_gmt":"2022-01-31T09:36:00","guid":{"rendered":"https:\/\/www.padreeustaquio.com.br\/?p=8024"},"modified":"2022-01-27T15:00:42","modified_gmt":"2022-01-27T18:00:42","slug":"reflections-are-once-again-being-shown-on-the-padre-eustaquio-youtube-channel","status":"publish","type":"post","link":"https:\/\/www.padreeustaquio.com.br\/en\/reflections-are-once-again-being-shown-on-the-padre-eustaquio-youtube-channel\/","title":{"rendered":"\u201c&quot;Reflections&quot; are once again being shown on the Padre Eust\u00e1quio YouTube Channel."},"content":{"rendered":"<p>Since the beginning of the year, videos from the &quot;Reflections&quot; playlist have resumed being posted on the Padre Eust\u00e1quio YouTube Channel. Previously published Monday through Saturday, this year videos will only be posted on Mondays.<\/p>\n\n\n\n<p>The videos offer a weekly reflection taken from one of the Sunday celebrations. Each week, one of the priests from the Sanctuary of Health and Peace is chosen to bring the Word of God to people through this evangelization channel. The meditation excerpt is taken from the homily of the Sunday Mass, becoming an important message from the Gospel of each Sunday.<\/p>\n\n\n\n<p>In his most recent video, Father Silvano Dias de \u00c1vila discusses the behavior of Christians during celebrations. The content, taken from his homily on Sunday, January 23rd, addresses our role in the liturgy., <a href=\"https:\/\/www.youtube.com\/watch?v=w5zTNlBtU_Y&amp;list=PL7SBzddW7Uzn7RVPfgqSP1px8BpgmIHk2&amp;index=1\" target=\"_blank\" rel=\"noreferrer noopener\">Click here<\/a> And check out this video.<\/p>\n\n\n\n<p>The new season of \u201cReflections\u201d premieres every Monday on the Padre Eust\u00e1quio Channel at 1 PM. You can also find a playlist with all the reflections posted to date on our YouTube channel. <a href=\"https:\/\/www.youtube.com\/playlist?list=PL7SBzddW7Uzn7RVPfgqSP1px8BpgmIHk2\" target=\"_blank\" rel=\"noreferrer noopener\">Click here to see.<\/a><\/p>\n\n\n\n<p>Oh, and take the opportunity to subscribe to the channel, like the videos, and share them with your friends!<\/p>\n\n\n\n<p><\/p>","protected":false},"excerpt":{"rendered":"<p>Desde o in\u00edcio do ano os v\u00eddeos da playlist &#8220;Reflex\u00f5es&#8221; voltaram a ser postados no YouTube Canal Padre Eust\u00e1quio. A publica\u00e7\u00e3o que antes era feita de segunda \u00e0 s\u00e1bado, este ano passa a ser postada apenas \u00e0s segundas-feiras. Os v\u00eddeos trazem, semanalmente, uma reflex\u00e3o retirada de uma das celebra\u00e7\u00f5es do domingo. Cada semana, um dos padres do Santu\u00e1rio da Sa\u00fade e da paz \u00e9 escolhido para levar a Palavra de Deus para as pessoas por meio deste Canal de evangeliza\u00e7\u00e3o. O trecho da medita\u00e7\u00e3o \u00e9 retirado da homilia da missa dominical, se tornando uma mensagem importante vinda do Evangelho de [&hellip;]<\/p>\n","protected":false},"author":2,"featured_media":8025,"comment_status":"open","ping_status":"closed","sticky":false,"template":"","format":"standard","meta":{"_acf_changed":false,"footnotes":""},"categories":[611],"tags":[],"class_list":["post-8024","post","type-post","status-publish","format-standard","has-post-thumbnail","hentry","category-noticias"],"acf":[],"yoast_head":"<!-- This site is optimized with the Yoast SEO plugin v27.2 - https:\/\/yoast.com\/product\/yoast-seo-wordpress\/ -->\n<title>&quot;Reflex\u00f5es&quot; voltam a ser exibidas no YouTube Canal Padre Eust\u00e1quio<\/title>\n<meta name=\"description\" content=\"Desde o in\u00edcio do ano os v\u00eddeos da playlist &quot;Reflex\u00f5es&quot; voltaram a ser postados no YouTube Canal Padre Eust\u00e1quio. A publica\u00e7\u00e3o que antes era feita de segunda \u00e0 s\u00e1bado, este ano passa a ser postada apenas \u00e0s segundas-feiras.\" \/>\n<meta name=\"robots\" content=\"index, follow, max-snippet:-1, max-image-preview:large, max-video-preview:-1\" \/>\n<link rel=\"canonical\" href=\"https:\/\/www.padreeustaquio.com.br\/en\/reflections-are-once-again-being-shown-on-the-padre-eustaquio-youtube-channel\/\" \/>\n<meta property=\"og:locale\" content=\"en_US\" \/>\n<meta property=\"og:type\" content=\"article\" \/>\n<meta property=\"og:title\" content=\"&quot;Reflex\u00f5es&quot; voltam a ser exibidas no YouTube Canal Padre Eust\u00e1quio\" \/>\n<meta property=\"og:description\" content=\"Desde o in\u00edcio do ano os v\u00eddeos da playlist &quot;Reflex\u00f5es&quot; voltaram a ser postados no YouTube Canal Padre Eust\u00e1quio. A publica\u00e7\u00e3o que antes era feita de segunda \u00e0 s\u00e1bado, este ano passa a ser postada apenas \u00e0s segundas-feiras.\" \/>\n<meta property=\"og:url\" content=\"https:\/\/www.padreeustaquio.com.br\/en\/reflections-are-once-again-being-shown-on-the-padre-eustaquio-youtube-channel\/\" \/>\n<meta property=\"og:site_name\" content=\"Padre Eust\u00e1quio\" \/>\n<meta property=\"article:publisher\" content=\"https:\/\/www.facebook.com\/beatopadreeustaquio\/\" \/>\n<meta property=\"article:published_time\" content=\"2022-01-31T09:36:00+00:00\" \/>\n<meta property=\"og:image\" content=\"https:\/\/www.padreeustaquio.com.br\/wp-content\/uploads\/2022\/01\/CAPA-REFLEXAO.jpg\" \/>\n\t<meta property=\"og:image:width\" content=\"1920\" \/>\n\t<meta property=\"og:image:height\" content=\"1080\" \/>\n\t<meta property=\"og:image:type\" content=\"image\/jpeg\" \/>\n<meta name=\"author\" content=\"@sscc\" \/>\n<meta name=\"twitter:card\" content=\"summary_large_image\" \/>\n<meta name=\"twitter:creator\" content=\"@beatopeustaquio\" \/>\n<meta name=\"twitter:site\" content=\"@beatopeustaquio\" \/>\n<meta name=\"twitter:label1\" content=\"Written by\" \/>\n\t<meta name=\"twitter:data1\" content=\"@sscc\" \/>\n\t<meta name=\"twitter:label2\" content=\"Est. reading time\" \/>\n\t<meta name=\"twitter:data2\" content=\"1 minute\" \/>\n<script type=\"application\/ld+json\" class=\"yoast-schema-graph\">{\"@context\":\"https:\/\/schema.org\",\"@graph\":[{\"@type\":\"Article\",\"@id\":\"https:\/\/www.padreeustaquio.com.br\/reflexoes-voltam-a-ser-exibidas-no-youtube-canal-padre-eustaquio\/#article\",\"isPartOf\":{\"@id\":\"https:\/\/www.padreeustaquio.com.br\/reflexoes-voltam-a-ser-exibidas-no-youtube-canal-padre-eustaquio\/\"},\"author\":{\"name\":\"@sscc\",\"@id\":\"https:\/\/www.padreeustaquio.com.br\/#\/schema\/person\/a2a51db1d00f1a7af0204a0f1ddb1566\"},\"headline\":\"&#8220;Reflex\u00f5es&#8221; voltam a ser exibidas no YouTube Canal Padre Eust\u00e1quio\",\"datePublished\":\"2022-01-31T09:36:00+00:00\",\"mainEntityOfPage\":{\"@id\":\"https:\/\/www.padreeustaquio.com.br\/reflexoes-voltam-a-ser-exibidas-no-youtube-canal-padre-eustaquio\/\"},\"wordCount\":226,\"commentCount\":0,\"publisher\":{\"@id\":\"https:\/\/www.padreeustaquio.com.br\/#organization\"},\"image\":{\"@id\":\"https:\/\/www.padreeustaquio.com.br\/reflexoes-voltam-a-ser-exibidas-no-youtube-canal-padre-eustaquio\/#primaryimage\"},\"thumbnailUrl\":\"https:\/\/www.padreeustaquio.com.br\/wp-content\/uploads\/2022\/01\/CAPA-REFLEXAO.jpg\",\"articleSection\":[\"Not\u00edcias\"],\"inLanguage\":\"en-US\",\"potentialAction\":[{\"@type\":\"CommentAction\",\"name\":\"Comment\",\"target\":[\"https:\/\/www.padreeustaquio.com.br\/reflexoes-voltam-a-ser-exibidas-no-youtube-canal-padre-eustaquio\/#respond\"]}]},{\"@type\":\"WebPage\",\"@id\":\"https:\/\/www.padreeustaquio.com.br\/reflexoes-voltam-a-ser-exibidas-no-youtube-canal-padre-eustaquio\/\",\"url\":\"https:\/\/www.padreeustaquio.com.br\/reflexoes-voltam-a-ser-exibidas-no-youtube-canal-padre-eustaquio\/\",\"name\":\"\\\"Reflex\u00f5es\\\" voltam a ser exibidas no YouTube Canal Padre Eust\u00e1quio\",\"isPartOf\":{\"@id\":\"https:\/\/www.padreeustaquio.com.br\/#website\"},\"primaryImageOfPage\":{\"@id\":\"https:\/\/www.padreeustaquio.com.br\/reflexoes-voltam-a-ser-exibidas-no-youtube-canal-padre-eustaquio\/#primaryimage\"},\"image\":{\"@id\":\"https:\/\/www.padreeustaquio.com.br\/reflexoes-voltam-a-ser-exibidas-no-youtube-canal-padre-eustaquio\/#primaryimage\"},\"thumbnailUrl\":\"https:\/\/www.padreeustaquio.com.br\/wp-content\/uploads\/2022\/01\/CAPA-REFLEXAO.jpg\",\"datePublished\":\"2022-01-31T09:36:00+00:00\",\"description\":\"Desde o in\u00edcio do ano os v\u00eddeos da playlist \\\"Reflex\u00f5es\\\" voltaram a ser postados no YouTube Canal Padre Eust\u00e1quio. A publica\u00e7\u00e3o que antes era feita de segunda \u00e0 s\u00e1bado, este ano passa a ser postada apenas \u00e0s segundas-feiras.\",\"breadcrumb\":{\"@id\":\"https:\/\/www.padreeustaquio.com.br\/reflexoes-voltam-a-ser-exibidas-no-youtube-canal-padre-eustaquio\/#breadcrumb\"},\"inLanguage\":\"en-US\",\"potentialAction\":[{\"@type\":\"ReadAction\",\"target\":[\"https:\/\/www.padreeustaquio.com.br\/reflexoes-voltam-a-ser-exibidas-no-youtube-canal-padre-eustaquio\/\"]}]},{\"@type\":\"ImageObject\",\"inLanguage\":\"en-US\",\"@id\":\"https:\/\/www.padreeustaquio.com.br\/reflexoes-voltam-a-ser-exibidas-no-youtube-canal-padre-eustaquio\/#primaryimage\",\"url\":\"https:\/\/www.padreeustaquio.com.br\/wp-content\/uploads\/2022\/01\/CAPA-REFLEXAO.jpg\",\"contentUrl\":\"https:\/\/www.padreeustaquio.com.br\/wp-content\/uploads\/2022\/01\/CAPA-REFLEXAO.jpg\",\"width\":1920,\"height\":1080},{\"@type\":\"BreadcrumbList\",\"@id\":\"https:\/\/www.padreeustaquio.com.br\/reflexoes-voltam-a-ser-exibidas-no-youtube-canal-padre-eustaquio\/#breadcrumb\",\"itemListElement\":[{\"@type\":\"ListItem\",\"position\":1,\"name\":\"In\u00edcio\",\"item\":\"https:\/\/www.padreeustaquio.com.br\/\"},{\"@type\":\"ListItem\",\"position\":2,\"name\":\"&#8220;Reflex\u00f5es&#8221; voltam a ser exibidas no YouTube Canal Padre Eust\u00e1quio\"}]},{\"@type\":\"WebSite\",\"@id\":\"https:\/\/www.padreeustaquio.com.br\/#website\",\"url\":\"https:\/\/www.padreeustaquio.com.br\/\",\"name\":\"Padre Eust\u00e1quio\",\"description\":\"Sa\u00fade e Paz\",\"publisher\":{\"@id\":\"https:\/\/www.padreeustaquio.com.br\/#organization\"},\"potentialAction\":[{\"@type\":\"SearchAction\",\"target\":{\"@type\":\"EntryPoint\",\"urlTemplate\":\"https:\/\/www.padreeustaquio.com.br\/?s={search_term_string}\"},\"query-input\":{\"@type\":\"PropertyValueSpecification\",\"valueRequired\":true,\"valueName\":\"search_term_string\"}}],\"inLanguage\":\"en-US\"},{\"@type\":\"Organization\",\"@id\":\"https:\/\/www.padreeustaquio.com.br\/#organization\",\"name\":\"Padre Eust\u00e1quio\",\"url\":\"https:\/\/www.padreeustaquio.com.br\/\",\"logo\":{\"@type\":\"ImageObject\",\"inLanguage\":\"en-US\",\"@id\":\"https:\/\/www.padreeustaquio.com.br\/#\/schema\/logo\/image\/\",\"url\":\"https:\/\/www.padreeustaquio.com.br\/wp-content\/uploads\/2019\/08\/marca.png\",\"contentUrl\":\"https:\/\/www.padreeustaquio.com.br\/wp-content\/uploads\/2019\/08\/marca.png\",\"width\":350,\"height\":400,\"caption\":\"Padre Eust\u00e1quio\"},\"image\":{\"@id\":\"https:\/\/www.padreeustaquio.com.br\/#\/schema\/logo\/image\/\"},\"sameAs\":[\"https:\/\/www.facebook.com\/beatopadreeustaquio\/\",\"https:\/\/x.com\/beatopeustaquio\",\"https:\/\/www.instagram.com\/beatopadreeustaquio\/\",\"https:\/\/www.youtube.com\/channel\/UCRhw7vfabnajwLxb1ZXMeIw\"]},{\"@type\":\"Person\",\"@id\":\"https:\/\/www.padreeustaquio.com.br\/#\/schema\/person\/a2a51db1d00f1a7af0204a0f1ddb1566\",\"name\":\"@sscc\",\"image\":{\"@type\":\"ImageObject\",\"inLanguage\":\"en-US\",\"@id\":\"https:\/\/secure.gravatar.com\/avatar\/68cfafa5f44617fea54071e215026e0ff06be366c3d54a8425f04fdcb86f8c5f?s=96&d=mm&r=g\",\"url\":\"https:\/\/secure.gravatar.com\/avatar\/68cfafa5f44617fea54071e215026e0ff06be366c3d54a8425f04fdcb86f8c5f?s=96&d=mm&r=g\",\"contentUrl\":\"https:\/\/secure.gravatar.com\/avatar\/68cfafa5f44617fea54071e215026e0ff06be366c3d54a8425f04fdcb86f8c5f?s=96&d=mm&r=g\",\"caption\":\"@sscc\"},\"url\":\"https:\/\/www.padreeustaquio.com.br\/en\/author\/sscc\/\"}]}<\/script>\n<!-- \/ Yoast SEO plugin. -->","yoast_head_json":{"title":"\"&quot;Reflections&quot; are once again being shown on the Padre Eust\u00e1quio YouTube Channel.","description":"Since the beginning of the year, videos from the &quot;Reflections&quot; playlist have resumed being posted on the Padre Eust\u00e1quio YouTube Channel. Previously published Monday through Saturday, this year videos will only be posted on Mondays.","robots":{"index":"index","follow":"follow","max-snippet":"max-snippet:-1","max-image-preview":"max-image-preview:large","max-video-preview":"max-video-preview:-1"},"canonical":"https:\/\/www.padreeustaquio.com.br\/en\/reflections-are-once-again-being-shown-on-the-padre-eustaquio-youtube-channel\/","og_locale":"en_US","og_type":"article","og_title":"\"Reflex\u00f5es\" voltam a ser exibidas no YouTube Canal Padre Eust\u00e1quio","og_description":"Desde o in\u00edcio do ano os v\u00eddeos da playlist \"Reflex\u00f5es\" voltaram a ser postados no YouTube Canal Padre Eust\u00e1quio. A publica\u00e7\u00e3o que antes era feita de segunda \u00e0 s\u00e1bado, este ano passa a ser postada apenas \u00e0s segundas-feiras.","og_url":"https:\/\/www.padreeustaquio.com.br\/en\/reflections-are-once-again-being-shown-on-the-padre-eustaquio-youtube-channel\/","og_site_name":"Padre Eust\u00e1quio","article_publisher":"https:\/\/www.facebook.com\/beatopadreeustaquio\/","article_published_time":"2022-01-31T09:36:00+00:00","og_image":[{"width":1920,"height":1080,"url":"https:\/\/www.padreeustaquio.com.br\/wp-content\/uploads\/2022\/01\/CAPA-REFLEXAO.jpg","type":"image\/jpeg"}],"author":"@sscc","twitter_card":"summary_large_image","twitter_creator":"@beatopeustaquio","twitter_site":"@beatopeustaquio","twitter_misc":{"Written by":"@sscc","Est. reading time":"1 minute"},"schema":{"@context":"https:\/\/schema.org","@graph":[{"@type":"Article","@id":"https:\/\/www.padreeustaquio.com.br\/reflexoes-voltam-a-ser-exibidas-no-youtube-canal-padre-eustaquio\/#article","isPartOf":{"@id":"https:\/\/www.padreeustaquio.com.br\/reflexoes-voltam-a-ser-exibidas-no-youtube-canal-padre-eustaquio\/"},"author":{"name":"@sscc","@id":"https:\/\/www.padreeustaquio.com.br\/#\/schema\/person\/a2a51db1d00f1a7af0204a0f1ddb1566"},"headline":"&#8220;Reflex\u00f5es&#8221; voltam a ser exibidas no YouTube Canal Padre Eust\u00e1quio","datePublished":"2022-01-31T09:36:00+00:00","mainEntityOfPage":{"@id":"https:\/\/www.padreeustaquio.com.br\/reflexoes-voltam-a-ser-exibidas-no-youtube-canal-padre-eustaquio\/"},"wordCount":226,"commentCount":0,"publisher":{"@id":"https:\/\/www.padreeustaquio.com.br\/#organization"},"image":{"@id":"https:\/\/www.padreeustaquio.com.br\/reflexoes-voltam-a-ser-exibidas-no-youtube-canal-padre-eustaquio\/#primaryimage"},"thumbnailUrl":"https:\/\/www.padreeustaquio.com.br\/wp-content\/uploads\/2022\/01\/CAPA-REFLEXAO.jpg","articleSection":["Not\u00edcias"],"inLanguage":"en-US","potentialAction":[{"@type":"CommentAction","name":"Comment","target":["https:\/\/www.padreeustaquio.com.br\/reflexoes-voltam-a-ser-exibidas-no-youtube-canal-padre-eustaquio\/#respond"]}]},{"@type":"WebPage","@id":"https:\/\/www.padreeustaquio.com.br\/reflexoes-voltam-a-ser-exibidas-no-youtube-canal-padre-eustaquio\/","url":"https:\/\/www.padreeustaquio.com.br\/reflexoes-voltam-a-ser-exibidas-no-youtube-canal-padre-eustaquio\/","name":"\"&quot;Reflections&quot; are once again being shown on the Padre Eust\u00e1quio YouTube Channel.","isPartOf":{"@id":"https:\/\/www.padreeustaquio.com.br\/#website"},"primaryImageOfPage":{"@id":"https:\/\/www.padreeustaquio.com.br\/reflexoes-voltam-a-ser-exibidas-no-youtube-canal-padre-eustaquio\/#primaryimage"},"image":{"@id":"https:\/\/www.padreeustaquio.com.br\/reflexoes-voltam-a-ser-exibidas-no-youtube-canal-padre-eustaquio\/#primaryimage"},"thumbnailUrl":"https:\/\/www.padreeustaquio.com.br\/wp-content\/uploads\/2022\/01\/CAPA-REFLEXAO.jpg","datePublished":"2022-01-31T09:36:00+00:00","description":"Since the beginning of the year, videos from the &quot;Reflections&quot; playlist have resumed being posted on the Padre Eust\u00e1quio YouTube Channel. Previously published Monday through Saturday, this year videos will only be posted on Mondays.","breadcrumb":{"@id":"https:\/\/www.padreeustaquio.com.br\/reflexoes-voltam-a-ser-exibidas-no-youtube-canal-padre-eustaquio\/#breadcrumb"},"inLanguage":"en-US","potentialAction":[{"@type":"ReadAction","target":["https:\/\/www.padreeustaquio.com.br\/reflexoes-voltam-a-ser-exibidas-no-youtube-canal-padre-eustaquio\/"]}]},{"@type":"ImageObject","inLanguage":"en-US","@id":"https:\/\/www.padreeustaquio.com.br\/reflexoes-voltam-a-ser-exibidas-no-youtube-canal-padre-eustaquio\/#primaryimage","url":"https:\/\/www.padreeustaquio.com.br\/wp-content\/uploads\/2022\/01\/CAPA-REFLEXAO.jpg","contentUrl":"https:\/\/www.padreeustaquio.com.br\/wp-content\/uploads\/2022\/01\/CAPA-REFLEXAO.jpg","width":1920,"height":1080},{"@type":"BreadcrumbList","@id":"https:\/\/www.padreeustaquio.com.br\/reflexoes-voltam-a-ser-exibidas-no-youtube-canal-padre-eustaquio\/#breadcrumb","itemListElement":[{"@type":"ListItem","position":1,"name":"In\u00edcio","item":"https:\/\/www.padreeustaquio.com.br\/"},{"@type":"ListItem","position":2,"name":"&#8220;Reflex\u00f5es&#8221; voltam a ser exibidas no YouTube Canal Padre Eust\u00e1quio"}]},{"@type":"WebSite","@id":"https:\/\/www.padreeustaquio.com.br\/#website","url":"https:\/\/www.padreeustaquio.com.br\/","name":"FATHER EUST\u00c1QUIO","description":"Health and Peace","publisher":{"@id":"https:\/\/www.padreeustaquio.com.br\/#organization"},"potentialAction":[{"@type":"SearchAction","target":{"@type":"EntryPoint","urlTemplate":"https:\/\/www.padreeustaquio.com.br\/?s={search_term_string}"},"query-input":{"@type":"PropertyValueSpecification","valueRequired":true,"valueName":"search_term_string"}}],"inLanguage":"en-US"},{"@type":"Organization","@id":"https:\/\/www.padreeustaquio.com.br\/#organization","name":"FATHER EUST\u00c1QUIO","url":"https:\/\/www.padreeustaquio.com.br\/","logo":{"@type":"ImageObject","inLanguage":"en-US","@id":"https:\/\/www.padreeustaquio.com.br\/#\/schema\/logo\/image\/","url":"https:\/\/www.padreeustaquio.com.br\/wp-content\/uploads\/2019\/08\/marca.png","contentUrl":"https:\/\/www.padreeustaquio.com.br\/wp-content\/uploads\/2019\/08\/marca.png","width":350,"height":400,"caption":"Padre Eust\u00e1quio"},"image":{"@id":"https:\/\/www.padreeustaquio.com.br\/#\/schema\/logo\/image\/"},"sameAs":["https:\/\/www.facebook.com\/beatopadreeustaquio\/","https:\/\/x.com\/beatopeustaquio","https:\/\/www.instagram.com\/beatopadreeustaquio\/","https:\/\/www.youtube.com\/channel\/UCRhw7vfabnajwLxb1ZXMeIw"]},{"@type":"Person","@id":"https:\/\/www.padreeustaquio.com.br\/#\/schema\/person\/a2a51db1d00f1a7af0204a0f1ddb1566","name":"@sscc","image":{"@type":"ImageObject","inLanguage":"en-US","@id":"https:\/\/secure.gravatar.com\/avatar\/68cfafa5f44617fea54071e215026e0ff06be366c3d54a8425f04fdcb86f8c5f?s=96&d=mm&r=g","url":"https:\/\/secure.gravatar.com\/avatar\/68cfafa5f44617fea54071e215026e0ff06be366c3d54a8425f04fdcb86f8c5f?s=96&d=mm&r=g","contentUrl":"https:\/\/secure.gravatar.com\/avatar\/68cfafa5f44617fea54071e215026e0ff06be366c3d54a8425f04fdcb86f8c5f?s=96&d=mm&r=g","caption":"@sscc"},"url":"https:\/\/www.padreeustaquio.com.br\/en\/author\/sscc\/"}]}},"_links":{"self":[{"href":"https:\/\/www.padreeustaquio.com.br\/en\/wp-json\/wp\/v2\/posts\/8024","targetHints":{"allow":["GET"]}}],"collection":[{"href":"https:\/\/www.padreeustaquio.com.br\/en\/wp-json\/wp\/v2\/posts"}],"about":[{"href":"https:\/\/www.padreeustaquio.com.br\/en\/wp-json\/wp\/v2\/types\/post"}],"author":[{"embeddable":true,"href":"https:\/\/www.padreeustaquio.com.br\/en\/wp-json\/wp\/v2\/users\/2"}],"replies":[{"embeddable":true,"href":"https:\/\/www.padreeustaquio.com.br\/en\/wp-json\/wp\/v2\/comments?post=8024"}],"version-history":[{"count":0,"href":"https:\/\/www.padreeustaquio.com.br\/en\/wp-json\/wp\/v2\/posts\/8024\/revisions"}],"wp:featuredmedia":[{"embeddable":true,"href":"https:\/\/www.padreeustaquio.com.br\/en\/wp-json\/wp\/v2\/media\/8025"}],"wp:attachment":[{"href":"https:\/\/www.padreeustaquio.com.br\/en\/wp-json\/wp\/v2\/media?parent=8024"}],"wp:term":[{"taxonomy":"category","embeddable":true,"href":"https:\/\/www.padreeustaquio.com.br\/en\/wp-json\/wp\/v2\/categories?post=8024"},{"taxonomy":"post_tag","embeddable":true,"href":"https:\/\/www.padreeustaquio.com.br\/en\/wp-json\/wp\/v2\/tags?post=8024"}],"curies":[{"name":"wp","href":"https:\/\/api.w.org\/{rel}","templated":true}]}}