{"id":8019,"date":"2022-01-28T06:28:00","date_gmt":"2022-01-28T09:28:00","guid":{"rendered":"https:\/\/www.padreeustaquio.com.br\/?p=8019"},"modified":"2022-01-27T14:36:12","modified_gmt":"2022-01-27T17:36:12","slug":"a-reputable-website-in-the-catholic-community-publishes-news-about-father-eustace","status":"publish","type":"post","link":"https:\/\/www.padreeustaquio.com.br\/en\/a-reputable-website-in-the-catholic-community-publishes-news-about-father-eustace\/","title":{"rendered":"A reputable website in the Catholic community publishes news about Father Eust\u00e1quio."},"content":{"rendered":"<p>The website, ACI Digital, which has its headquarters in Lima, Peru, published an article talking about the letters that Blessed Father Eust\u00e1quio exchanged with the parents of the girl Odetinha, who was elevated to venerable last year.<a href=\"https:\/\/www.acidigital.com\/noticias\/cartas-mostram-que-a-veneravel-odetinha-foi-inspiracao-para-o-beato-padre-eustaquio-72502\">Click here to see the article.<\/a>)<\/p>\n\n\n\n<p>The report discusses the letters recovered by the restoration team of the Vice-Postulation of the Cause of Canonization of Blessed Father Eustace, and was based on content published here on our website (<a href=\"https:\/\/www.padreeustaquio.com.br\/en\/letters-show-father-eustaquios-close-relationship-with-the-parents-of-the-girl-odetinha\/\" target=\"_blank\" rel=\"noreferrer noopener\">Click here to read<\/a>).<\/p>\n\n\n\n<p>In addition to providing information about the Blessed One&#039;s relationship with Odetinha&#039;s parents, the article also includes a summary of the Dutch priest&#039;s life and his work in Brazil.<\/p>\n\n\n\n<p><strong>ACI<\/strong><\/p>\n\n\n\n<p>ACI Digital is the Portuguese-language news service of the ACI group, the Catholic Information Agency, headed by the ACI Prensa agency, founded in March 1980 by the German Comboni missionary, Adalberto Mar\u00eda Mohn.<\/p>\n\n\n\n<p><\/p>","protected":false},"excerpt":{"rendered":"<p>O site, ACI Digital, que tem o escrit\u00f3rio central em Lima, no Peru, publicou uma mat\u00e9ria falando sobre as cartas que o Beato Padre Eust\u00e1quio trocava com os pais da garota Odetinha, elevada a vener\u00e1vel no \u00faltimo ano. (Clique aqui para ver a mat\u00e9ria) A reportagem fala sobre as cartas recuperadas pela equipe de restaura\u00e7\u00e3o da Vice-postula\u00e7\u00e3o da Causa de Canoniza\u00e7\u00e3o do Bem-aventurado Padre Eust\u00e1quio, e foi baseada em um conte\u00fado publicado aqui em nosso site (Clique aqui para ler). Al\u00e9m de trazer informa\u00e7\u00f5es sobre a rela\u00e7\u00e3o do Beato com os pais de Odetinha, a mat\u00e9ria traz tamb\u00e9m um resumo [&hellip;]<\/p>\n","protected":false},"author":2,"featured_media":8021,"comment_status":"open","ping_status":"closed","sticky":false,"template":"","format":"standard","meta":{"_acf_changed":false,"footnotes":""},"categories":[611],"tags":[],"class_list":["post-8019","post","type-post","status-publish","format-standard","has-post-thumbnail","hentry","category-noticias"],"acf":[],"yoast_head":"<!-- This site is optimized with the Yoast SEO plugin v27.2 - https:\/\/yoast.com\/product\/yoast-seo-wordpress\/ -->\n<title>Site conceituado no meio cat\u00f3lico publica not\u00edcia sobre Padre Eust\u00e1quio<\/title>\n<meta name=\"description\" content=\"O site, ACI Digital, que tem o escrit\u00f3rio central em Lima, no Peru, publicou uma mat\u00e9ria falando sobre as cartas que o Beato Padre Eust\u00e1quio trocava com os pais da garota Odetinha, elevada a vener\u00e1vel no \u00faltimo ano.\" \/>\n<meta name=\"robots\" content=\"index, follow, max-snippet:-1, max-image-preview:large, max-video-preview:-1\" \/>\n<link rel=\"canonical\" href=\"https:\/\/www.padreeustaquio.com.br\/en\/a-reputable-website-in-the-catholic-community-publishes-news-about-father-eustace\/\" \/>\n<meta property=\"og:locale\" content=\"en_US\" \/>\n<meta property=\"og:type\" content=\"article\" \/>\n<meta property=\"og:title\" content=\"Site conceituado no meio cat\u00f3lico publica not\u00edcia sobre Padre Eust\u00e1quio\" \/>\n<meta property=\"og:description\" content=\"O site, ACI Digital, que tem o escrit\u00f3rio central em Lima, no Peru, publicou uma mat\u00e9ria falando sobre as cartas que o Beato Padre Eust\u00e1quio trocava com os pais da garota Odetinha, elevada a vener\u00e1vel no \u00faltimo ano.\" \/>\n<meta property=\"og:url\" content=\"https:\/\/www.padreeustaquio.com.br\/en\/a-reputable-website-in-the-catholic-community-publishes-news-about-father-eustace\/\" \/>\n<meta property=\"og:site_name\" content=\"Padre Eust\u00e1quio\" \/>\n<meta property=\"article:publisher\" content=\"https:\/\/www.facebook.com\/beatopadreeustaquio\/\" \/>\n<meta property=\"article:published_time\" content=\"2022-01-28T09:28:00+00:00\" \/>\n<meta property=\"og:image\" content=\"https:\/\/www.padreeustaquio.com.br\/wp-content\/uploads\/2022\/01\/Aci-digital-padre-eustaquio-odetinha-veneravel.jpeg\" \/>\n\t<meta property=\"og:image:width\" content=\"743\" \/>\n\t<meta property=\"og:image:height\" content=\"543\" \/>\n\t<meta property=\"og:image:type\" content=\"image\/jpeg\" \/>\n<meta name=\"author\" content=\"@sscc\" \/>\n<meta name=\"twitter:card\" content=\"summary_large_image\" \/>\n<meta name=\"twitter:creator\" content=\"@beatopeustaquio\" \/>\n<meta name=\"twitter:site\" content=\"@beatopeustaquio\" \/>\n<meta name=\"twitter:label1\" content=\"Written by\" \/>\n\t<meta name=\"twitter:data1\" content=\"@sscc\" \/>\n\t<meta name=\"twitter:label2\" content=\"Est. reading time\" \/>\n\t<meta name=\"twitter:data2\" content=\"1 minute\" \/>\n<script type=\"application\/ld+json\" class=\"yoast-schema-graph\">{\"@context\":\"https:\/\/schema.org\",\"@graph\":[{\"@type\":\"Article\",\"@id\":\"https:\/\/www.padreeustaquio.com.br\/site-conceituado-no-meio-catolico-publica-noticia-sobre-padre-eustaquio\/#article\",\"isPartOf\":{\"@id\":\"https:\/\/www.padreeustaquio.com.br\/site-conceituado-no-meio-catolico-publica-noticia-sobre-padre-eustaquio\/\"},\"author\":{\"name\":\"@sscc\",\"@id\":\"https:\/\/www.padreeustaquio.com.br\/#\/schema\/person\/a2a51db1d00f1a7af0204a0f1ddb1566\"},\"headline\":\"Site conceituado no meio cat\u00f3lico publica not\u00edcia sobre Padre Eust\u00e1quio\",\"datePublished\":\"2022-01-28T09:28:00+00:00\",\"mainEntityOfPage\":{\"@id\":\"https:\/\/www.padreeustaquio.com.br\/site-conceituado-no-meio-catolico-publica-noticia-sobre-padre-eustaquio\/\"},\"wordCount\":183,\"commentCount\":0,\"publisher\":{\"@id\":\"https:\/\/www.padreeustaquio.com.br\/#organization\"},\"image\":{\"@id\":\"https:\/\/www.padreeustaquio.com.br\/site-conceituado-no-meio-catolico-publica-noticia-sobre-padre-eustaquio\/#primaryimage\"},\"thumbnailUrl\":\"https:\/\/www.padreeustaquio.com.br\/wp-content\/uploads\/2022\/01\/Aci-digital-padre-eustaquio-odetinha-veneravel.jpeg\",\"articleSection\":[\"Not\u00edcias\"],\"inLanguage\":\"en-US\",\"potentialAction\":[{\"@type\":\"CommentAction\",\"name\":\"Comment\",\"target\":[\"https:\/\/www.padreeustaquio.com.br\/site-conceituado-no-meio-catolico-publica-noticia-sobre-padre-eustaquio\/#respond\"]}]},{\"@type\":\"WebPage\",\"@id\":\"https:\/\/www.padreeustaquio.com.br\/site-conceituado-no-meio-catolico-publica-noticia-sobre-padre-eustaquio\/\",\"url\":\"https:\/\/www.padreeustaquio.com.br\/site-conceituado-no-meio-catolico-publica-noticia-sobre-padre-eustaquio\/\",\"name\":\"Site conceituado no meio cat\u00f3lico publica not\u00edcia sobre Padre Eust\u00e1quio\",\"isPartOf\":{\"@id\":\"https:\/\/www.padreeustaquio.com.br\/#website\"},\"primaryImageOfPage\":{\"@id\":\"https:\/\/www.padreeustaquio.com.br\/site-conceituado-no-meio-catolico-publica-noticia-sobre-padre-eustaquio\/#primaryimage\"},\"image\":{\"@id\":\"https:\/\/www.padreeustaquio.com.br\/site-conceituado-no-meio-catolico-publica-noticia-sobre-padre-eustaquio\/#primaryimage\"},\"thumbnailUrl\":\"https:\/\/www.padreeustaquio.com.br\/wp-content\/uploads\/2022\/01\/Aci-digital-padre-eustaquio-odetinha-veneravel.jpeg\",\"datePublished\":\"2022-01-28T09:28:00+00:00\",\"description\":\"O site, ACI Digital, que tem o escrit\u00f3rio central em Lima, no Peru, publicou uma mat\u00e9ria falando sobre as cartas que o Beato Padre Eust\u00e1quio trocava com os pais da garota Odetinha, elevada a vener\u00e1vel no \u00faltimo ano.\",\"breadcrumb\":{\"@id\":\"https:\/\/www.padreeustaquio.com.br\/site-conceituado-no-meio-catolico-publica-noticia-sobre-padre-eustaquio\/#breadcrumb\"},\"inLanguage\":\"en-US\",\"potentialAction\":[{\"@type\":\"ReadAction\",\"target\":[\"https:\/\/www.padreeustaquio.com.br\/site-conceituado-no-meio-catolico-publica-noticia-sobre-padre-eustaquio\/\"]}]},{\"@type\":\"ImageObject\",\"inLanguage\":\"en-US\",\"@id\":\"https:\/\/www.padreeustaquio.com.br\/site-conceituado-no-meio-catolico-publica-noticia-sobre-padre-eustaquio\/#primaryimage\",\"url\":\"https:\/\/www.padreeustaquio.com.br\/wp-content\/uploads\/2022\/01\/Aci-digital-padre-eustaquio-odetinha-veneravel.jpeg\",\"contentUrl\":\"https:\/\/www.padreeustaquio.com.br\/wp-content\/uploads\/2022\/01\/Aci-digital-padre-eustaquio-odetinha-veneravel.jpeg\",\"width\":743,\"height\":543},{\"@type\":\"BreadcrumbList\",\"@id\":\"https:\/\/www.padreeustaquio.com.br\/site-conceituado-no-meio-catolico-publica-noticia-sobre-padre-eustaquio\/#breadcrumb\",\"itemListElement\":[{\"@type\":\"ListItem\",\"position\":1,\"name\":\"In\u00edcio\",\"item\":\"https:\/\/www.padreeustaquio.com.br\/\"},{\"@type\":\"ListItem\",\"position\":2,\"name\":\"Site conceituado no meio cat\u00f3lico publica not\u00edcia sobre Padre Eust\u00e1quio\"}]},{\"@type\":\"WebSite\",\"@id\":\"https:\/\/www.padreeustaquio.com.br\/#website\",\"url\":\"https:\/\/www.padreeustaquio.com.br\/\",\"name\":\"Padre Eust\u00e1quio\",\"description\":\"Sa\u00fade e Paz\",\"publisher\":{\"@id\":\"https:\/\/www.padreeustaquio.com.br\/#organization\"},\"potentialAction\":[{\"@type\":\"SearchAction\",\"target\":{\"@type\":\"EntryPoint\",\"urlTemplate\":\"https:\/\/www.padreeustaquio.com.br\/?s={search_term_string}\"},\"query-input\":{\"@type\":\"PropertyValueSpecification\",\"valueRequired\":true,\"valueName\":\"search_term_string\"}}],\"inLanguage\":\"en-US\"},{\"@type\":\"Organization\",\"@id\":\"https:\/\/www.padreeustaquio.com.br\/#organization\",\"name\":\"Padre Eust\u00e1quio\",\"url\":\"https:\/\/www.padreeustaquio.com.br\/\",\"logo\":{\"@type\":\"ImageObject\",\"inLanguage\":\"en-US\",\"@id\":\"https:\/\/www.padreeustaquio.com.br\/#\/schema\/logo\/image\/\",\"url\":\"https:\/\/www.padreeustaquio.com.br\/wp-content\/uploads\/2019\/08\/marca.png\",\"contentUrl\":\"https:\/\/www.padreeustaquio.com.br\/wp-content\/uploads\/2019\/08\/marca.png\",\"width\":350,\"height\":400,\"caption\":\"Padre Eust\u00e1quio\"},\"image\":{\"@id\":\"https:\/\/www.padreeustaquio.com.br\/#\/schema\/logo\/image\/\"},\"sameAs\":[\"https:\/\/www.facebook.com\/beatopadreeustaquio\/\",\"https:\/\/x.com\/beatopeustaquio\",\"https:\/\/www.instagram.com\/beatopadreeustaquio\/\",\"https:\/\/www.youtube.com\/channel\/UCRhw7vfabnajwLxb1ZXMeIw\"]},{\"@type\":\"Person\",\"@id\":\"https:\/\/www.padreeustaquio.com.br\/#\/schema\/person\/a2a51db1d00f1a7af0204a0f1ddb1566\",\"name\":\"@sscc\",\"image\":{\"@type\":\"ImageObject\",\"inLanguage\":\"en-US\",\"@id\":\"https:\/\/secure.gravatar.com\/avatar\/68cfafa5f44617fea54071e215026e0ff06be366c3d54a8425f04fdcb86f8c5f?s=96&d=mm&r=g\",\"url\":\"https:\/\/secure.gravatar.com\/avatar\/68cfafa5f44617fea54071e215026e0ff06be366c3d54a8425f04fdcb86f8c5f?s=96&d=mm&r=g\",\"contentUrl\":\"https:\/\/secure.gravatar.com\/avatar\/68cfafa5f44617fea54071e215026e0ff06be366c3d54a8425f04fdcb86f8c5f?s=96&d=mm&r=g\",\"caption\":\"@sscc\"},\"url\":\"https:\/\/www.padreeustaquio.com.br\/en\/author\/sscc\/\"}]}<\/script>\n<!-- \/ Yoast SEO plugin. -->","yoast_head_json":{"title":"A reputable website in the Catholic community publishes news about Father Eust\u00e1quio.","description":"The website, ACI Digital, which has its headquarters in Lima, Peru, published an article discussing the letters that Blessed Father Eust\u00e1quio exchanged with the parents of the girl Odetinha, who was elevated to venerable last year.","robots":{"index":"index","follow":"follow","max-snippet":"max-snippet:-1","max-image-preview":"max-image-preview:large","max-video-preview":"max-video-preview:-1"},"canonical":"https:\/\/www.padreeustaquio.com.br\/en\/a-reputable-website-in-the-catholic-community-publishes-news-about-father-eustace\/","og_locale":"en_US","og_type":"article","og_title":"Site conceituado no meio cat\u00f3lico publica not\u00edcia sobre Padre Eust\u00e1quio","og_description":"O site, ACI Digital, que tem o escrit\u00f3rio central em Lima, no Peru, publicou uma mat\u00e9ria falando sobre as cartas que o Beato Padre Eust\u00e1quio trocava com os pais da garota Odetinha, elevada a vener\u00e1vel no \u00faltimo ano.","og_url":"https:\/\/www.padreeustaquio.com.br\/en\/a-reputable-website-in-the-catholic-community-publishes-news-about-father-eustace\/","og_site_name":"Padre Eust\u00e1quio","article_publisher":"https:\/\/www.facebook.com\/beatopadreeustaquio\/","article_published_time":"2022-01-28T09:28:00+00:00","og_image":[{"width":743,"height":543,"url":"https:\/\/www.padreeustaquio.com.br\/wp-content\/uploads\/2022\/01\/Aci-digital-padre-eustaquio-odetinha-veneravel.jpeg","type":"image\/jpeg"}],"author":"@sscc","twitter_card":"summary_large_image","twitter_creator":"@beatopeustaquio","twitter_site":"@beatopeustaquio","twitter_misc":{"Written by":"@sscc","Est. reading time":"1 minute"},"schema":{"@context":"https:\/\/schema.org","@graph":[{"@type":"Article","@id":"https:\/\/www.padreeustaquio.com.br\/site-conceituado-no-meio-catolico-publica-noticia-sobre-padre-eustaquio\/#article","isPartOf":{"@id":"https:\/\/www.padreeustaquio.com.br\/site-conceituado-no-meio-catolico-publica-noticia-sobre-padre-eustaquio\/"},"author":{"name":"@sscc","@id":"https:\/\/www.padreeustaquio.com.br\/#\/schema\/person\/a2a51db1d00f1a7af0204a0f1ddb1566"},"headline":"Site conceituado no meio cat\u00f3lico publica not\u00edcia sobre Padre Eust\u00e1quio","datePublished":"2022-01-28T09:28:00+00:00","mainEntityOfPage":{"@id":"https:\/\/www.padreeustaquio.com.br\/site-conceituado-no-meio-catolico-publica-noticia-sobre-padre-eustaquio\/"},"wordCount":183,"commentCount":0,"publisher":{"@id":"https:\/\/www.padreeustaquio.com.br\/#organization"},"image":{"@id":"https:\/\/www.padreeustaquio.com.br\/site-conceituado-no-meio-catolico-publica-noticia-sobre-padre-eustaquio\/#primaryimage"},"thumbnailUrl":"https:\/\/www.padreeustaquio.com.br\/wp-content\/uploads\/2022\/01\/Aci-digital-padre-eustaquio-odetinha-veneravel.jpeg","articleSection":["Not\u00edcias"],"inLanguage":"en-US","potentialAction":[{"@type":"CommentAction","name":"Comment","target":["https:\/\/www.padreeustaquio.com.br\/site-conceituado-no-meio-catolico-publica-noticia-sobre-padre-eustaquio\/#respond"]}]},{"@type":"WebPage","@id":"https:\/\/www.padreeustaquio.com.br\/site-conceituado-no-meio-catolico-publica-noticia-sobre-padre-eustaquio\/","url":"https:\/\/www.padreeustaquio.com.br\/site-conceituado-no-meio-catolico-publica-noticia-sobre-padre-eustaquio\/","name":"A reputable website in the Catholic community publishes news about Father Eust\u00e1quio.","isPartOf":{"@id":"https:\/\/www.padreeustaquio.com.br\/#website"},"primaryImageOfPage":{"@id":"https:\/\/www.padreeustaquio.com.br\/site-conceituado-no-meio-catolico-publica-noticia-sobre-padre-eustaquio\/#primaryimage"},"image":{"@id":"https:\/\/www.padreeustaquio.com.br\/site-conceituado-no-meio-catolico-publica-noticia-sobre-padre-eustaquio\/#primaryimage"},"thumbnailUrl":"https:\/\/www.padreeustaquio.com.br\/wp-content\/uploads\/2022\/01\/Aci-digital-padre-eustaquio-odetinha-veneravel.jpeg","datePublished":"2022-01-28T09:28:00+00:00","description":"The website, ACI Digital, which has its headquarters in Lima, Peru, published an article discussing the letters that Blessed Father Eust\u00e1quio exchanged with the parents of the girl Odetinha, who was elevated to venerable last year.","breadcrumb":{"@id":"https:\/\/www.padreeustaquio.com.br\/site-conceituado-no-meio-catolico-publica-noticia-sobre-padre-eustaquio\/#breadcrumb"},"inLanguage":"en-US","potentialAction":[{"@type":"ReadAction","target":["https:\/\/www.padreeustaquio.com.br\/site-conceituado-no-meio-catolico-publica-noticia-sobre-padre-eustaquio\/"]}]},{"@type":"ImageObject","inLanguage":"en-US","@id":"https:\/\/www.padreeustaquio.com.br\/site-conceituado-no-meio-catolico-publica-noticia-sobre-padre-eustaquio\/#primaryimage","url":"https:\/\/www.padreeustaquio.com.br\/wp-content\/uploads\/2022\/01\/Aci-digital-padre-eustaquio-odetinha-veneravel.jpeg","contentUrl":"https:\/\/www.padreeustaquio.com.br\/wp-content\/uploads\/2022\/01\/Aci-digital-padre-eustaquio-odetinha-veneravel.jpeg","width":743,"height":543},{"@type":"BreadcrumbList","@id":"https:\/\/www.padreeustaquio.com.br\/site-conceituado-no-meio-catolico-publica-noticia-sobre-padre-eustaquio\/#breadcrumb","itemListElement":[{"@type":"ListItem","position":1,"name":"In\u00edcio","item":"https:\/\/www.padreeustaquio.com.br\/"},{"@type":"ListItem","position":2,"name":"Site conceituado no meio cat\u00f3lico publica not\u00edcia sobre Padre Eust\u00e1quio"}]},{"@type":"WebSite","@id":"https:\/\/www.padreeustaquio.com.br\/#website","url":"https:\/\/www.padreeustaquio.com.br\/","name":"FATHER EUST\u00c1QUIO","description":"Health and Peace","publisher":{"@id":"https:\/\/www.padreeustaquio.com.br\/#organization"},"potentialAction":[{"@type":"SearchAction","target":{"@type":"EntryPoint","urlTemplate":"https:\/\/www.padreeustaquio.com.br\/?s={search_term_string}"},"query-input":{"@type":"PropertyValueSpecification","valueRequired":true,"valueName":"search_term_string"}}],"inLanguage":"en-US"},{"@type":"Organization","@id":"https:\/\/www.padreeustaquio.com.br\/#organization","name":"FATHER EUST\u00c1QUIO","url":"https:\/\/www.padreeustaquio.com.br\/","logo":{"@type":"ImageObject","inLanguage":"en-US","@id":"https:\/\/www.padreeustaquio.com.br\/#\/schema\/logo\/image\/","url":"https:\/\/www.padreeustaquio.com.br\/wp-content\/uploads\/2019\/08\/marca.png","contentUrl":"https:\/\/www.padreeustaquio.com.br\/wp-content\/uploads\/2019\/08\/marca.png","width":350,"height":400,"caption":"Padre Eust\u00e1quio"},"image":{"@id":"https:\/\/www.padreeustaquio.com.br\/#\/schema\/logo\/image\/"},"sameAs":["https:\/\/www.facebook.com\/beatopadreeustaquio\/","https:\/\/x.com\/beatopeustaquio","https:\/\/www.instagram.com\/beatopadreeustaquio\/","https:\/\/www.youtube.com\/channel\/UCRhw7vfabnajwLxb1ZXMeIw"]},{"@type":"Person","@id":"https:\/\/www.padreeustaquio.com.br\/#\/schema\/person\/a2a51db1d00f1a7af0204a0f1ddb1566","name":"@sscc","image":{"@type":"ImageObject","inLanguage":"en-US","@id":"https:\/\/secure.gravatar.com\/avatar\/68cfafa5f44617fea54071e215026e0ff06be366c3d54a8425f04fdcb86f8c5f?s=96&d=mm&r=g","url":"https:\/\/secure.gravatar.com\/avatar\/68cfafa5f44617fea54071e215026e0ff06be366c3d54a8425f04fdcb86f8c5f?s=96&d=mm&r=g","contentUrl":"https:\/\/secure.gravatar.com\/avatar\/68cfafa5f44617fea54071e215026e0ff06be366c3d54a8425f04fdcb86f8c5f?s=96&d=mm&r=g","caption":"@sscc"},"url":"https:\/\/www.padreeustaquio.com.br\/en\/author\/sscc\/"}]}},"_links":{"self":[{"href":"https:\/\/www.padreeustaquio.com.br\/en\/wp-json\/wp\/v2\/posts\/8019","targetHints":{"allow":["GET"]}}],"collection":[{"href":"https:\/\/www.padreeustaquio.com.br\/en\/wp-json\/wp\/v2\/posts"}],"about":[{"href":"https:\/\/www.padreeustaquio.com.br\/en\/wp-json\/wp\/v2\/types\/post"}],"author":[{"embeddable":true,"href":"https:\/\/www.padreeustaquio.com.br\/en\/wp-json\/wp\/v2\/users\/2"}],"replies":[{"embeddable":true,"href":"https:\/\/www.padreeustaquio.com.br\/en\/wp-json\/wp\/v2\/comments?post=8019"}],"version-history":[{"count":0,"href":"https:\/\/www.padreeustaquio.com.br\/en\/wp-json\/wp\/v2\/posts\/8019\/revisions"}],"wp:featuredmedia":[{"embeddable":true,"href":"https:\/\/www.padreeustaquio.com.br\/en\/wp-json\/wp\/v2\/media\/8021"}],"wp:attachment":[{"href":"https:\/\/www.padreeustaquio.com.br\/en\/wp-json\/wp\/v2\/media?parent=8019"}],"wp:term":[{"taxonomy":"category","embeddable":true,"href":"https:\/\/www.padreeustaquio.com.br\/en\/wp-json\/wp\/v2\/categories?post=8019"},{"taxonomy":"post_tag","embeddable":true,"href":"https:\/\/www.padreeustaquio.com.br\/en\/wp-json\/wp\/v2\/tags?post=8019"}],"curies":[{"name":"wp","href":"https:\/\/api.w.org\/{rel}","templated":true}]}}