{"id":8006,"date":"2022-01-26T14:09:39","date_gmt":"2022-01-26T17:09:39","guid":{"rendered":"https:\/\/www.padreeustaquio.com.br\/?p=8006"},"modified":"2022-01-26T14:12:55","modified_gmt":"2022-01-26T17:12:55","slug":"donations-received-at-father-eustaquios-church-reach-needy-families-in-belo-horizonte","status":"publish","type":"post","link":"https:\/\/www.padreeustaquio.com.br\/en\/donations-received-at-father-eustaquios-church-reach-needy-families-in-belo-horizonte\/","title":{"rendered":"Donations received at Father Eust\u00e1quio&#039;s church reach needy families in Belo Horizonte."},"content":{"rendered":"<p>Food baskets and hygiene and cleaning products, collected by the Sanctuary of Health and Peace in Belo Horizonte, were donated to the Padre Giussani Educational Works. The institution serves underprivileged children in neighborhoods on the outskirts of the capital of Minas Gerais.<\/p>\n\n\n\n<p>After securing donations for those affected by the heavy rains earlier in the year, the Padre Eust\u00e1quio Church continued to receive donations. With so much material available, the Sanctuary&#039;s administration contacted the Padre Giussani Educational Works to help the families of underprivileged children they serve in the Aar\u00e3o Reis and Primeiro de Maio neighborhoods of Belo Horizonte.<\/p>\n\n\n\n<div class=\"wp-block-image is-style-default\"><figure class=\"alignleft size-medium is-resized\"><img fetchpriority=\"high\" decoding=\"async\" src=\"https:\/\/www.padreeustaquio.com.br\/wp-content\/uploads\/2022\/01\/WhatsApp-Image-2022-01-26-at-13.52.33-1-300x169.jpeg\" alt=\"\" class=\"wp-image-8010\" width=\"371\" height=\"209\" srcset=\"https:\/\/www.padreeustaquio.com.br\/wp-content\/uploads\/2022\/01\/WhatsApp-Image-2022-01-26-at-13.52.33-1-300x169.jpeg 300w, https:\/\/www.padreeustaquio.com.br\/wp-content\/uploads\/2022\/01\/WhatsApp-Image-2022-01-26-at-13.52.33-1-1024x577.jpeg 1024w, https:\/\/www.padreeustaquio.com.br\/wp-content\/uploads\/2022\/01\/WhatsApp-Image-2022-01-26-at-13.52.33-1-768x432.jpeg 768w, https:\/\/www.padreeustaquio.com.br\/wp-content\/uploads\/2022\/01\/WhatsApp-Image-2022-01-26-at-13.52.33-1-1536x865.jpeg 1536w, https:\/\/www.padreeustaquio.com.br\/wp-content\/uploads\/2022\/01\/WhatsApp-Image-2022-01-26-at-13.52.33-1-400x225.jpeg 400w, https:\/\/www.padreeustaquio.com.br\/wp-content\/uploads\/2022\/01\/WhatsApp-Image-2022-01-26-at-13.52.33-1-600x338.jpeg 600w, https:\/\/www.padreeustaquio.com.br\/wp-content\/uploads\/2022\/01\/WhatsApp-Image-2022-01-26-at-13.52.33-1-800x450.jpeg 800w, https:\/\/www.padreeustaquio.com.br\/wp-content\/uploads\/2022\/01\/WhatsApp-Image-2022-01-26-at-13.52.33-1-1200x675.jpeg 1200w, https:\/\/www.padreeustaquio.com.br\/wp-content\/uploads\/2022\/01\/WhatsApp-Image-2022-01-26-at-13.52.33-1.jpeg 1600w\" sizes=\"(max-width: 371px) 100vw, 371px\" \/><\/figure><\/div>\n\n\n\n<p>Last weekend, staff from the Institution visited the Sanctuary of Health and Peace to receive the donation. &quot;Obras Educativas Padre Giussani&quot; is a group of six non-profit institutions that form a social support network, serving approximately 1,200 children, adolescents, and their families in the northern region of Belo Horizonte.<\/p>\n\n\n\n<p>The work aims to provide support and education, teaching adults and children to look at themselves and at reality, helping to bring to light who they are in their true nature.<\/p>\n\n\n\n<p>To the volunteers who helped us by donating materials or their time to help others, our sincerest thanks, with the certainty that this partnership of solidarity will endure, always with the goal of helping those most in need.<\/p>\n\n\n\n<p><\/p>","protected":false},"excerpt":{"rendered":"<p>Cestas b\u00e1sicas e produtos de higiene e limpeza, arrecadados pelo Santu\u00e1rio da Sa\u00fade e Paz, em Belo Horizonte, foram repassados para as Obras Educativas Padre Giussani. A institui\u00e7\u00e3o atende crian\u00e7as carentes em bairros da periferia da capital mineira. Depois de conseguir doa\u00e7\u00f5es para os atingidos pelas fortes chuvas no in\u00edcio do ano, a Igreja do Padre Eust\u00e1quio continuou recebendo donativos. Com tanto material, a reitoria do Santu\u00e1rio entrou em contato com as Obras Educativas Padre Giussani para ajudar \u00e0s fam\u00edlias das crian\u00e7as carentes atendidas por eles, nos bairros: Aar\u00e3o Reis e Primeiro de Maio, em Belo Horizonte. No \u00faltimo final [&hellip;]<\/p>\n","protected":false},"author":2,"featured_media":8008,"comment_status":"open","ping_status":"closed","sticky":false,"template":"","format":"standard","meta":{"_acf_changed":false,"footnotes":""},"categories":[611],"tags":[],"class_list":["post-8006","post","type-post","status-publish","format-standard","has-post-thumbnail","hentry","category-noticias"],"acf":[],"yoast_head":"<!-- This site is optimized with the Yoast SEO plugin v27.2 - https:\/\/yoast.com\/product\/yoast-seo-wordpress\/ -->\n<title>Doa\u00e7\u00f5es recebidas na igreja do Padre Eust\u00e1quio chegam \u00e0 fam\u00edlias carentes de BH<\/title>\n<meta name=\"description\" content=\"Cestas b\u00e1sicas e produtos de higiene e limpeza, arrecadados pelo Santu\u00e1rio da Sa\u00fade e Paz, em Belo Horizonte, foram repassados para as Obras Educativas Padre Giussani. A institui\u00e7\u00e3o atende crian\u00e7as carentes de bairros da periferia da capital mineira.\" \/>\n<meta name=\"robots\" content=\"index, follow, max-snippet:-1, max-image-preview:large, max-video-preview:-1\" \/>\n<link rel=\"canonical\" href=\"https:\/\/www.padreeustaquio.com.br\/en\/donations-received-at-father-eustaquios-church-reach-needy-families-in-belo-horizonte\/\" \/>\n<meta property=\"og:locale\" content=\"en_US\" \/>\n<meta property=\"og:type\" content=\"article\" \/>\n<meta property=\"og:title\" content=\"Doa\u00e7\u00f5es recebidas na igreja do Padre Eust\u00e1quio chegam \u00e0 fam\u00edlias carentes de BH\" \/>\n<meta property=\"og:description\" content=\"Cestas b\u00e1sicas e produtos de higiene e limpeza, arrecadados pelo Santu\u00e1rio da Sa\u00fade e Paz, em Belo Horizonte, foram repassados para as Obras Educativas Padre Giussani. A institui\u00e7\u00e3o atende crian\u00e7as carentes de bairros da periferia da capital mineira.\" \/>\n<meta property=\"og:url\" content=\"https:\/\/www.padreeustaquio.com.br\/en\/donations-received-at-father-eustaquios-church-reach-needy-families-in-belo-horizonte\/\" \/>\n<meta property=\"og:site_name\" content=\"Padre Eust\u00e1quio\" \/>\n<meta property=\"article:publisher\" content=\"https:\/\/www.facebook.com\/beatopadreeustaquio\/\" \/>\n<meta property=\"article:published_time\" content=\"2022-01-26T17:09:39+00:00\" \/>\n<meta property=\"article:modified_time\" content=\"2022-01-26T17:12:55+00:00\" \/>\n<meta property=\"og:image\" content=\"https:\/\/www.padreeustaquio.com.br\/wp-content\/uploads\/2022\/01\/WhatsApp-Image-2022-01-26-at-13.52.33.jpeg\" \/>\n\t<meta property=\"og:image:width\" content=\"1600\" \/>\n\t<meta property=\"og:image:height\" content=\"901\" \/>\n\t<meta property=\"og:image:type\" content=\"image\/jpeg\" \/>\n<meta name=\"author\" content=\"@sscc\" \/>\n<meta name=\"twitter:card\" content=\"summary_large_image\" \/>\n<meta name=\"twitter:creator\" content=\"@beatopeustaquio\" \/>\n<meta name=\"twitter:site\" content=\"@beatopeustaquio\" \/>\n<meta name=\"twitter:label1\" content=\"Written by\" \/>\n\t<meta name=\"twitter:data1\" content=\"@sscc\" \/>\n\t<meta name=\"twitter:label2\" content=\"Est. reading time\" \/>\n\t<meta name=\"twitter:data2\" content=\"2 minutes\" \/>\n<script type=\"application\/ld+json\" class=\"yoast-schema-graph\">{\"@context\":\"https:\/\/schema.org\",\"@graph\":[{\"@type\":\"Article\",\"@id\":\"https:\/\/www.padreeustaquio.com.br\/doacoes-recebidas-na-igreja-do-padre-eustaquio-chegam-a-familias-carentes-de-bh\/#article\",\"isPartOf\":{\"@id\":\"https:\/\/www.padreeustaquio.com.br\/doacoes-recebidas-na-igreja-do-padre-eustaquio-chegam-a-familias-carentes-de-bh\/\"},\"author\":{\"name\":\"@sscc\",\"@id\":\"https:\/\/www.padreeustaquio.com.br\/#\/schema\/person\/a2a51db1d00f1a7af0204a0f1ddb1566\"},\"headline\":\"Doa\u00e7\u00f5es recebidas na igreja do Padre Eust\u00e1quio chegam \u00e0 fam\u00edlias carentes de BH\",\"datePublished\":\"2022-01-26T17:09:39+00:00\",\"dateModified\":\"2022-01-26T17:12:55+00:00\",\"mainEntityOfPage\":{\"@id\":\"https:\/\/www.padreeustaquio.com.br\/doacoes-recebidas-na-igreja-do-padre-eustaquio-chegam-a-familias-carentes-de-bh\/\"},\"wordCount\":273,\"commentCount\":0,\"publisher\":{\"@id\":\"https:\/\/www.padreeustaquio.com.br\/#organization\"},\"image\":{\"@id\":\"https:\/\/www.padreeustaquio.com.br\/doacoes-recebidas-na-igreja-do-padre-eustaquio-chegam-a-familias-carentes-de-bh\/#primaryimage\"},\"thumbnailUrl\":\"https:\/\/www.padreeustaquio.com.br\/wp-content\/uploads\/2022\/01\/WhatsApp-Image-2022-01-26-at-13.52.33.jpeg\",\"articleSection\":[\"Not\u00edcias\"],\"inLanguage\":\"en-US\",\"potentialAction\":[{\"@type\":\"CommentAction\",\"name\":\"Comment\",\"target\":[\"https:\/\/www.padreeustaquio.com.br\/doacoes-recebidas-na-igreja-do-padre-eustaquio-chegam-a-familias-carentes-de-bh\/#respond\"]}]},{\"@type\":\"WebPage\",\"@id\":\"https:\/\/www.padreeustaquio.com.br\/doacoes-recebidas-na-igreja-do-padre-eustaquio-chegam-a-familias-carentes-de-bh\/\",\"url\":\"https:\/\/www.padreeustaquio.com.br\/doacoes-recebidas-na-igreja-do-padre-eustaquio-chegam-a-familias-carentes-de-bh\/\",\"name\":\"Doa\u00e7\u00f5es recebidas na igreja do Padre Eust\u00e1quio chegam \u00e0 fam\u00edlias carentes de BH\",\"isPartOf\":{\"@id\":\"https:\/\/www.padreeustaquio.com.br\/#website\"},\"primaryImageOfPage\":{\"@id\":\"https:\/\/www.padreeustaquio.com.br\/doacoes-recebidas-na-igreja-do-padre-eustaquio-chegam-a-familias-carentes-de-bh\/#primaryimage\"},\"image\":{\"@id\":\"https:\/\/www.padreeustaquio.com.br\/doacoes-recebidas-na-igreja-do-padre-eustaquio-chegam-a-familias-carentes-de-bh\/#primaryimage\"},\"thumbnailUrl\":\"https:\/\/www.padreeustaquio.com.br\/wp-content\/uploads\/2022\/01\/WhatsApp-Image-2022-01-26-at-13.52.33.jpeg\",\"datePublished\":\"2022-01-26T17:09:39+00:00\",\"dateModified\":\"2022-01-26T17:12:55+00:00\",\"description\":\"Cestas b\u00e1sicas e produtos de higiene e limpeza, arrecadados pelo Santu\u00e1rio da Sa\u00fade e Paz, em Belo Horizonte, foram repassados para as Obras Educativas Padre Giussani. A institui\u00e7\u00e3o atende crian\u00e7as carentes de bairros da periferia da capital mineira.\",\"breadcrumb\":{\"@id\":\"https:\/\/www.padreeustaquio.com.br\/doacoes-recebidas-na-igreja-do-padre-eustaquio-chegam-a-familias-carentes-de-bh\/#breadcrumb\"},\"inLanguage\":\"en-US\",\"potentialAction\":[{\"@type\":\"ReadAction\",\"target\":[\"https:\/\/www.padreeustaquio.com.br\/doacoes-recebidas-na-igreja-do-padre-eustaquio-chegam-a-familias-carentes-de-bh\/\"]}]},{\"@type\":\"ImageObject\",\"inLanguage\":\"en-US\",\"@id\":\"https:\/\/www.padreeustaquio.com.br\/doacoes-recebidas-na-igreja-do-padre-eustaquio-chegam-a-familias-carentes-de-bh\/#primaryimage\",\"url\":\"https:\/\/www.padreeustaquio.com.br\/wp-content\/uploads\/2022\/01\/WhatsApp-Image-2022-01-26-at-13.52.33.jpeg\",\"contentUrl\":\"https:\/\/www.padreeustaquio.com.br\/wp-content\/uploads\/2022\/01\/WhatsApp-Image-2022-01-26-at-13.52.33.jpeg\",\"width\":1600,\"height\":901},{\"@type\":\"BreadcrumbList\",\"@id\":\"https:\/\/www.padreeustaquio.com.br\/doacoes-recebidas-na-igreja-do-padre-eustaquio-chegam-a-familias-carentes-de-bh\/#breadcrumb\",\"itemListElement\":[{\"@type\":\"ListItem\",\"position\":1,\"name\":\"In\u00edcio\",\"item\":\"https:\/\/www.padreeustaquio.com.br\/\"},{\"@type\":\"ListItem\",\"position\":2,\"name\":\"Doa\u00e7\u00f5es recebidas na igreja do Padre Eust\u00e1quio chegam \u00e0 fam\u00edlias carentes de BH\"}]},{\"@type\":\"WebSite\",\"@id\":\"https:\/\/www.padreeustaquio.com.br\/#website\",\"url\":\"https:\/\/www.padreeustaquio.com.br\/\",\"name\":\"Padre Eust\u00e1quio\",\"description\":\"Sa\u00fade e Paz\",\"publisher\":{\"@id\":\"https:\/\/www.padreeustaquio.com.br\/#organization\"},\"potentialAction\":[{\"@type\":\"SearchAction\",\"target\":{\"@type\":\"EntryPoint\",\"urlTemplate\":\"https:\/\/www.padreeustaquio.com.br\/?s={search_term_string}\"},\"query-input\":{\"@type\":\"PropertyValueSpecification\",\"valueRequired\":true,\"valueName\":\"search_term_string\"}}],\"inLanguage\":\"en-US\"},{\"@type\":\"Organization\",\"@id\":\"https:\/\/www.padreeustaquio.com.br\/#organization\",\"name\":\"Padre Eust\u00e1quio\",\"url\":\"https:\/\/www.padreeustaquio.com.br\/\",\"logo\":{\"@type\":\"ImageObject\",\"inLanguage\":\"en-US\",\"@id\":\"https:\/\/www.padreeustaquio.com.br\/#\/schema\/logo\/image\/\",\"url\":\"https:\/\/www.padreeustaquio.com.br\/wp-content\/uploads\/2019\/08\/marca.png\",\"contentUrl\":\"https:\/\/www.padreeustaquio.com.br\/wp-content\/uploads\/2019\/08\/marca.png\",\"width\":350,\"height\":400,\"caption\":\"Padre Eust\u00e1quio\"},\"image\":{\"@id\":\"https:\/\/www.padreeustaquio.com.br\/#\/schema\/logo\/image\/\"},\"sameAs\":[\"https:\/\/www.facebook.com\/beatopadreeustaquio\/\",\"https:\/\/x.com\/beatopeustaquio\",\"https:\/\/www.instagram.com\/beatopadreeustaquio\/\",\"https:\/\/www.youtube.com\/channel\/UCRhw7vfabnajwLxb1ZXMeIw\"]},{\"@type\":\"Person\",\"@id\":\"https:\/\/www.padreeustaquio.com.br\/#\/schema\/person\/a2a51db1d00f1a7af0204a0f1ddb1566\",\"name\":\"@sscc\",\"image\":{\"@type\":\"ImageObject\",\"inLanguage\":\"en-US\",\"@id\":\"https:\/\/secure.gravatar.com\/avatar\/68cfafa5f44617fea54071e215026e0ff06be366c3d54a8425f04fdcb86f8c5f?s=96&d=mm&r=g\",\"url\":\"https:\/\/secure.gravatar.com\/avatar\/68cfafa5f44617fea54071e215026e0ff06be366c3d54a8425f04fdcb86f8c5f?s=96&d=mm&r=g\",\"contentUrl\":\"https:\/\/secure.gravatar.com\/avatar\/68cfafa5f44617fea54071e215026e0ff06be366c3d54a8425f04fdcb86f8c5f?s=96&d=mm&r=g\",\"caption\":\"@sscc\"},\"url\":\"https:\/\/www.padreeustaquio.com.br\/en\/author\/sscc\/\"}]}<\/script>\n<!-- \/ Yoast SEO plugin. -->","yoast_head_json":{"title":"Donations received at Father Eust\u00e1quio&#039;s church reach needy families in Belo Horizonte.","description":"Food baskets and hygiene and cleaning products, collected by the Sanctuary of Health and Peace in Belo Horizonte, were donated to the Padre Giussani Educational Works. The institution serves underprivileged children from neighborhoods on the outskirts of the capital of Minas Gerais.","robots":{"index":"index","follow":"follow","max-snippet":"max-snippet:-1","max-image-preview":"max-image-preview:large","max-video-preview":"max-video-preview:-1"},"canonical":"https:\/\/www.padreeustaquio.com.br\/en\/donations-received-at-father-eustaquios-church-reach-needy-families-in-belo-horizonte\/","og_locale":"en_US","og_type":"article","og_title":"Doa\u00e7\u00f5es recebidas na igreja do Padre Eust\u00e1quio chegam \u00e0 fam\u00edlias carentes de BH","og_description":"Cestas b\u00e1sicas e produtos de higiene e limpeza, arrecadados pelo Santu\u00e1rio da Sa\u00fade e Paz, em Belo Horizonte, foram repassados para as Obras Educativas Padre Giussani. A institui\u00e7\u00e3o atende crian\u00e7as carentes de bairros da periferia da capital mineira.","og_url":"https:\/\/www.padreeustaquio.com.br\/en\/donations-received-at-father-eustaquios-church-reach-needy-families-in-belo-horizonte\/","og_site_name":"Padre Eust\u00e1quio","article_publisher":"https:\/\/www.facebook.com\/beatopadreeustaquio\/","article_published_time":"2022-01-26T17:09:39+00:00","article_modified_time":"2022-01-26T17:12:55+00:00","og_image":[{"width":1600,"height":901,"url":"https:\/\/www.padreeustaquio.com.br\/wp-content\/uploads\/2022\/01\/WhatsApp-Image-2022-01-26-at-13.52.33.jpeg","type":"image\/jpeg"}],"author":"@sscc","twitter_card":"summary_large_image","twitter_creator":"@beatopeustaquio","twitter_site":"@beatopeustaquio","twitter_misc":{"Written by":"@sscc","Est. reading time":"2 minutes"},"schema":{"@context":"https:\/\/schema.org","@graph":[{"@type":"Article","@id":"https:\/\/www.padreeustaquio.com.br\/doacoes-recebidas-na-igreja-do-padre-eustaquio-chegam-a-familias-carentes-de-bh\/#article","isPartOf":{"@id":"https:\/\/www.padreeustaquio.com.br\/doacoes-recebidas-na-igreja-do-padre-eustaquio-chegam-a-familias-carentes-de-bh\/"},"author":{"name":"@sscc","@id":"https:\/\/www.padreeustaquio.com.br\/#\/schema\/person\/a2a51db1d00f1a7af0204a0f1ddb1566"},"headline":"Doa\u00e7\u00f5es recebidas na igreja do Padre Eust\u00e1quio chegam \u00e0 fam\u00edlias carentes de BH","datePublished":"2022-01-26T17:09:39+00:00","dateModified":"2022-01-26T17:12:55+00:00","mainEntityOfPage":{"@id":"https:\/\/www.padreeustaquio.com.br\/doacoes-recebidas-na-igreja-do-padre-eustaquio-chegam-a-familias-carentes-de-bh\/"},"wordCount":273,"commentCount":0,"publisher":{"@id":"https:\/\/www.padreeustaquio.com.br\/#organization"},"image":{"@id":"https:\/\/www.padreeustaquio.com.br\/doacoes-recebidas-na-igreja-do-padre-eustaquio-chegam-a-familias-carentes-de-bh\/#primaryimage"},"thumbnailUrl":"https:\/\/www.padreeustaquio.com.br\/wp-content\/uploads\/2022\/01\/WhatsApp-Image-2022-01-26-at-13.52.33.jpeg","articleSection":["Not\u00edcias"],"inLanguage":"en-US","potentialAction":[{"@type":"CommentAction","name":"Comment","target":["https:\/\/www.padreeustaquio.com.br\/doacoes-recebidas-na-igreja-do-padre-eustaquio-chegam-a-familias-carentes-de-bh\/#respond"]}]},{"@type":"WebPage","@id":"https:\/\/www.padreeustaquio.com.br\/doacoes-recebidas-na-igreja-do-padre-eustaquio-chegam-a-familias-carentes-de-bh\/","url":"https:\/\/www.padreeustaquio.com.br\/doacoes-recebidas-na-igreja-do-padre-eustaquio-chegam-a-familias-carentes-de-bh\/","name":"Donations received at Father Eust\u00e1quio&#039;s church reach needy families in Belo Horizonte.","isPartOf":{"@id":"https:\/\/www.padreeustaquio.com.br\/#website"},"primaryImageOfPage":{"@id":"https:\/\/www.padreeustaquio.com.br\/doacoes-recebidas-na-igreja-do-padre-eustaquio-chegam-a-familias-carentes-de-bh\/#primaryimage"},"image":{"@id":"https:\/\/www.padreeustaquio.com.br\/doacoes-recebidas-na-igreja-do-padre-eustaquio-chegam-a-familias-carentes-de-bh\/#primaryimage"},"thumbnailUrl":"https:\/\/www.padreeustaquio.com.br\/wp-content\/uploads\/2022\/01\/WhatsApp-Image-2022-01-26-at-13.52.33.jpeg","datePublished":"2022-01-26T17:09:39+00:00","dateModified":"2022-01-26T17:12:55+00:00","description":"Food baskets and hygiene and cleaning products, collected by the Sanctuary of Health and Peace in Belo Horizonte, were donated to the Padre Giussani Educational Works. The institution serves underprivileged children from neighborhoods on the outskirts of the capital of Minas Gerais.","breadcrumb":{"@id":"https:\/\/www.padreeustaquio.com.br\/doacoes-recebidas-na-igreja-do-padre-eustaquio-chegam-a-familias-carentes-de-bh\/#breadcrumb"},"inLanguage":"en-US","potentialAction":[{"@type":"ReadAction","target":["https:\/\/www.padreeustaquio.com.br\/doacoes-recebidas-na-igreja-do-padre-eustaquio-chegam-a-familias-carentes-de-bh\/"]}]},{"@type":"ImageObject","inLanguage":"en-US","@id":"https:\/\/www.padreeustaquio.com.br\/doacoes-recebidas-na-igreja-do-padre-eustaquio-chegam-a-familias-carentes-de-bh\/#primaryimage","url":"https:\/\/www.padreeustaquio.com.br\/wp-content\/uploads\/2022\/01\/WhatsApp-Image-2022-01-26-at-13.52.33.jpeg","contentUrl":"https:\/\/www.padreeustaquio.com.br\/wp-content\/uploads\/2022\/01\/WhatsApp-Image-2022-01-26-at-13.52.33.jpeg","width":1600,"height":901},{"@type":"BreadcrumbList","@id":"https:\/\/www.padreeustaquio.com.br\/doacoes-recebidas-na-igreja-do-padre-eustaquio-chegam-a-familias-carentes-de-bh\/#breadcrumb","itemListElement":[{"@type":"ListItem","position":1,"name":"In\u00edcio","item":"https:\/\/www.padreeustaquio.com.br\/"},{"@type":"ListItem","position":2,"name":"Doa\u00e7\u00f5es recebidas na igreja do Padre Eust\u00e1quio chegam \u00e0 fam\u00edlias carentes de BH"}]},{"@type":"WebSite","@id":"https:\/\/www.padreeustaquio.com.br\/#website","url":"https:\/\/www.padreeustaquio.com.br\/","name":"FATHER EUST\u00c1QUIO","description":"Health and Peace","publisher":{"@id":"https:\/\/www.padreeustaquio.com.br\/#organization"},"potentialAction":[{"@type":"SearchAction","target":{"@type":"EntryPoint","urlTemplate":"https:\/\/www.padreeustaquio.com.br\/?s={search_term_string}"},"query-input":{"@type":"PropertyValueSpecification","valueRequired":true,"valueName":"search_term_string"}}],"inLanguage":"en-US"},{"@type":"Organization","@id":"https:\/\/www.padreeustaquio.com.br\/#organization","name":"FATHER EUST\u00c1QUIO","url":"https:\/\/www.padreeustaquio.com.br\/","logo":{"@type":"ImageObject","inLanguage":"en-US","@id":"https:\/\/www.padreeustaquio.com.br\/#\/schema\/logo\/image\/","url":"https:\/\/www.padreeustaquio.com.br\/wp-content\/uploads\/2019\/08\/marca.png","contentUrl":"https:\/\/www.padreeustaquio.com.br\/wp-content\/uploads\/2019\/08\/marca.png","width":350,"height":400,"caption":"Padre Eust\u00e1quio"},"image":{"@id":"https:\/\/www.padreeustaquio.com.br\/#\/schema\/logo\/image\/"},"sameAs":["https:\/\/www.facebook.com\/beatopadreeustaquio\/","https:\/\/x.com\/beatopeustaquio","https:\/\/www.instagram.com\/beatopadreeustaquio\/","https:\/\/www.youtube.com\/channel\/UCRhw7vfabnajwLxb1ZXMeIw"]},{"@type":"Person","@id":"https:\/\/www.padreeustaquio.com.br\/#\/schema\/person\/a2a51db1d00f1a7af0204a0f1ddb1566","name":"@sscc","image":{"@type":"ImageObject","inLanguage":"en-US","@id":"https:\/\/secure.gravatar.com\/avatar\/68cfafa5f44617fea54071e215026e0ff06be366c3d54a8425f04fdcb86f8c5f?s=96&d=mm&r=g","url":"https:\/\/secure.gravatar.com\/avatar\/68cfafa5f44617fea54071e215026e0ff06be366c3d54a8425f04fdcb86f8c5f?s=96&d=mm&r=g","contentUrl":"https:\/\/secure.gravatar.com\/avatar\/68cfafa5f44617fea54071e215026e0ff06be366c3d54a8425f04fdcb86f8c5f?s=96&d=mm&r=g","caption":"@sscc"},"url":"https:\/\/www.padreeustaquio.com.br\/en\/author\/sscc\/"}]}},"_links":{"self":[{"href":"https:\/\/www.padreeustaquio.com.br\/en\/wp-json\/wp\/v2\/posts\/8006","targetHints":{"allow":["GET"]}}],"collection":[{"href":"https:\/\/www.padreeustaquio.com.br\/en\/wp-json\/wp\/v2\/posts"}],"about":[{"href":"https:\/\/www.padreeustaquio.com.br\/en\/wp-json\/wp\/v2\/types\/post"}],"author":[{"embeddable":true,"href":"https:\/\/www.padreeustaquio.com.br\/en\/wp-json\/wp\/v2\/users\/2"}],"replies":[{"embeddable":true,"href":"https:\/\/www.padreeustaquio.com.br\/en\/wp-json\/wp\/v2\/comments?post=8006"}],"version-history":[{"count":0,"href":"https:\/\/www.padreeustaquio.com.br\/en\/wp-json\/wp\/v2\/posts\/8006\/revisions"}],"wp:featuredmedia":[{"embeddable":true,"href":"https:\/\/www.padreeustaquio.com.br\/en\/wp-json\/wp\/v2\/media\/8008"}],"wp:attachment":[{"href":"https:\/\/www.padreeustaquio.com.br\/en\/wp-json\/wp\/v2\/media?parent=8006"}],"wp:term":[{"taxonomy":"category","embeddable":true,"href":"https:\/\/www.padreeustaquio.com.br\/en\/wp-json\/wp\/v2\/categories?post=8006"},{"taxonomy":"post_tag","embeddable":true,"href":"https:\/\/www.padreeustaquio.com.br\/en\/wp-json\/wp\/v2\/tags?post=8006"}],"curies":[{"name":"wp","href":"https:\/\/api.w.org\/{rel}","templated":true}]}}