{"id":8000,"date":"2022-01-25T13:38:16","date_gmt":"2022-01-25T16:38:16","guid":{"rendered":"https:\/\/www.padreeustaquio.com.br\/?p=8000"},"modified":"2022-01-25T13:40:31","modified_gmt":"2022-01-25T16:40:31","slug":"the-ladies-of-charity-and-work-aimed-at-the-poorest","status":"publish","type":"post","link":"https:\/\/www.padreeustaquio.com.br\/en\/the-ladies-of-charity-and-work-aimed-at-the-poorest\/","title":{"rendered":"The &quot;Ladies of Charity&quot; and their work focused on the poorest."},"content":{"rendered":"<p>Conceived by Blessed Father Eustace in the early 1940s in Belo Horizonte, the work of helping the poor has always been a great concern of the Congregation of the Sacred Hearts and the entire parish community. Father Eustace always helped those most in need with food, work, paying overdue bills, or with his prayers and spiritual guidance.<\/p>\n\n\n\n<p>After her death in 1942, the work continued with community volunteers, who later became the &quot;Ladies of Charity.&quot; The families helped by the Ladies are carefully registered. To do this, the volunteers visit the people to find out if they really need help and &quot;what&quot; they need. Currently, there are more than 150 registered families who receive food, medicine, clothing, or other basic necessities monthly.<\/p>\n\n\n\n<p>During their mission, the Ladies of Charity are supported by the Congregation of the Sacred Hearts and, every month, especially in the distribution of food, they count on the help of the brothers and sisters of the Congregation who live in Belo Horizonte.<\/p>\n\n\n\n<p>Food donations are collected from the community, and many people bring donations during celebrations or leave them at the parish office of the Sanctuary. With faith, transparency, and great zeal for the poorest, the Ladies want to help the community more and more, so that we may intensely live the ideal of Father Eust\u00e1quio, which is God&#039;s purpose for our lives.<\/p>\n\n\n\n<p>Would you like to help the Ladies of Charity? Leave your donation at the Sanctuary of Health and Peace, the Church of Father Eust\u00e1quio. Rua Padre Eust\u00e1quio, 2405, Padre Eust\u00e1quio neighborhood \u2013 Belo Horizonte\/MG. The office hours are Monday to Friday, from 7:30 am to 6 pm. On Saturdays and Sundays, from 8 am to 11:30 am.<\/p>\n\n\n\n<p><\/p>","protected":false},"excerpt":{"rendered":"<p>Idealizado pelo Bem-Aventurado Padre Eust\u00e1quio, no in\u00edcio da d\u00e9cada de 1940, em Belo Horizonte, o trabalho no auxilio aos pobres sempre foi uma grande preocupa\u00e7\u00e3o da Congrega\u00e7\u00e3o dos Sagrados Cora\u00e7\u00f5es e de toda a comunidade paroquial. Padre Eust\u00e1quio sempre ajudava aos mais necessitados com comida, trabalho, com o pagamento de uma conta atrasada ou com suas ora\u00e7\u00f5es e dire\u00e7\u00f5es espirituais. Depois de sua morte, em 1942, o trabalho continuou com as volunt\u00e1rias da comunidade, que mais tarde se tornariam as \u201cDamas da Caridade\u201d. As fam\u00edlias ajudadas pelas Damas s\u00e3o cadastradas criteriosamente. Para isso, as volunt\u00e1rias v\u00e3o at\u00e9 as pessoas para [&hellip;]<\/p>\n","protected":false},"author":2,"featured_media":4189,"comment_status":"open","ping_status":"closed","sticky":false,"template":"","format":"standard","meta":{"_acf_changed":false,"footnotes":""},"categories":[611],"tags":[],"class_list":["post-8000","post","type-post","status-publish","format-standard","has-post-thumbnail","hentry","category-noticias"],"acf":[],"yoast_head":"<!-- This site is optimized with the Yoast SEO plugin v27.2 - https:\/\/yoast.com\/product\/yoast-seo-wordpress\/ -->\n<title>As &quot;Damas da Caridade&quot; e o trabalho voltado aos mais pobres<\/title>\n<meta name=\"description\" content=\"Idealizado pelo Bem-Aventurado Padre Eust\u00e1quio, no in\u00edcio da d\u00e9cada de 1940, em Belo Horizonte, o trabalho no auxilio aos pobres sempre foi uma grande preocupa\u00e7\u00e3o da Congrega\u00e7\u00e3o dos Sagrados Cora\u00e7\u00f5es e de toda a comunidade paroquial.\" \/>\n<meta name=\"robots\" content=\"index, follow, max-snippet:-1, max-image-preview:large, max-video-preview:-1\" \/>\n<link rel=\"canonical\" href=\"https:\/\/www.padreeustaquio.com.br\/en\/the-ladies-of-charity-and-work-aimed-at-the-poorest\/\" \/>\n<meta property=\"og:locale\" content=\"en_US\" \/>\n<meta property=\"og:type\" content=\"article\" \/>\n<meta property=\"og:title\" content=\"As &quot;Damas da Caridade&quot; e o trabalho voltado aos mais pobres\" \/>\n<meta property=\"og:description\" content=\"Idealizado pelo Bem-Aventurado Padre Eust\u00e1quio, no in\u00edcio da d\u00e9cada de 1940, em Belo Horizonte, o trabalho no auxilio aos pobres sempre foi uma grande preocupa\u00e7\u00e3o da Congrega\u00e7\u00e3o dos Sagrados Cora\u00e7\u00f5es e de toda a comunidade paroquial.\" \/>\n<meta property=\"og:url\" content=\"https:\/\/www.padreeustaquio.com.br\/en\/the-ladies-of-charity-and-work-aimed-at-the-poorest\/\" \/>\n<meta property=\"og:site_name\" content=\"Padre Eust\u00e1quio\" \/>\n<meta property=\"article:publisher\" content=\"https:\/\/www.facebook.com\/beatopadreeustaquio\/\" \/>\n<meta property=\"article:published_time\" content=\"2022-01-25T16:38:16+00:00\" \/>\n<meta property=\"article:modified_time\" content=\"2022-01-25T16:40:31+00:00\" \/>\n<meta property=\"og:image\" content=\"https:\/\/www.padreeustaquio.com.br\/wp-content\/uploads\/2020\/05\/PROFESSOS--e1643128762547.jpg\" \/>\n\t<meta property=\"og:image:width\" content=\"2665\" \/>\n\t<meta property=\"og:image:height\" content=\"1572\" \/>\n\t<meta property=\"og:image:type\" content=\"image\/jpeg\" \/>\n<meta name=\"author\" content=\"@sscc\" \/>\n<meta name=\"twitter:card\" content=\"summary_large_image\" \/>\n<meta name=\"twitter:creator\" content=\"@beatopeustaquio\" \/>\n<meta name=\"twitter:site\" content=\"@beatopeustaquio\" \/>\n<meta name=\"twitter:label1\" content=\"Written by\" \/>\n\t<meta name=\"twitter:data1\" content=\"@sscc\" \/>\n\t<meta name=\"twitter:label2\" content=\"Est. reading time\" \/>\n\t<meta name=\"twitter:data2\" content=\"2 minutes\" \/>\n<script type=\"application\/ld+json\" class=\"yoast-schema-graph\">{\"@context\":\"https:\/\/schema.org\",\"@graph\":[{\"@type\":\"Article\",\"@id\":\"https:\/\/www.padreeustaquio.com.br\/as-damas-da-caridade-e-o-trabalho-voltado-aos-mais-pobres\/#article\",\"isPartOf\":{\"@id\":\"https:\/\/www.padreeustaquio.com.br\/as-damas-da-caridade-e-o-trabalho-voltado-aos-mais-pobres\/\"},\"author\":{\"name\":\"@sscc\",\"@id\":\"https:\/\/www.padreeustaquio.com.br\/#\/schema\/person\/a2a51db1d00f1a7af0204a0f1ddb1566\"},\"headline\":\"As &#8220;Damas da Caridade&#8221; e o trabalho voltado aos mais pobres\",\"datePublished\":\"2022-01-25T16:38:16+00:00\",\"dateModified\":\"2022-01-25T16:40:31+00:00\",\"mainEntityOfPage\":{\"@id\":\"https:\/\/www.padreeustaquio.com.br\/as-damas-da-caridade-e-o-trabalho-voltado-aos-mais-pobres\/\"},\"wordCount\":325,\"commentCount\":0,\"publisher\":{\"@id\":\"https:\/\/www.padreeustaquio.com.br\/#organization\"},\"image\":{\"@id\":\"https:\/\/www.padreeustaquio.com.br\/as-damas-da-caridade-e-o-trabalho-voltado-aos-mais-pobres\/#primaryimage\"},\"thumbnailUrl\":\"https:\/\/www.padreeustaquio.com.br\/wp-content\/uploads\/2020\/05\/PROFESSOS--e1643128762547.jpg\",\"articleSection\":[\"Not\u00edcias\"],\"inLanguage\":\"en-US\",\"potentialAction\":[{\"@type\":\"CommentAction\",\"name\":\"Comment\",\"target\":[\"https:\/\/www.padreeustaquio.com.br\/as-damas-da-caridade-e-o-trabalho-voltado-aos-mais-pobres\/#respond\"]}]},{\"@type\":\"WebPage\",\"@id\":\"https:\/\/www.padreeustaquio.com.br\/as-damas-da-caridade-e-o-trabalho-voltado-aos-mais-pobres\/\",\"url\":\"https:\/\/www.padreeustaquio.com.br\/as-damas-da-caridade-e-o-trabalho-voltado-aos-mais-pobres\/\",\"name\":\"As \\\"Damas da Caridade\\\" e o trabalho voltado aos mais pobres\",\"isPartOf\":{\"@id\":\"https:\/\/www.padreeustaquio.com.br\/#website\"},\"primaryImageOfPage\":{\"@id\":\"https:\/\/www.padreeustaquio.com.br\/as-damas-da-caridade-e-o-trabalho-voltado-aos-mais-pobres\/#primaryimage\"},\"image\":{\"@id\":\"https:\/\/www.padreeustaquio.com.br\/as-damas-da-caridade-e-o-trabalho-voltado-aos-mais-pobres\/#primaryimage\"},\"thumbnailUrl\":\"https:\/\/www.padreeustaquio.com.br\/wp-content\/uploads\/2020\/05\/PROFESSOS--e1643128762547.jpg\",\"datePublished\":\"2022-01-25T16:38:16+00:00\",\"dateModified\":\"2022-01-25T16:40:31+00:00\",\"description\":\"Idealizado pelo Bem-Aventurado Padre Eust\u00e1quio, no in\u00edcio da d\u00e9cada de 1940, em Belo Horizonte, o trabalho no auxilio aos pobres sempre foi uma grande preocupa\u00e7\u00e3o da Congrega\u00e7\u00e3o dos Sagrados Cora\u00e7\u00f5es e de toda a comunidade paroquial.\",\"breadcrumb\":{\"@id\":\"https:\/\/www.padreeustaquio.com.br\/as-damas-da-caridade-e-o-trabalho-voltado-aos-mais-pobres\/#breadcrumb\"},\"inLanguage\":\"en-US\",\"potentialAction\":[{\"@type\":\"ReadAction\",\"target\":[\"https:\/\/www.padreeustaquio.com.br\/as-damas-da-caridade-e-o-trabalho-voltado-aos-mais-pobres\/\"]}]},{\"@type\":\"ImageObject\",\"inLanguage\":\"en-US\",\"@id\":\"https:\/\/www.padreeustaquio.com.br\/as-damas-da-caridade-e-o-trabalho-voltado-aos-mais-pobres\/#primaryimage\",\"url\":\"https:\/\/www.padreeustaquio.com.br\/wp-content\/uploads\/2020\/05\/PROFESSOS--e1643128762547.jpg\",\"contentUrl\":\"https:\/\/www.padreeustaquio.com.br\/wp-content\/uploads\/2020\/05\/PROFESSOS--e1643128762547.jpg\",\"width\":2665,\"height\":1572},{\"@type\":\"BreadcrumbList\",\"@id\":\"https:\/\/www.padreeustaquio.com.br\/as-damas-da-caridade-e-o-trabalho-voltado-aos-mais-pobres\/#breadcrumb\",\"itemListElement\":[{\"@type\":\"ListItem\",\"position\":1,\"name\":\"In\u00edcio\",\"item\":\"https:\/\/www.padreeustaquio.com.br\/\"},{\"@type\":\"ListItem\",\"position\":2,\"name\":\"As &#8220;Damas da Caridade&#8221; e o trabalho voltado aos mais pobres\"}]},{\"@type\":\"WebSite\",\"@id\":\"https:\/\/www.padreeustaquio.com.br\/#website\",\"url\":\"https:\/\/www.padreeustaquio.com.br\/\",\"name\":\"Padre Eust\u00e1quio\",\"description\":\"Sa\u00fade e Paz\",\"publisher\":{\"@id\":\"https:\/\/www.padreeustaquio.com.br\/#organization\"},\"potentialAction\":[{\"@type\":\"SearchAction\",\"target\":{\"@type\":\"EntryPoint\",\"urlTemplate\":\"https:\/\/www.padreeustaquio.com.br\/?s={search_term_string}\"},\"query-input\":{\"@type\":\"PropertyValueSpecification\",\"valueRequired\":true,\"valueName\":\"search_term_string\"}}],\"inLanguage\":\"en-US\"},{\"@type\":\"Organization\",\"@id\":\"https:\/\/www.padreeustaquio.com.br\/#organization\",\"name\":\"Padre Eust\u00e1quio\",\"url\":\"https:\/\/www.padreeustaquio.com.br\/\",\"logo\":{\"@type\":\"ImageObject\",\"inLanguage\":\"en-US\",\"@id\":\"https:\/\/www.padreeustaquio.com.br\/#\/schema\/logo\/image\/\",\"url\":\"https:\/\/www.padreeustaquio.com.br\/wp-content\/uploads\/2019\/08\/marca.png\",\"contentUrl\":\"https:\/\/www.padreeustaquio.com.br\/wp-content\/uploads\/2019\/08\/marca.png\",\"width\":350,\"height\":400,\"caption\":\"Padre Eust\u00e1quio\"},\"image\":{\"@id\":\"https:\/\/www.padreeustaquio.com.br\/#\/schema\/logo\/image\/\"},\"sameAs\":[\"https:\/\/www.facebook.com\/beatopadreeustaquio\/\",\"https:\/\/x.com\/beatopeustaquio\",\"https:\/\/www.instagram.com\/beatopadreeustaquio\/\",\"https:\/\/www.youtube.com\/channel\/UCRhw7vfabnajwLxb1ZXMeIw\"]},{\"@type\":\"Person\",\"@id\":\"https:\/\/www.padreeustaquio.com.br\/#\/schema\/person\/a2a51db1d00f1a7af0204a0f1ddb1566\",\"name\":\"@sscc\",\"image\":{\"@type\":\"ImageObject\",\"inLanguage\":\"en-US\",\"@id\":\"https:\/\/secure.gravatar.com\/avatar\/68cfafa5f44617fea54071e215026e0ff06be366c3d54a8425f04fdcb86f8c5f?s=96&d=mm&r=g\",\"url\":\"https:\/\/secure.gravatar.com\/avatar\/68cfafa5f44617fea54071e215026e0ff06be366c3d54a8425f04fdcb86f8c5f?s=96&d=mm&r=g\",\"contentUrl\":\"https:\/\/secure.gravatar.com\/avatar\/68cfafa5f44617fea54071e215026e0ff06be366c3d54a8425f04fdcb86f8c5f?s=96&d=mm&r=g\",\"caption\":\"@sscc\"},\"url\":\"https:\/\/www.padreeustaquio.com.br\/en\/author\/sscc\/\"}]}<\/script>\n<!-- \/ Yoast SEO plugin. -->","yoast_head_json":{"title":"The &quot;Ladies of Charity&quot; and their work focused on the poorest.","description":"Conceived by Blessed Father Eustace in the early 1940s in Belo Horizonte, the work of helping the poor has always been a major concern of the Congregation of the Sacred Hearts and the entire parish community.","robots":{"index":"index","follow":"follow","max-snippet":"max-snippet:-1","max-image-preview":"max-image-preview:large","max-video-preview":"max-video-preview:-1"},"canonical":"https:\/\/www.padreeustaquio.com.br\/en\/the-ladies-of-charity-and-work-aimed-at-the-poorest\/","og_locale":"en_US","og_type":"article","og_title":"As \"Damas da Caridade\" e o trabalho voltado aos mais pobres","og_description":"Idealizado pelo Bem-Aventurado Padre Eust\u00e1quio, no in\u00edcio da d\u00e9cada de 1940, em Belo Horizonte, o trabalho no auxilio aos pobres sempre foi uma grande preocupa\u00e7\u00e3o da Congrega\u00e7\u00e3o dos Sagrados Cora\u00e7\u00f5es e de toda a comunidade paroquial.","og_url":"https:\/\/www.padreeustaquio.com.br\/en\/the-ladies-of-charity-and-work-aimed-at-the-poorest\/","og_site_name":"Padre Eust\u00e1quio","article_publisher":"https:\/\/www.facebook.com\/beatopadreeustaquio\/","article_published_time":"2022-01-25T16:38:16+00:00","article_modified_time":"2022-01-25T16:40:31+00:00","og_image":[{"width":2665,"height":1572,"url":"https:\/\/www.padreeustaquio.com.br\/wp-content\/uploads\/2020\/05\/PROFESSOS--e1643128762547.jpg","type":"image\/jpeg"}],"author":"@sscc","twitter_card":"summary_large_image","twitter_creator":"@beatopeustaquio","twitter_site":"@beatopeustaquio","twitter_misc":{"Written by":"@sscc","Est. reading time":"2 minutes"},"schema":{"@context":"https:\/\/schema.org","@graph":[{"@type":"Article","@id":"https:\/\/www.padreeustaquio.com.br\/as-damas-da-caridade-e-o-trabalho-voltado-aos-mais-pobres\/#article","isPartOf":{"@id":"https:\/\/www.padreeustaquio.com.br\/as-damas-da-caridade-e-o-trabalho-voltado-aos-mais-pobres\/"},"author":{"name":"@sscc","@id":"https:\/\/www.padreeustaquio.com.br\/#\/schema\/person\/a2a51db1d00f1a7af0204a0f1ddb1566"},"headline":"As &#8220;Damas da Caridade&#8221; e o trabalho voltado aos mais pobres","datePublished":"2022-01-25T16:38:16+00:00","dateModified":"2022-01-25T16:40:31+00:00","mainEntityOfPage":{"@id":"https:\/\/www.padreeustaquio.com.br\/as-damas-da-caridade-e-o-trabalho-voltado-aos-mais-pobres\/"},"wordCount":325,"commentCount":0,"publisher":{"@id":"https:\/\/www.padreeustaquio.com.br\/#organization"},"image":{"@id":"https:\/\/www.padreeustaquio.com.br\/as-damas-da-caridade-e-o-trabalho-voltado-aos-mais-pobres\/#primaryimage"},"thumbnailUrl":"https:\/\/www.padreeustaquio.com.br\/wp-content\/uploads\/2020\/05\/PROFESSOS--e1643128762547.jpg","articleSection":["Not\u00edcias"],"inLanguage":"en-US","potentialAction":[{"@type":"CommentAction","name":"Comment","target":["https:\/\/www.padreeustaquio.com.br\/as-damas-da-caridade-e-o-trabalho-voltado-aos-mais-pobres\/#respond"]}]},{"@type":"WebPage","@id":"https:\/\/www.padreeustaquio.com.br\/as-damas-da-caridade-e-o-trabalho-voltado-aos-mais-pobres\/","url":"https:\/\/www.padreeustaquio.com.br\/as-damas-da-caridade-e-o-trabalho-voltado-aos-mais-pobres\/","name":"The &quot;Ladies of Charity&quot; and their work focused on the poorest.","isPartOf":{"@id":"https:\/\/www.padreeustaquio.com.br\/#website"},"primaryImageOfPage":{"@id":"https:\/\/www.padreeustaquio.com.br\/as-damas-da-caridade-e-o-trabalho-voltado-aos-mais-pobres\/#primaryimage"},"image":{"@id":"https:\/\/www.padreeustaquio.com.br\/as-damas-da-caridade-e-o-trabalho-voltado-aos-mais-pobres\/#primaryimage"},"thumbnailUrl":"https:\/\/www.padreeustaquio.com.br\/wp-content\/uploads\/2020\/05\/PROFESSOS--e1643128762547.jpg","datePublished":"2022-01-25T16:38:16+00:00","dateModified":"2022-01-25T16:40:31+00:00","description":"Conceived by Blessed Father Eustace in the early 1940s in Belo Horizonte, the work of helping the poor has always been a major concern of the Congregation of the Sacred Hearts and the entire parish community.","breadcrumb":{"@id":"https:\/\/www.padreeustaquio.com.br\/as-damas-da-caridade-e-o-trabalho-voltado-aos-mais-pobres\/#breadcrumb"},"inLanguage":"en-US","potentialAction":[{"@type":"ReadAction","target":["https:\/\/www.padreeustaquio.com.br\/as-damas-da-caridade-e-o-trabalho-voltado-aos-mais-pobres\/"]}]},{"@type":"ImageObject","inLanguage":"en-US","@id":"https:\/\/www.padreeustaquio.com.br\/as-damas-da-caridade-e-o-trabalho-voltado-aos-mais-pobres\/#primaryimage","url":"https:\/\/www.padreeustaquio.com.br\/wp-content\/uploads\/2020\/05\/PROFESSOS--e1643128762547.jpg","contentUrl":"https:\/\/www.padreeustaquio.com.br\/wp-content\/uploads\/2020\/05\/PROFESSOS--e1643128762547.jpg","width":2665,"height":1572},{"@type":"BreadcrumbList","@id":"https:\/\/www.padreeustaquio.com.br\/as-damas-da-caridade-e-o-trabalho-voltado-aos-mais-pobres\/#breadcrumb","itemListElement":[{"@type":"ListItem","position":1,"name":"In\u00edcio","item":"https:\/\/www.padreeustaquio.com.br\/"},{"@type":"ListItem","position":2,"name":"As &#8220;Damas da Caridade&#8221; e o trabalho voltado aos mais pobres"}]},{"@type":"WebSite","@id":"https:\/\/www.padreeustaquio.com.br\/#website","url":"https:\/\/www.padreeustaquio.com.br\/","name":"FATHER EUST\u00c1QUIO","description":"Health and Peace","publisher":{"@id":"https:\/\/www.padreeustaquio.com.br\/#organization"},"potentialAction":[{"@type":"SearchAction","target":{"@type":"EntryPoint","urlTemplate":"https:\/\/www.padreeustaquio.com.br\/?s={search_term_string}"},"query-input":{"@type":"PropertyValueSpecification","valueRequired":true,"valueName":"search_term_string"}}],"inLanguage":"en-US"},{"@type":"Organization","@id":"https:\/\/www.padreeustaquio.com.br\/#organization","name":"FATHER EUST\u00c1QUIO","url":"https:\/\/www.padreeustaquio.com.br\/","logo":{"@type":"ImageObject","inLanguage":"en-US","@id":"https:\/\/www.padreeustaquio.com.br\/#\/schema\/logo\/image\/","url":"https:\/\/www.padreeustaquio.com.br\/wp-content\/uploads\/2019\/08\/marca.png","contentUrl":"https:\/\/www.padreeustaquio.com.br\/wp-content\/uploads\/2019\/08\/marca.png","width":350,"height":400,"caption":"Padre Eust\u00e1quio"},"image":{"@id":"https:\/\/www.padreeustaquio.com.br\/#\/schema\/logo\/image\/"},"sameAs":["https:\/\/www.facebook.com\/beatopadreeustaquio\/","https:\/\/x.com\/beatopeustaquio","https:\/\/www.instagram.com\/beatopadreeustaquio\/","https:\/\/www.youtube.com\/channel\/UCRhw7vfabnajwLxb1ZXMeIw"]},{"@type":"Person","@id":"https:\/\/www.padreeustaquio.com.br\/#\/schema\/person\/a2a51db1d00f1a7af0204a0f1ddb1566","name":"@sscc","image":{"@type":"ImageObject","inLanguage":"en-US","@id":"https:\/\/secure.gravatar.com\/avatar\/68cfafa5f44617fea54071e215026e0ff06be366c3d54a8425f04fdcb86f8c5f?s=96&d=mm&r=g","url":"https:\/\/secure.gravatar.com\/avatar\/68cfafa5f44617fea54071e215026e0ff06be366c3d54a8425f04fdcb86f8c5f?s=96&d=mm&r=g","contentUrl":"https:\/\/secure.gravatar.com\/avatar\/68cfafa5f44617fea54071e215026e0ff06be366c3d54a8425f04fdcb86f8c5f?s=96&d=mm&r=g","caption":"@sscc"},"url":"https:\/\/www.padreeustaquio.com.br\/en\/author\/sscc\/"}]}},"_links":{"self":[{"href":"https:\/\/www.padreeustaquio.com.br\/en\/wp-json\/wp\/v2\/posts\/8000","targetHints":{"allow":["GET"]}}],"collection":[{"href":"https:\/\/www.padreeustaquio.com.br\/en\/wp-json\/wp\/v2\/posts"}],"about":[{"href":"https:\/\/www.padreeustaquio.com.br\/en\/wp-json\/wp\/v2\/types\/post"}],"author":[{"embeddable":true,"href":"https:\/\/www.padreeustaquio.com.br\/en\/wp-json\/wp\/v2\/users\/2"}],"replies":[{"embeddable":true,"href":"https:\/\/www.padreeustaquio.com.br\/en\/wp-json\/wp\/v2\/comments?post=8000"}],"version-history":[{"count":0,"href":"https:\/\/www.padreeustaquio.com.br\/en\/wp-json\/wp\/v2\/posts\/8000\/revisions"}],"wp:featuredmedia":[{"embeddable":true,"href":"https:\/\/www.padreeustaquio.com.br\/en\/wp-json\/wp\/v2\/media\/4189"}],"wp:attachment":[{"href":"https:\/\/www.padreeustaquio.com.br\/en\/wp-json\/wp\/v2\/media?parent=8000"}],"wp:term":[{"taxonomy":"category","embeddable":true,"href":"https:\/\/www.padreeustaquio.com.br\/en\/wp-json\/wp\/v2\/categories?post=8000"},{"taxonomy":"post_tag","embeddable":true,"href":"https:\/\/www.padreeustaquio.com.br\/en\/wp-json\/wp\/v2\/tags?post=8000"}],"curies":[{"name":"wp","href":"https:\/\/api.w.org\/{rel}","templated":true}]}}