{"id":7972,"date":"2022-01-29T09:21:00","date_gmt":"2022-01-29T12:21:00","guid":{"rendered":"https:\/\/www.padreeustaquio.com.br\/?p=7972"},"modified":"2022-01-21T16:25:08","modified_gmt":"2022-01-21T19:25:08","slug":"fourth-sunday-in-ordinary-time-celebrate-this-day-with-your-family","status":"publish","type":"post","link":"https:\/\/www.padreeustaquio.com.br\/en\/fourth-sunday-in-ordinary-time-celebrate-this-day-with-your-family\/","title":{"rendered":"Fourth Sunday in Ordinary Time \u2013 Celebrate this day with your family."},"content":{"rendered":"<p>Each family can adapt the plan according to their needs, following the script. The songs are suggestions and can be replaced with others, taking into account the Liturgical Season we are experiencing. To help with this, the &quot;Celebrate as a Family&quot; script for this 4th Sunday of Ordinary Time, offered by the Episcopal Pastoral Commission for Liturgy of the National Conference of Bishops of Brazil (CNBB), is already available.<\/p>\n\n\n\n<p>Families are advised to choose a suitable place in their homes to celebrate and pray together.\u00a0<em>\u201c&quot;Prepare your Bible with the text to be proclaimed, a vase with flowers, a crucifix, an image or icon of Our Lady, and a candle to be lit during the celebration.&quot;\u201d<\/em>, proposes the Commission for the Liturgy.<\/p>\n\n\n\n<p>At the Health and Peace Sanctuary, there are three times when masses are broadcast via...\u00a0<a href=\"https:\/\/www.youtube.com\/channel\/UCRhw7vfabnajwLxb1ZXMeIw\">Padre Eust\u00e1quio Channel<\/a>\u00a0(Saturday at 5 pm and Sunday at 10 am and 7 pm) which we can attend, but living the dignity of the priestly people that our baptism conferred upon us. We can not only attend, but celebrate the Lord&#039;s Day with our families.<\/p>\n\n\n\n<p>Click the link below, open the itinerary, and enjoy the celebration!<\/p>\n\n\n\n<p><a href=\"https:\/\/www.cnbb.org.br\/wp-content\/uploads\/2022\/01\/13-Celebrar-em-Familia-4-DTC.pdf\" target=\"_blank\" rel=\"noreferrer noopener\">Download the Family Celebration Guide for the 4th Sunday in Ordinary Time<\/a><\/p>\n\n\n\n<p><\/p>","protected":false},"excerpt":{"rendered":"<p>Cada fam\u00edlia poder\u00e1 adaptar o esquema conforme as necessidades, de acordo com o roteiro. Os cantos s\u00e3o sugest\u00f5es e podem ser substitu\u00eddos por outros, levando em considera\u00e7\u00e3o o Tempo Lit\u00fargico que estamos vivendo e para ajudar nisso, j\u00e1 est\u00e1 dispon\u00edvel o roteiro \u201cCelebrar em Fam\u00edlia\u201d para este 4\u00ba Domingo do Tempo Comum que \u00e9 oferecido pela Comiss\u00e3o Episcopal Pastoral para a Liturgia da Confer\u00eancia Nacional dos Bispos do Brasil (CNBB). \u00c0s fam\u00edlias, \u00e9 indicado que seja escolhido um local adequado em suas casas para celebrar e rezar juntos.\u00a0\u201cPrepare sua B\u00edblia com o texto a ser proclamado, um vaso com flores, [&hellip;]<\/p>\n","protected":false},"author":2,"featured_media":7973,"comment_status":"open","ping_status":"closed","sticky":false,"template":"","format":"standard","meta":{"_acf_changed":false,"footnotes":""},"categories":[611],"tags":[],"class_list":["post-7972","post","type-post","status-publish","format-standard","has-post-thumbnail","hentry","category-noticias"],"acf":[],"yoast_head":"<!-- This site is optimized with the Yoast SEO plugin v27.2 - https:\/\/yoast.com\/product\/yoast-seo-wordpress\/ -->\n<title>Quarto Domingo Comum - Celebre em fam\u00edlia este dia - Padre Eust\u00e1quio<\/title>\n<meta name=\"description\" content=\"\u00c0s fam\u00edlias, \u00e9 indicado que seja escolhido um local adequado em suas casas para celebrar e rezar juntos.\u00a0\u201cPrepare sua B\u00edblia com o texto a ser proclamado, um vaso com flores, um crucifixo, uma imagem ou \u00edcone de Nossa Senhora e uma vela a ser acesa no momento da celebra\u00e7\u00e3o\u201d, prop\u00f5e a Comiss\u00e3o para a Liturgia.\" \/>\n<meta name=\"robots\" content=\"index, follow, max-snippet:-1, max-image-preview:large, max-video-preview:-1\" \/>\n<link rel=\"canonical\" href=\"https:\/\/www.padreeustaquio.com.br\/en\/fourth-sunday-in-ordinary-time-celebrate-this-day-with-your-family\/\" \/>\n<meta property=\"og:locale\" content=\"en_US\" \/>\n<meta property=\"og:type\" content=\"article\" \/>\n<meta property=\"og:title\" content=\"Quarto Domingo Comum - Celebre em fam\u00edlia este dia - Padre Eust\u00e1quio\" \/>\n<meta property=\"og:description\" content=\"\u00c0s fam\u00edlias, \u00e9 indicado que seja escolhido um local adequado em suas casas para celebrar e rezar juntos.\u00a0\u201cPrepare sua B\u00edblia com o texto a ser proclamado, um vaso com flores, um crucifixo, uma imagem ou \u00edcone de Nossa Senhora e uma vela a ser acesa no momento da celebra\u00e7\u00e3o\u201d, prop\u00f5e a Comiss\u00e3o para a Liturgia.\" \/>\n<meta property=\"og:url\" content=\"https:\/\/www.padreeustaquio.com.br\/en\/fourth-sunday-in-ordinary-time-celebrate-this-day-with-your-family\/\" \/>\n<meta property=\"og:site_name\" content=\"Padre Eust\u00e1quio\" \/>\n<meta property=\"article:publisher\" content=\"https:\/\/www.facebook.com\/beatopadreeustaquio\/\" \/>\n<meta property=\"article:published_time\" content=\"2022-01-29T12:21:00+00:00\" \/>\n<meta property=\"og:image\" content=\"https:\/\/www.padreeustaquio.com.br\/wp-content\/uploads\/2022\/01\/Quarto-dom-comum.jpg\" \/>\n\t<meta property=\"og:image:width\" content=\"748\" \/>\n\t<meta property=\"og:image:height\" content=\"394\" \/>\n\t<meta property=\"og:image:type\" content=\"image\/jpeg\" \/>\n<meta name=\"author\" content=\"@sscc\" \/>\n<meta name=\"twitter:card\" content=\"summary_large_image\" \/>\n<meta name=\"twitter:creator\" content=\"@beatopeustaquio\" \/>\n<meta name=\"twitter:site\" content=\"@beatopeustaquio\" \/>\n<meta name=\"twitter:label1\" content=\"Written by\" \/>\n\t<meta name=\"twitter:data1\" content=\"@sscc\" \/>\n\t<meta name=\"twitter:label2\" content=\"Est. reading time\" \/>\n\t<meta name=\"twitter:data2\" content=\"1 minute\" \/>\n<script type=\"application\/ld+json\" class=\"yoast-schema-graph\">{\"@context\":\"https:\/\/schema.org\",\"@graph\":[{\"@type\":\"Article\",\"@id\":\"https:\/\/www.padreeustaquio.com.br\/quarto-domingo-comum-celebre-em-familia-este-dia\/#article\",\"isPartOf\":{\"@id\":\"https:\/\/www.padreeustaquio.com.br\/quarto-domingo-comum-celebre-em-familia-este-dia\/\"},\"author\":{\"name\":\"@sscc\",\"@id\":\"https:\/\/www.padreeustaquio.com.br\/#\/schema\/person\/a2a51db1d00f1a7af0204a0f1ddb1566\"},\"headline\":\"Quarto Domingo Comum &#8211; Celebre em fam\u00edlia este dia\",\"datePublished\":\"2022-01-29T12:21:00+00:00\",\"mainEntityOfPage\":{\"@id\":\"https:\/\/www.padreeustaquio.com.br\/quarto-domingo-comum-celebre-em-familia-este-dia\/\"},\"wordCount\":234,\"commentCount\":0,\"publisher\":{\"@id\":\"https:\/\/www.padreeustaquio.com.br\/#organization\"},\"image\":{\"@id\":\"https:\/\/www.padreeustaquio.com.br\/quarto-domingo-comum-celebre-em-familia-este-dia\/#primaryimage\"},\"thumbnailUrl\":\"https:\/\/www.padreeustaquio.com.br\/wp-content\/uploads\/2022\/01\/Quarto-dom-comum.jpg\",\"articleSection\":[\"Not\u00edcias\"],\"inLanguage\":\"en-US\",\"potentialAction\":[{\"@type\":\"CommentAction\",\"name\":\"Comment\",\"target\":[\"https:\/\/www.padreeustaquio.com.br\/quarto-domingo-comum-celebre-em-familia-este-dia\/#respond\"]}]},{\"@type\":\"WebPage\",\"@id\":\"https:\/\/www.padreeustaquio.com.br\/quarto-domingo-comum-celebre-em-familia-este-dia\/\",\"url\":\"https:\/\/www.padreeustaquio.com.br\/quarto-domingo-comum-celebre-em-familia-este-dia\/\",\"name\":\"Quarto Domingo Comum - Celebre em fam\u00edlia este dia - Padre Eust\u00e1quio\",\"isPartOf\":{\"@id\":\"https:\/\/www.padreeustaquio.com.br\/#website\"},\"primaryImageOfPage\":{\"@id\":\"https:\/\/www.padreeustaquio.com.br\/quarto-domingo-comum-celebre-em-familia-este-dia\/#primaryimage\"},\"image\":{\"@id\":\"https:\/\/www.padreeustaquio.com.br\/quarto-domingo-comum-celebre-em-familia-este-dia\/#primaryimage\"},\"thumbnailUrl\":\"https:\/\/www.padreeustaquio.com.br\/wp-content\/uploads\/2022\/01\/Quarto-dom-comum.jpg\",\"datePublished\":\"2022-01-29T12:21:00+00:00\",\"description\":\"\u00c0s fam\u00edlias, \u00e9 indicado que seja escolhido um local adequado em suas casas para celebrar e rezar juntos.\u00a0\u201cPrepare sua B\u00edblia com o texto a ser proclamado, um vaso com flores, um crucifixo, uma imagem ou \u00edcone de Nossa Senhora e uma vela a ser acesa no momento da celebra\u00e7\u00e3o\u201d, prop\u00f5e a Comiss\u00e3o para a Liturgia.\",\"breadcrumb\":{\"@id\":\"https:\/\/www.padreeustaquio.com.br\/quarto-domingo-comum-celebre-em-familia-este-dia\/#breadcrumb\"},\"inLanguage\":\"en-US\",\"potentialAction\":[{\"@type\":\"ReadAction\",\"target\":[\"https:\/\/www.padreeustaquio.com.br\/quarto-domingo-comum-celebre-em-familia-este-dia\/\"]}]},{\"@type\":\"ImageObject\",\"inLanguage\":\"en-US\",\"@id\":\"https:\/\/www.padreeustaquio.com.br\/quarto-domingo-comum-celebre-em-familia-este-dia\/#primaryimage\",\"url\":\"https:\/\/www.padreeustaquio.com.br\/wp-content\/uploads\/2022\/01\/Quarto-dom-comum.jpg\",\"contentUrl\":\"https:\/\/www.padreeustaquio.com.br\/wp-content\/uploads\/2022\/01\/Quarto-dom-comum.jpg\",\"width\":748,\"height\":394},{\"@type\":\"BreadcrumbList\",\"@id\":\"https:\/\/www.padreeustaquio.com.br\/quarto-domingo-comum-celebre-em-familia-este-dia\/#breadcrumb\",\"itemListElement\":[{\"@type\":\"ListItem\",\"position\":1,\"name\":\"In\u00edcio\",\"item\":\"https:\/\/www.padreeustaquio.com.br\/\"},{\"@type\":\"ListItem\",\"position\":2,\"name\":\"Quarto Domingo Comum &#8211; Celebre em fam\u00edlia este dia\"}]},{\"@type\":\"WebSite\",\"@id\":\"https:\/\/www.padreeustaquio.com.br\/#website\",\"url\":\"https:\/\/www.padreeustaquio.com.br\/\",\"name\":\"Padre Eust\u00e1quio\",\"description\":\"Sa\u00fade e Paz\",\"publisher\":{\"@id\":\"https:\/\/www.padreeustaquio.com.br\/#organization\"},\"potentialAction\":[{\"@type\":\"SearchAction\",\"target\":{\"@type\":\"EntryPoint\",\"urlTemplate\":\"https:\/\/www.padreeustaquio.com.br\/?s={search_term_string}\"},\"query-input\":{\"@type\":\"PropertyValueSpecification\",\"valueRequired\":true,\"valueName\":\"search_term_string\"}}],\"inLanguage\":\"en-US\"},{\"@type\":\"Organization\",\"@id\":\"https:\/\/www.padreeustaquio.com.br\/#organization\",\"name\":\"Padre Eust\u00e1quio\",\"url\":\"https:\/\/www.padreeustaquio.com.br\/\",\"logo\":{\"@type\":\"ImageObject\",\"inLanguage\":\"en-US\",\"@id\":\"https:\/\/www.padreeustaquio.com.br\/#\/schema\/logo\/image\/\",\"url\":\"https:\/\/www.padreeustaquio.com.br\/wp-content\/uploads\/2019\/08\/marca.png\",\"contentUrl\":\"https:\/\/www.padreeustaquio.com.br\/wp-content\/uploads\/2019\/08\/marca.png\",\"width\":350,\"height\":400,\"caption\":\"Padre Eust\u00e1quio\"},\"image\":{\"@id\":\"https:\/\/www.padreeustaquio.com.br\/#\/schema\/logo\/image\/\"},\"sameAs\":[\"https:\/\/www.facebook.com\/beatopadreeustaquio\/\",\"https:\/\/x.com\/beatopeustaquio\",\"https:\/\/www.instagram.com\/beatopadreeustaquio\/\",\"https:\/\/www.youtube.com\/channel\/UCRhw7vfabnajwLxb1ZXMeIw\"]},{\"@type\":\"Person\",\"@id\":\"https:\/\/www.padreeustaquio.com.br\/#\/schema\/person\/a2a51db1d00f1a7af0204a0f1ddb1566\",\"name\":\"@sscc\",\"image\":{\"@type\":\"ImageObject\",\"inLanguage\":\"en-US\",\"@id\":\"https:\/\/secure.gravatar.com\/avatar\/68cfafa5f44617fea54071e215026e0ff06be366c3d54a8425f04fdcb86f8c5f?s=96&d=mm&r=g\",\"url\":\"https:\/\/secure.gravatar.com\/avatar\/68cfafa5f44617fea54071e215026e0ff06be366c3d54a8425f04fdcb86f8c5f?s=96&d=mm&r=g\",\"contentUrl\":\"https:\/\/secure.gravatar.com\/avatar\/68cfafa5f44617fea54071e215026e0ff06be366c3d54a8425f04fdcb86f8c5f?s=96&d=mm&r=g\",\"caption\":\"@sscc\"},\"url\":\"https:\/\/www.padreeustaquio.com.br\/en\/author\/sscc\/\"}]}<\/script>\n<!-- \/ Yoast SEO plugin. -->","yoast_head_json":{"title":"Fourth Sunday in Ordinary Time - Celebrate this day with your family - Father Eust\u00e1quio","description":"Families are advised to choose a suitable place in their homes to celebrate and pray together. \u201cPrepare your Bible with the text to be proclaimed, a vase with flowers, a crucifix, an image or icon of Our Lady, and a candle to be lit during the celebration,\u201d suggests the Commission for the Liturgy.","robots":{"index":"index","follow":"follow","max-snippet":"max-snippet:-1","max-image-preview":"max-image-preview:large","max-video-preview":"max-video-preview:-1"},"canonical":"https:\/\/www.padreeustaquio.com.br\/en\/fourth-sunday-in-ordinary-time-celebrate-this-day-with-your-family\/","og_locale":"en_US","og_type":"article","og_title":"Quarto Domingo Comum - Celebre em fam\u00edlia este dia - Padre Eust\u00e1quio","og_description":"\u00c0s fam\u00edlias, \u00e9 indicado que seja escolhido um local adequado em suas casas para celebrar e rezar juntos.\u00a0\u201cPrepare sua B\u00edblia com o texto a ser proclamado, um vaso com flores, um crucifixo, uma imagem ou \u00edcone de Nossa Senhora e uma vela a ser acesa no momento da celebra\u00e7\u00e3o\u201d, prop\u00f5e a Comiss\u00e3o para a Liturgia.","og_url":"https:\/\/www.padreeustaquio.com.br\/en\/fourth-sunday-in-ordinary-time-celebrate-this-day-with-your-family\/","og_site_name":"Padre Eust\u00e1quio","article_publisher":"https:\/\/www.facebook.com\/beatopadreeustaquio\/","article_published_time":"2022-01-29T12:21:00+00:00","og_image":[{"width":748,"height":394,"url":"https:\/\/www.padreeustaquio.com.br\/wp-content\/uploads\/2022\/01\/Quarto-dom-comum.jpg","type":"image\/jpeg"}],"author":"@sscc","twitter_card":"summary_large_image","twitter_creator":"@beatopeustaquio","twitter_site":"@beatopeustaquio","twitter_misc":{"Written by":"@sscc","Est. reading time":"1 minute"},"schema":{"@context":"https:\/\/schema.org","@graph":[{"@type":"Article","@id":"https:\/\/www.padreeustaquio.com.br\/quarto-domingo-comum-celebre-em-familia-este-dia\/#article","isPartOf":{"@id":"https:\/\/www.padreeustaquio.com.br\/quarto-domingo-comum-celebre-em-familia-este-dia\/"},"author":{"name":"@sscc","@id":"https:\/\/www.padreeustaquio.com.br\/#\/schema\/person\/a2a51db1d00f1a7af0204a0f1ddb1566"},"headline":"Quarto Domingo Comum &#8211; Celebre em fam\u00edlia este dia","datePublished":"2022-01-29T12:21:00+00:00","mainEntityOfPage":{"@id":"https:\/\/www.padreeustaquio.com.br\/quarto-domingo-comum-celebre-em-familia-este-dia\/"},"wordCount":234,"commentCount":0,"publisher":{"@id":"https:\/\/www.padreeustaquio.com.br\/#organization"},"image":{"@id":"https:\/\/www.padreeustaquio.com.br\/quarto-domingo-comum-celebre-em-familia-este-dia\/#primaryimage"},"thumbnailUrl":"https:\/\/www.padreeustaquio.com.br\/wp-content\/uploads\/2022\/01\/Quarto-dom-comum.jpg","articleSection":["Not\u00edcias"],"inLanguage":"en-US","potentialAction":[{"@type":"CommentAction","name":"Comment","target":["https:\/\/www.padreeustaquio.com.br\/quarto-domingo-comum-celebre-em-familia-este-dia\/#respond"]}]},{"@type":"WebPage","@id":"https:\/\/www.padreeustaquio.com.br\/quarto-domingo-comum-celebre-em-familia-este-dia\/","url":"https:\/\/www.padreeustaquio.com.br\/quarto-domingo-comum-celebre-em-familia-este-dia\/","name":"Fourth Sunday in Ordinary Time - Celebrate this day with your family - Father Eust\u00e1quio","isPartOf":{"@id":"https:\/\/www.padreeustaquio.com.br\/#website"},"primaryImageOfPage":{"@id":"https:\/\/www.padreeustaquio.com.br\/quarto-domingo-comum-celebre-em-familia-este-dia\/#primaryimage"},"image":{"@id":"https:\/\/www.padreeustaquio.com.br\/quarto-domingo-comum-celebre-em-familia-este-dia\/#primaryimage"},"thumbnailUrl":"https:\/\/www.padreeustaquio.com.br\/wp-content\/uploads\/2022\/01\/Quarto-dom-comum.jpg","datePublished":"2022-01-29T12:21:00+00:00","description":"Families are advised to choose a suitable place in their homes to celebrate and pray together. \u201cPrepare your Bible with the text to be proclaimed, a vase with flowers, a crucifix, an image or icon of Our Lady, and a candle to be lit during the celebration,\u201d suggests the Commission for the Liturgy.","breadcrumb":{"@id":"https:\/\/www.padreeustaquio.com.br\/quarto-domingo-comum-celebre-em-familia-este-dia\/#breadcrumb"},"inLanguage":"en-US","potentialAction":[{"@type":"ReadAction","target":["https:\/\/www.padreeustaquio.com.br\/quarto-domingo-comum-celebre-em-familia-este-dia\/"]}]},{"@type":"ImageObject","inLanguage":"en-US","@id":"https:\/\/www.padreeustaquio.com.br\/quarto-domingo-comum-celebre-em-familia-este-dia\/#primaryimage","url":"https:\/\/www.padreeustaquio.com.br\/wp-content\/uploads\/2022\/01\/Quarto-dom-comum.jpg","contentUrl":"https:\/\/www.padreeustaquio.com.br\/wp-content\/uploads\/2022\/01\/Quarto-dom-comum.jpg","width":748,"height":394},{"@type":"BreadcrumbList","@id":"https:\/\/www.padreeustaquio.com.br\/quarto-domingo-comum-celebre-em-familia-este-dia\/#breadcrumb","itemListElement":[{"@type":"ListItem","position":1,"name":"In\u00edcio","item":"https:\/\/www.padreeustaquio.com.br\/"},{"@type":"ListItem","position":2,"name":"Quarto Domingo Comum &#8211; Celebre em fam\u00edlia este dia"}]},{"@type":"WebSite","@id":"https:\/\/www.padreeustaquio.com.br\/#website","url":"https:\/\/www.padreeustaquio.com.br\/","name":"FATHER EUST\u00c1QUIO","description":"Health and Peace","publisher":{"@id":"https:\/\/www.padreeustaquio.com.br\/#organization"},"potentialAction":[{"@type":"SearchAction","target":{"@type":"EntryPoint","urlTemplate":"https:\/\/www.padreeustaquio.com.br\/?s={search_term_string}"},"query-input":{"@type":"PropertyValueSpecification","valueRequired":true,"valueName":"search_term_string"}}],"inLanguage":"en-US"},{"@type":"Organization","@id":"https:\/\/www.padreeustaquio.com.br\/#organization","name":"FATHER EUST\u00c1QUIO","url":"https:\/\/www.padreeustaquio.com.br\/","logo":{"@type":"ImageObject","inLanguage":"en-US","@id":"https:\/\/www.padreeustaquio.com.br\/#\/schema\/logo\/image\/","url":"https:\/\/www.padreeustaquio.com.br\/wp-content\/uploads\/2019\/08\/marca.png","contentUrl":"https:\/\/www.padreeustaquio.com.br\/wp-content\/uploads\/2019\/08\/marca.png","width":350,"height":400,"caption":"Padre Eust\u00e1quio"},"image":{"@id":"https:\/\/www.padreeustaquio.com.br\/#\/schema\/logo\/image\/"},"sameAs":["https:\/\/www.facebook.com\/beatopadreeustaquio\/","https:\/\/x.com\/beatopeustaquio","https:\/\/www.instagram.com\/beatopadreeustaquio\/","https:\/\/www.youtube.com\/channel\/UCRhw7vfabnajwLxb1ZXMeIw"]},{"@type":"Person","@id":"https:\/\/www.padreeustaquio.com.br\/#\/schema\/person\/a2a51db1d00f1a7af0204a0f1ddb1566","name":"@sscc","image":{"@type":"ImageObject","inLanguage":"en-US","@id":"https:\/\/secure.gravatar.com\/avatar\/68cfafa5f44617fea54071e215026e0ff06be366c3d54a8425f04fdcb86f8c5f?s=96&d=mm&r=g","url":"https:\/\/secure.gravatar.com\/avatar\/68cfafa5f44617fea54071e215026e0ff06be366c3d54a8425f04fdcb86f8c5f?s=96&d=mm&r=g","contentUrl":"https:\/\/secure.gravatar.com\/avatar\/68cfafa5f44617fea54071e215026e0ff06be366c3d54a8425f04fdcb86f8c5f?s=96&d=mm&r=g","caption":"@sscc"},"url":"https:\/\/www.padreeustaquio.com.br\/en\/author\/sscc\/"}]}},"_links":{"self":[{"href":"https:\/\/www.padreeustaquio.com.br\/en\/wp-json\/wp\/v2\/posts\/7972","targetHints":{"allow":["GET"]}}],"collection":[{"href":"https:\/\/www.padreeustaquio.com.br\/en\/wp-json\/wp\/v2\/posts"}],"about":[{"href":"https:\/\/www.padreeustaquio.com.br\/en\/wp-json\/wp\/v2\/types\/post"}],"author":[{"embeddable":true,"href":"https:\/\/www.padreeustaquio.com.br\/en\/wp-json\/wp\/v2\/users\/2"}],"replies":[{"embeddable":true,"href":"https:\/\/www.padreeustaquio.com.br\/en\/wp-json\/wp\/v2\/comments?post=7972"}],"version-history":[{"count":0,"href":"https:\/\/www.padreeustaquio.com.br\/en\/wp-json\/wp\/v2\/posts\/7972\/revisions"}],"wp:featuredmedia":[{"embeddable":true,"href":"https:\/\/www.padreeustaquio.com.br\/en\/wp-json\/wp\/v2\/media\/7973"}],"wp:attachment":[{"href":"https:\/\/www.padreeustaquio.com.br\/en\/wp-json\/wp\/v2\/media?parent=7972"}],"wp:term":[{"taxonomy":"category","embeddable":true,"href":"https:\/\/www.padreeustaquio.com.br\/en\/wp-json\/wp\/v2\/categories?post=7972"},{"taxonomy":"post_tag","embeddable":true,"href":"https:\/\/www.padreeustaquio.com.br\/en\/wp-json\/wp\/v2\/tags?post=7972"}],"curies":[{"name":"wp","href":"https:\/\/api.w.org\/{rel}","templated":true}]}}