{"id":7964,"date":"2022-01-21T06:20:00","date_gmt":"2022-01-21T09:20:00","guid":{"rendered":"https:\/\/www.padreeustaquio.com.br\/?p=7964"},"modified":"2022-01-20T14:58:22","modified_gmt":"2022-01-20T17:58:22","slug":"the-service-for-streaming-weddings-from-father-eustaquios-church-is-now-available","status":"publish","type":"post","link":"https:\/\/www.padreeustaquio.com.br\/en\/the-service-for-streaming-weddings-from-father-eustaquios-church-is-now-available\/","title":{"rendered":"Wedding streaming service at Padre Eust\u00e1quio Church is now available."},"content":{"rendered":"<p>Driven by the Coronavirus pandemic, church broadcasts have become very frequent in Brazil and around the world. And it&#039;s no wonder, as we&#039;ve seen that this type of service helps those who are unable to leave their homes or are in hospitals, and, most importantly, it brings those who are far apart closer together.<\/p>\n\n\n\n<p>The National Secretariat for the Cause of Canonization of Blessed Father Eust\u00e1quio, responsible for broadcasts at the Health and Peace Sanctuary, has decided to expand its work to also cater to private ceremonies such as weddings and baptisms held on the Sanctuary grounds.<\/p>\n\n\n\n<p>The idea is that the celebration or event can reach people who cannot be physically present, whether due to distance or being bedridden, for example. The service is provided by the National Secretariat for the Cause of Canonization using specific streaming equipment, in partnership with experienced professionals in the field of Communication. The link, restricted to those sent by the couple, is forwarded in advance and remains available after the ceremony ends. In addition, the couple also receives the complete content on a USB drive to keep among the mementos of the religious ceremony, thus eliminating the need for film crews.<\/p>\n\n\n\n<p>Are you getting married at the Health and Peace Sanctuary or do you know someone who will be holding their religious ceremony here? Then contact us to find out about the conditions of this service. Call (31) 3567-0314 or send a message via WhatsApp: (31) 99545-1943.<\/p>\n\n\n\n<p><\/p>","protected":false},"excerpt":{"rendered":"<p>Impulsionadas pela pandemia do Coronav\u00edrus, as transmiss\u00f5es feitas pelas igrejas se tornaram muito frequentes no Brasil e no mundo todo. Tamb\u00e9m n\u00e3o \u00e9 pra menos, vimos que este tipo de servi\u00e7o atende \u00e0queles que est\u00e3o impossibilitados de sair de casa ou est\u00e3o nos hospitais e, principalmente, aproxima os que est\u00e3o distantes. O Secretariado Nacional para a Causa de Canoniza\u00e7\u00e3o do Beato Padre Eust\u00e1quio, respons\u00e1vel pelas transmiss\u00f5es no Santu\u00e1rio Sa\u00fade e Paz, decidiu ampliar o trabalho e atender tamb\u00e9m \u00e0s cerim\u00f4nias particulares como casamentos, e batizados realizados nos espa\u00e7os do Santu\u00e1rio. A ideia \u00e9 que a celebra\u00e7\u00e3o ou evento possa chegar [&hellip;]<\/p>\n","protected":false},"author":2,"featured_media":7965,"comment_status":"open","ping_status":"closed","sticky":false,"template":"","format":"standard","meta":{"_acf_changed":false,"footnotes":""},"categories":[611],"tags":[],"class_list":["post-7964","post","type-post","status-publish","format-standard","has-post-thumbnail","hentry","category-noticias"],"acf":[],"yoast_head":"<!-- This site is optimized with the Yoast SEO plugin v27.2 - https:\/\/yoast.com\/product\/yoast-seo-wordpress\/ -->\n<title>Servi\u00e7o de transmiss\u00e3o de casamentos na Igreja do Padre Eust\u00e1quio j\u00e1 est\u00e1 dispon\u00edvel<\/title>\n<meta name=\"description\" content=\"O Secretariado Nacional para a Causa de Canoniza\u00e7\u00e3o do Beato Padre Eust\u00e1quio, respons\u00e1vel pelas transmiss\u00f5es no Santu\u00e1rio Sa\u00fade e Paz, decidiu ampliar o trabalho e atender tamb\u00e9m \u00e0s cerim\u00f4nias particulares como casamentos, e batizados realizados nos espa\u00e7os do Santu\u00e1rio.\" \/>\n<meta name=\"robots\" content=\"index, follow, max-snippet:-1, max-image-preview:large, max-video-preview:-1\" \/>\n<link rel=\"canonical\" href=\"https:\/\/www.padreeustaquio.com.br\/en\/the-service-for-streaming-weddings-from-father-eustaquios-church-is-now-available\/\" \/>\n<meta property=\"og:locale\" content=\"en_US\" \/>\n<meta property=\"og:type\" content=\"article\" \/>\n<meta property=\"og:title\" content=\"Servi\u00e7o de transmiss\u00e3o de casamentos na Igreja do Padre Eust\u00e1quio j\u00e1 est\u00e1 dispon\u00edvel\" \/>\n<meta property=\"og:description\" content=\"O Secretariado Nacional para a Causa de Canoniza\u00e7\u00e3o do Beato Padre Eust\u00e1quio, respons\u00e1vel pelas transmiss\u00f5es no Santu\u00e1rio Sa\u00fade e Paz, decidiu ampliar o trabalho e atender tamb\u00e9m \u00e0s cerim\u00f4nias particulares como casamentos, e batizados realizados nos espa\u00e7os do Santu\u00e1rio.\" \/>\n<meta property=\"og:url\" content=\"https:\/\/www.padreeustaquio.com.br\/en\/the-service-for-streaming-weddings-from-father-eustaquios-church-is-now-available\/\" \/>\n<meta property=\"og:site_name\" content=\"Padre Eust\u00e1quio\" \/>\n<meta property=\"article:publisher\" content=\"https:\/\/www.facebook.com\/beatopadreeustaquio\/\" \/>\n<meta property=\"article:published_time\" content=\"2022-01-21T09:20:00+00:00\" \/>\n<meta property=\"og:image\" content=\"https:\/\/www.padreeustaquio.com.br\/wp-content\/uploads\/2022\/01\/Casamento-Memorial.jpg\" \/>\n\t<meta property=\"og:image:width\" content=\"748\" \/>\n\t<meta property=\"og:image:height\" content=\"394\" \/>\n\t<meta property=\"og:image:type\" content=\"image\/jpeg\" \/>\n<meta name=\"author\" content=\"@sscc\" \/>\n<meta name=\"twitter:card\" content=\"summary_large_image\" \/>\n<meta name=\"twitter:creator\" content=\"@beatopeustaquio\" \/>\n<meta name=\"twitter:site\" content=\"@beatopeustaquio\" \/>\n<meta name=\"twitter:label1\" content=\"Written by\" \/>\n\t<meta name=\"twitter:data1\" content=\"@sscc\" \/>\n\t<meta name=\"twitter:label2\" content=\"Est. reading time\" \/>\n\t<meta name=\"twitter:data2\" content=\"2 minutes\" \/>\n<script type=\"application\/ld+json\" class=\"yoast-schema-graph\">{\"@context\":\"https:\/\/schema.org\",\"@graph\":[{\"@type\":\"Article\",\"@id\":\"https:\/\/www.padreeustaquio.com.br\/servico-de-transmissao-de-casamentos-na-igreja-do-padre-eustaquio-ja-esta-disponivel\/#article\",\"isPartOf\":{\"@id\":\"https:\/\/www.padreeustaquio.com.br\/servico-de-transmissao-de-casamentos-na-igreja-do-padre-eustaquio-ja-esta-disponivel\/\"},\"author\":{\"name\":\"@sscc\",\"@id\":\"https:\/\/www.padreeustaquio.com.br\/#\/schema\/person\/a2a51db1d00f1a7af0204a0f1ddb1566\"},\"headline\":\"Servi\u00e7o de transmiss\u00e3o de casamentos na Igreja do Padre Eust\u00e1quio j\u00e1 est\u00e1 dispon\u00edvel\",\"datePublished\":\"2022-01-21T09:20:00+00:00\",\"mainEntityOfPage\":{\"@id\":\"https:\/\/www.padreeustaquio.com.br\/servico-de-transmissao-de-casamentos-na-igreja-do-padre-eustaquio-ja-esta-disponivel\/\"},\"wordCount\":285,\"commentCount\":0,\"publisher\":{\"@id\":\"https:\/\/www.padreeustaquio.com.br\/#organization\"},\"image\":{\"@id\":\"https:\/\/www.padreeustaquio.com.br\/servico-de-transmissao-de-casamentos-na-igreja-do-padre-eustaquio-ja-esta-disponivel\/#primaryimage\"},\"thumbnailUrl\":\"https:\/\/www.padreeustaquio.com.br\/wp-content\/uploads\/2022\/01\/Casamento-Memorial.jpg\",\"articleSection\":[\"Not\u00edcias\"],\"inLanguage\":\"en-US\",\"potentialAction\":[{\"@type\":\"CommentAction\",\"name\":\"Comment\",\"target\":[\"https:\/\/www.padreeustaquio.com.br\/servico-de-transmissao-de-casamentos-na-igreja-do-padre-eustaquio-ja-esta-disponivel\/#respond\"]}]},{\"@type\":\"WebPage\",\"@id\":\"https:\/\/www.padreeustaquio.com.br\/servico-de-transmissao-de-casamentos-na-igreja-do-padre-eustaquio-ja-esta-disponivel\/\",\"url\":\"https:\/\/www.padreeustaquio.com.br\/servico-de-transmissao-de-casamentos-na-igreja-do-padre-eustaquio-ja-esta-disponivel\/\",\"name\":\"Servi\u00e7o de transmiss\u00e3o de casamentos na Igreja do Padre Eust\u00e1quio j\u00e1 est\u00e1 dispon\u00edvel\",\"isPartOf\":{\"@id\":\"https:\/\/www.padreeustaquio.com.br\/#website\"},\"primaryImageOfPage\":{\"@id\":\"https:\/\/www.padreeustaquio.com.br\/servico-de-transmissao-de-casamentos-na-igreja-do-padre-eustaquio-ja-esta-disponivel\/#primaryimage\"},\"image\":{\"@id\":\"https:\/\/www.padreeustaquio.com.br\/servico-de-transmissao-de-casamentos-na-igreja-do-padre-eustaquio-ja-esta-disponivel\/#primaryimage\"},\"thumbnailUrl\":\"https:\/\/www.padreeustaquio.com.br\/wp-content\/uploads\/2022\/01\/Casamento-Memorial.jpg\",\"datePublished\":\"2022-01-21T09:20:00+00:00\",\"description\":\"O Secretariado Nacional para a Causa de Canoniza\u00e7\u00e3o do Beato Padre Eust\u00e1quio, respons\u00e1vel pelas transmiss\u00f5es no Santu\u00e1rio Sa\u00fade e Paz, decidiu ampliar o trabalho e atender tamb\u00e9m \u00e0s cerim\u00f4nias particulares como casamentos, e batizados realizados nos espa\u00e7os do Santu\u00e1rio.\",\"breadcrumb\":{\"@id\":\"https:\/\/www.padreeustaquio.com.br\/servico-de-transmissao-de-casamentos-na-igreja-do-padre-eustaquio-ja-esta-disponivel\/#breadcrumb\"},\"inLanguage\":\"en-US\",\"potentialAction\":[{\"@type\":\"ReadAction\",\"target\":[\"https:\/\/www.padreeustaquio.com.br\/servico-de-transmissao-de-casamentos-na-igreja-do-padre-eustaquio-ja-esta-disponivel\/\"]}]},{\"@type\":\"ImageObject\",\"inLanguage\":\"en-US\",\"@id\":\"https:\/\/www.padreeustaquio.com.br\/servico-de-transmissao-de-casamentos-na-igreja-do-padre-eustaquio-ja-esta-disponivel\/#primaryimage\",\"url\":\"https:\/\/www.padreeustaquio.com.br\/wp-content\/uploads\/2022\/01\/Casamento-Memorial.jpg\",\"contentUrl\":\"https:\/\/www.padreeustaquio.com.br\/wp-content\/uploads\/2022\/01\/Casamento-Memorial.jpg\",\"width\":748,\"height\":394,\"caption\":\"Foto: Hugo L\u00e1zaro\"},{\"@type\":\"BreadcrumbList\",\"@id\":\"https:\/\/www.padreeustaquio.com.br\/servico-de-transmissao-de-casamentos-na-igreja-do-padre-eustaquio-ja-esta-disponivel\/#breadcrumb\",\"itemListElement\":[{\"@type\":\"ListItem\",\"position\":1,\"name\":\"In\u00edcio\",\"item\":\"https:\/\/www.padreeustaquio.com.br\/\"},{\"@type\":\"ListItem\",\"position\":2,\"name\":\"Servi\u00e7o de transmiss\u00e3o de casamentos na Igreja do Padre Eust\u00e1quio j\u00e1 est\u00e1 dispon\u00edvel\"}]},{\"@type\":\"WebSite\",\"@id\":\"https:\/\/www.padreeustaquio.com.br\/#website\",\"url\":\"https:\/\/www.padreeustaquio.com.br\/\",\"name\":\"Padre Eust\u00e1quio\",\"description\":\"Sa\u00fade e Paz\",\"publisher\":{\"@id\":\"https:\/\/www.padreeustaquio.com.br\/#organization\"},\"potentialAction\":[{\"@type\":\"SearchAction\",\"target\":{\"@type\":\"EntryPoint\",\"urlTemplate\":\"https:\/\/www.padreeustaquio.com.br\/?s={search_term_string}\"},\"query-input\":{\"@type\":\"PropertyValueSpecification\",\"valueRequired\":true,\"valueName\":\"search_term_string\"}}],\"inLanguage\":\"en-US\"},{\"@type\":\"Organization\",\"@id\":\"https:\/\/www.padreeustaquio.com.br\/#organization\",\"name\":\"Padre Eust\u00e1quio\",\"url\":\"https:\/\/www.padreeustaquio.com.br\/\",\"logo\":{\"@type\":\"ImageObject\",\"inLanguage\":\"en-US\",\"@id\":\"https:\/\/www.padreeustaquio.com.br\/#\/schema\/logo\/image\/\",\"url\":\"https:\/\/www.padreeustaquio.com.br\/wp-content\/uploads\/2019\/08\/marca.png\",\"contentUrl\":\"https:\/\/www.padreeustaquio.com.br\/wp-content\/uploads\/2019\/08\/marca.png\",\"width\":350,\"height\":400,\"caption\":\"Padre Eust\u00e1quio\"},\"image\":{\"@id\":\"https:\/\/www.padreeustaquio.com.br\/#\/schema\/logo\/image\/\"},\"sameAs\":[\"https:\/\/www.facebook.com\/beatopadreeustaquio\/\",\"https:\/\/x.com\/beatopeustaquio\",\"https:\/\/www.instagram.com\/beatopadreeustaquio\/\",\"https:\/\/www.youtube.com\/channel\/UCRhw7vfabnajwLxb1ZXMeIw\"]},{\"@type\":\"Person\",\"@id\":\"https:\/\/www.padreeustaquio.com.br\/#\/schema\/person\/a2a51db1d00f1a7af0204a0f1ddb1566\",\"name\":\"@sscc\",\"image\":{\"@type\":\"ImageObject\",\"inLanguage\":\"en-US\",\"@id\":\"https:\/\/secure.gravatar.com\/avatar\/68cfafa5f44617fea54071e215026e0ff06be366c3d54a8425f04fdcb86f8c5f?s=96&d=mm&r=g\",\"url\":\"https:\/\/secure.gravatar.com\/avatar\/68cfafa5f44617fea54071e215026e0ff06be366c3d54a8425f04fdcb86f8c5f?s=96&d=mm&r=g\",\"contentUrl\":\"https:\/\/secure.gravatar.com\/avatar\/68cfafa5f44617fea54071e215026e0ff06be366c3d54a8425f04fdcb86f8c5f?s=96&d=mm&r=g\",\"caption\":\"@sscc\"},\"url\":\"https:\/\/www.padreeustaquio.com.br\/en\/author\/sscc\/\"}]}<\/script>\n<!-- \/ Yoast SEO plugin. -->","yoast_head_json":{"title":"Wedding streaming service at Padre Eust\u00e1quio Church is now available.","description":"The National Secretariat for the Cause of Canonization of Blessed Father Eust\u00e1quio, responsible for broadcasts at the Health and Peace Sanctuary, has decided to expand its work to also cater to private ceremonies such as weddings and baptisms held on the Sanctuary grounds.","robots":{"index":"index","follow":"follow","max-snippet":"max-snippet:-1","max-image-preview":"max-image-preview:large","max-video-preview":"max-video-preview:-1"},"canonical":"https:\/\/www.padreeustaquio.com.br\/en\/the-service-for-streaming-weddings-from-father-eustaquios-church-is-now-available\/","og_locale":"en_US","og_type":"article","og_title":"Servi\u00e7o de transmiss\u00e3o de casamentos na Igreja do Padre Eust\u00e1quio j\u00e1 est\u00e1 dispon\u00edvel","og_description":"O Secretariado Nacional para a Causa de Canoniza\u00e7\u00e3o do Beato Padre Eust\u00e1quio, respons\u00e1vel pelas transmiss\u00f5es no Santu\u00e1rio Sa\u00fade e Paz, decidiu ampliar o trabalho e atender tamb\u00e9m \u00e0s cerim\u00f4nias particulares como casamentos, e batizados realizados nos espa\u00e7os do Santu\u00e1rio.","og_url":"https:\/\/www.padreeustaquio.com.br\/en\/the-service-for-streaming-weddings-from-father-eustaquios-church-is-now-available\/","og_site_name":"Padre Eust\u00e1quio","article_publisher":"https:\/\/www.facebook.com\/beatopadreeustaquio\/","article_published_time":"2022-01-21T09:20:00+00:00","og_image":[{"width":748,"height":394,"url":"https:\/\/www.padreeustaquio.com.br\/wp-content\/uploads\/2022\/01\/Casamento-Memorial.jpg","type":"image\/jpeg"}],"author":"@sscc","twitter_card":"summary_large_image","twitter_creator":"@beatopeustaquio","twitter_site":"@beatopeustaquio","twitter_misc":{"Written by":"@sscc","Est. reading time":"2 minutes"},"schema":{"@context":"https:\/\/schema.org","@graph":[{"@type":"Article","@id":"https:\/\/www.padreeustaquio.com.br\/servico-de-transmissao-de-casamentos-na-igreja-do-padre-eustaquio-ja-esta-disponivel\/#article","isPartOf":{"@id":"https:\/\/www.padreeustaquio.com.br\/servico-de-transmissao-de-casamentos-na-igreja-do-padre-eustaquio-ja-esta-disponivel\/"},"author":{"name":"@sscc","@id":"https:\/\/www.padreeustaquio.com.br\/#\/schema\/person\/a2a51db1d00f1a7af0204a0f1ddb1566"},"headline":"Servi\u00e7o de transmiss\u00e3o de casamentos na Igreja do Padre Eust\u00e1quio j\u00e1 est\u00e1 dispon\u00edvel","datePublished":"2022-01-21T09:20:00+00:00","mainEntityOfPage":{"@id":"https:\/\/www.padreeustaquio.com.br\/servico-de-transmissao-de-casamentos-na-igreja-do-padre-eustaquio-ja-esta-disponivel\/"},"wordCount":285,"commentCount":0,"publisher":{"@id":"https:\/\/www.padreeustaquio.com.br\/#organization"},"image":{"@id":"https:\/\/www.padreeustaquio.com.br\/servico-de-transmissao-de-casamentos-na-igreja-do-padre-eustaquio-ja-esta-disponivel\/#primaryimage"},"thumbnailUrl":"https:\/\/www.padreeustaquio.com.br\/wp-content\/uploads\/2022\/01\/Casamento-Memorial.jpg","articleSection":["Not\u00edcias"],"inLanguage":"en-US","potentialAction":[{"@type":"CommentAction","name":"Comment","target":["https:\/\/www.padreeustaquio.com.br\/servico-de-transmissao-de-casamentos-na-igreja-do-padre-eustaquio-ja-esta-disponivel\/#respond"]}]},{"@type":"WebPage","@id":"https:\/\/www.padreeustaquio.com.br\/servico-de-transmissao-de-casamentos-na-igreja-do-padre-eustaquio-ja-esta-disponivel\/","url":"https:\/\/www.padreeustaquio.com.br\/servico-de-transmissao-de-casamentos-na-igreja-do-padre-eustaquio-ja-esta-disponivel\/","name":"Wedding streaming service at Padre Eust\u00e1quio Church is now available.","isPartOf":{"@id":"https:\/\/www.padreeustaquio.com.br\/#website"},"primaryImageOfPage":{"@id":"https:\/\/www.padreeustaquio.com.br\/servico-de-transmissao-de-casamentos-na-igreja-do-padre-eustaquio-ja-esta-disponivel\/#primaryimage"},"image":{"@id":"https:\/\/www.padreeustaquio.com.br\/servico-de-transmissao-de-casamentos-na-igreja-do-padre-eustaquio-ja-esta-disponivel\/#primaryimage"},"thumbnailUrl":"https:\/\/www.padreeustaquio.com.br\/wp-content\/uploads\/2022\/01\/Casamento-Memorial.jpg","datePublished":"2022-01-21T09:20:00+00:00","description":"The National Secretariat for the Cause of Canonization of Blessed Father Eust\u00e1quio, responsible for broadcasts at the Health and Peace Sanctuary, has decided to expand its work to also cater to private ceremonies such as weddings and baptisms held on the Sanctuary grounds.","breadcrumb":{"@id":"https:\/\/www.padreeustaquio.com.br\/servico-de-transmissao-de-casamentos-na-igreja-do-padre-eustaquio-ja-esta-disponivel\/#breadcrumb"},"inLanguage":"en-US","potentialAction":[{"@type":"ReadAction","target":["https:\/\/www.padreeustaquio.com.br\/servico-de-transmissao-de-casamentos-na-igreja-do-padre-eustaquio-ja-esta-disponivel\/"]}]},{"@type":"ImageObject","inLanguage":"en-US","@id":"https:\/\/www.padreeustaquio.com.br\/servico-de-transmissao-de-casamentos-na-igreja-do-padre-eustaquio-ja-esta-disponivel\/#primaryimage","url":"https:\/\/www.padreeustaquio.com.br\/wp-content\/uploads\/2022\/01\/Casamento-Memorial.jpg","contentUrl":"https:\/\/www.padreeustaquio.com.br\/wp-content\/uploads\/2022\/01\/Casamento-Memorial.jpg","width":748,"height":394,"caption":"Foto: Hugo L\u00e1zaro"},{"@type":"BreadcrumbList","@id":"https:\/\/www.padreeustaquio.com.br\/servico-de-transmissao-de-casamentos-na-igreja-do-padre-eustaquio-ja-esta-disponivel\/#breadcrumb","itemListElement":[{"@type":"ListItem","position":1,"name":"In\u00edcio","item":"https:\/\/www.padreeustaquio.com.br\/"},{"@type":"ListItem","position":2,"name":"Servi\u00e7o de transmiss\u00e3o de casamentos na Igreja do Padre Eust\u00e1quio j\u00e1 est\u00e1 dispon\u00edvel"}]},{"@type":"WebSite","@id":"https:\/\/www.padreeustaquio.com.br\/#website","url":"https:\/\/www.padreeustaquio.com.br\/","name":"FATHER EUST\u00c1QUIO","description":"Health and Peace","publisher":{"@id":"https:\/\/www.padreeustaquio.com.br\/#organization"},"potentialAction":[{"@type":"SearchAction","target":{"@type":"EntryPoint","urlTemplate":"https:\/\/www.padreeustaquio.com.br\/?s={search_term_string}"},"query-input":{"@type":"PropertyValueSpecification","valueRequired":true,"valueName":"search_term_string"}}],"inLanguage":"en-US"},{"@type":"Organization","@id":"https:\/\/www.padreeustaquio.com.br\/#organization","name":"FATHER EUST\u00c1QUIO","url":"https:\/\/www.padreeustaquio.com.br\/","logo":{"@type":"ImageObject","inLanguage":"en-US","@id":"https:\/\/www.padreeustaquio.com.br\/#\/schema\/logo\/image\/","url":"https:\/\/www.padreeustaquio.com.br\/wp-content\/uploads\/2019\/08\/marca.png","contentUrl":"https:\/\/www.padreeustaquio.com.br\/wp-content\/uploads\/2019\/08\/marca.png","width":350,"height":400,"caption":"Padre Eust\u00e1quio"},"image":{"@id":"https:\/\/www.padreeustaquio.com.br\/#\/schema\/logo\/image\/"},"sameAs":["https:\/\/www.facebook.com\/beatopadreeustaquio\/","https:\/\/x.com\/beatopeustaquio","https:\/\/www.instagram.com\/beatopadreeustaquio\/","https:\/\/www.youtube.com\/channel\/UCRhw7vfabnajwLxb1ZXMeIw"]},{"@type":"Person","@id":"https:\/\/www.padreeustaquio.com.br\/#\/schema\/person\/a2a51db1d00f1a7af0204a0f1ddb1566","name":"@sscc","image":{"@type":"ImageObject","inLanguage":"en-US","@id":"https:\/\/secure.gravatar.com\/avatar\/68cfafa5f44617fea54071e215026e0ff06be366c3d54a8425f04fdcb86f8c5f?s=96&d=mm&r=g","url":"https:\/\/secure.gravatar.com\/avatar\/68cfafa5f44617fea54071e215026e0ff06be366c3d54a8425f04fdcb86f8c5f?s=96&d=mm&r=g","contentUrl":"https:\/\/secure.gravatar.com\/avatar\/68cfafa5f44617fea54071e215026e0ff06be366c3d54a8425f04fdcb86f8c5f?s=96&d=mm&r=g","caption":"@sscc"},"url":"https:\/\/www.padreeustaquio.com.br\/en\/author\/sscc\/"}]}},"_links":{"self":[{"href":"https:\/\/www.padreeustaquio.com.br\/en\/wp-json\/wp\/v2\/posts\/7964","targetHints":{"allow":["GET"]}}],"collection":[{"href":"https:\/\/www.padreeustaquio.com.br\/en\/wp-json\/wp\/v2\/posts"}],"about":[{"href":"https:\/\/www.padreeustaquio.com.br\/en\/wp-json\/wp\/v2\/types\/post"}],"author":[{"embeddable":true,"href":"https:\/\/www.padreeustaquio.com.br\/en\/wp-json\/wp\/v2\/users\/2"}],"replies":[{"embeddable":true,"href":"https:\/\/www.padreeustaquio.com.br\/en\/wp-json\/wp\/v2\/comments?post=7964"}],"version-history":[{"count":0,"href":"https:\/\/www.padreeustaquio.com.br\/en\/wp-json\/wp\/v2\/posts\/7964\/revisions"}],"wp:featuredmedia":[{"embeddable":true,"href":"https:\/\/www.padreeustaquio.com.br\/en\/wp-json\/wp\/v2\/media\/7965"}],"wp:attachment":[{"href":"https:\/\/www.padreeustaquio.com.br\/en\/wp-json\/wp\/v2\/media?parent=7964"}],"wp:term":[{"taxonomy":"category","embeddable":true,"href":"https:\/\/www.padreeustaquio.com.br\/en\/wp-json\/wp\/v2\/categories?post=7964"},{"taxonomy":"post_tag","embeddable":true,"href":"https:\/\/www.padreeustaquio.com.br\/en\/wp-json\/wp\/v2\/tags?post=7964"}],"curies":[{"name":"wp","href":"https:\/\/api.w.org\/{rel}","templated":true}]}}