{"id":7956,"date":"2022-01-20T06:23:00","date_gmt":"2022-01-20T09:23:00","guid":{"rendered":"https:\/\/www.padreeustaquio.com.br\/?p=7956"},"modified":"2022-01-18T19:54:07","modified_gmt":"2022-01-18T22:54:07","slug":"researchers-find-text-by-father-eustaquio-about-saint-sebastian","status":"publish","type":"post","link":"https:\/\/www.padreeustaquio.com.br\/en\/researchers-find-text-by-father-eustaquio-about-saint-sebastian\/","title":{"rendered":"Researchers find text by Father Eust\u00e1quio about Saint Sebastian"},"content":{"rendered":"<p>Among the work of restoring and cataloging the objects, documents, and belongings of Father Eust\u00e1quio, researchers Leandro, Cybele, and Marcelino have found texts written by the Blessed in notebooks where he himself recorded his homilies and sermons. Recently, they found in notebook number 25, a passage where the priest speaks about the martyrdom of Saint Sebastian.<\/p>\n\n\n\n<p>In the text, Father Eust\u00e1quio also praises the courage of the soldier who did not deny Christ and encourages us to ask for the intercession of this holy man of God. Today, on the day dedicated to Saint Sebastian, we decided to publish this excerpt from the booklet, which you can read in full below:<\/p>\n\n\n\n<p><em>\u201c&quot;Saint Sebastian, being a soldier in the army, in the midst of a company, never denied Christianity. Doesn&#039;t Saint Sebastian deserve the honor of all Christianity? Saint Sebastian was not afraid to declare himself a Christian before the emperor, and neither flattery nor threats sought to abandon the law of Christ.&quot;. <\/em><\/p>\n\n\n\n<p><em>Saint Sebastian suffered the most cruel martyrdom, but nothing could shake the faith of this young Christian. Saint Sebastian, left for dead, revived after some time and recovered from his wounds. Far from fleeing the tyrant&#039;s gaze, he went to the same tyrant to declare himself a Christian and was martyred again until he died. <\/em><\/p>\n\n\n\n<p><em>We all venerate Saint Sebastian as our patron saint, as our intercessor before Almighty God, and we pray with great fervor: \u201cHoly Sebastian, Glorious Martyr, deliver us from the plague, from all contagious evil. Holy Sebastian, defender of the Church, may your patronage always protect us!\u201d<\/em> <\/p>\n\n\n\n<p>FATHER EUST\u00c1QUIO<\/p>\n\n\n\n<p><\/p>","protected":false},"excerpt":{"rendered":"<p>Entre os trabalhos de restauro e cataloga\u00e7\u00e3o dos objetos, documentos e pertences de Padre Eust\u00e1quio, os pesquisadores Leandro, Cybele e Marcelino t\u00eam encontrado textos escritos pelo Beato em cadernos onde ele mesmo anotava suas homilias e serm\u00f5es. Recentemente, eles acharam no caderno de n\u00famero 25, um trecho onde o sacerdote fala sobre o mart\u00edrio de S\u00e3o Sebasti\u00e3o. No texto, Padre Eust\u00e1quio tamb\u00e9m exalta a coragem do soldado que n\u00e3o negou a Cristo e nos incentiva a pedir a intercess\u00e3o deste homem santo de Deus. Hoje, no dia dedicado a S\u00e3o Sebasti\u00e3o, decidimos publicar este trecho do caderno, que voc\u00ea pode [&hellip;]<\/p>\n","protected":false},"author":2,"featured_media":7957,"comment_status":"open","ping_status":"closed","sticky":false,"template":"","format":"standard","meta":{"_acf_changed":false,"footnotes":""},"categories":[611],"tags":[],"class_list":["post-7956","post","type-post","status-publish","format-standard","has-post-thumbnail","hentry","category-noticias"],"acf":[],"yoast_head":"<!-- This site is optimized with the Yoast SEO plugin v27.2 - https:\/\/yoast.com\/product\/yoast-seo-wordpress\/ -->\n<title>Pesquisadores encontram texto de Padre Eust\u00e1quio sobre S\u00e3o Sebasti\u00e3o<\/title>\n<meta name=\"description\" content=\"Entre os trabalhos de restauro e cataloga\u00e7\u00e3o dos objetos, documentos e pertences de Padre Eust\u00e1quio, os pesquisadores encontraram, num dos cadernos do Beato, um trecho onde o sacerdote fala sobre o mart\u00edrio de S\u00e3o Sebasti\u00e3o. Confira!\" \/>\n<meta name=\"robots\" content=\"index, follow, max-snippet:-1, max-image-preview:large, max-video-preview:-1\" \/>\n<link rel=\"canonical\" href=\"https:\/\/www.padreeustaquio.com.br\/en\/researchers-find-text-by-father-eustaquio-about-saint-sebastian\/\" \/>\n<meta property=\"og:locale\" content=\"en_US\" \/>\n<meta property=\"og:type\" content=\"article\" \/>\n<meta property=\"og:title\" content=\"Pesquisadores encontram texto de Padre Eust\u00e1quio sobre S\u00e3o Sebasti\u00e3o\" \/>\n<meta property=\"og:description\" content=\"Entre os trabalhos de restauro e cataloga\u00e7\u00e3o dos objetos, documentos e pertences de Padre Eust\u00e1quio, os pesquisadores encontraram, num dos cadernos do Beato, um trecho onde o sacerdote fala sobre o mart\u00edrio de S\u00e3o Sebasti\u00e3o. Confira!\" \/>\n<meta property=\"og:url\" content=\"https:\/\/www.padreeustaquio.com.br\/en\/researchers-find-text-by-father-eustaquio-about-saint-sebastian\/\" \/>\n<meta property=\"og:site_name\" content=\"Padre Eust\u00e1quio\" \/>\n<meta property=\"article:publisher\" content=\"https:\/\/www.facebook.com\/beatopadreeustaquio\/\" \/>\n<meta property=\"article:published_time\" content=\"2022-01-20T09:23:00+00:00\" \/>\n<meta property=\"og:image\" content=\"https:\/\/www.padreeustaquio.com.br\/wp-content\/uploads\/2022\/01\/SAO-SEBASTIAO.jpg\" \/>\n\t<meta property=\"og:image:width\" content=\"748\" \/>\n\t<meta property=\"og:image:height\" content=\"394\" \/>\n\t<meta property=\"og:image:type\" content=\"image\/jpeg\" \/>\n<meta name=\"author\" content=\"@sscc\" \/>\n<meta name=\"twitter:card\" content=\"summary_large_image\" \/>\n<meta name=\"twitter:creator\" content=\"@beatopeustaquio\" \/>\n<meta name=\"twitter:site\" content=\"@beatopeustaquio\" \/>\n<meta name=\"twitter:label1\" content=\"Written by\" \/>\n\t<meta name=\"twitter:data1\" content=\"@sscc\" \/>\n\t<meta name=\"twitter:label2\" content=\"Est. reading time\" \/>\n\t<meta name=\"twitter:data2\" content=\"2 minutes\" \/>\n<script type=\"application\/ld+json\" class=\"yoast-schema-graph\">{\"@context\":\"https:\/\/schema.org\",\"@graph\":[{\"@type\":\"Article\",\"@id\":\"https:\/\/www.padreeustaquio.com.br\/pesquisadores-encontram-texto-de-padre-eustaquio-sobre-sao-sebastiao\/#article\",\"isPartOf\":{\"@id\":\"https:\/\/www.padreeustaquio.com.br\/pesquisadores-encontram-texto-de-padre-eustaquio-sobre-sao-sebastiao\/\"},\"author\":{\"name\":\"@sscc\",\"@id\":\"https:\/\/www.padreeustaquio.com.br\/#\/schema\/person\/a2a51db1d00f1a7af0204a0f1ddb1566\"},\"headline\":\"Pesquisadores encontram texto de Padre Eust\u00e1quio sobre S\u00e3o Sebasti\u00e3o\",\"datePublished\":\"2022-01-20T09:23:00+00:00\",\"mainEntityOfPage\":{\"@id\":\"https:\/\/www.padreeustaquio.com.br\/pesquisadores-encontram-texto-de-padre-eustaquio-sobre-sao-sebastiao\/\"},\"wordCount\":306,\"commentCount\":0,\"publisher\":{\"@id\":\"https:\/\/www.padreeustaquio.com.br\/#organization\"},\"image\":{\"@id\":\"https:\/\/www.padreeustaquio.com.br\/pesquisadores-encontram-texto-de-padre-eustaquio-sobre-sao-sebastiao\/#primaryimage\"},\"thumbnailUrl\":\"https:\/\/www.padreeustaquio.com.br\/wp-content\/uploads\/2022\/01\/SAO-SEBASTIAO.jpg\",\"articleSection\":[\"Not\u00edcias\"],\"inLanguage\":\"en-US\",\"potentialAction\":[{\"@type\":\"CommentAction\",\"name\":\"Comment\",\"target\":[\"https:\/\/www.padreeustaquio.com.br\/pesquisadores-encontram-texto-de-padre-eustaquio-sobre-sao-sebastiao\/#respond\"]}]},{\"@type\":\"WebPage\",\"@id\":\"https:\/\/www.padreeustaquio.com.br\/pesquisadores-encontram-texto-de-padre-eustaquio-sobre-sao-sebastiao\/\",\"url\":\"https:\/\/www.padreeustaquio.com.br\/pesquisadores-encontram-texto-de-padre-eustaquio-sobre-sao-sebastiao\/\",\"name\":\"Pesquisadores encontram texto de Padre Eust\u00e1quio sobre S\u00e3o Sebasti\u00e3o\",\"isPartOf\":{\"@id\":\"https:\/\/www.padreeustaquio.com.br\/#website\"},\"primaryImageOfPage\":{\"@id\":\"https:\/\/www.padreeustaquio.com.br\/pesquisadores-encontram-texto-de-padre-eustaquio-sobre-sao-sebastiao\/#primaryimage\"},\"image\":{\"@id\":\"https:\/\/www.padreeustaquio.com.br\/pesquisadores-encontram-texto-de-padre-eustaquio-sobre-sao-sebastiao\/#primaryimage\"},\"thumbnailUrl\":\"https:\/\/www.padreeustaquio.com.br\/wp-content\/uploads\/2022\/01\/SAO-SEBASTIAO.jpg\",\"datePublished\":\"2022-01-20T09:23:00+00:00\",\"description\":\"Entre os trabalhos de restauro e cataloga\u00e7\u00e3o dos objetos, documentos e pertences de Padre Eust\u00e1quio, os pesquisadores encontraram, num dos cadernos do Beato, um trecho onde o sacerdote fala sobre o mart\u00edrio de S\u00e3o Sebasti\u00e3o. Confira!\",\"breadcrumb\":{\"@id\":\"https:\/\/www.padreeustaquio.com.br\/pesquisadores-encontram-texto-de-padre-eustaquio-sobre-sao-sebastiao\/#breadcrumb\"},\"inLanguage\":\"en-US\",\"potentialAction\":[{\"@type\":\"ReadAction\",\"target\":[\"https:\/\/www.padreeustaquio.com.br\/pesquisadores-encontram-texto-de-padre-eustaquio-sobre-sao-sebastiao\/\"]}]},{\"@type\":\"ImageObject\",\"inLanguage\":\"en-US\",\"@id\":\"https:\/\/www.padreeustaquio.com.br\/pesquisadores-encontram-texto-de-padre-eustaquio-sobre-sao-sebastiao\/#primaryimage\",\"url\":\"https:\/\/www.padreeustaquio.com.br\/wp-content\/uploads\/2022\/01\/SAO-SEBASTIAO.jpg\",\"contentUrl\":\"https:\/\/www.padreeustaquio.com.br\/wp-content\/uploads\/2022\/01\/SAO-SEBASTIAO.jpg\",\"width\":748,\"height\":394},{\"@type\":\"BreadcrumbList\",\"@id\":\"https:\/\/www.padreeustaquio.com.br\/pesquisadores-encontram-texto-de-padre-eustaquio-sobre-sao-sebastiao\/#breadcrumb\",\"itemListElement\":[{\"@type\":\"ListItem\",\"position\":1,\"name\":\"In\u00edcio\",\"item\":\"https:\/\/www.padreeustaquio.com.br\/\"},{\"@type\":\"ListItem\",\"position\":2,\"name\":\"Pesquisadores encontram texto de Padre Eust\u00e1quio sobre S\u00e3o Sebasti\u00e3o\"}]},{\"@type\":\"WebSite\",\"@id\":\"https:\/\/www.padreeustaquio.com.br\/#website\",\"url\":\"https:\/\/www.padreeustaquio.com.br\/\",\"name\":\"Padre Eust\u00e1quio\",\"description\":\"Sa\u00fade e Paz\",\"publisher\":{\"@id\":\"https:\/\/www.padreeustaquio.com.br\/#organization\"},\"potentialAction\":[{\"@type\":\"SearchAction\",\"target\":{\"@type\":\"EntryPoint\",\"urlTemplate\":\"https:\/\/www.padreeustaquio.com.br\/?s={search_term_string}\"},\"query-input\":{\"@type\":\"PropertyValueSpecification\",\"valueRequired\":true,\"valueName\":\"search_term_string\"}}],\"inLanguage\":\"en-US\"},{\"@type\":\"Organization\",\"@id\":\"https:\/\/www.padreeustaquio.com.br\/#organization\",\"name\":\"Padre Eust\u00e1quio\",\"url\":\"https:\/\/www.padreeustaquio.com.br\/\",\"logo\":{\"@type\":\"ImageObject\",\"inLanguage\":\"en-US\",\"@id\":\"https:\/\/www.padreeustaquio.com.br\/#\/schema\/logo\/image\/\",\"url\":\"https:\/\/www.padreeustaquio.com.br\/wp-content\/uploads\/2019\/08\/marca.png\",\"contentUrl\":\"https:\/\/www.padreeustaquio.com.br\/wp-content\/uploads\/2019\/08\/marca.png\",\"width\":350,\"height\":400,\"caption\":\"Padre Eust\u00e1quio\"},\"image\":{\"@id\":\"https:\/\/www.padreeustaquio.com.br\/#\/schema\/logo\/image\/\"},\"sameAs\":[\"https:\/\/www.facebook.com\/beatopadreeustaquio\/\",\"https:\/\/x.com\/beatopeustaquio\",\"https:\/\/www.instagram.com\/beatopadreeustaquio\/\",\"https:\/\/www.youtube.com\/channel\/UCRhw7vfabnajwLxb1ZXMeIw\"]},{\"@type\":\"Person\",\"@id\":\"https:\/\/www.padreeustaquio.com.br\/#\/schema\/person\/a2a51db1d00f1a7af0204a0f1ddb1566\",\"name\":\"@sscc\",\"image\":{\"@type\":\"ImageObject\",\"inLanguage\":\"en-US\",\"@id\":\"https:\/\/secure.gravatar.com\/avatar\/68cfafa5f44617fea54071e215026e0ff06be366c3d54a8425f04fdcb86f8c5f?s=96&d=mm&r=g\",\"url\":\"https:\/\/secure.gravatar.com\/avatar\/68cfafa5f44617fea54071e215026e0ff06be366c3d54a8425f04fdcb86f8c5f?s=96&d=mm&r=g\",\"contentUrl\":\"https:\/\/secure.gravatar.com\/avatar\/68cfafa5f44617fea54071e215026e0ff06be366c3d54a8425f04fdcb86f8c5f?s=96&d=mm&r=g\",\"caption\":\"@sscc\"},\"url\":\"https:\/\/www.padreeustaquio.com.br\/en\/author\/sscc\/\"}]}<\/script>\n<!-- \/ Yoast SEO plugin. -->","yoast_head_json":{"title":"Researchers find text by Father Eust\u00e1quio about Saint Sebastian","description":"Among the restoration and cataloging work on the objects, documents, and belongings of Father Eust\u00e1quio, researchers found, in one of the Blessed&#039;s notebooks, a passage where the priest speaks about the martyrdom of Saint Sebastian. Check it out!","robots":{"index":"index","follow":"follow","max-snippet":"max-snippet:-1","max-image-preview":"max-image-preview:large","max-video-preview":"max-video-preview:-1"},"canonical":"https:\/\/www.padreeustaquio.com.br\/en\/researchers-find-text-by-father-eustaquio-about-saint-sebastian\/","og_locale":"en_US","og_type":"article","og_title":"Pesquisadores encontram texto de Padre Eust\u00e1quio sobre S\u00e3o Sebasti\u00e3o","og_description":"Entre os trabalhos de restauro e cataloga\u00e7\u00e3o dos objetos, documentos e pertences de Padre Eust\u00e1quio, os pesquisadores encontraram, num dos cadernos do Beato, um trecho onde o sacerdote fala sobre o mart\u00edrio de S\u00e3o Sebasti\u00e3o. Confira!","og_url":"https:\/\/www.padreeustaquio.com.br\/en\/researchers-find-text-by-father-eustaquio-about-saint-sebastian\/","og_site_name":"Padre Eust\u00e1quio","article_publisher":"https:\/\/www.facebook.com\/beatopadreeustaquio\/","article_published_time":"2022-01-20T09:23:00+00:00","og_image":[{"width":748,"height":394,"url":"https:\/\/www.padreeustaquio.com.br\/wp-content\/uploads\/2022\/01\/SAO-SEBASTIAO.jpg","type":"image\/jpeg"}],"author":"@sscc","twitter_card":"summary_large_image","twitter_creator":"@beatopeustaquio","twitter_site":"@beatopeustaquio","twitter_misc":{"Written by":"@sscc","Est. reading time":"2 minutes"},"schema":{"@context":"https:\/\/schema.org","@graph":[{"@type":"Article","@id":"https:\/\/www.padreeustaquio.com.br\/pesquisadores-encontram-texto-de-padre-eustaquio-sobre-sao-sebastiao\/#article","isPartOf":{"@id":"https:\/\/www.padreeustaquio.com.br\/pesquisadores-encontram-texto-de-padre-eustaquio-sobre-sao-sebastiao\/"},"author":{"name":"@sscc","@id":"https:\/\/www.padreeustaquio.com.br\/#\/schema\/person\/a2a51db1d00f1a7af0204a0f1ddb1566"},"headline":"Pesquisadores encontram texto de Padre Eust\u00e1quio sobre S\u00e3o Sebasti\u00e3o","datePublished":"2022-01-20T09:23:00+00:00","mainEntityOfPage":{"@id":"https:\/\/www.padreeustaquio.com.br\/pesquisadores-encontram-texto-de-padre-eustaquio-sobre-sao-sebastiao\/"},"wordCount":306,"commentCount":0,"publisher":{"@id":"https:\/\/www.padreeustaquio.com.br\/#organization"},"image":{"@id":"https:\/\/www.padreeustaquio.com.br\/pesquisadores-encontram-texto-de-padre-eustaquio-sobre-sao-sebastiao\/#primaryimage"},"thumbnailUrl":"https:\/\/www.padreeustaquio.com.br\/wp-content\/uploads\/2022\/01\/SAO-SEBASTIAO.jpg","articleSection":["Not\u00edcias"],"inLanguage":"en-US","potentialAction":[{"@type":"CommentAction","name":"Comment","target":["https:\/\/www.padreeustaquio.com.br\/pesquisadores-encontram-texto-de-padre-eustaquio-sobre-sao-sebastiao\/#respond"]}]},{"@type":"WebPage","@id":"https:\/\/www.padreeustaquio.com.br\/pesquisadores-encontram-texto-de-padre-eustaquio-sobre-sao-sebastiao\/","url":"https:\/\/www.padreeustaquio.com.br\/pesquisadores-encontram-texto-de-padre-eustaquio-sobre-sao-sebastiao\/","name":"Researchers find text by Father Eust\u00e1quio about Saint Sebastian","isPartOf":{"@id":"https:\/\/www.padreeustaquio.com.br\/#website"},"primaryImageOfPage":{"@id":"https:\/\/www.padreeustaquio.com.br\/pesquisadores-encontram-texto-de-padre-eustaquio-sobre-sao-sebastiao\/#primaryimage"},"image":{"@id":"https:\/\/www.padreeustaquio.com.br\/pesquisadores-encontram-texto-de-padre-eustaquio-sobre-sao-sebastiao\/#primaryimage"},"thumbnailUrl":"https:\/\/www.padreeustaquio.com.br\/wp-content\/uploads\/2022\/01\/SAO-SEBASTIAO.jpg","datePublished":"2022-01-20T09:23:00+00:00","description":"Among the restoration and cataloging work on the objects, documents, and belongings of Father Eust\u00e1quio, researchers found, in one of the Blessed&#039;s notebooks, a passage where the priest speaks about the martyrdom of Saint Sebastian. Check it out!","breadcrumb":{"@id":"https:\/\/www.padreeustaquio.com.br\/pesquisadores-encontram-texto-de-padre-eustaquio-sobre-sao-sebastiao\/#breadcrumb"},"inLanguage":"en-US","potentialAction":[{"@type":"ReadAction","target":["https:\/\/www.padreeustaquio.com.br\/pesquisadores-encontram-texto-de-padre-eustaquio-sobre-sao-sebastiao\/"]}]},{"@type":"ImageObject","inLanguage":"en-US","@id":"https:\/\/www.padreeustaquio.com.br\/pesquisadores-encontram-texto-de-padre-eustaquio-sobre-sao-sebastiao\/#primaryimage","url":"https:\/\/www.padreeustaquio.com.br\/wp-content\/uploads\/2022\/01\/SAO-SEBASTIAO.jpg","contentUrl":"https:\/\/www.padreeustaquio.com.br\/wp-content\/uploads\/2022\/01\/SAO-SEBASTIAO.jpg","width":748,"height":394},{"@type":"BreadcrumbList","@id":"https:\/\/www.padreeustaquio.com.br\/pesquisadores-encontram-texto-de-padre-eustaquio-sobre-sao-sebastiao\/#breadcrumb","itemListElement":[{"@type":"ListItem","position":1,"name":"In\u00edcio","item":"https:\/\/www.padreeustaquio.com.br\/"},{"@type":"ListItem","position":2,"name":"Pesquisadores encontram texto de Padre Eust\u00e1quio sobre S\u00e3o Sebasti\u00e3o"}]},{"@type":"WebSite","@id":"https:\/\/www.padreeustaquio.com.br\/#website","url":"https:\/\/www.padreeustaquio.com.br\/","name":"FATHER EUST\u00c1QUIO","description":"Health and Peace","publisher":{"@id":"https:\/\/www.padreeustaquio.com.br\/#organization"},"potentialAction":[{"@type":"SearchAction","target":{"@type":"EntryPoint","urlTemplate":"https:\/\/www.padreeustaquio.com.br\/?s={search_term_string}"},"query-input":{"@type":"PropertyValueSpecification","valueRequired":true,"valueName":"search_term_string"}}],"inLanguage":"en-US"},{"@type":"Organization","@id":"https:\/\/www.padreeustaquio.com.br\/#organization","name":"FATHER EUST\u00c1QUIO","url":"https:\/\/www.padreeustaquio.com.br\/","logo":{"@type":"ImageObject","inLanguage":"en-US","@id":"https:\/\/www.padreeustaquio.com.br\/#\/schema\/logo\/image\/","url":"https:\/\/www.padreeustaquio.com.br\/wp-content\/uploads\/2019\/08\/marca.png","contentUrl":"https:\/\/www.padreeustaquio.com.br\/wp-content\/uploads\/2019\/08\/marca.png","width":350,"height":400,"caption":"Padre Eust\u00e1quio"},"image":{"@id":"https:\/\/www.padreeustaquio.com.br\/#\/schema\/logo\/image\/"},"sameAs":["https:\/\/www.facebook.com\/beatopadreeustaquio\/","https:\/\/x.com\/beatopeustaquio","https:\/\/www.instagram.com\/beatopadreeustaquio\/","https:\/\/www.youtube.com\/channel\/UCRhw7vfabnajwLxb1ZXMeIw"]},{"@type":"Person","@id":"https:\/\/www.padreeustaquio.com.br\/#\/schema\/person\/a2a51db1d00f1a7af0204a0f1ddb1566","name":"@sscc","image":{"@type":"ImageObject","inLanguage":"en-US","@id":"https:\/\/secure.gravatar.com\/avatar\/68cfafa5f44617fea54071e215026e0ff06be366c3d54a8425f04fdcb86f8c5f?s=96&d=mm&r=g","url":"https:\/\/secure.gravatar.com\/avatar\/68cfafa5f44617fea54071e215026e0ff06be366c3d54a8425f04fdcb86f8c5f?s=96&d=mm&r=g","contentUrl":"https:\/\/secure.gravatar.com\/avatar\/68cfafa5f44617fea54071e215026e0ff06be366c3d54a8425f04fdcb86f8c5f?s=96&d=mm&r=g","caption":"@sscc"},"url":"https:\/\/www.padreeustaquio.com.br\/en\/author\/sscc\/"}]}},"_links":{"self":[{"href":"https:\/\/www.padreeustaquio.com.br\/en\/wp-json\/wp\/v2\/posts\/7956","targetHints":{"allow":["GET"]}}],"collection":[{"href":"https:\/\/www.padreeustaquio.com.br\/en\/wp-json\/wp\/v2\/posts"}],"about":[{"href":"https:\/\/www.padreeustaquio.com.br\/en\/wp-json\/wp\/v2\/types\/post"}],"author":[{"embeddable":true,"href":"https:\/\/www.padreeustaquio.com.br\/en\/wp-json\/wp\/v2\/users\/2"}],"replies":[{"embeddable":true,"href":"https:\/\/www.padreeustaquio.com.br\/en\/wp-json\/wp\/v2\/comments?post=7956"}],"version-history":[{"count":0,"href":"https:\/\/www.padreeustaquio.com.br\/en\/wp-json\/wp\/v2\/posts\/7956\/revisions"}],"wp:featuredmedia":[{"embeddable":true,"href":"https:\/\/www.padreeustaquio.com.br\/en\/wp-json\/wp\/v2\/media\/7957"}],"wp:attachment":[{"href":"https:\/\/www.padreeustaquio.com.br\/en\/wp-json\/wp\/v2\/media?parent=7956"}],"wp:term":[{"taxonomy":"category","embeddable":true,"href":"https:\/\/www.padreeustaquio.com.br\/en\/wp-json\/wp\/v2\/categories?post=7956"},{"taxonomy":"post_tag","embeddable":true,"href":"https:\/\/www.padreeustaquio.com.br\/en\/wp-json\/wp\/v2\/tags?post=7956"}],"curies":[{"name":"wp","href":"https:\/\/api.w.org\/{rel}","templated":true}]}}