{"id":7944,"date":"2022-01-18T11:52:46","date_gmt":"2022-01-18T14:52:46","guid":{"rendered":"https:\/\/www.padreeustaquio.com.br\/?p=7944"},"modified":"2022-01-18T11:57:25","modified_gmt":"2022-01-18T14:57:25","slug":"health-and-peace-sanctuary-collects-donations-for-victims-of-the-rains","status":"publish","type":"post","link":"https:\/\/www.padreeustaquio.com.br\/en\/health-and-peace-sanctuary-collects-donations-for-victims-of-the-rains\/","title":{"rendered":"Health and Peace Sanctuary collects donations for victims of the floods."},"content":{"rendered":"<p>Clothing, food, cleaning products, and personal hygiene items are being sent to the victims of the rains that have affected Minas Gerais in recent days. The donations were delivered by parishioners and devotees to the parish office after the Sanctuary launched a campaign.<\/p>\n\n\n\n<p>The heavy rains that fell in Minas Gerais at the beginning of the year caused floods and landslides in various parts of the state. In light of the suffering of our brothers and sisters, the parish community of the Sacred Hearts in Belo Horizonte united and launched a campaign, through masses and on the Sanctuary&#039;s social media, to collect donations. In the same week the campaign began, hundreds of donations arrived at the church and were sorted to be taken to the affected areas.<\/p>\n\n\n\n<p>A large portion of the food, clothing, hygiene and cleaning supplies was taken by parish staff to the Funil community in the city of M\u00e1rio Campos. There, the Paraopeba River overflowed, flooding homes and leaving people homeless. The Sanctuary also received monetary donations. This amount was used to purchase basic food baskets and other products that were delivered to other affected communities, mainly those in Ara\u00e7ua\u00ed, in the northeastern region of Minas Gerais.<\/p>\n\n\n\n<p>The fundraising campaign is part of the Solidarity Network of the Archdiocese of Belo Horizonte. If you still have any donations to make, they can be delivered to the Parish Secretariat of the Sanctuary of Health and Peace in Belo Horizonte, Minas Gerais. Office hours are Monday to Friday, from 7:30 am to 6:00 pm. On Saturdays and Sundays, from 8:00 am to 11:30 am. Donations can also be delivered during Mass celebrations at the Sanctuary. <\/p>\n\n\n\n<p><\/p>","protected":false},"excerpt":{"rendered":"<p>Roupas, alimentos, produtos de limpeza e higiene pessoal est\u00e3o sendo enviados \u00e0s v\u00edtimas das chuvas que t\u00eam afetado Minas Gerais nos \u00faltimos dias. Os donativos foram entregues por paroquianos e devotos na secretaria paroquial depois que o Santu\u00e1rio fez uma campanha. As fortes chuvas que ca\u00edram em Minas Gerais no in\u00edcio do ano, provocaram inunda\u00e7\u00f5es e deslizamentos de terra em v\u00e1rias partes do estado. Tendo em vista o sofrimento dos irm\u00e3os, a comunidade paroquial dos Sagrados Cora\u00e7\u00f5es em Belo Horizonte se uniu e fez uma campanha, nas missas e nas redes sociais do Santu\u00e1rio, para arrecadar doa\u00e7\u00f5es. Na mesma semana [&hellip;]<\/p>\n","protected":false},"author":2,"featured_media":7945,"comment_status":"open","ping_status":"closed","sticky":false,"template":"","format":"standard","meta":{"_acf_changed":false,"footnotes":""},"categories":[611],"tags":[],"class_list":["post-7944","post","type-post","status-publish","format-standard","has-post-thumbnail","hentry","category-noticias"],"acf":[],"yoast_head":"<!-- This site is optimized with the Yoast SEO plugin v27.2 - https:\/\/yoast.com\/product\/yoast-seo-wordpress\/ -->\n<title>Santu\u00e1rio Sa\u00fade e Paz arrecada donativos para v\u00edtimas das chuvas<\/title>\n<meta name=\"description\" content=\"Roupas, alimentos, produtos de limpeza e higiene pessoal est\u00e3o sendo enviados \u00e0s v\u00edtimas das chuvas que t\u00eam afetado Minas Gerais nos \u00faltimos dias. Os donativos foram entregues por paroquianos e devotos na secretaria paroquial depois que o Santu\u00e1rio fez uma campanha.\" \/>\n<meta name=\"robots\" content=\"index, follow, max-snippet:-1, max-image-preview:large, max-video-preview:-1\" \/>\n<link rel=\"canonical\" href=\"https:\/\/www.padreeustaquio.com.br\/en\/health-and-peace-sanctuary-collects-donations-for-victims-of-the-rains\/\" \/>\n<meta property=\"og:locale\" content=\"en_US\" \/>\n<meta property=\"og:type\" content=\"article\" \/>\n<meta property=\"og:title\" content=\"Santu\u00e1rio Sa\u00fade e Paz arrecada donativos para v\u00edtimas das chuvas\" \/>\n<meta property=\"og:description\" content=\"Roupas, alimentos, produtos de limpeza e higiene pessoal est\u00e3o sendo enviados \u00e0s v\u00edtimas das chuvas que t\u00eam afetado Minas Gerais nos \u00faltimos dias. Os donativos foram entregues por paroquianos e devotos na secretaria paroquial depois que o Santu\u00e1rio fez uma campanha.\" \/>\n<meta property=\"og:url\" content=\"https:\/\/www.padreeustaquio.com.br\/en\/health-and-peace-sanctuary-collects-donations-for-victims-of-the-rains\/\" \/>\n<meta property=\"og:site_name\" content=\"Padre Eust\u00e1quio\" \/>\n<meta property=\"article:publisher\" content=\"https:\/\/www.facebook.com\/beatopadreeustaquio\/\" \/>\n<meta property=\"article:published_time\" content=\"2022-01-18T14:52:46+00:00\" \/>\n<meta property=\"article:modified_time\" content=\"2022-01-18T14:57:25+00:00\" \/>\n<meta property=\"og:image\" content=\"https:\/\/www.padreeustaquio.com.br\/wp-content\/uploads\/2022\/01\/WhatsApp-Image-2022-01-18-at-11.32.30.jpeg\" \/>\n\t<meta property=\"og:image:width\" content=\"1600\" \/>\n\t<meta property=\"og:image:height\" content=\"1200\" \/>\n\t<meta property=\"og:image:type\" content=\"image\/jpeg\" \/>\n<meta name=\"author\" content=\"@sscc\" \/>\n<meta name=\"twitter:card\" content=\"summary_large_image\" \/>\n<meta name=\"twitter:creator\" content=\"@beatopeustaquio\" \/>\n<meta name=\"twitter:site\" content=\"@beatopeustaquio\" \/>\n<meta name=\"twitter:label1\" content=\"Written by\" \/>\n\t<meta name=\"twitter:data1\" content=\"@sscc\" \/>\n\t<meta name=\"twitter:label2\" content=\"Est. reading time\" \/>\n\t<meta name=\"twitter:data2\" content=\"2 minutes\" \/>\n<script type=\"application\/ld+json\" class=\"yoast-schema-graph\">{\"@context\":\"https:\/\/schema.org\",\"@graph\":[{\"@type\":\"Article\",\"@id\":\"https:\/\/www.padreeustaquio.com.br\/santuario-saude-e-paz-arrecada-donativos-para-vitimas-das-chuvas\/#article\",\"isPartOf\":{\"@id\":\"https:\/\/www.padreeustaquio.com.br\/santuario-saude-e-paz-arrecada-donativos-para-vitimas-das-chuvas\/\"},\"author\":{\"name\":\"@sscc\",\"@id\":\"https:\/\/www.padreeustaquio.com.br\/#\/schema\/person\/a2a51db1d00f1a7af0204a0f1ddb1566\"},\"headline\":\"Santu\u00e1rio Sa\u00fade e Paz arrecada donativos para v\u00edtimas das chuvas\",\"datePublished\":\"2022-01-18T14:52:46+00:00\",\"dateModified\":\"2022-01-18T14:57:25+00:00\",\"mainEntityOfPage\":{\"@id\":\"https:\/\/www.padreeustaquio.com.br\/santuario-saude-e-paz-arrecada-donativos-para-vitimas-das-chuvas\/\"},\"wordCount\":302,\"commentCount\":0,\"publisher\":{\"@id\":\"https:\/\/www.padreeustaquio.com.br\/#organization\"},\"image\":{\"@id\":\"https:\/\/www.padreeustaquio.com.br\/santuario-saude-e-paz-arrecada-donativos-para-vitimas-das-chuvas\/#primaryimage\"},\"thumbnailUrl\":\"https:\/\/www.padreeustaquio.com.br\/wp-content\/uploads\/2022\/01\/WhatsApp-Image-2022-01-18-at-11.32.30.jpeg\",\"articleSection\":[\"Not\u00edcias\"],\"inLanguage\":\"en-US\",\"potentialAction\":[{\"@type\":\"CommentAction\",\"name\":\"Comment\",\"target\":[\"https:\/\/www.padreeustaquio.com.br\/santuario-saude-e-paz-arrecada-donativos-para-vitimas-das-chuvas\/#respond\"]}]},{\"@type\":\"WebPage\",\"@id\":\"https:\/\/www.padreeustaquio.com.br\/santuario-saude-e-paz-arrecada-donativos-para-vitimas-das-chuvas\/\",\"url\":\"https:\/\/www.padreeustaquio.com.br\/santuario-saude-e-paz-arrecada-donativos-para-vitimas-das-chuvas\/\",\"name\":\"Santu\u00e1rio Sa\u00fade e Paz arrecada donativos para v\u00edtimas das chuvas\",\"isPartOf\":{\"@id\":\"https:\/\/www.padreeustaquio.com.br\/#website\"},\"primaryImageOfPage\":{\"@id\":\"https:\/\/www.padreeustaquio.com.br\/santuario-saude-e-paz-arrecada-donativos-para-vitimas-das-chuvas\/#primaryimage\"},\"image\":{\"@id\":\"https:\/\/www.padreeustaquio.com.br\/santuario-saude-e-paz-arrecada-donativos-para-vitimas-das-chuvas\/#primaryimage\"},\"thumbnailUrl\":\"https:\/\/www.padreeustaquio.com.br\/wp-content\/uploads\/2022\/01\/WhatsApp-Image-2022-01-18-at-11.32.30.jpeg\",\"datePublished\":\"2022-01-18T14:52:46+00:00\",\"dateModified\":\"2022-01-18T14:57:25+00:00\",\"description\":\"Roupas, alimentos, produtos de limpeza e higiene pessoal est\u00e3o sendo enviados \u00e0s v\u00edtimas das chuvas que t\u00eam afetado Minas Gerais nos \u00faltimos dias. Os donativos foram entregues por paroquianos e devotos na secretaria paroquial depois que o Santu\u00e1rio fez uma campanha.\",\"breadcrumb\":{\"@id\":\"https:\/\/www.padreeustaquio.com.br\/santuario-saude-e-paz-arrecada-donativos-para-vitimas-das-chuvas\/#breadcrumb\"},\"inLanguage\":\"en-US\",\"potentialAction\":[{\"@type\":\"ReadAction\",\"target\":[\"https:\/\/www.padreeustaquio.com.br\/santuario-saude-e-paz-arrecada-donativos-para-vitimas-das-chuvas\/\"]}]},{\"@type\":\"ImageObject\",\"inLanguage\":\"en-US\",\"@id\":\"https:\/\/www.padreeustaquio.com.br\/santuario-saude-e-paz-arrecada-donativos-para-vitimas-das-chuvas\/#primaryimage\",\"url\":\"https:\/\/www.padreeustaquio.com.br\/wp-content\/uploads\/2022\/01\/WhatsApp-Image-2022-01-18-at-11.32.30.jpeg\",\"contentUrl\":\"https:\/\/www.padreeustaquio.com.br\/wp-content\/uploads\/2022\/01\/WhatsApp-Image-2022-01-18-at-11.32.30.jpeg\",\"width\":1600,\"height\":1200},{\"@type\":\"BreadcrumbList\",\"@id\":\"https:\/\/www.padreeustaquio.com.br\/santuario-saude-e-paz-arrecada-donativos-para-vitimas-das-chuvas\/#breadcrumb\",\"itemListElement\":[{\"@type\":\"ListItem\",\"position\":1,\"name\":\"In\u00edcio\",\"item\":\"https:\/\/www.padreeustaquio.com.br\/\"},{\"@type\":\"ListItem\",\"position\":2,\"name\":\"Santu\u00e1rio Sa\u00fade e Paz arrecada donativos para v\u00edtimas das chuvas\"}]},{\"@type\":\"WebSite\",\"@id\":\"https:\/\/www.padreeustaquio.com.br\/#website\",\"url\":\"https:\/\/www.padreeustaquio.com.br\/\",\"name\":\"Padre Eust\u00e1quio\",\"description\":\"Sa\u00fade e Paz\",\"publisher\":{\"@id\":\"https:\/\/www.padreeustaquio.com.br\/#organization\"},\"potentialAction\":[{\"@type\":\"SearchAction\",\"target\":{\"@type\":\"EntryPoint\",\"urlTemplate\":\"https:\/\/www.padreeustaquio.com.br\/?s={search_term_string}\"},\"query-input\":{\"@type\":\"PropertyValueSpecification\",\"valueRequired\":true,\"valueName\":\"search_term_string\"}}],\"inLanguage\":\"en-US\"},{\"@type\":\"Organization\",\"@id\":\"https:\/\/www.padreeustaquio.com.br\/#organization\",\"name\":\"Padre Eust\u00e1quio\",\"url\":\"https:\/\/www.padreeustaquio.com.br\/\",\"logo\":{\"@type\":\"ImageObject\",\"inLanguage\":\"en-US\",\"@id\":\"https:\/\/www.padreeustaquio.com.br\/#\/schema\/logo\/image\/\",\"url\":\"https:\/\/www.padreeustaquio.com.br\/wp-content\/uploads\/2019\/08\/marca.png\",\"contentUrl\":\"https:\/\/www.padreeustaquio.com.br\/wp-content\/uploads\/2019\/08\/marca.png\",\"width\":350,\"height\":400,\"caption\":\"Padre Eust\u00e1quio\"},\"image\":{\"@id\":\"https:\/\/www.padreeustaquio.com.br\/#\/schema\/logo\/image\/\"},\"sameAs\":[\"https:\/\/www.facebook.com\/beatopadreeustaquio\/\",\"https:\/\/x.com\/beatopeustaquio\",\"https:\/\/www.instagram.com\/beatopadreeustaquio\/\",\"https:\/\/www.youtube.com\/channel\/UCRhw7vfabnajwLxb1ZXMeIw\"]},{\"@type\":\"Person\",\"@id\":\"https:\/\/www.padreeustaquio.com.br\/#\/schema\/person\/a2a51db1d00f1a7af0204a0f1ddb1566\",\"name\":\"@sscc\",\"image\":{\"@type\":\"ImageObject\",\"inLanguage\":\"en-US\",\"@id\":\"https:\/\/secure.gravatar.com\/avatar\/68cfafa5f44617fea54071e215026e0ff06be366c3d54a8425f04fdcb86f8c5f?s=96&d=mm&r=g\",\"url\":\"https:\/\/secure.gravatar.com\/avatar\/68cfafa5f44617fea54071e215026e0ff06be366c3d54a8425f04fdcb86f8c5f?s=96&d=mm&r=g\",\"contentUrl\":\"https:\/\/secure.gravatar.com\/avatar\/68cfafa5f44617fea54071e215026e0ff06be366c3d54a8425f04fdcb86f8c5f?s=96&d=mm&r=g\",\"caption\":\"@sscc\"},\"url\":\"https:\/\/www.padreeustaquio.com.br\/en\/author\/sscc\/\"}]}<\/script>\n<!-- \/ Yoast SEO plugin. -->","yoast_head_json":{"title":"Health and Peace Sanctuary collects donations for victims of the floods.","description":"Clothing, food, cleaning products, and personal hygiene items are being sent to the victims of the rains that have affected Minas Gerais in recent days. The donations were delivered by parishioners and devotees to the parish office after the Sanctuary launched a campaign.","robots":{"index":"index","follow":"follow","max-snippet":"max-snippet:-1","max-image-preview":"max-image-preview:large","max-video-preview":"max-video-preview:-1"},"canonical":"https:\/\/www.padreeustaquio.com.br\/en\/health-and-peace-sanctuary-collects-donations-for-victims-of-the-rains\/","og_locale":"en_US","og_type":"article","og_title":"Santu\u00e1rio Sa\u00fade e Paz arrecada donativos para v\u00edtimas das chuvas","og_description":"Roupas, alimentos, produtos de limpeza e higiene pessoal est\u00e3o sendo enviados \u00e0s v\u00edtimas das chuvas que t\u00eam afetado Minas Gerais nos \u00faltimos dias. Os donativos foram entregues por paroquianos e devotos na secretaria paroquial depois que o Santu\u00e1rio fez uma campanha.","og_url":"https:\/\/www.padreeustaquio.com.br\/en\/health-and-peace-sanctuary-collects-donations-for-victims-of-the-rains\/","og_site_name":"Padre Eust\u00e1quio","article_publisher":"https:\/\/www.facebook.com\/beatopadreeustaquio\/","article_published_time":"2022-01-18T14:52:46+00:00","article_modified_time":"2022-01-18T14:57:25+00:00","og_image":[{"width":1600,"height":1200,"url":"https:\/\/www.padreeustaquio.com.br\/wp-content\/uploads\/2022\/01\/WhatsApp-Image-2022-01-18-at-11.32.30.jpeg","type":"image\/jpeg"}],"author":"@sscc","twitter_card":"summary_large_image","twitter_creator":"@beatopeustaquio","twitter_site":"@beatopeustaquio","twitter_misc":{"Written by":"@sscc","Est. reading time":"2 minutes"},"schema":{"@context":"https:\/\/schema.org","@graph":[{"@type":"Article","@id":"https:\/\/www.padreeustaquio.com.br\/santuario-saude-e-paz-arrecada-donativos-para-vitimas-das-chuvas\/#article","isPartOf":{"@id":"https:\/\/www.padreeustaquio.com.br\/santuario-saude-e-paz-arrecada-donativos-para-vitimas-das-chuvas\/"},"author":{"name":"@sscc","@id":"https:\/\/www.padreeustaquio.com.br\/#\/schema\/person\/a2a51db1d00f1a7af0204a0f1ddb1566"},"headline":"Santu\u00e1rio Sa\u00fade e Paz arrecada donativos para v\u00edtimas das chuvas","datePublished":"2022-01-18T14:52:46+00:00","dateModified":"2022-01-18T14:57:25+00:00","mainEntityOfPage":{"@id":"https:\/\/www.padreeustaquio.com.br\/santuario-saude-e-paz-arrecada-donativos-para-vitimas-das-chuvas\/"},"wordCount":302,"commentCount":0,"publisher":{"@id":"https:\/\/www.padreeustaquio.com.br\/#organization"},"image":{"@id":"https:\/\/www.padreeustaquio.com.br\/santuario-saude-e-paz-arrecada-donativos-para-vitimas-das-chuvas\/#primaryimage"},"thumbnailUrl":"https:\/\/www.padreeustaquio.com.br\/wp-content\/uploads\/2022\/01\/WhatsApp-Image-2022-01-18-at-11.32.30.jpeg","articleSection":["Not\u00edcias"],"inLanguage":"en-US","potentialAction":[{"@type":"CommentAction","name":"Comment","target":["https:\/\/www.padreeustaquio.com.br\/santuario-saude-e-paz-arrecada-donativos-para-vitimas-das-chuvas\/#respond"]}]},{"@type":"WebPage","@id":"https:\/\/www.padreeustaquio.com.br\/santuario-saude-e-paz-arrecada-donativos-para-vitimas-das-chuvas\/","url":"https:\/\/www.padreeustaquio.com.br\/santuario-saude-e-paz-arrecada-donativos-para-vitimas-das-chuvas\/","name":"Health and Peace Sanctuary collects donations for victims of the floods.","isPartOf":{"@id":"https:\/\/www.padreeustaquio.com.br\/#website"},"primaryImageOfPage":{"@id":"https:\/\/www.padreeustaquio.com.br\/santuario-saude-e-paz-arrecada-donativos-para-vitimas-das-chuvas\/#primaryimage"},"image":{"@id":"https:\/\/www.padreeustaquio.com.br\/santuario-saude-e-paz-arrecada-donativos-para-vitimas-das-chuvas\/#primaryimage"},"thumbnailUrl":"https:\/\/www.padreeustaquio.com.br\/wp-content\/uploads\/2022\/01\/WhatsApp-Image-2022-01-18-at-11.32.30.jpeg","datePublished":"2022-01-18T14:52:46+00:00","dateModified":"2022-01-18T14:57:25+00:00","description":"Clothing, food, cleaning products, and personal hygiene items are being sent to the victims of the rains that have affected Minas Gerais in recent days. The donations were delivered by parishioners and devotees to the parish office after the Sanctuary launched a campaign.","breadcrumb":{"@id":"https:\/\/www.padreeustaquio.com.br\/santuario-saude-e-paz-arrecada-donativos-para-vitimas-das-chuvas\/#breadcrumb"},"inLanguage":"en-US","potentialAction":[{"@type":"ReadAction","target":["https:\/\/www.padreeustaquio.com.br\/santuario-saude-e-paz-arrecada-donativos-para-vitimas-das-chuvas\/"]}]},{"@type":"ImageObject","inLanguage":"en-US","@id":"https:\/\/www.padreeustaquio.com.br\/santuario-saude-e-paz-arrecada-donativos-para-vitimas-das-chuvas\/#primaryimage","url":"https:\/\/www.padreeustaquio.com.br\/wp-content\/uploads\/2022\/01\/WhatsApp-Image-2022-01-18-at-11.32.30.jpeg","contentUrl":"https:\/\/www.padreeustaquio.com.br\/wp-content\/uploads\/2022\/01\/WhatsApp-Image-2022-01-18-at-11.32.30.jpeg","width":1600,"height":1200},{"@type":"BreadcrumbList","@id":"https:\/\/www.padreeustaquio.com.br\/santuario-saude-e-paz-arrecada-donativos-para-vitimas-das-chuvas\/#breadcrumb","itemListElement":[{"@type":"ListItem","position":1,"name":"In\u00edcio","item":"https:\/\/www.padreeustaquio.com.br\/"},{"@type":"ListItem","position":2,"name":"Santu\u00e1rio Sa\u00fade e Paz arrecada donativos para v\u00edtimas das chuvas"}]},{"@type":"WebSite","@id":"https:\/\/www.padreeustaquio.com.br\/#website","url":"https:\/\/www.padreeustaquio.com.br\/","name":"FATHER EUST\u00c1QUIO","description":"Health and Peace","publisher":{"@id":"https:\/\/www.padreeustaquio.com.br\/#organization"},"potentialAction":[{"@type":"SearchAction","target":{"@type":"EntryPoint","urlTemplate":"https:\/\/www.padreeustaquio.com.br\/?s={search_term_string}"},"query-input":{"@type":"PropertyValueSpecification","valueRequired":true,"valueName":"search_term_string"}}],"inLanguage":"en-US"},{"@type":"Organization","@id":"https:\/\/www.padreeustaquio.com.br\/#organization","name":"FATHER EUST\u00c1QUIO","url":"https:\/\/www.padreeustaquio.com.br\/","logo":{"@type":"ImageObject","inLanguage":"en-US","@id":"https:\/\/www.padreeustaquio.com.br\/#\/schema\/logo\/image\/","url":"https:\/\/www.padreeustaquio.com.br\/wp-content\/uploads\/2019\/08\/marca.png","contentUrl":"https:\/\/www.padreeustaquio.com.br\/wp-content\/uploads\/2019\/08\/marca.png","width":350,"height":400,"caption":"Padre Eust\u00e1quio"},"image":{"@id":"https:\/\/www.padreeustaquio.com.br\/#\/schema\/logo\/image\/"},"sameAs":["https:\/\/www.facebook.com\/beatopadreeustaquio\/","https:\/\/x.com\/beatopeustaquio","https:\/\/www.instagram.com\/beatopadreeustaquio\/","https:\/\/www.youtube.com\/channel\/UCRhw7vfabnajwLxb1ZXMeIw"]},{"@type":"Person","@id":"https:\/\/www.padreeustaquio.com.br\/#\/schema\/person\/a2a51db1d00f1a7af0204a0f1ddb1566","name":"@sscc","image":{"@type":"ImageObject","inLanguage":"en-US","@id":"https:\/\/secure.gravatar.com\/avatar\/68cfafa5f44617fea54071e215026e0ff06be366c3d54a8425f04fdcb86f8c5f?s=96&d=mm&r=g","url":"https:\/\/secure.gravatar.com\/avatar\/68cfafa5f44617fea54071e215026e0ff06be366c3d54a8425f04fdcb86f8c5f?s=96&d=mm&r=g","contentUrl":"https:\/\/secure.gravatar.com\/avatar\/68cfafa5f44617fea54071e215026e0ff06be366c3d54a8425f04fdcb86f8c5f?s=96&d=mm&r=g","caption":"@sscc"},"url":"https:\/\/www.padreeustaquio.com.br\/en\/author\/sscc\/"}]}},"_links":{"self":[{"href":"https:\/\/www.padreeustaquio.com.br\/en\/wp-json\/wp\/v2\/posts\/7944","targetHints":{"allow":["GET"]}}],"collection":[{"href":"https:\/\/www.padreeustaquio.com.br\/en\/wp-json\/wp\/v2\/posts"}],"about":[{"href":"https:\/\/www.padreeustaquio.com.br\/en\/wp-json\/wp\/v2\/types\/post"}],"author":[{"embeddable":true,"href":"https:\/\/www.padreeustaquio.com.br\/en\/wp-json\/wp\/v2\/users\/2"}],"replies":[{"embeddable":true,"href":"https:\/\/www.padreeustaquio.com.br\/en\/wp-json\/wp\/v2\/comments?post=7944"}],"version-history":[{"count":0,"href":"https:\/\/www.padreeustaquio.com.br\/en\/wp-json\/wp\/v2\/posts\/7944\/revisions"}],"wp:featuredmedia":[{"embeddable":true,"href":"https:\/\/www.padreeustaquio.com.br\/en\/wp-json\/wp\/v2\/media\/7945"}],"wp:attachment":[{"href":"https:\/\/www.padreeustaquio.com.br\/en\/wp-json\/wp\/v2\/media?parent=7944"}],"wp:term":[{"taxonomy":"category","embeddable":true,"href":"https:\/\/www.padreeustaquio.com.br\/en\/wp-json\/wp\/v2\/categories?post=7944"},{"taxonomy":"post_tag","embeddable":true,"href":"https:\/\/www.padreeustaquio.com.br\/en\/wp-json\/wp\/v2\/tags?post=7944"}],"curies":[{"name":"wp","href":"https:\/\/api.w.org\/{rel}","templated":true}]}}