{"id":7919,"date":"2022-01-14T05:28:00","date_gmt":"2022-01-14T08:28:00","guid":{"rendered":"https:\/\/www.padreeustaquio.com.br\/?p=7919"},"modified":"2022-01-10T10:41:19","modified_gmt":"2022-01-10T13:41:19","slug":"padre-eustaquio-museum-in-porto-alegre-sp-opens-tomorrow-with-a-special-program","status":"publish","type":"post","link":"https:\/\/www.padreeustaquio.com.br\/en\/padre-eustaquio-museum-in-porto-alegre-sp-opens-tomorrow-with-a-special-program\/","title":{"rendered":"Padre Eust\u00e1quio Museum in Po\u00e1-SP opens tomorrow with a special program."},"content":{"rendered":"<p>This Saturday, January 15th, at 2 PM, the Padre Eust\u00e1quio Museum in the city of Po\u00e1, in Greater S\u00e3o Paulo, will open its doors to welcome visitors with a special program.<\/p>\n\n\n\n<p>The Museum is participating in the global campaign.\u00a0<a href=\"https:\/\/www.instagram.com\/explore\/tags\/museumselfieday\/\">#MuseumSelfieDay<\/a>, This encourages different audiences to visit a museum during this period. The idea is for people to visit the space with their cell phones in hand, take a selfie, and post it on their social media, tagging [the user].\u00a0<a href=\"https:\/\/www.instagram.com\/museupadreeustaquio\/\">@museupadreeustaquio<\/a>\u00a0and the\u00a0<a href=\"https:\/\/www.instagram.com\/explore\/tags\/museumselfieday\/\">#MuseumSelfieDay<\/a>.<\/p>\n\n\n\n<p>Those who visit the site can take the opportunity to explore the permanent exhibition, which features a special guided tour that will tell the entire story of Padre Eust\u00e1quio and Po\u00e1 in a way you&#039;ve never seen before.<\/p>\n\n\n\n<p>The Padre Eust\u00e1quio Museum is open to the public with all the necessary care and health precautions. Visiting hours will be from 2 pm to 6 pm, and the use of masks will be mandatory throughout your stay.<\/p>\n\n\n\n<p>For more information, call: (11) 99165-8409 or send a message to: <a href=\"mailto:museupadreeustaquiopoa@gmail.com\" target=\"_blank\" rel=\"noreferrer noopener\">museupadreeustaquiopoa@gmail.com<\/a><\/p>\n\n\n\n<p><\/p>","protected":false},"excerpt":{"rendered":"<p>Neste s\u00e1bado, dia 15 de janeiro, \u00e0s 14h, o Museu Padre Eust\u00e1quio, da cidade de Po\u00e1, na grande S\u00e3o Paulo, estar\u00e1 de portas abertas para receber os visitantes com uma programa\u00e7\u00e3o especial. O Museu est\u00e1 participando da campanha global\u00a0#MuseumSelfieDay, que incentiva diferentes p\u00fablicos a visitarem um museu neste per\u00edodo. A ideia \u00e9 que as pessoas visitem o espa\u00e7o com seu celular em m\u00e3os, tire uma selfie e poste nas suas redes sociais marcando\u00a0@museupadreeustaquio\u00a0e a\u00a0#MuseumSelfieDay. Quem for at\u00e9 o local, pode aproveitar e conhecer a exposi\u00e7\u00e3o permanente, contando com uma monitoria especial que vai contar toda a hist\u00f3ria de Padre Eust\u00e1quio [&hellip;]<\/p>\n","protected":false},"author":2,"featured_media":7920,"comment_status":"open","ping_status":"closed","sticky":false,"template":"","format":"standard","meta":{"_acf_changed":false,"footnotes":""},"categories":[611],"tags":[],"class_list":["post-7919","post","type-post","status-publish","format-standard","has-post-thumbnail","hentry","category-noticias"],"acf":[],"yoast_head":"<!-- This site is optimized with the Yoast SEO plugin v27.2 - https:\/\/yoast.com\/product\/yoast-seo-wordpress\/ -->\n<title>Museu Padre Eust\u00e1quio de Po\u00e1-SP abre amanh\u00e3 com programa\u00e7\u00e3o especial<\/title>\n<meta name=\"description\" content=\"Quem for at\u00e9 o local, pode aproveitar e conhecer a exposi\u00e7\u00e3o permanente, contando com uma monitoria especial que vai contar toda a hist\u00f3ria de Padre Eust\u00e1quio e de Po\u00e1, de um jeito que voc\u00ea nunca viu.\" \/>\n<meta name=\"robots\" content=\"index, follow, max-snippet:-1, max-image-preview:large, max-video-preview:-1\" \/>\n<link rel=\"canonical\" href=\"https:\/\/www.padreeustaquio.com.br\/en\/padre-eustaquio-museum-in-porto-alegre-sp-opens-tomorrow-with-a-special-program\/\" \/>\n<meta property=\"og:locale\" content=\"en_US\" \/>\n<meta property=\"og:type\" content=\"article\" \/>\n<meta property=\"og:title\" content=\"Museu Padre Eust\u00e1quio de Po\u00e1-SP abre amanh\u00e3 com programa\u00e7\u00e3o especial\" \/>\n<meta property=\"og:description\" content=\"Quem for at\u00e9 o local, pode aproveitar e conhecer a exposi\u00e7\u00e3o permanente, contando com uma monitoria especial que vai contar toda a hist\u00f3ria de Padre Eust\u00e1quio e de Po\u00e1, de um jeito que voc\u00ea nunca viu.\" \/>\n<meta property=\"og:url\" content=\"https:\/\/www.padreeustaquio.com.br\/en\/padre-eustaquio-museum-in-porto-alegre-sp-opens-tomorrow-with-a-special-program\/\" \/>\n<meta property=\"og:site_name\" content=\"Padre Eust\u00e1quio\" \/>\n<meta property=\"article:publisher\" content=\"https:\/\/www.facebook.com\/beatopadreeustaquio\/\" \/>\n<meta property=\"article:published_time\" content=\"2022-01-14T08:28:00+00:00\" \/>\n<meta property=\"og:image\" content=\"https:\/\/www.padreeustaquio.com.br\/wp-content\/uploads\/2022\/01\/museu-de-poa.jpg\" \/>\n\t<meta property=\"og:image:width\" content=\"600\" \/>\n\t<meta property=\"og:image:height\" content=\"315\" \/>\n\t<meta property=\"og:image:type\" content=\"image\/jpeg\" \/>\n<meta name=\"author\" content=\"@sscc\" \/>\n<meta name=\"twitter:card\" content=\"summary_large_image\" \/>\n<meta name=\"twitter:creator\" content=\"@beatopeustaquio\" \/>\n<meta name=\"twitter:site\" content=\"@beatopeustaquio\" \/>\n<meta name=\"twitter:label1\" content=\"Written by\" \/>\n\t<meta name=\"twitter:data1\" content=\"@sscc\" \/>\n\t<meta name=\"twitter:label2\" content=\"Est. reading time\" \/>\n\t<meta name=\"twitter:data2\" content=\"1 minute\" \/>\n<script type=\"application\/ld+json\" class=\"yoast-schema-graph\">{\"@context\":\"https:\/\/schema.org\",\"@graph\":[{\"@type\":\"Article\",\"@id\":\"https:\/\/www.padreeustaquio.com.br\/museu-padre-eustaquio-de-poa-sp-abre-amanha-com-programacao-especial\/#article\",\"isPartOf\":{\"@id\":\"https:\/\/www.padreeustaquio.com.br\/museu-padre-eustaquio-de-poa-sp-abre-amanha-com-programacao-especial\/\"},\"author\":{\"name\":\"@sscc\",\"@id\":\"https:\/\/www.padreeustaquio.com.br\/#\/schema\/person\/a2a51db1d00f1a7af0204a0f1ddb1566\"},\"headline\":\"Museu Padre Eust\u00e1quio de Po\u00e1-SP abre amanh\u00e3 com programa\u00e7\u00e3o especial\",\"datePublished\":\"2022-01-14T08:28:00+00:00\",\"mainEntityOfPage\":{\"@id\":\"https:\/\/www.padreeustaquio.com.br\/museu-padre-eustaquio-de-poa-sp-abre-amanha-com-programacao-especial\/\"},\"wordCount\":203,\"commentCount\":0,\"publisher\":{\"@id\":\"https:\/\/www.padreeustaquio.com.br\/#organization\"},\"image\":{\"@id\":\"https:\/\/www.padreeustaquio.com.br\/museu-padre-eustaquio-de-poa-sp-abre-amanha-com-programacao-especial\/#primaryimage\"},\"thumbnailUrl\":\"https:\/\/www.padreeustaquio.com.br\/wp-content\/uploads\/2022\/01\/museu-de-poa.jpg\",\"articleSection\":[\"Not\u00edcias\"],\"inLanguage\":\"en-US\",\"potentialAction\":[{\"@type\":\"CommentAction\",\"name\":\"Comment\",\"target\":[\"https:\/\/www.padreeustaquio.com.br\/museu-padre-eustaquio-de-poa-sp-abre-amanha-com-programacao-especial\/#respond\"]}]},{\"@type\":\"WebPage\",\"@id\":\"https:\/\/www.padreeustaquio.com.br\/museu-padre-eustaquio-de-poa-sp-abre-amanha-com-programacao-especial\/\",\"url\":\"https:\/\/www.padreeustaquio.com.br\/museu-padre-eustaquio-de-poa-sp-abre-amanha-com-programacao-especial\/\",\"name\":\"Museu Padre Eust\u00e1quio de Po\u00e1-SP abre amanh\u00e3 com programa\u00e7\u00e3o especial\",\"isPartOf\":{\"@id\":\"https:\/\/www.padreeustaquio.com.br\/#website\"},\"primaryImageOfPage\":{\"@id\":\"https:\/\/www.padreeustaquio.com.br\/museu-padre-eustaquio-de-poa-sp-abre-amanha-com-programacao-especial\/#primaryimage\"},\"image\":{\"@id\":\"https:\/\/www.padreeustaquio.com.br\/museu-padre-eustaquio-de-poa-sp-abre-amanha-com-programacao-especial\/#primaryimage\"},\"thumbnailUrl\":\"https:\/\/www.padreeustaquio.com.br\/wp-content\/uploads\/2022\/01\/museu-de-poa.jpg\",\"datePublished\":\"2022-01-14T08:28:00+00:00\",\"description\":\"Quem for at\u00e9 o local, pode aproveitar e conhecer a exposi\u00e7\u00e3o permanente, contando com uma monitoria especial que vai contar toda a hist\u00f3ria de Padre Eust\u00e1quio e de Po\u00e1, de um jeito que voc\u00ea nunca viu.\",\"breadcrumb\":{\"@id\":\"https:\/\/www.padreeustaquio.com.br\/museu-padre-eustaquio-de-poa-sp-abre-amanha-com-programacao-especial\/#breadcrumb\"},\"inLanguage\":\"en-US\",\"potentialAction\":[{\"@type\":\"ReadAction\",\"target\":[\"https:\/\/www.padreeustaquio.com.br\/museu-padre-eustaquio-de-poa-sp-abre-amanha-com-programacao-especial\/\"]}]},{\"@type\":\"ImageObject\",\"inLanguage\":\"en-US\",\"@id\":\"https:\/\/www.padreeustaquio.com.br\/museu-padre-eustaquio-de-poa-sp-abre-amanha-com-programacao-especial\/#primaryimage\",\"url\":\"https:\/\/www.padreeustaquio.com.br\/wp-content\/uploads\/2022\/01\/museu-de-poa.jpg\",\"contentUrl\":\"https:\/\/www.padreeustaquio.com.br\/wp-content\/uploads\/2022\/01\/museu-de-poa.jpg\",\"width\":600,\"height\":315},{\"@type\":\"BreadcrumbList\",\"@id\":\"https:\/\/www.padreeustaquio.com.br\/museu-padre-eustaquio-de-poa-sp-abre-amanha-com-programacao-especial\/#breadcrumb\",\"itemListElement\":[{\"@type\":\"ListItem\",\"position\":1,\"name\":\"In\u00edcio\",\"item\":\"https:\/\/www.padreeustaquio.com.br\/\"},{\"@type\":\"ListItem\",\"position\":2,\"name\":\"Museu Padre Eust\u00e1quio de Po\u00e1-SP abre amanh\u00e3 com programa\u00e7\u00e3o especial\"}]},{\"@type\":\"WebSite\",\"@id\":\"https:\/\/www.padreeustaquio.com.br\/#website\",\"url\":\"https:\/\/www.padreeustaquio.com.br\/\",\"name\":\"Padre Eust\u00e1quio\",\"description\":\"Sa\u00fade e Paz\",\"publisher\":{\"@id\":\"https:\/\/www.padreeustaquio.com.br\/#organization\"},\"potentialAction\":[{\"@type\":\"SearchAction\",\"target\":{\"@type\":\"EntryPoint\",\"urlTemplate\":\"https:\/\/www.padreeustaquio.com.br\/?s={search_term_string}\"},\"query-input\":{\"@type\":\"PropertyValueSpecification\",\"valueRequired\":true,\"valueName\":\"search_term_string\"}}],\"inLanguage\":\"en-US\"},{\"@type\":\"Organization\",\"@id\":\"https:\/\/www.padreeustaquio.com.br\/#organization\",\"name\":\"Padre Eust\u00e1quio\",\"url\":\"https:\/\/www.padreeustaquio.com.br\/\",\"logo\":{\"@type\":\"ImageObject\",\"inLanguage\":\"en-US\",\"@id\":\"https:\/\/www.padreeustaquio.com.br\/#\/schema\/logo\/image\/\",\"url\":\"https:\/\/www.padreeustaquio.com.br\/wp-content\/uploads\/2019\/08\/marca.png\",\"contentUrl\":\"https:\/\/www.padreeustaquio.com.br\/wp-content\/uploads\/2019\/08\/marca.png\",\"width\":350,\"height\":400,\"caption\":\"Padre Eust\u00e1quio\"},\"image\":{\"@id\":\"https:\/\/www.padreeustaquio.com.br\/#\/schema\/logo\/image\/\"},\"sameAs\":[\"https:\/\/www.facebook.com\/beatopadreeustaquio\/\",\"https:\/\/x.com\/beatopeustaquio\",\"https:\/\/www.instagram.com\/beatopadreeustaquio\/\",\"https:\/\/www.youtube.com\/channel\/UCRhw7vfabnajwLxb1ZXMeIw\"]},{\"@type\":\"Person\",\"@id\":\"https:\/\/www.padreeustaquio.com.br\/#\/schema\/person\/a2a51db1d00f1a7af0204a0f1ddb1566\",\"name\":\"@sscc\",\"image\":{\"@type\":\"ImageObject\",\"inLanguage\":\"en-US\",\"@id\":\"https:\/\/secure.gravatar.com\/avatar\/68cfafa5f44617fea54071e215026e0ff06be366c3d54a8425f04fdcb86f8c5f?s=96&d=mm&r=g\",\"url\":\"https:\/\/secure.gravatar.com\/avatar\/68cfafa5f44617fea54071e215026e0ff06be366c3d54a8425f04fdcb86f8c5f?s=96&d=mm&r=g\",\"contentUrl\":\"https:\/\/secure.gravatar.com\/avatar\/68cfafa5f44617fea54071e215026e0ff06be366c3d54a8425f04fdcb86f8c5f?s=96&d=mm&r=g\",\"caption\":\"@sscc\"},\"url\":\"https:\/\/www.padreeustaquio.com.br\/en\/author\/sscc\/\"}]}<\/script>\n<!-- \/ Yoast SEO plugin. -->","yoast_head_json":{"title":"Padre Eust\u00e1quio Museum in Po\u00e1-SP opens tomorrow with a special program.","description":"Those who visit the site can take the opportunity to explore the permanent exhibition, which features a special guided tour that will tell the entire story of Padre Eust\u00e1quio and Po\u00e1 in a way you&#039;ve never seen before.","robots":{"index":"index","follow":"follow","max-snippet":"max-snippet:-1","max-image-preview":"max-image-preview:large","max-video-preview":"max-video-preview:-1"},"canonical":"https:\/\/www.padreeustaquio.com.br\/en\/padre-eustaquio-museum-in-porto-alegre-sp-opens-tomorrow-with-a-special-program\/","og_locale":"en_US","og_type":"article","og_title":"Museu Padre Eust\u00e1quio de Po\u00e1-SP abre amanh\u00e3 com programa\u00e7\u00e3o especial","og_description":"Quem for at\u00e9 o local, pode aproveitar e conhecer a exposi\u00e7\u00e3o permanente, contando com uma monitoria especial que vai contar toda a hist\u00f3ria de Padre Eust\u00e1quio e de Po\u00e1, de um jeito que voc\u00ea nunca viu.","og_url":"https:\/\/www.padreeustaquio.com.br\/en\/padre-eustaquio-museum-in-porto-alegre-sp-opens-tomorrow-with-a-special-program\/","og_site_name":"Padre Eust\u00e1quio","article_publisher":"https:\/\/www.facebook.com\/beatopadreeustaquio\/","article_published_time":"2022-01-14T08:28:00+00:00","og_image":[{"width":600,"height":315,"url":"https:\/\/www.padreeustaquio.com.br\/wp-content\/uploads\/2022\/01\/museu-de-poa.jpg","type":"image\/jpeg"}],"author":"@sscc","twitter_card":"summary_large_image","twitter_creator":"@beatopeustaquio","twitter_site":"@beatopeustaquio","twitter_misc":{"Written by":"@sscc","Est. reading time":"1 minute"},"schema":{"@context":"https:\/\/schema.org","@graph":[{"@type":"Article","@id":"https:\/\/www.padreeustaquio.com.br\/museu-padre-eustaquio-de-poa-sp-abre-amanha-com-programacao-especial\/#article","isPartOf":{"@id":"https:\/\/www.padreeustaquio.com.br\/museu-padre-eustaquio-de-poa-sp-abre-amanha-com-programacao-especial\/"},"author":{"name":"@sscc","@id":"https:\/\/www.padreeustaquio.com.br\/#\/schema\/person\/a2a51db1d00f1a7af0204a0f1ddb1566"},"headline":"Museu Padre Eust\u00e1quio de Po\u00e1-SP abre amanh\u00e3 com programa\u00e7\u00e3o especial","datePublished":"2022-01-14T08:28:00+00:00","mainEntityOfPage":{"@id":"https:\/\/www.padreeustaquio.com.br\/museu-padre-eustaquio-de-poa-sp-abre-amanha-com-programacao-especial\/"},"wordCount":203,"commentCount":0,"publisher":{"@id":"https:\/\/www.padreeustaquio.com.br\/#organization"},"image":{"@id":"https:\/\/www.padreeustaquio.com.br\/museu-padre-eustaquio-de-poa-sp-abre-amanha-com-programacao-especial\/#primaryimage"},"thumbnailUrl":"https:\/\/www.padreeustaquio.com.br\/wp-content\/uploads\/2022\/01\/museu-de-poa.jpg","articleSection":["Not\u00edcias"],"inLanguage":"en-US","potentialAction":[{"@type":"CommentAction","name":"Comment","target":["https:\/\/www.padreeustaquio.com.br\/museu-padre-eustaquio-de-poa-sp-abre-amanha-com-programacao-especial\/#respond"]}]},{"@type":"WebPage","@id":"https:\/\/www.padreeustaquio.com.br\/museu-padre-eustaquio-de-poa-sp-abre-amanha-com-programacao-especial\/","url":"https:\/\/www.padreeustaquio.com.br\/museu-padre-eustaquio-de-poa-sp-abre-amanha-com-programacao-especial\/","name":"Padre Eust\u00e1quio Museum in Po\u00e1-SP opens tomorrow with a special program.","isPartOf":{"@id":"https:\/\/www.padreeustaquio.com.br\/#website"},"primaryImageOfPage":{"@id":"https:\/\/www.padreeustaquio.com.br\/museu-padre-eustaquio-de-poa-sp-abre-amanha-com-programacao-especial\/#primaryimage"},"image":{"@id":"https:\/\/www.padreeustaquio.com.br\/museu-padre-eustaquio-de-poa-sp-abre-amanha-com-programacao-especial\/#primaryimage"},"thumbnailUrl":"https:\/\/www.padreeustaquio.com.br\/wp-content\/uploads\/2022\/01\/museu-de-poa.jpg","datePublished":"2022-01-14T08:28:00+00:00","description":"Those who visit the site can take the opportunity to explore the permanent exhibition, which features a special guided tour that will tell the entire story of Padre Eust\u00e1quio and Po\u00e1 in a way you&#039;ve never seen before.","breadcrumb":{"@id":"https:\/\/www.padreeustaquio.com.br\/museu-padre-eustaquio-de-poa-sp-abre-amanha-com-programacao-especial\/#breadcrumb"},"inLanguage":"en-US","potentialAction":[{"@type":"ReadAction","target":["https:\/\/www.padreeustaquio.com.br\/museu-padre-eustaquio-de-poa-sp-abre-amanha-com-programacao-especial\/"]}]},{"@type":"ImageObject","inLanguage":"en-US","@id":"https:\/\/www.padreeustaquio.com.br\/museu-padre-eustaquio-de-poa-sp-abre-amanha-com-programacao-especial\/#primaryimage","url":"https:\/\/www.padreeustaquio.com.br\/wp-content\/uploads\/2022\/01\/museu-de-poa.jpg","contentUrl":"https:\/\/www.padreeustaquio.com.br\/wp-content\/uploads\/2022\/01\/museu-de-poa.jpg","width":600,"height":315},{"@type":"BreadcrumbList","@id":"https:\/\/www.padreeustaquio.com.br\/museu-padre-eustaquio-de-poa-sp-abre-amanha-com-programacao-especial\/#breadcrumb","itemListElement":[{"@type":"ListItem","position":1,"name":"In\u00edcio","item":"https:\/\/www.padreeustaquio.com.br\/"},{"@type":"ListItem","position":2,"name":"Museu Padre Eust\u00e1quio de Po\u00e1-SP abre amanh\u00e3 com programa\u00e7\u00e3o especial"}]},{"@type":"WebSite","@id":"https:\/\/www.padreeustaquio.com.br\/#website","url":"https:\/\/www.padreeustaquio.com.br\/","name":"FATHER EUST\u00c1QUIO","description":"Health and Peace","publisher":{"@id":"https:\/\/www.padreeustaquio.com.br\/#organization"},"potentialAction":[{"@type":"SearchAction","target":{"@type":"EntryPoint","urlTemplate":"https:\/\/www.padreeustaquio.com.br\/?s={search_term_string}"},"query-input":{"@type":"PropertyValueSpecification","valueRequired":true,"valueName":"search_term_string"}}],"inLanguage":"en-US"},{"@type":"Organization","@id":"https:\/\/www.padreeustaquio.com.br\/#organization","name":"FATHER EUST\u00c1QUIO","url":"https:\/\/www.padreeustaquio.com.br\/","logo":{"@type":"ImageObject","inLanguage":"en-US","@id":"https:\/\/www.padreeustaquio.com.br\/#\/schema\/logo\/image\/","url":"https:\/\/www.padreeustaquio.com.br\/wp-content\/uploads\/2019\/08\/marca.png","contentUrl":"https:\/\/www.padreeustaquio.com.br\/wp-content\/uploads\/2019\/08\/marca.png","width":350,"height":400,"caption":"Padre Eust\u00e1quio"},"image":{"@id":"https:\/\/www.padreeustaquio.com.br\/#\/schema\/logo\/image\/"},"sameAs":["https:\/\/www.facebook.com\/beatopadreeustaquio\/","https:\/\/x.com\/beatopeustaquio","https:\/\/www.instagram.com\/beatopadreeustaquio\/","https:\/\/www.youtube.com\/channel\/UCRhw7vfabnajwLxb1ZXMeIw"]},{"@type":"Person","@id":"https:\/\/www.padreeustaquio.com.br\/#\/schema\/person\/a2a51db1d00f1a7af0204a0f1ddb1566","name":"@sscc","image":{"@type":"ImageObject","inLanguage":"en-US","@id":"https:\/\/secure.gravatar.com\/avatar\/68cfafa5f44617fea54071e215026e0ff06be366c3d54a8425f04fdcb86f8c5f?s=96&d=mm&r=g","url":"https:\/\/secure.gravatar.com\/avatar\/68cfafa5f44617fea54071e215026e0ff06be366c3d54a8425f04fdcb86f8c5f?s=96&d=mm&r=g","contentUrl":"https:\/\/secure.gravatar.com\/avatar\/68cfafa5f44617fea54071e215026e0ff06be366c3d54a8425f04fdcb86f8c5f?s=96&d=mm&r=g","caption":"@sscc"},"url":"https:\/\/www.padreeustaquio.com.br\/en\/author\/sscc\/"}]}},"_links":{"self":[{"href":"https:\/\/www.padreeustaquio.com.br\/en\/wp-json\/wp\/v2\/posts\/7919","targetHints":{"allow":["GET"]}}],"collection":[{"href":"https:\/\/www.padreeustaquio.com.br\/en\/wp-json\/wp\/v2\/posts"}],"about":[{"href":"https:\/\/www.padreeustaquio.com.br\/en\/wp-json\/wp\/v2\/types\/post"}],"author":[{"embeddable":true,"href":"https:\/\/www.padreeustaquio.com.br\/en\/wp-json\/wp\/v2\/users\/2"}],"replies":[{"embeddable":true,"href":"https:\/\/www.padreeustaquio.com.br\/en\/wp-json\/wp\/v2\/comments?post=7919"}],"version-history":[{"count":0,"href":"https:\/\/www.padreeustaquio.com.br\/en\/wp-json\/wp\/v2\/posts\/7919\/revisions"}],"wp:featuredmedia":[{"embeddable":true,"href":"https:\/\/www.padreeustaquio.com.br\/en\/wp-json\/wp\/v2\/media\/7920"}],"wp:attachment":[{"href":"https:\/\/www.padreeustaquio.com.br\/en\/wp-json\/wp\/v2\/media?parent=7919"}],"wp:term":[{"taxonomy":"category","embeddable":true,"href":"https:\/\/www.padreeustaquio.com.br\/en\/wp-json\/wp\/v2\/categories?post=7919"},{"taxonomy":"post_tag","embeddable":true,"href":"https:\/\/www.padreeustaquio.com.br\/en\/wp-json\/wp\/v2\/tags?post=7919"}],"curies":[{"name":"wp","href":"https:\/\/api.w.org\/{rel}","templated":true}]}}