{"id":7903,"date":"2022-01-08T09:39:00","date_gmt":"2022-01-08T12:39:00","guid":{"rendered":"https:\/\/www.padreeustaquio.com.br\/?p=7903"},"modified":"2022-01-07T22:44:52","modified_gmt":"2022-01-08T01:44:52","slug":"celebrate-the-sunday-of-the-baptism-of-the-lord","status":"publish","type":"post","link":"https:\/\/www.padreeustaquio.com.br\/en\/celebrate-the-sunday-of-the-baptism-of-the-lord\/","title":{"rendered":"Celebrate the Sunday of the Baptism of the Lord."},"content":{"rendered":"<p>The &quot;Celebrate as a Family&quot; guide for the Feast of the Baptism of the Lord is now available. This material is offered weekly by the Episcopal Pastoral Commission for Liturgy of the National Conference of Bishops of Brazil (CNBB).<\/p>\n\n\n\n<p>This Sunday, January 9th, the Church celebrates the Baptism of the Lord. It is an occasion on which &quot;we implore that the grace received in our own baptism be renewed in each of us.&quot;.<\/p>\n\n\n\n<p>Christ baptized in the Jordan, and with the Holy Spirit hovering over him, God the Father solemnly declares him as his Son. In this celebration, we ask that God grant to his adopted children, reborn of water and the Holy Spirit, to persevere constantly in his love.<\/p>\n\n\n\n<p>At the Archdiocesan Sanctuary of Health and Peace, the church of Father Eust\u00e1quio, there are three times when masses are broadcast via...\u00a0<a href=\"https:\/\/www.youtube.com\/channel\/UCRhw7vfabnajwLxb1ZXMeIw\">Padre Eust\u00e1quio Channel<\/a>Saturday at 5 PM and Sunday at 10 AM and 7 PM. In this way, we can participate, living the dignity of the priestly people that our baptism conferred upon us. We can not only participate, but celebrate the Lord&#039;s Day with our families.<\/p>\n\n\n\n<p>The instructions suggest preparing a small container with water and a sprig of greenery for the sprinkling ceremony. Baptismal keepsakes or photos of the household members can be placed in the room.<\/p>\n\n\n\n<p><a href=\"https:\/\/www.cnbb.org.br\/wp-content\/uploads\/2022\/01\/10-Celebrar-em-Familia-Batismo-do-Senhor.pdf\" target=\"_blank\" rel=\"noreferrer noopener\">DOWNLOAD THE FAMILY CELEBRATION SCRIPT FOR THE FEAST OF THE LORD&#039;S BAPTISM<\/a><\/p>\n\n\n\n<p><\/p>","protected":false},"excerpt":{"rendered":"<p>Est\u00e1 dispon\u00edvel o roteiro Celebrar em Fam\u00edlia para a Festa do Batismo do Senhor. O material \u00e9 oferecido semanalmente pela Comiss\u00e3o Episcopal Pastoral para a Liturgia da Confer\u00eancia Nacional dos Bispos do Brasil (CNBB). Neste domingo, 9 de janeiro, a Igreja celebra o Batismo do Senhor. \u00c9 ocasi\u00e3o na qual \u201cimploramos que se renove em cada um de n\u00f3s a gra\u00e7a recebida em nosso pr\u00f3prio batismo\u201d. Cristo batizado no Jord\u00e3o, e pairando sobre ele o Esp\u00edrito Santo, Deus Pai o declara solenemente como Filho. Na celebra\u00e7\u00e3o, pedimos que Deus conceda aos vossos filhos adotivos, renascidos da \u00e1gua e do Esp\u00edrito [&hellip;]<\/p>\n","protected":false},"author":2,"featured_media":7904,"comment_status":"open","ping_status":"closed","sticky":false,"template":"","format":"standard","meta":{"_acf_changed":false,"footnotes":""},"categories":[611],"tags":[],"class_list":["post-7903","post","type-post","status-publish","format-standard","has-post-thumbnail","hentry","category-noticias"],"acf":[],"yoast_head":"<!-- This site is optimized with the Yoast SEO plugin v27.2 - https:\/\/yoast.com\/product\/yoast-seo-wordpress\/ -->\n<title>Celebre o Domingo do Batismo do Senhor - Padre Eust\u00e1quio<\/title>\n<meta name=\"description\" content=\"Neste domingo, 9 de janeiro, a Igreja celebra o Batismo do Senhor. \u00c9 ocasi\u00e3o na qual \u201cimploramos que se renove em cada um de n\u00f3s a gra\u00e7a recebida em nosso pr\u00f3prio batismo\u201d.\" \/>\n<meta name=\"robots\" content=\"index, follow, max-snippet:-1, max-image-preview:large, max-video-preview:-1\" \/>\n<link rel=\"canonical\" href=\"https:\/\/www.padreeustaquio.com.br\/en\/celebrate-the-sunday-of-the-baptism-of-the-lord\/\" \/>\n<meta property=\"og:locale\" content=\"en_US\" \/>\n<meta property=\"og:type\" content=\"article\" \/>\n<meta property=\"og:title\" content=\"Celebre o Domingo do Batismo do Senhor - Padre Eust\u00e1quio\" \/>\n<meta property=\"og:description\" content=\"Neste domingo, 9 de janeiro, a Igreja celebra o Batismo do Senhor. \u00c9 ocasi\u00e3o na qual \u201cimploramos que se renove em cada um de n\u00f3s a gra\u00e7a recebida em nosso pr\u00f3prio batismo\u201d.\" \/>\n<meta property=\"og:url\" content=\"https:\/\/www.padreeustaquio.com.br\/en\/celebrate-the-sunday-of-the-baptism-of-the-lord\/\" \/>\n<meta property=\"og:site_name\" content=\"Padre Eust\u00e1quio\" \/>\n<meta property=\"article:publisher\" content=\"https:\/\/www.facebook.com\/beatopadreeustaquio\/\" \/>\n<meta property=\"article:published_time\" content=\"2022-01-08T12:39:00+00:00\" \/>\n<meta property=\"og:image\" content=\"https:\/\/www.padreeustaquio.com.br\/wp-content\/uploads\/2022\/01\/ROTEIRO-batismo-senhor.jpg\" \/>\n\t<meta property=\"og:image:width\" content=\"748\" \/>\n\t<meta property=\"og:image:height\" content=\"394\" \/>\n\t<meta property=\"og:image:type\" content=\"image\/jpeg\" \/>\n<meta name=\"author\" content=\"@sscc\" \/>\n<meta name=\"twitter:card\" content=\"summary_large_image\" \/>\n<meta name=\"twitter:creator\" content=\"@beatopeustaquio\" \/>\n<meta name=\"twitter:site\" content=\"@beatopeustaquio\" \/>\n<meta name=\"twitter:label1\" content=\"Written by\" \/>\n\t<meta name=\"twitter:data1\" content=\"@sscc\" \/>\n\t<meta name=\"twitter:label2\" content=\"Est. reading time\" \/>\n\t<meta name=\"twitter:data2\" content=\"1 minute\" \/>\n<script type=\"application\/ld+json\" class=\"yoast-schema-graph\">{\"@context\":\"https:\/\/schema.org\",\"@graph\":[{\"@type\":\"Article\",\"@id\":\"https:\/\/www.padreeustaquio.com.br\/celebre-o-domingo-do-batismo-do-senhor\/#article\",\"isPartOf\":{\"@id\":\"https:\/\/www.padreeustaquio.com.br\/celebre-o-domingo-do-batismo-do-senhor\/\"},\"author\":{\"name\":\"@sscc\",\"@id\":\"https:\/\/www.padreeustaquio.com.br\/#\/schema\/person\/a2a51db1d00f1a7af0204a0f1ddb1566\"},\"headline\":\"Celebre o Domingo do Batismo do Senhor\",\"datePublished\":\"2022-01-08T12:39:00+00:00\",\"mainEntityOfPage\":{\"@id\":\"https:\/\/www.padreeustaquio.com.br\/celebre-o-domingo-do-batismo-do-senhor\/\"},\"wordCount\":243,\"commentCount\":0,\"publisher\":{\"@id\":\"https:\/\/www.padreeustaquio.com.br\/#organization\"},\"image\":{\"@id\":\"https:\/\/www.padreeustaquio.com.br\/celebre-o-domingo-do-batismo-do-senhor\/#primaryimage\"},\"thumbnailUrl\":\"https:\/\/www.padreeustaquio.com.br\/wp-content\/uploads\/2022\/01\/ROTEIRO-batismo-senhor.jpg\",\"articleSection\":[\"Not\u00edcias\"],\"inLanguage\":\"en-US\",\"potentialAction\":[{\"@type\":\"CommentAction\",\"name\":\"Comment\",\"target\":[\"https:\/\/www.padreeustaquio.com.br\/celebre-o-domingo-do-batismo-do-senhor\/#respond\"]}]},{\"@type\":\"WebPage\",\"@id\":\"https:\/\/www.padreeustaquio.com.br\/celebre-o-domingo-do-batismo-do-senhor\/\",\"url\":\"https:\/\/www.padreeustaquio.com.br\/celebre-o-domingo-do-batismo-do-senhor\/\",\"name\":\"Celebre o Domingo do Batismo do Senhor - Padre Eust\u00e1quio\",\"isPartOf\":{\"@id\":\"https:\/\/www.padreeustaquio.com.br\/#website\"},\"primaryImageOfPage\":{\"@id\":\"https:\/\/www.padreeustaquio.com.br\/celebre-o-domingo-do-batismo-do-senhor\/#primaryimage\"},\"image\":{\"@id\":\"https:\/\/www.padreeustaquio.com.br\/celebre-o-domingo-do-batismo-do-senhor\/#primaryimage\"},\"thumbnailUrl\":\"https:\/\/www.padreeustaquio.com.br\/wp-content\/uploads\/2022\/01\/ROTEIRO-batismo-senhor.jpg\",\"datePublished\":\"2022-01-08T12:39:00+00:00\",\"description\":\"Neste domingo, 9 de janeiro, a Igreja celebra o Batismo do Senhor. \u00c9 ocasi\u00e3o na qual \u201cimploramos que se renove em cada um de n\u00f3s a gra\u00e7a recebida em nosso pr\u00f3prio batismo\u201d.\",\"breadcrumb\":{\"@id\":\"https:\/\/www.padreeustaquio.com.br\/celebre-o-domingo-do-batismo-do-senhor\/#breadcrumb\"},\"inLanguage\":\"en-US\",\"potentialAction\":[{\"@type\":\"ReadAction\",\"target\":[\"https:\/\/www.padreeustaquio.com.br\/celebre-o-domingo-do-batismo-do-senhor\/\"]}]},{\"@type\":\"ImageObject\",\"inLanguage\":\"en-US\",\"@id\":\"https:\/\/www.padreeustaquio.com.br\/celebre-o-domingo-do-batismo-do-senhor\/#primaryimage\",\"url\":\"https:\/\/www.padreeustaquio.com.br\/wp-content\/uploads\/2022\/01\/ROTEIRO-batismo-senhor.jpg\",\"contentUrl\":\"https:\/\/www.padreeustaquio.com.br\/wp-content\/uploads\/2022\/01\/ROTEIRO-batismo-senhor.jpg\",\"width\":748,\"height\":394},{\"@type\":\"BreadcrumbList\",\"@id\":\"https:\/\/www.padreeustaquio.com.br\/celebre-o-domingo-do-batismo-do-senhor\/#breadcrumb\",\"itemListElement\":[{\"@type\":\"ListItem\",\"position\":1,\"name\":\"In\u00edcio\",\"item\":\"https:\/\/www.padreeustaquio.com.br\/\"},{\"@type\":\"ListItem\",\"position\":2,\"name\":\"Celebre o Domingo do Batismo do Senhor\"}]},{\"@type\":\"WebSite\",\"@id\":\"https:\/\/www.padreeustaquio.com.br\/#website\",\"url\":\"https:\/\/www.padreeustaquio.com.br\/\",\"name\":\"Padre Eust\u00e1quio\",\"description\":\"Sa\u00fade e Paz\",\"publisher\":{\"@id\":\"https:\/\/www.padreeustaquio.com.br\/#organization\"},\"potentialAction\":[{\"@type\":\"SearchAction\",\"target\":{\"@type\":\"EntryPoint\",\"urlTemplate\":\"https:\/\/www.padreeustaquio.com.br\/?s={search_term_string}\"},\"query-input\":{\"@type\":\"PropertyValueSpecification\",\"valueRequired\":true,\"valueName\":\"search_term_string\"}}],\"inLanguage\":\"en-US\"},{\"@type\":\"Organization\",\"@id\":\"https:\/\/www.padreeustaquio.com.br\/#organization\",\"name\":\"Padre Eust\u00e1quio\",\"url\":\"https:\/\/www.padreeustaquio.com.br\/\",\"logo\":{\"@type\":\"ImageObject\",\"inLanguage\":\"en-US\",\"@id\":\"https:\/\/www.padreeustaquio.com.br\/#\/schema\/logo\/image\/\",\"url\":\"https:\/\/www.padreeustaquio.com.br\/wp-content\/uploads\/2019\/08\/marca.png\",\"contentUrl\":\"https:\/\/www.padreeustaquio.com.br\/wp-content\/uploads\/2019\/08\/marca.png\",\"width\":350,\"height\":400,\"caption\":\"Padre Eust\u00e1quio\"},\"image\":{\"@id\":\"https:\/\/www.padreeustaquio.com.br\/#\/schema\/logo\/image\/\"},\"sameAs\":[\"https:\/\/www.facebook.com\/beatopadreeustaquio\/\",\"https:\/\/x.com\/beatopeustaquio\",\"https:\/\/www.instagram.com\/beatopadreeustaquio\/\",\"https:\/\/www.youtube.com\/channel\/UCRhw7vfabnajwLxb1ZXMeIw\"]},{\"@type\":\"Person\",\"@id\":\"https:\/\/www.padreeustaquio.com.br\/#\/schema\/person\/a2a51db1d00f1a7af0204a0f1ddb1566\",\"name\":\"@sscc\",\"image\":{\"@type\":\"ImageObject\",\"inLanguage\":\"en-US\",\"@id\":\"https:\/\/secure.gravatar.com\/avatar\/68cfafa5f44617fea54071e215026e0ff06be366c3d54a8425f04fdcb86f8c5f?s=96&d=mm&r=g\",\"url\":\"https:\/\/secure.gravatar.com\/avatar\/68cfafa5f44617fea54071e215026e0ff06be366c3d54a8425f04fdcb86f8c5f?s=96&d=mm&r=g\",\"contentUrl\":\"https:\/\/secure.gravatar.com\/avatar\/68cfafa5f44617fea54071e215026e0ff06be366c3d54a8425f04fdcb86f8c5f?s=96&d=mm&r=g\",\"caption\":\"@sscc\"},\"url\":\"https:\/\/www.padreeustaquio.com.br\/en\/author\/sscc\/\"}]}<\/script>\n<!-- \/ Yoast SEO plugin. -->","yoast_head_json":{"title":"Celebrate the Sunday of the Baptism of the Lord - Father Eust\u00e1quio","description":"This Sunday, January 9th, the Church celebrates the Baptism of the Lord. It is an occasion on which &quot;we implore that the grace received in our own baptism be renewed in each of us.&quot;.","robots":{"index":"index","follow":"follow","max-snippet":"max-snippet:-1","max-image-preview":"max-image-preview:large","max-video-preview":"max-video-preview:-1"},"canonical":"https:\/\/www.padreeustaquio.com.br\/en\/celebrate-the-sunday-of-the-baptism-of-the-lord\/","og_locale":"en_US","og_type":"article","og_title":"Celebre o Domingo do Batismo do Senhor - Padre Eust\u00e1quio","og_description":"Neste domingo, 9 de janeiro, a Igreja celebra o Batismo do Senhor. \u00c9 ocasi\u00e3o na qual \u201cimploramos que se renove em cada um de n\u00f3s a gra\u00e7a recebida em nosso pr\u00f3prio batismo\u201d.","og_url":"https:\/\/www.padreeustaquio.com.br\/en\/celebrate-the-sunday-of-the-baptism-of-the-lord\/","og_site_name":"Padre Eust\u00e1quio","article_publisher":"https:\/\/www.facebook.com\/beatopadreeustaquio\/","article_published_time":"2022-01-08T12:39:00+00:00","og_image":[{"width":748,"height":394,"url":"https:\/\/www.padreeustaquio.com.br\/wp-content\/uploads\/2022\/01\/ROTEIRO-batismo-senhor.jpg","type":"image\/jpeg"}],"author":"@sscc","twitter_card":"summary_large_image","twitter_creator":"@beatopeustaquio","twitter_site":"@beatopeustaquio","twitter_misc":{"Written by":"@sscc","Est. reading time":"1 minute"},"schema":{"@context":"https:\/\/schema.org","@graph":[{"@type":"Article","@id":"https:\/\/www.padreeustaquio.com.br\/celebre-o-domingo-do-batismo-do-senhor\/#article","isPartOf":{"@id":"https:\/\/www.padreeustaquio.com.br\/celebre-o-domingo-do-batismo-do-senhor\/"},"author":{"name":"@sscc","@id":"https:\/\/www.padreeustaquio.com.br\/#\/schema\/person\/a2a51db1d00f1a7af0204a0f1ddb1566"},"headline":"Celebre o Domingo do Batismo do Senhor","datePublished":"2022-01-08T12:39:00+00:00","mainEntityOfPage":{"@id":"https:\/\/www.padreeustaquio.com.br\/celebre-o-domingo-do-batismo-do-senhor\/"},"wordCount":243,"commentCount":0,"publisher":{"@id":"https:\/\/www.padreeustaquio.com.br\/#organization"},"image":{"@id":"https:\/\/www.padreeustaquio.com.br\/celebre-o-domingo-do-batismo-do-senhor\/#primaryimage"},"thumbnailUrl":"https:\/\/www.padreeustaquio.com.br\/wp-content\/uploads\/2022\/01\/ROTEIRO-batismo-senhor.jpg","articleSection":["Not\u00edcias"],"inLanguage":"en-US","potentialAction":[{"@type":"CommentAction","name":"Comment","target":["https:\/\/www.padreeustaquio.com.br\/celebre-o-domingo-do-batismo-do-senhor\/#respond"]}]},{"@type":"WebPage","@id":"https:\/\/www.padreeustaquio.com.br\/celebre-o-domingo-do-batismo-do-senhor\/","url":"https:\/\/www.padreeustaquio.com.br\/celebre-o-domingo-do-batismo-do-senhor\/","name":"Celebrate the Sunday of the Baptism of the Lord - Father Eust\u00e1quio","isPartOf":{"@id":"https:\/\/www.padreeustaquio.com.br\/#website"},"primaryImageOfPage":{"@id":"https:\/\/www.padreeustaquio.com.br\/celebre-o-domingo-do-batismo-do-senhor\/#primaryimage"},"image":{"@id":"https:\/\/www.padreeustaquio.com.br\/celebre-o-domingo-do-batismo-do-senhor\/#primaryimage"},"thumbnailUrl":"https:\/\/www.padreeustaquio.com.br\/wp-content\/uploads\/2022\/01\/ROTEIRO-batismo-senhor.jpg","datePublished":"2022-01-08T12:39:00+00:00","description":"This Sunday, January 9th, the Church celebrates the Baptism of the Lord. It is an occasion on which &quot;we implore that the grace received in our own baptism be renewed in each of us.&quot;.","breadcrumb":{"@id":"https:\/\/www.padreeustaquio.com.br\/celebre-o-domingo-do-batismo-do-senhor\/#breadcrumb"},"inLanguage":"en-US","potentialAction":[{"@type":"ReadAction","target":["https:\/\/www.padreeustaquio.com.br\/celebre-o-domingo-do-batismo-do-senhor\/"]}]},{"@type":"ImageObject","inLanguage":"en-US","@id":"https:\/\/www.padreeustaquio.com.br\/celebre-o-domingo-do-batismo-do-senhor\/#primaryimage","url":"https:\/\/www.padreeustaquio.com.br\/wp-content\/uploads\/2022\/01\/ROTEIRO-batismo-senhor.jpg","contentUrl":"https:\/\/www.padreeustaquio.com.br\/wp-content\/uploads\/2022\/01\/ROTEIRO-batismo-senhor.jpg","width":748,"height":394},{"@type":"BreadcrumbList","@id":"https:\/\/www.padreeustaquio.com.br\/celebre-o-domingo-do-batismo-do-senhor\/#breadcrumb","itemListElement":[{"@type":"ListItem","position":1,"name":"In\u00edcio","item":"https:\/\/www.padreeustaquio.com.br\/"},{"@type":"ListItem","position":2,"name":"Celebre o Domingo do Batismo do Senhor"}]},{"@type":"WebSite","@id":"https:\/\/www.padreeustaquio.com.br\/#website","url":"https:\/\/www.padreeustaquio.com.br\/","name":"FATHER EUST\u00c1QUIO","description":"Health and Peace","publisher":{"@id":"https:\/\/www.padreeustaquio.com.br\/#organization"},"potentialAction":[{"@type":"SearchAction","target":{"@type":"EntryPoint","urlTemplate":"https:\/\/www.padreeustaquio.com.br\/?s={search_term_string}"},"query-input":{"@type":"PropertyValueSpecification","valueRequired":true,"valueName":"search_term_string"}}],"inLanguage":"en-US"},{"@type":"Organization","@id":"https:\/\/www.padreeustaquio.com.br\/#organization","name":"FATHER EUST\u00c1QUIO","url":"https:\/\/www.padreeustaquio.com.br\/","logo":{"@type":"ImageObject","inLanguage":"en-US","@id":"https:\/\/www.padreeustaquio.com.br\/#\/schema\/logo\/image\/","url":"https:\/\/www.padreeustaquio.com.br\/wp-content\/uploads\/2019\/08\/marca.png","contentUrl":"https:\/\/www.padreeustaquio.com.br\/wp-content\/uploads\/2019\/08\/marca.png","width":350,"height":400,"caption":"Padre Eust\u00e1quio"},"image":{"@id":"https:\/\/www.padreeustaquio.com.br\/#\/schema\/logo\/image\/"},"sameAs":["https:\/\/www.facebook.com\/beatopadreeustaquio\/","https:\/\/x.com\/beatopeustaquio","https:\/\/www.instagram.com\/beatopadreeustaquio\/","https:\/\/www.youtube.com\/channel\/UCRhw7vfabnajwLxb1ZXMeIw"]},{"@type":"Person","@id":"https:\/\/www.padreeustaquio.com.br\/#\/schema\/person\/a2a51db1d00f1a7af0204a0f1ddb1566","name":"@sscc","image":{"@type":"ImageObject","inLanguage":"en-US","@id":"https:\/\/secure.gravatar.com\/avatar\/68cfafa5f44617fea54071e215026e0ff06be366c3d54a8425f04fdcb86f8c5f?s=96&d=mm&r=g","url":"https:\/\/secure.gravatar.com\/avatar\/68cfafa5f44617fea54071e215026e0ff06be366c3d54a8425f04fdcb86f8c5f?s=96&d=mm&r=g","contentUrl":"https:\/\/secure.gravatar.com\/avatar\/68cfafa5f44617fea54071e215026e0ff06be366c3d54a8425f04fdcb86f8c5f?s=96&d=mm&r=g","caption":"@sscc"},"url":"https:\/\/www.padreeustaquio.com.br\/en\/author\/sscc\/"}]}},"_links":{"self":[{"href":"https:\/\/www.padreeustaquio.com.br\/en\/wp-json\/wp\/v2\/posts\/7903","targetHints":{"allow":["GET"]}}],"collection":[{"href":"https:\/\/www.padreeustaquio.com.br\/en\/wp-json\/wp\/v2\/posts"}],"about":[{"href":"https:\/\/www.padreeustaquio.com.br\/en\/wp-json\/wp\/v2\/types\/post"}],"author":[{"embeddable":true,"href":"https:\/\/www.padreeustaquio.com.br\/en\/wp-json\/wp\/v2\/users\/2"}],"replies":[{"embeddable":true,"href":"https:\/\/www.padreeustaquio.com.br\/en\/wp-json\/wp\/v2\/comments?post=7903"}],"version-history":[{"count":0,"href":"https:\/\/www.padreeustaquio.com.br\/en\/wp-json\/wp\/v2\/posts\/7903\/revisions"}],"wp:featuredmedia":[{"embeddable":true,"href":"https:\/\/www.padreeustaquio.com.br\/en\/wp-json\/wp\/v2\/media\/7904"}],"wp:attachment":[{"href":"https:\/\/www.padreeustaquio.com.br\/en\/wp-json\/wp\/v2\/media?parent=7903"}],"wp:term":[{"taxonomy":"category","embeddable":true,"href":"https:\/\/www.padreeustaquio.com.br\/en\/wp-json\/wp\/v2\/categories?post=7903"},{"taxonomy":"post_tag","embeddable":true,"href":"https:\/\/www.padreeustaquio.com.br\/en\/wp-json\/wp\/v2\/tags?post=7903"}],"curies":[{"name":"wp","href":"https:\/\/api.w.org\/{rel}","templated":true}]}}