{"id":7896,"date":"2022-01-06T05:23:00","date_gmt":"2022-01-06T08:23:00","guid":{"rendered":"https:\/\/www.padreeustaquio.com.br\/?p=7896"},"modified":"2022-01-05T10:20:12","modified_gmt":"2022-01-05T13:20:12","slug":"father-eustaces-words-the-value-of-time-sanctifying-our-work","status":"publish","type":"post","link":"https:\/\/www.padreeustaquio.com.br\/en\/father-eustaces-words-the-value-of-time-sanctifying-our-work\/","title":{"rendered":"Words of Father Eust\u00e1quio \u2013 The value of time: sanctifying our work"},"content":{"rendered":"<p>How do you spend your time each day? Is your life filled with prayer and work, with total dedication to your brothers and sisters, or is it a life without time to deal with the things of God?<\/p>\n\n\n\n<p>Our sanctification before God will not come through great deeds, but through the small work of our daily lives, just as it was in the life of the Holy Family. They lived in the simplicity of their work and were sanctified by it. May we also be sanctified by the small things we do, by small acts of love for our neighbor and honor to the Lord.<\/p>\n\n\n\n<p>In one of his texts, Father Eust\u00e1quio reflects on the value of time and the sanctification of our work. Read the full text below:<\/p>\n\n\n\n<p><em>The value of time: sanctifying our work.<\/em><\/p>\n\n\n\n<p><em>Let us enter the house of Nazareth, the house of the Holy Family. We will see Mary seated at her distaff, Saint Joseph and the Son of God busy in their workshop. They work with pleasure, with the utmost seriousness. Mary weaves a strong thread, Saint Joseph delivers a perfect work on time. We should not be surprised that such holy people worked. It is good for man to occupy himself with work.<\/em><\/p>\n\n\n\n<p><em>The curse of sin: &quot;You will eat your bread by the sweat of your brow,&quot; Jesus accepted it for our love. Mary, free from sin, endured the consequences of sin.<\/em><\/p>\n\n\n\n<p><em>What we admire is the human work they are doing. We search in vain for glorious deeds in the life of the Holy Family. Jesus&#039; life, up to the age of thirty, presented nothing extraordinary. With this, He taught us that humble work will be the greatest wealth of our lives and, consequently, we who are on earth to serve God must do so through humble work. Few are those who, once in a while, accomplish something remarkable.<\/em><\/p>\n\n\n\n<p><em>We often think the opposite way. We neglect small opportunities, waiting in vain for bigger things to happen.<\/em>.<\/p>\n\n\n\n<p><em>How many times do we say: if I were rich\u2026 I would give this or that to help others, and yet we forget to give the little we have to those in need. If I were a nun, with what care and devotion I would treat the sick, and yet we pass by the door of our sick neighbors without extending a hand. If I were a nun, how I would pray behind the walls of the convent! Yet, we don&#039;t want to say our morning and evening prayers.<\/em>.<\/p>\n\n\n\n<p><em>We desire to do things we can never do and neglect things we ought to do. Common things are the steps on the ladder that leads us to God. These are not only prayers and religious duties, as many think, but also work, walking, sleeping, eating, and drinking, according to the apostle&#039;s word. We must do everything for the greater glory of God, to save our souls. For all things, God will demand a strict accounting from us.<\/em><\/p>\n\n\n\n<p><em>At the final judgment, we will not be asked if we were kings or clowns, but if we did well what we had to do, if we played our part well in the great theater of the world, not only in the church, but also outside of it. What did we do with our time? Did we waste too much time? Did we take full advantage of our time, just as a rich man takes full advantage of his money? Or did we waste time on worthless things? On foolish conversations, slander, or sinful accusations. It is necessary to understand now the value of time, because at the final judgment it will be too late. In every second of time we can enrich our soul, raise our soul from sin to God. Thus we understand that Saint Alphonsus vowed not to waste a minute of his time.<\/em><\/p>\n\n\n\n<p><em>We conclude with the words of Saint Paul: \u201cAnd whatever you do, whether in word or deed, do it all in the name of the Lord Jesus, giving thanks to God the Father through him.\u201d.<\/em><\/p>\n\n\n\n<p><\/p>\n\n\n\n<p>***writings by Father Eust\u00e1quio taken from the archives of the Bulletin of the Parish of the Sacred Hearts, in Belo Horizonte.<\/p>\n\n\n\n<p><\/p>","protected":false},"excerpt":{"rendered":"<p>Como voc\u00ea ocupa o seu tempo no seu dia a dia? Sua vida est\u00e1 sendo de ora\u00e7\u00e3o e trabalho, de entrega total aos seus irm\u00e3os, ou est\u00e1 sendo uma vida sem tempo para lidar com as coisas de Deus? Nossa santifica\u00e7\u00e3o diante de Deus n\u00e3o se dar\u00e1 atrav\u00e9s de grandes feitos, mas do pequeno trabalho do nosso cotidiano, assim como foi na vida da Sagrada Fam\u00edlia. Eles viveram na simplicidade de seus trabalhos e foram santificados por isso. Sejamos tamb\u00e9m santificados pelas pequenas coisas que fazemos, pelos pequenos atos de amor ao pr\u00f3ximo e de honra ao Senhor. Em um [&hellip;]<\/p>\n","protected":false},"author":2,"featured_media":7897,"comment_status":"open","ping_status":"closed","sticky":false,"template":"","format":"standard","meta":{"_acf_changed":false,"footnotes":""},"categories":[611],"tags":[],"class_list":["post-7896","post","type-post","status-publish","format-standard","has-post-thumbnail","hentry","category-noticias"],"acf":[],"yoast_head":"<!-- This site is optimized with the Yoast SEO plugin v27.2 - https:\/\/yoast.com\/product\/yoast-seo-wordpress\/ -->\n<title>Palavras do Padre Eust\u00e1quio - O valor do tempo: santificar o nosso trabalho<\/title>\n<meta name=\"description\" content=\"Como voc\u00ea ocupa o seu tempo no seu dia a dia? Sua vida est\u00e1 sendo de ora\u00e7\u00e3o e trabalho, de entrega total aos seus irm\u00e3os, ou est\u00e1 sendo uma vida sem tempo para lidar com as coisas de Deus? Veja um dos escritos de Padre Eust\u00e1quio sobre este assunto.\" \/>\n<meta name=\"robots\" content=\"index, follow, max-snippet:-1, max-image-preview:large, max-video-preview:-1\" \/>\n<link rel=\"canonical\" href=\"https:\/\/www.padreeustaquio.com.br\/en\/father-eustaces-words-the-value-of-time-sanctifying-our-work\/\" \/>\n<meta property=\"og:locale\" content=\"en_US\" \/>\n<meta property=\"og:type\" content=\"article\" \/>\n<meta property=\"og:title\" content=\"Palavras do Padre Eust\u00e1quio - O valor do tempo: santificar o nosso trabalho\" \/>\n<meta property=\"og:description\" content=\"Como voc\u00ea ocupa o seu tempo no seu dia a dia? Sua vida est\u00e1 sendo de ora\u00e7\u00e3o e trabalho, de entrega total aos seus irm\u00e3os, ou est\u00e1 sendo uma vida sem tempo para lidar com as coisas de Deus? Veja um dos escritos de Padre Eust\u00e1quio sobre este assunto.\" \/>\n<meta property=\"og:url\" content=\"https:\/\/www.padreeustaquio.com.br\/en\/father-eustaces-words-the-value-of-time-sanctifying-our-work\/\" \/>\n<meta property=\"og:site_name\" content=\"Padre Eust\u00e1quio\" \/>\n<meta property=\"article:publisher\" content=\"https:\/\/www.facebook.com\/beatopadreeustaquio\/\" \/>\n<meta property=\"article:published_time\" content=\"2022-01-06T08:23:00+00:00\" \/>\n<meta property=\"og:image\" content=\"https:\/\/www.padreeustaquio.com.br\/wp-content\/uploads\/2022\/01\/Padre-eustaquio-rezando-senhor-dos-passos-em-poa-sao-paulo.jpeg\" \/>\n\t<meta property=\"og:image:width\" content=\"957\" \/>\n\t<meta property=\"og:image:height\" content=\"631\" \/>\n\t<meta property=\"og:image:type\" content=\"image\/jpeg\" \/>\n<meta name=\"author\" content=\"@sscc\" \/>\n<meta name=\"twitter:card\" content=\"summary_large_image\" \/>\n<meta name=\"twitter:creator\" content=\"@beatopeustaquio\" \/>\n<meta name=\"twitter:site\" content=\"@beatopeustaquio\" \/>\n<meta name=\"twitter:label1\" content=\"Written by\" \/>\n\t<meta name=\"twitter:data1\" content=\"@sscc\" \/>\n\t<meta name=\"twitter:label2\" content=\"Est. reading time\" \/>\n\t<meta name=\"twitter:data2\" content=\"3 minutes\" \/>\n<script type=\"application\/ld+json\" class=\"yoast-schema-graph\">{\"@context\":\"https:\/\/schema.org\",\"@graph\":[{\"@type\":\"Article\",\"@id\":\"https:\/\/www.padreeustaquio.com.br\/palavras-do-padre-eustaquio-o-valor-do-tempo-santificar-o-nosso-trabalho\/#article\",\"isPartOf\":{\"@id\":\"https:\/\/www.padreeustaquio.com.br\/palavras-do-padre-eustaquio-o-valor-do-tempo-santificar-o-nosso-trabalho\/\"},\"author\":{\"name\":\"@sscc\",\"@id\":\"https:\/\/www.padreeustaquio.com.br\/#\/schema\/person\/a2a51db1d00f1a7af0204a0f1ddb1566\"},\"headline\":\"Palavras do Padre Eust\u00e1quio &#8211; O valor do tempo: santificar o nosso trabalho\",\"datePublished\":\"2022-01-06T08:23:00+00:00\",\"mainEntityOfPage\":{\"@id\":\"https:\/\/www.padreeustaquio.com.br\/palavras-do-padre-eustaquio-o-valor-do-tempo-santificar-o-nosso-trabalho\/\"},\"wordCount\":713,\"commentCount\":0,\"publisher\":{\"@id\":\"https:\/\/www.padreeustaquio.com.br\/#organization\"},\"image\":{\"@id\":\"https:\/\/www.padreeustaquio.com.br\/palavras-do-padre-eustaquio-o-valor-do-tempo-santificar-o-nosso-trabalho\/#primaryimage\"},\"thumbnailUrl\":\"https:\/\/www.padreeustaquio.com.br\/wp-content\/uploads\/2022\/01\/Padre-eustaquio-rezando-senhor-dos-passos-em-poa-sao-paulo.jpeg\",\"articleSection\":[\"Not\u00edcias\"],\"inLanguage\":\"en-US\",\"potentialAction\":[{\"@type\":\"CommentAction\",\"name\":\"Comment\",\"target\":[\"https:\/\/www.padreeustaquio.com.br\/palavras-do-padre-eustaquio-o-valor-do-tempo-santificar-o-nosso-trabalho\/#respond\"]}]},{\"@type\":\"WebPage\",\"@id\":\"https:\/\/www.padreeustaquio.com.br\/palavras-do-padre-eustaquio-o-valor-do-tempo-santificar-o-nosso-trabalho\/\",\"url\":\"https:\/\/www.padreeustaquio.com.br\/palavras-do-padre-eustaquio-o-valor-do-tempo-santificar-o-nosso-trabalho\/\",\"name\":\"Palavras do Padre Eust\u00e1quio - O valor do tempo: santificar o nosso trabalho\",\"isPartOf\":{\"@id\":\"https:\/\/www.padreeustaquio.com.br\/#website\"},\"primaryImageOfPage\":{\"@id\":\"https:\/\/www.padreeustaquio.com.br\/palavras-do-padre-eustaquio-o-valor-do-tempo-santificar-o-nosso-trabalho\/#primaryimage\"},\"image\":{\"@id\":\"https:\/\/www.padreeustaquio.com.br\/palavras-do-padre-eustaquio-o-valor-do-tempo-santificar-o-nosso-trabalho\/#primaryimage\"},\"thumbnailUrl\":\"https:\/\/www.padreeustaquio.com.br\/wp-content\/uploads\/2022\/01\/Padre-eustaquio-rezando-senhor-dos-passos-em-poa-sao-paulo.jpeg\",\"datePublished\":\"2022-01-06T08:23:00+00:00\",\"description\":\"Como voc\u00ea ocupa o seu tempo no seu dia a dia? Sua vida est\u00e1 sendo de ora\u00e7\u00e3o e trabalho, de entrega total aos seus irm\u00e3os, ou est\u00e1 sendo uma vida sem tempo para lidar com as coisas de Deus? Veja um dos escritos de Padre Eust\u00e1quio sobre este assunto.\",\"breadcrumb\":{\"@id\":\"https:\/\/www.padreeustaquio.com.br\/palavras-do-padre-eustaquio-o-valor-do-tempo-santificar-o-nosso-trabalho\/#breadcrumb\"},\"inLanguage\":\"en-US\",\"potentialAction\":[{\"@type\":\"ReadAction\",\"target\":[\"https:\/\/www.padreeustaquio.com.br\/palavras-do-padre-eustaquio-o-valor-do-tempo-santificar-o-nosso-trabalho\/\"]}]},{\"@type\":\"ImageObject\",\"inLanguage\":\"en-US\",\"@id\":\"https:\/\/www.padreeustaquio.com.br\/palavras-do-padre-eustaquio-o-valor-do-tempo-santificar-o-nosso-trabalho\/#primaryimage\",\"url\":\"https:\/\/www.padreeustaquio.com.br\/wp-content\/uploads\/2022\/01\/Padre-eustaquio-rezando-senhor-dos-passos-em-poa-sao-paulo.jpeg\",\"contentUrl\":\"https:\/\/www.padreeustaquio.com.br\/wp-content\/uploads\/2022\/01\/Padre-eustaquio-rezando-senhor-dos-passos-em-poa-sao-paulo.jpeg\",\"width\":957,\"height\":631,\"caption\":\"Padre Eust\u00e1quio, com seu coadjutor, rezando ao Senhor dos Passos, em Po\u00e1-SP\"},{\"@type\":\"BreadcrumbList\",\"@id\":\"https:\/\/www.padreeustaquio.com.br\/palavras-do-padre-eustaquio-o-valor-do-tempo-santificar-o-nosso-trabalho\/#breadcrumb\",\"itemListElement\":[{\"@type\":\"ListItem\",\"position\":1,\"name\":\"In\u00edcio\",\"item\":\"https:\/\/www.padreeustaquio.com.br\/\"},{\"@type\":\"ListItem\",\"position\":2,\"name\":\"Palavras do Padre Eust\u00e1quio &#8211; O valor do tempo: santificar o nosso trabalho\"}]},{\"@type\":\"WebSite\",\"@id\":\"https:\/\/www.padreeustaquio.com.br\/#website\",\"url\":\"https:\/\/www.padreeustaquio.com.br\/\",\"name\":\"Padre Eust\u00e1quio\",\"description\":\"Sa\u00fade e Paz\",\"publisher\":{\"@id\":\"https:\/\/www.padreeustaquio.com.br\/#organization\"},\"potentialAction\":[{\"@type\":\"SearchAction\",\"target\":{\"@type\":\"EntryPoint\",\"urlTemplate\":\"https:\/\/www.padreeustaquio.com.br\/?s={search_term_string}\"},\"query-input\":{\"@type\":\"PropertyValueSpecification\",\"valueRequired\":true,\"valueName\":\"search_term_string\"}}],\"inLanguage\":\"en-US\"},{\"@type\":\"Organization\",\"@id\":\"https:\/\/www.padreeustaquio.com.br\/#organization\",\"name\":\"Padre Eust\u00e1quio\",\"url\":\"https:\/\/www.padreeustaquio.com.br\/\",\"logo\":{\"@type\":\"ImageObject\",\"inLanguage\":\"en-US\",\"@id\":\"https:\/\/www.padreeustaquio.com.br\/#\/schema\/logo\/image\/\",\"url\":\"https:\/\/www.padreeustaquio.com.br\/wp-content\/uploads\/2019\/08\/marca.png\",\"contentUrl\":\"https:\/\/www.padreeustaquio.com.br\/wp-content\/uploads\/2019\/08\/marca.png\",\"width\":350,\"height\":400,\"caption\":\"Padre Eust\u00e1quio\"},\"image\":{\"@id\":\"https:\/\/www.padreeustaquio.com.br\/#\/schema\/logo\/image\/\"},\"sameAs\":[\"https:\/\/www.facebook.com\/beatopadreeustaquio\/\",\"https:\/\/x.com\/beatopeustaquio\",\"https:\/\/www.instagram.com\/beatopadreeustaquio\/\",\"https:\/\/www.youtube.com\/channel\/UCRhw7vfabnajwLxb1ZXMeIw\"]},{\"@type\":\"Person\",\"@id\":\"https:\/\/www.padreeustaquio.com.br\/#\/schema\/person\/a2a51db1d00f1a7af0204a0f1ddb1566\",\"name\":\"@sscc\",\"image\":{\"@type\":\"ImageObject\",\"inLanguage\":\"en-US\",\"@id\":\"https:\/\/secure.gravatar.com\/avatar\/68cfafa5f44617fea54071e215026e0ff06be366c3d54a8425f04fdcb86f8c5f?s=96&d=mm&r=g\",\"url\":\"https:\/\/secure.gravatar.com\/avatar\/68cfafa5f44617fea54071e215026e0ff06be366c3d54a8425f04fdcb86f8c5f?s=96&d=mm&r=g\",\"contentUrl\":\"https:\/\/secure.gravatar.com\/avatar\/68cfafa5f44617fea54071e215026e0ff06be366c3d54a8425f04fdcb86f8c5f?s=96&d=mm&r=g\",\"caption\":\"@sscc\"},\"url\":\"https:\/\/www.padreeustaquio.com.br\/en\/author\/sscc\/\"}]}<\/script>\n<!-- \/ Yoast SEO plugin. -->","yoast_head_json":{"title":"Words of Father Eust\u00e1quio - The value of time: sanctifying our work","description":"How do you spend your time in your daily life? Is your life one of prayer and work, of total dedication to your brothers and sisters, or is it a life without time to deal with the things of God? See one of Father Eust\u00e1quio&#039;s writings on this subject.","robots":{"index":"index","follow":"follow","max-snippet":"max-snippet:-1","max-image-preview":"max-image-preview:large","max-video-preview":"max-video-preview:-1"},"canonical":"https:\/\/www.padreeustaquio.com.br\/en\/father-eustaces-words-the-value-of-time-sanctifying-our-work\/","og_locale":"en_US","og_type":"article","og_title":"Palavras do Padre Eust\u00e1quio - O valor do tempo: santificar o nosso trabalho","og_description":"Como voc\u00ea ocupa o seu tempo no seu dia a dia? Sua vida est\u00e1 sendo de ora\u00e7\u00e3o e trabalho, de entrega total aos seus irm\u00e3os, ou est\u00e1 sendo uma vida sem tempo para lidar com as coisas de Deus? Veja um dos escritos de Padre Eust\u00e1quio sobre este assunto.","og_url":"https:\/\/www.padreeustaquio.com.br\/en\/father-eustaces-words-the-value-of-time-sanctifying-our-work\/","og_site_name":"Padre Eust\u00e1quio","article_publisher":"https:\/\/www.facebook.com\/beatopadreeustaquio\/","article_published_time":"2022-01-06T08:23:00+00:00","og_image":[{"width":957,"height":631,"url":"https:\/\/www.padreeustaquio.com.br\/wp-content\/uploads\/2022\/01\/Padre-eustaquio-rezando-senhor-dos-passos-em-poa-sao-paulo.jpeg","type":"image\/jpeg"}],"author":"@sscc","twitter_card":"summary_large_image","twitter_creator":"@beatopeustaquio","twitter_site":"@beatopeustaquio","twitter_misc":{"Written by":"@sscc","Est. reading time":"3 minutes"},"schema":{"@context":"https:\/\/schema.org","@graph":[{"@type":"Article","@id":"https:\/\/www.padreeustaquio.com.br\/palavras-do-padre-eustaquio-o-valor-do-tempo-santificar-o-nosso-trabalho\/#article","isPartOf":{"@id":"https:\/\/www.padreeustaquio.com.br\/palavras-do-padre-eustaquio-o-valor-do-tempo-santificar-o-nosso-trabalho\/"},"author":{"name":"@sscc","@id":"https:\/\/www.padreeustaquio.com.br\/#\/schema\/person\/a2a51db1d00f1a7af0204a0f1ddb1566"},"headline":"Palavras do Padre Eust\u00e1quio &#8211; O valor do tempo: santificar o nosso trabalho","datePublished":"2022-01-06T08:23:00+00:00","mainEntityOfPage":{"@id":"https:\/\/www.padreeustaquio.com.br\/palavras-do-padre-eustaquio-o-valor-do-tempo-santificar-o-nosso-trabalho\/"},"wordCount":713,"commentCount":0,"publisher":{"@id":"https:\/\/www.padreeustaquio.com.br\/#organization"},"image":{"@id":"https:\/\/www.padreeustaquio.com.br\/palavras-do-padre-eustaquio-o-valor-do-tempo-santificar-o-nosso-trabalho\/#primaryimage"},"thumbnailUrl":"https:\/\/www.padreeustaquio.com.br\/wp-content\/uploads\/2022\/01\/Padre-eustaquio-rezando-senhor-dos-passos-em-poa-sao-paulo.jpeg","articleSection":["Not\u00edcias"],"inLanguage":"en-US","potentialAction":[{"@type":"CommentAction","name":"Comment","target":["https:\/\/www.padreeustaquio.com.br\/palavras-do-padre-eustaquio-o-valor-do-tempo-santificar-o-nosso-trabalho\/#respond"]}]},{"@type":"WebPage","@id":"https:\/\/www.padreeustaquio.com.br\/palavras-do-padre-eustaquio-o-valor-do-tempo-santificar-o-nosso-trabalho\/","url":"https:\/\/www.padreeustaquio.com.br\/palavras-do-padre-eustaquio-o-valor-do-tempo-santificar-o-nosso-trabalho\/","name":"Words of Father Eust\u00e1quio - The value of time: sanctifying our work","isPartOf":{"@id":"https:\/\/www.padreeustaquio.com.br\/#website"},"primaryImageOfPage":{"@id":"https:\/\/www.padreeustaquio.com.br\/palavras-do-padre-eustaquio-o-valor-do-tempo-santificar-o-nosso-trabalho\/#primaryimage"},"image":{"@id":"https:\/\/www.padreeustaquio.com.br\/palavras-do-padre-eustaquio-o-valor-do-tempo-santificar-o-nosso-trabalho\/#primaryimage"},"thumbnailUrl":"https:\/\/www.padreeustaquio.com.br\/wp-content\/uploads\/2022\/01\/Padre-eustaquio-rezando-senhor-dos-passos-em-poa-sao-paulo.jpeg","datePublished":"2022-01-06T08:23:00+00:00","description":"How do you spend your time in your daily life? Is your life one of prayer and work, of total dedication to your brothers and sisters, or is it a life without time to deal with the things of God? See one of Father Eust\u00e1quio&#039;s writings on this subject.","breadcrumb":{"@id":"https:\/\/www.padreeustaquio.com.br\/palavras-do-padre-eustaquio-o-valor-do-tempo-santificar-o-nosso-trabalho\/#breadcrumb"},"inLanguage":"en-US","potentialAction":[{"@type":"ReadAction","target":["https:\/\/www.padreeustaquio.com.br\/palavras-do-padre-eustaquio-o-valor-do-tempo-santificar-o-nosso-trabalho\/"]}]},{"@type":"ImageObject","inLanguage":"en-US","@id":"https:\/\/www.padreeustaquio.com.br\/palavras-do-padre-eustaquio-o-valor-do-tempo-santificar-o-nosso-trabalho\/#primaryimage","url":"https:\/\/www.padreeustaquio.com.br\/wp-content\/uploads\/2022\/01\/Padre-eustaquio-rezando-senhor-dos-passos-em-poa-sao-paulo.jpeg","contentUrl":"https:\/\/www.padreeustaquio.com.br\/wp-content\/uploads\/2022\/01\/Padre-eustaquio-rezando-senhor-dos-passos-em-poa-sao-paulo.jpeg","width":957,"height":631,"caption":"Padre Eust\u00e1quio, com seu coadjutor, rezando ao Senhor dos Passos, em Po\u00e1-SP"},{"@type":"BreadcrumbList","@id":"https:\/\/www.padreeustaquio.com.br\/palavras-do-padre-eustaquio-o-valor-do-tempo-santificar-o-nosso-trabalho\/#breadcrumb","itemListElement":[{"@type":"ListItem","position":1,"name":"In\u00edcio","item":"https:\/\/www.padreeustaquio.com.br\/"},{"@type":"ListItem","position":2,"name":"Palavras do Padre Eust\u00e1quio &#8211; O valor do tempo: santificar o nosso trabalho"}]},{"@type":"WebSite","@id":"https:\/\/www.padreeustaquio.com.br\/#website","url":"https:\/\/www.padreeustaquio.com.br\/","name":"FATHER EUST\u00c1QUIO","description":"Health and Peace","publisher":{"@id":"https:\/\/www.padreeustaquio.com.br\/#organization"},"potentialAction":[{"@type":"SearchAction","target":{"@type":"EntryPoint","urlTemplate":"https:\/\/www.padreeustaquio.com.br\/?s={search_term_string}"},"query-input":{"@type":"PropertyValueSpecification","valueRequired":true,"valueName":"search_term_string"}}],"inLanguage":"en-US"},{"@type":"Organization","@id":"https:\/\/www.padreeustaquio.com.br\/#organization","name":"FATHER EUST\u00c1QUIO","url":"https:\/\/www.padreeustaquio.com.br\/","logo":{"@type":"ImageObject","inLanguage":"en-US","@id":"https:\/\/www.padreeustaquio.com.br\/#\/schema\/logo\/image\/","url":"https:\/\/www.padreeustaquio.com.br\/wp-content\/uploads\/2019\/08\/marca.png","contentUrl":"https:\/\/www.padreeustaquio.com.br\/wp-content\/uploads\/2019\/08\/marca.png","width":350,"height":400,"caption":"Padre Eust\u00e1quio"},"image":{"@id":"https:\/\/www.padreeustaquio.com.br\/#\/schema\/logo\/image\/"},"sameAs":["https:\/\/www.facebook.com\/beatopadreeustaquio\/","https:\/\/x.com\/beatopeustaquio","https:\/\/www.instagram.com\/beatopadreeustaquio\/","https:\/\/www.youtube.com\/channel\/UCRhw7vfabnajwLxb1ZXMeIw"]},{"@type":"Person","@id":"https:\/\/www.padreeustaquio.com.br\/#\/schema\/person\/a2a51db1d00f1a7af0204a0f1ddb1566","name":"@sscc","image":{"@type":"ImageObject","inLanguage":"en-US","@id":"https:\/\/secure.gravatar.com\/avatar\/68cfafa5f44617fea54071e215026e0ff06be366c3d54a8425f04fdcb86f8c5f?s=96&d=mm&r=g","url":"https:\/\/secure.gravatar.com\/avatar\/68cfafa5f44617fea54071e215026e0ff06be366c3d54a8425f04fdcb86f8c5f?s=96&d=mm&r=g","contentUrl":"https:\/\/secure.gravatar.com\/avatar\/68cfafa5f44617fea54071e215026e0ff06be366c3d54a8425f04fdcb86f8c5f?s=96&d=mm&r=g","caption":"@sscc"},"url":"https:\/\/www.padreeustaquio.com.br\/en\/author\/sscc\/"}]}},"_links":{"self":[{"href":"https:\/\/www.padreeustaquio.com.br\/en\/wp-json\/wp\/v2\/posts\/7896","targetHints":{"allow":["GET"]}}],"collection":[{"href":"https:\/\/www.padreeustaquio.com.br\/en\/wp-json\/wp\/v2\/posts"}],"about":[{"href":"https:\/\/www.padreeustaquio.com.br\/en\/wp-json\/wp\/v2\/types\/post"}],"author":[{"embeddable":true,"href":"https:\/\/www.padreeustaquio.com.br\/en\/wp-json\/wp\/v2\/users\/2"}],"replies":[{"embeddable":true,"href":"https:\/\/www.padreeustaquio.com.br\/en\/wp-json\/wp\/v2\/comments?post=7896"}],"version-history":[{"count":0,"href":"https:\/\/www.padreeustaquio.com.br\/en\/wp-json\/wp\/v2\/posts\/7896\/revisions"}],"wp:featuredmedia":[{"embeddable":true,"href":"https:\/\/www.padreeustaquio.com.br\/en\/wp-json\/wp\/v2\/media\/7897"}],"wp:attachment":[{"href":"https:\/\/www.padreeustaquio.com.br\/en\/wp-json\/wp\/v2\/media?parent=7896"}],"wp:term":[{"taxonomy":"category","embeddable":true,"href":"https:\/\/www.padreeustaquio.com.br\/en\/wp-json\/wp\/v2\/categories?post=7896"},{"taxonomy":"post_tag","embeddable":true,"href":"https:\/\/www.padreeustaquio.com.br\/en\/wp-json\/wp\/v2\/tags?post=7896"}],"curies":[{"name":"wp","href":"https:\/\/api.w.org\/{rel}","templated":true}]}}