{"id":7889,"date":"2022-01-12T05:58:00","date_gmt":"2022-01-12T08:58:00","guid":{"rendered":"https:\/\/www.padreeustaquio.com.br\/?p=7889"},"modified":"2022-01-04T15:42:08","modified_gmt":"2022-01-04T18:42:08","slug":"start-your-week-right-with-this-sunday-message-from-the-padre-eustaquio-channel","status":"publish","type":"post","link":"https:\/\/www.padreeustaquio.com.br\/en\/start-your-week-right-with-this-sunday-message-from-the-padre-eustaquio-channel\/","title":{"rendered":"Start your week right with the &quot;Sunday Message&quot; from the Padre Eust\u00e1quio Channel."},"content":{"rendered":"<p>Every week the Padre Eust\u00e1quio Channel team releases a new video with messages based on the Gospel reading for each Sunday. The short programs are produced by Father Vin\u00edcius Maciel, sscc, vice-postulator of the Cause for Canonization of Father Eust\u00e1quio.<\/p>\n\n\n\n<p>Every Sunday at 8:00 AM, Father Vin\u00edcius Maciel offers a moment of reflection to help us start our week well. The messages are recorded at the Sanctuary of Health and Peace and broadcast on the National Secretariat&#039;s YouTube channel. Each week, in accordance with the Gospel of the day, the priest meditates on the words of the evangelists, helping us to face the problems of daily life.<\/p>\n\n\n\n<p>The videos are about 2 minutes long and can be viewed <a href=\"https:\/\/www.youtube.com\/watch?v=nVJ5TRhWhCk&amp;list=PL7SBzddW7UzkngWo8UtaHmSgqN7okC6Aw\" target=\"_blank\" rel=\"noreferrer noopener\">CLICK HERE<\/a>. Simple and straightforward, the material can be shared with friends and family through social media, helping to spread the Gospel of Jesus Christ and the message of Health and Peace from Father Eust\u00e1quio.<\/p>\n\n\n\n<p><\/p>","protected":false},"excerpt":{"rendered":"<p>Todas as semanas a equipe do Canal Padre Eust\u00e1quio lan\u00e7a um v\u00eddeo novo com mensagens baseadas no Evangelho proposto para cada domingo. Os programetes s\u00e3o feitos pelo Padre Vin\u00edcius Maciel, sscc, vice-postulador da Causa de Canoniza\u00e7\u00e3o de Padre Eust\u00e1quio. Todos os domingos, \u00e0s 8h, Padre Vin\u00edcius Maciel traz um momento de reflex\u00e3o para come\u00e7armos bem a nossa semana. As mensagens s\u00e3o gravadas no Santu\u00e1rio da Sa\u00fade e Paz e exibidas pelo Canal do Secretariado Nacional no YouTube. A cada semana, de acordo com o Evangelho do dia, o sacerdote medita as palavras dos evangelistas, nos ajudando a enfrentar os problemas [&hellip;]<\/p>\n","protected":false},"author":2,"featured_media":7890,"comment_status":"open","ping_status":"closed","sticky":false,"template":"","format":"standard","meta":{"_acf_changed":false,"footnotes":""},"categories":[611],"tags":[],"class_list":["post-7889","post","type-post","status-publish","format-standard","has-post-thumbnail","hentry","category-noticias"],"acf":[],"yoast_head":"<!-- This site is optimized with the Yoast SEO plugin v27.2 - https:\/\/yoast.com\/product\/yoast-seo-wordpress\/ -->\n<title>Comece bem a semana com a &quot;Mensagem de Domingo&quot; do Canal Padre Eust\u00e1quio<\/title>\n<meta name=\"description\" content=\"Todas as semanas a equipe do Canal Padre Eust\u00e1quio lan\u00e7a um v\u00eddeo novo com mensagens baseadas no Evangelho proposto para cada domingo. Os programetes s\u00e3o feitos pelo Padre Vin\u00edcius Maciel, sscc, vice-postulador da Causa de Canoniza\u00e7\u00e3o de Padre Eust\u00e1quio.\" \/>\n<meta name=\"robots\" content=\"index, follow, max-snippet:-1, max-image-preview:large, max-video-preview:-1\" \/>\n<link rel=\"canonical\" href=\"https:\/\/www.padreeustaquio.com.br\/en\/start-your-week-right-with-this-sunday-message-from-the-padre-eustaquio-channel\/\" \/>\n<meta property=\"og:locale\" content=\"en_US\" \/>\n<meta property=\"og:type\" content=\"article\" \/>\n<meta property=\"og:title\" content=\"Comece bem a semana com a &quot;Mensagem de Domingo&quot; do Canal Padre Eust\u00e1quio\" \/>\n<meta property=\"og:description\" content=\"Todas as semanas a equipe do Canal Padre Eust\u00e1quio lan\u00e7a um v\u00eddeo novo com mensagens baseadas no Evangelho proposto para cada domingo. Os programetes s\u00e3o feitos pelo Padre Vin\u00edcius Maciel, sscc, vice-postulador da Causa de Canoniza\u00e7\u00e3o de Padre Eust\u00e1quio.\" \/>\n<meta property=\"og:url\" content=\"https:\/\/www.padreeustaquio.com.br\/en\/start-your-week-right-with-this-sunday-message-from-the-padre-eustaquio-channel\/\" \/>\n<meta property=\"og:site_name\" content=\"Padre Eust\u00e1quio\" \/>\n<meta property=\"article:publisher\" content=\"https:\/\/www.facebook.com\/beatopadreeustaquio\/\" \/>\n<meta property=\"article:published_time\" content=\"2022-01-12T08:58:00+00:00\" \/>\n<meta property=\"og:image\" content=\"https:\/\/www.padreeustaquio.com.br\/wp-content\/uploads\/2022\/01\/FOTO-4-scaled.jpg\" \/>\n\t<meta property=\"og:image:width\" content=\"2560\" \/>\n\t<meta property=\"og:image:height\" content=\"1707\" \/>\n\t<meta property=\"og:image:type\" content=\"image\/jpeg\" \/>\n<meta name=\"author\" content=\"@sscc\" \/>\n<meta name=\"twitter:card\" content=\"summary_large_image\" \/>\n<meta name=\"twitter:creator\" content=\"@beatopeustaquio\" \/>\n<meta name=\"twitter:site\" content=\"@beatopeustaquio\" \/>\n<meta name=\"twitter:label1\" content=\"Written by\" \/>\n\t<meta name=\"twitter:data1\" content=\"@sscc\" \/>\n\t<meta name=\"twitter:label2\" content=\"Est. reading time\" \/>\n\t<meta name=\"twitter:data2\" content=\"1 minute\" \/>\n<script type=\"application\/ld+json\" class=\"yoast-schema-graph\">{\"@context\":\"https:\/\/schema.org\",\"@graph\":[{\"@type\":\"Article\",\"@id\":\"https:\/\/www.padreeustaquio.com.br\/comece-bem-a-semana-com-a-mensagem-de-domingo-do-canal-padre-eustaquio\/#article\",\"isPartOf\":{\"@id\":\"https:\/\/www.padreeustaquio.com.br\/comece-bem-a-semana-com-a-mensagem-de-domingo-do-canal-padre-eustaquio\/\"},\"author\":{\"name\":\"@sscc\",\"@id\":\"https:\/\/www.padreeustaquio.com.br\/#\/schema\/person\/a2a51db1d00f1a7af0204a0f1ddb1566\"},\"headline\":\"Comece bem a semana com a &#8220;Mensagem de Domingo&#8221; do Canal Padre Eust\u00e1quio\",\"datePublished\":\"2022-01-12T08:58:00+00:00\",\"mainEntityOfPage\":{\"@id\":\"https:\/\/www.padreeustaquio.com.br\/comece-bem-a-semana-com-a-mensagem-de-domingo-do-canal-padre-eustaquio\/\"},\"wordCount\":185,\"commentCount\":0,\"publisher\":{\"@id\":\"https:\/\/www.padreeustaquio.com.br\/#organization\"},\"image\":{\"@id\":\"https:\/\/www.padreeustaquio.com.br\/comece-bem-a-semana-com-a-mensagem-de-domingo-do-canal-padre-eustaquio\/#primaryimage\"},\"thumbnailUrl\":\"https:\/\/www.padreeustaquio.com.br\/wp-content\/uploads\/2022\/01\/FOTO-4-scaled.jpg\",\"articleSection\":[\"Not\u00edcias\"],\"inLanguage\":\"en-US\",\"potentialAction\":[{\"@type\":\"CommentAction\",\"name\":\"Comment\",\"target\":[\"https:\/\/www.padreeustaquio.com.br\/comece-bem-a-semana-com-a-mensagem-de-domingo-do-canal-padre-eustaquio\/#respond\"]}]},{\"@type\":\"WebPage\",\"@id\":\"https:\/\/www.padreeustaquio.com.br\/comece-bem-a-semana-com-a-mensagem-de-domingo-do-canal-padre-eustaquio\/\",\"url\":\"https:\/\/www.padreeustaquio.com.br\/comece-bem-a-semana-com-a-mensagem-de-domingo-do-canal-padre-eustaquio\/\",\"name\":\"Comece bem a semana com a \\\"Mensagem de Domingo\\\" do Canal Padre Eust\u00e1quio\",\"isPartOf\":{\"@id\":\"https:\/\/www.padreeustaquio.com.br\/#website\"},\"primaryImageOfPage\":{\"@id\":\"https:\/\/www.padreeustaquio.com.br\/comece-bem-a-semana-com-a-mensagem-de-domingo-do-canal-padre-eustaquio\/#primaryimage\"},\"image\":{\"@id\":\"https:\/\/www.padreeustaquio.com.br\/comece-bem-a-semana-com-a-mensagem-de-domingo-do-canal-padre-eustaquio\/#primaryimage\"},\"thumbnailUrl\":\"https:\/\/www.padreeustaquio.com.br\/wp-content\/uploads\/2022\/01\/FOTO-4-scaled.jpg\",\"datePublished\":\"2022-01-12T08:58:00+00:00\",\"description\":\"Todas as semanas a equipe do Canal Padre Eust\u00e1quio lan\u00e7a um v\u00eddeo novo com mensagens baseadas no Evangelho proposto para cada domingo. Os programetes s\u00e3o feitos pelo Padre Vin\u00edcius Maciel, sscc, vice-postulador da Causa de Canoniza\u00e7\u00e3o de Padre Eust\u00e1quio.\",\"breadcrumb\":{\"@id\":\"https:\/\/www.padreeustaquio.com.br\/comece-bem-a-semana-com-a-mensagem-de-domingo-do-canal-padre-eustaquio\/#breadcrumb\"},\"inLanguage\":\"en-US\",\"potentialAction\":[{\"@type\":\"ReadAction\",\"target\":[\"https:\/\/www.padreeustaquio.com.br\/comece-bem-a-semana-com-a-mensagem-de-domingo-do-canal-padre-eustaquio\/\"]}]},{\"@type\":\"ImageObject\",\"inLanguage\":\"en-US\",\"@id\":\"https:\/\/www.padreeustaquio.com.br\/comece-bem-a-semana-com-a-mensagem-de-domingo-do-canal-padre-eustaquio\/#primaryimage\",\"url\":\"https:\/\/www.padreeustaquio.com.br\/wp-content\/uploads\/2022\/01\/FOTO-4-scaled.jpg\",\"contentUrl\":\"https:\/\/www.padreeustaquio.com.br\/wp-content\/uploads\/2022\/01\/FOTO-4-scaled.jpg\",\"width\":2560,\"height\":1707},{\"@type\":\"BreadcrumbList\",\"@id\":\"https:\/\/www.padreeustaquio.com.br\/comece-bem-a-semana-com-a-mensagem-de-domingo-do-canal-padre-eustaquio\/#breadcrumb\",\"itemListElement\":[{\"@type\":\"ListItem\",\"position\":1,\"name\":\"In\u00edcio\",\"item\":\"https:\/\/www.padreeustaquio.com.br\/\"},{\"@type\":\"ListItem\",\"position\":2,\"name\":\"Comece bem a semana com a &#8220;Mensagem de Domingo&#8221; do Canal Padre Eust\u00e1quio\"}]},{\"@type\":\"WebSite\",\"@id\":\"https:\/\/www.padreeustaquio.com.br\/#website\",\"url\":\"https:\/\/www.padreeustaquio.com.br\/\",\"name\":\"Padre Eust\u00e1quio\",\"description\":\"Sa\u00fade e Paz\",\"publisher\":{\"@id\":\"https:\/\/www.padreeustaquio.com.br\/#organization\"},\"potentialAction\":[{\"@type\":\"SearchAction\",\"target\":{\"@type\":\"EntryPoint\",\"urlTemplate\":\"https:\/\/www.padreeustaquio.com.br\/?s={search_term_string}\"},\"query-input\":{\"@type\":\"PropertyValueSpecification\",\"valueRequired\":true,\"valueName\":\"search_term_string\"}}],\"inLanguage\":\"en-US\"},{\"@type\":\"Organization\",\"@id\":\"https:\/\/www.padreeustaquio.com.br\/#organization\",\"name\":\"Padre Eust\u00e1quio\",\"url\":\"https:\/\/www.padreeustaquio.com.br\/\",\"logo\":{\"@type\":\"ImageObject\",\"inLanguage\":\"en-US\",\"@id\":\"https:\/\/www.padreeustaquio.com.br\/#\/schema\/logo\/image\/\",\"url\":\"https:\/\/www.padreeustaquio.com.br\/wp-content\/uploads\/2019\/08\/marca.png\",\"contentUrl\":\"https:\/\/www.padreeustaquio.com.br\/wp-content\/uploads\/2019\/08\/marca.png\",\"width\":350,\"height\":400,\"caption\":\"Padre Eust\u00e1quio\"},\"image\":{\"@id\":\"https:\/\/www.padreeustaquio.com.br\/#\/schema\/logo\/image\/\"},\"sameAs\":[\"https:\/\/www.facebook.com\/beatopadreeustaquio\/\",\"https:\/\/x.com\/beatopeustaquio\",\"https:\/\/www.instagram.com\/beatopadreeustaquio\/\",\"https:\/\/www.youtube.com\/channel\/UCRhw7vfabnajwLxb1ZXMeIw\"]},{\"@type\":\"Person\",\"@id\":\"https:\/\/www.padreeustaquio.com.br\/#\/schema\/person\/a2a51db1d00f1a7af0204a0f1ddb1566\",\"name\":\"@sscc\",\"image\":{\"@type\":\"ImageObject\",\"inLanguage\":\"en-US\",\"@id\":\"https:\/\/secure.gravatar.com\/avatar\/68cfafa5f44617fea54071e215026e0ff06be366c3d54a8425f04fdcb86f8c5f?s=96&d=mm&r=g\",\"url\":\"https:\/\/secure.gravatar.com\/avatar\/68cfafa5f44617fea54071e215026e0ff06be366c3d54a8425f04fdcb86f8c5f?s=96&d=mm&r=g\",\"contentUrl\":\"https:\/\/secure.gravatar.com\/avatar\/68cfafa5f44617fea54071e215026e0ff06be366c3d54a8425f04fdcb86f8c5f?s=96&d=mm&r=g\",\"caption\":\"@sscc\"},\"url\":\"https:\/\/www.padreeustaquio.com.br\/en\/author\/sscc\/\"}]}<\/script>\n<!-- \/ Yoast SEO plugin. -->","yoast_head_json":{"title":"Start your week right with the &quot;Sunday Message&quot; from the Padre Eust\u00e1quio Channel.","description":"Every week the Padre Eust\u00e1quio Channel team releases a new video with messages based on the Gospel reading for each Sunday. The short programs are produced by Father Vin\u00edcius Maciel, sscc, vice-postulator of the Cause for Canonization of Father Eust\u00e1quio.","robots":{"index":"index","follow":"follow","max-snippet":"max-snippet:-1","max-image-preview":"max-image-preview:large","max-video-preview":"max-video-preview:-1"},"canonical":"https:\/\/www.padreeustaquio.com.br\/en\/start-your-week-right-with-this-sunday-message-from-the-padre-eustaquio-channel\/","og_locale":"en_US","og_type":"article","og_title":"Comece bem a semana com a \"Mensagem de Domingo\" do Canal Padre Eust\u00e1quio","og_description":"Todas as semanas a equipe do Canal Padre Eust\u00e1quio lan\u00e7a um v\u00eddeo novo com mensagens baseadas no Evangelho proposto para cada domingo. Os programetes s\u00e3o feitos pelo Padre Vin\u00edcius Maciel, sscc, vice-postulador da Causa de Canoniza\u00e7\u00e3o de Padre Eust\u00e1quio.","og_url":"https:\/\/www.padreeustaquio.com.br\/en\/start-your-week-right-with-this-sunday-message-from-the-padre-eustaquio-channel\/","og_site_name":"Padre Eust\u00e1quio","article_publisher":"https:\/\/www.facebook.com\/beatopadreeustaquio\/","article_published_time":"2022-01-12T08:58:00+00:00","og_image":[{"width":2560,"height":1707,"url":"https:\/\/www.padreeustaquio.com.br\/wp-content\/uploads\/2022\/01\/FOTO-4-scaled.jpg","type":"image\/jpeg"}],"author":"@sscc","twitter_card":"summary_large_image","twitter_creator":"@beatopeustaquio","twitter_site":"@beatopeustaquio","twitter_misc":{"Written by":"@sscc","Est. reading time":"1 minute"},"schema":{"@context":"https:\/\/schema.org","@graph":[{"@type":"Article","@id":"https:\/\/www.padreeustaquio.com.br\/comece-bem-a-semana-com-a-mensagem-de-domingo-do-canal-padre-eustaquio\/#article","isPartOf":{"@id":"https:\/\/www.padreeustaquio.com.br\/comece-bem-a-semana-com-a-mensagem-de-domingo-do-canal-padre-eustaquio\/"},"author":{"name":"@sscc","@id":"https:\/\/www.padreeustaquio.com.br\/#\/schema\/person\/a2a51db1d00f1a7af0204a0f1ddb1566"},"headline":"Comece bem a semana com a &#8220;Mensagem de Domingo&#8221; do Canal Padre Eust\u00e1quio","datePublished":"2022-01-12T08:58:00+00:00","mainEntityOfPage":{"@id":"https:\/\/www.padreeustaquio.com.br\/comece-bem-a-semana-com-a-mensagem-de-domingo-do-canal-padre-eustaquio\/"},"wordCount":185,"commentCount":0,"publisher":{"@id":"https:\/\/www.padreeustaquio.com.br\/#organization"},"image":{"@id":"https:\/\/www.padreeustaquio.com.br\/comece-bem-a-semana-com-a-mensagem-de-domingo-do-canal-padre-eustaquio\/#primaryimage"},"thumbnailUrl":"https:\/\/www.padreeustaquio.com.br\/wp-content\/uploads\/2022\/01\/FOTO-4-scaled.jpg","articleSection":["Not\u00edcias"],"inLanguage":"en-US","potentialAction":[{"@type":"CommentAction","name":"Comment","target":["https:\/\/www.padreeustaquio.com.br\/comece-bem-a-semana-com-a-mensagem-de-domingo-do-canal-padre-eustaquio\/#respond"]}]},{"@type":"WebPage","@id":"https:\/\/www.padreeustaquio.com.br\/comece-bem-a-semana-com-a-mensagem-de-domingo-do-canal-padre-eustaquio\/","url":"https:\/\/www.padreeustaquio.com.br\/comece-bem-a-semana-com-a-mensagem-de-domingo-do-canal-padre-eustaquio\/","name":"Start your week right with the &quot;Sunday Message&quot; from the Padre Eust\u00e1quio Channel.","isPartOf":{"@id":"https:\/\/www.padreeustaquio.com.br\/#website"},"primaryImageOfPage":{"@id":"https:\/\/www.padreeustaquio.com.br\/comece-bem-a-semana-com-a-mensagem-de-domingo-do-canal-padre-eustaquio\/#primaryimage"},"image":{"@id":"https:\/\/www.padreeustaquio.com.br\/comece-bem-a-semana-com-a-mensagem-de-domingo-do-canal-padre-eustaquio\/#primaryimage"},"thumbnailUrl":"https:\/\/www.padreeustaquio.com.br\/wp-content\/uploads\/2022\/01\/FOTO-4-scaled.jpg","datePublished":"2022-01-12T08:58:00+00:00","description":"Every week the Padre Eust\u00e1quio Channel team releases a new video with messages based on the Gospel reading for each Sunday. The short programs are produced by Father Vin\u00edcius Maciel, sscc, vice-postulator of the Cause for Canonization of Father Eust\u00e1quio.","breadcrumb":{"@id":"https:\/\/www.padreeustaquio.com.br\/comece-bem-a-semana-com-a-mensagem-de-domingo-do-canal-padre-eustaquio\/#breadcrumb"},"inLanguage":"en-US","potentialAction":[{"@type":"ReadAction","target":["https:\/\/www.padreeustaquio.com.br\/comece-bem-a-semana-com-a-mensagem-de-domingo-do-canal-padre-eustaquio\/"]}]},{"@type":"ImageObject","inLanguage":"en-US","@id":"https:\/\/www.padreeustaquio.com.br\/comece-bem-a-semana-com-a-mensagem-de-domingo-do-canal-padre-eustaquio\/#primaryimage","url":"https:\/\/www.padreeustaquio.com.br\/wp-content\/uploads\/2022\/01\/FOTO-4-scaled.jpg","contentUrl":"https:\/\/www.padreeustaquio.com.br\/wp-content\/uploads\/2022\/01\/FOTO-4-scaled.jpg","width":2560,"height":1707},{"@type":"BreadcrumbList","@id":"https:\/\/www.padreeustaquio.com.br\/comece-bem-a-semana-com-a-mensagem-de-domingo-do-canal-padre-eustaquio\/#breadcrumb","itemListElement":[{"@type":"ListItem","position":1,"name":"In\u00edcio","item":"https:\/\/www.padreeustaquio.com.br\/"},{"@type":"ListItem","position":2,"name":"Comece bem a semana com a &#8220;Mensagem de Domingo&#8221; do Canal Padre Eust\u00e1quio"}]},{"@type":"WebSite","@id":"https:\/\/www.padreeustaquio.com.br\/#website","url":"https:\/\/www.padreeustaquio.com.br\/","name":"FATHER EUST\u00c1QUIO","description":"Health and Peace","publisher":{"@id":"https:\/\/www.padreeustaquio.com.br\/#organization"},"potentialAction":[{"@type":"SearchAction","target":{"@type":"EntryPoint","urlTemplate":"https:\/\/www.padreeustaquio.com.br\/?s={search_term_string}"},"query-input":{"@type":"PropertyValueSpecification","valueRequired":true,"valueName":"search_term_string"}}],"inLanguage":"en-US"},{"@type":"Organization","@id":"https:\/\/www.padreeustaquio.com.br\/#organization","name":"FATHER EUST\u00c1QUIO","url":"https:\/\/www.padreeustaquio.com.br\/","logo":{"@type":"ImageObject","inLanguage":"en-US","@id":"https:\/\/www.padreeustaquio.com.br\/#\/schema\/logo\/image\/","url":"https:\/\/www.padreeustaquio.com.br\/wp-content\/uploads\/2019\/08\/marca.png","contentUrl":"https:\/\/www.padreeustaquio.com.br\/wp-content\/uploads\/2019\/08\/marca.png","width":350,"height":400,"caption":"Padre Eust\u00e1quio"},"image":{"@id":"https:\/\/www.padreeustaquio.com.br\/#\/schema\/logo\/image\/"},"sameAs":["https:\/\/www.facebook.com\/beatopadreeustaquio\/","https:\/\/x.com\/beatopeustaquio","https:\/\/www.instagram.com\/beatopadreeustaquio\/","https:\/\/www.youtube.com\/channel\/UCRhw7vfabnajwLxb1ZXMeIw"]},{"@type":"Person","@id":"https:\/\/www.padreeustaquio.com.br\/#\/schema\/person\/a2a51db1d00f1a7af0204a0f1ddb1566","name":"@sscc","image":{"@type":"ImageObject","inLanguage":"en-US","@id":"https:\/\/secure.gravatar.com\/avatar\/68cfafa5f44617fea54071e215026e0ff06be366c3d54a8425f04fdcb86f8c5f?s=96&d=mm&r=g","url":"https:\/\/secure.gravatar.com\/avatar\/68cfafa5f44617fea54071e215026e0ff06be366c3d54a8425f04fdcb86f8c5f?s=96&d=mm&r=g","contentUrl":"https:\/\/secure.gravatar.com\/avatar\/68cfafa5f44617fea54071e215026e0ff06be366c3d54a8425f04fdcb86f8c5f?s=96&d=mm&r=g","caption":"@sscc"},"url":"https:\/\/www.padreeustaquio.com.br\/en\/author\/sscc\/"}]}},"_links":{"self":[{"href":"https:\/\/www.padreeustaquio.com.br\/en\/wp-json\/wp\/v2\/posts\/7889","targetHints":{"allow":["GET"]}}],"collection":[{"href":"https:\/\/www.padreeustaquio.com.br\/en\/wp-json\/wp\/v2\/posts"}],"about":[{"href":"https:\/\/www.padreeustaquio.com.br\/en\/wp-json\/wp\/v2\/types\/post"}],"author":[{"embeddable":true,"href":"https:\/\/www.padreeustaquio.com.br\/en\/wp-json\/wp\/v2\/users\/2"}],"replies":[{"embeddable":true,"href":"https:\/\/www.padreeustaquio.com.br\/en\/wp-json\/wp\/v2\/comments?post=7889"}],"version-history":[{"count":0,"href":"https:\/\/www.padreeustaquio.com.br\/en\/wp-json\/wp\/v2\/posts\/7889\/revisions"}],"wp:featuredmedia":[{"embeddable":true,"href":"https:\/\/www.padreeustaquio.com.br\/en\/wp-json\/wp\/v2\/media\/7890"}],"wp:attachment":[{"href":"https:\/\/www.padreeustaquio.com.br\/en\/wp-json\/wp\/v2\/media?parent=7889"}],"wp:term":[{"taxonomy":"category","embeddable":true,"href":"https:\/\/www.padreeustaquio.com.br\/en\/wp-json\/wp\/v2\/categories?post=7889"},{"taxonomy":"post_tag","embeddable":true,"href":"https:\/\/www.padreeustaquio.com.br\/en\/wp-json\/wp\/v2\/tags?post=7889"}],"curies":[{"name":"wp","href":"https:\/\/api.w.org\/{rel}","templated":true}]}}