{"id":7875,"date":"2022-01-11T06:30:00","date_gmt":"2022-01-11T09:30:00","guid":{"rendered":"https:\/\/www.padreeustaquio.com.br\/?p=7875"},"modified":"2022-01-10T10:26:29","modified_gmt":"2022-01-10T13:26:29","slug":"the-first-phase-of-construction-for-the-future-padre-eustaquio-museum-is-underway","status":"publish","type":"post","link":"https:\/\/www.padreeustaquio.com.br\/en\/the-first-phase-of-construction-for-the-future-padre-eustaquio-museum-is-underway\/","title":{"rendered":"The first phase of construction for the future Padre Eust\u00e1quio Museum is underway."},"content":{"rendered":"<p>An old dream of the community and all devotees of Blessed Father Eustace, a museum entirely dedicated to the life and history of the Blessed, is beginning to become a reality. While researchers and restorers work on the artifacts and documents that will form part of the future museum, renovations are underway on the building.<\/p>\n\n\n\n<div class=\"wp-block-image\"><figure class=\"alignleft size-medium is-resized\"><img fetchpriority=\"high\" decoding=\"async\" src=\"https:\/\/www.padreeustaquio.com.br\/wp-content\/uploads\/2022\/01\/obra-museu-225x300.jpeg\" alt=\"\" class=\"wp-image-7879\" width=\"253\" height=\"341\"\/><\/figure><\/div>\n\n\n\n<p>Attached to the Sanctuary of Health and Peace in Belo Horizonte, the future Padre Eust\u00e1quio Museum will be located on the upper floor of the theater that bears the Blessed Eust\u00e1quio&#039;s name. The building, which housed ASPE for many years, has begun to be renovated in stages. In the first stage, which is currently underway, the entrance has been remodeled and will become the entrance hall, comprising a lounge, snack bar, and restrooms.<\/p>\n\n\n\n<p>In this initial phase, the cafeteria&#039;s kitchen, with countertops and all the necessary infrastructure, is being built; in addition, the flooring and bathrooms also need renovations. Because the cost of the project is very high, the National Secretariat for the Cause of Canonization is working in stages to secure funding and execute each part of the project.<\/p>\n\n\n\n<p>There is still no estimated completion date for the work. Efforts to raise funds for the remaining stages of construction continue, but the news of the start of the Museum&#039;s construction is already encouraging devotees and leaving many people eager for its completion. If you also want to help build the preservation and dissemination of the memory of Father Eust\u00e1quio, make a donation via PIX (31) 99545-1943 or by bank transfer\/deposit to:<br><br><strong>Father Eust\u00e1quio Social Action<\/strong> CNPJ: 17.193.756\/0001-05<br>Agency:\u00a0<strong>0089<\/strong> Operation:\u00a0<strong>013<\/strong> Savings account:\u00a0<strong>48.086-7<\/strong><\/p>\n\n\n\n<p><\/p>","protected":false},"excerpt":{"rendered":"<p>Um sonho antigo da comunidade e de todos os devotos do Beato Padre Eust\u00e1quio, um Museu todo dedicado \u00e0 vida e \u00e0 hist\u00f3ria do Bem-Aventurado, come\u00e7a a se tornar realidade. Enquanto pesquisadores e restauradores trabalham nas pe\u00e7as e documentos que far\u00e3o parte do futuro Museu, obras de reforma do pr\u00e9dio est\u00e3o sendo executadas. Anexo ao Santu\u00e1rio da Sa\u00fade e Paz, em Belo Horizonte, o futuro Museu Padre Eust\u00e1quio ser\u00e1 instalado no andar superior ao Teatro que leva o nome do Beato. O im\u00f3vel, que abrigou por muitos anos a ASPE, come\u00e7ou a ser reformado por etapas. Na primeira etapa, que [&hellip;]<\/p>\n","protected":false},"author":2,"featured_media":7876,"comment_status":"open","ping_status":"closed","sticky":false,"template":"","format":"standard","meta":{"_acf_changed":false,"footnotes":""},"categories":[611],"tags":[],"class_list":["post-7875","post","type-post","status-publish","format-standard","has-post-thumbnail","hentry","category-noticias"],"acf":[],"yoast_head":"<!-- This site is optimized with the Yoast SEO plugin v27.2 - https:\/\/yoast.com\/product\/yoast-seo-wordpress\/ -->\n<title>Primeira etapa das obras do futuro Museu Padre Eust\u00e1quio seguem em execu\u00e7\u00e3o<\/title>\n<meta name=\"description\" content=\"Um sonho antigo da comunidade e de todos os devotos do Beato Padre Eust\u00e1quio, um Museu todo dedicado \u00e0 vida e \u00e0 hist\u00f3ria do Bem-Aventurado, come\u00e7a a se tornar realidade. Enquanto pesquisadores e restauradores trabalham nas pe\u00e7as e documentos que far\u00e3o parte do futuro Museu, obras de reforma do pr\u00e9dio est\u00e3o sendo executadas.\" \/>\n<meta name=\"robots\" content=\"index, follow, max-snippet:-1, max-image-preview:large, max-video-preview:-1\" \/>\n<link rel=\"canonical\" href=\"https:\/\/www.padreeustaquio.com.br\/en\/the-first-phase-of-construction-for-the-future-padre-eustaquio-museum-is-underway\/\" \/>\n<meta property=\"og:locale\" content=\"en_US\" \/>\n<meta property=\"og:type\" content=\"article\" \/>\n<meta property=\"og:title\" content=\"Primeira etapa das obras do futuro Museu Padre Eust\u00e1quio seguem em execu\u00e7\u00e3o\" \/>\n<meta property=\"og:description\" content=\"Um sonho antigo da comunidade e de todos os devotos do Beato Padre Eust\u00e1quio, um Museu todo dedicado \u00e0 vida e \u00e0 hist\u00f3ria do Bem-Aventurado, come\u00e7a a se tornar realidade. Enquanto pesquisadores e restauradores trabalham nas pe\u00e7as e documentos que far\u00e3o parte do futuro Museu, obras de reforma do pr\u00e9dio est\u00e3o sendo executadas.\" \/>\n<meta property=\"og:url\" content=\"https:\/\/www.padreeustaquio.com.br\/en\/the-first-phase-of-construction-for-the-future-padre-eustaquio-museum-is-underway\/\" \/>\n<meta property=\"og:site_name\" content=\"Padre Eust\u00e1quio\" \/>\n<meta property=\"article:publisher\" content=\"https:\/\/www.facebook.com\/beatopadreeustaquio\/\" \/>\n<meta property=\"article:published_time\" content=\"2022-01-11T09:30:00+00:00\" \/>\n<meta property=\"og:image\" content=\"https:\/\/www.padreeustaquio.com.br\/wp-content\/uploads\/2022\/01\/WhatsApp-Image-2022-01-04-at-14.50.00.jpeg\" \/>\n\t<meta property=\"og:image:width\" content=\"1600\" \/>\n\t<meta property=\"og:image:height\" content=\"1200\" \/>\n\t<meta property=\"og:image:type\" content=\"image\/jpeg\" \/>\n<meta name=\"author\" content=\"@sscc\" \/>\n<meta name=\"twitter:card\" content=\"summary_large_image\" \/>\n<meta name=\"twitter:creator\" content=\"@beatopeustaquio\" \/>\n<meta name=\"twitter:site\" content=\"@beatopeustaquio\" \/>\n<meta name=\"twitter:label1\" content=\"Written by\" \/>\n\t<meta name=\"twitter:data1\" content=\"@sscc\" \/>\n\t<meta name=\"twitter:label2\" content=\"Est. reading time\" \/>\n\t<meta name=\"twitter:data2\" content=\"2 minutes\" \/>\n<script type=\"application\/ld+json\" class=\"yoast-schema-graph\">{\"@context\":\"https:\/\/schema.org\",\"@graph\":[{\"@type\":\"Article\",\"@id\":\"https:\/\/www.padreeustaquio.com.br\/primeira-etapa-das-obras-do-futuro-museu-padre-eustaquio-seguem-em-execucao\/#article\",\"isPartOf\":{\"@id\":\"https:\/\/www.padreeustaquio.com.br\/primeira-etapa-das-obras-do-futuro-museu-padre-eustaquio-seguem-em-execucao\/\"},\"author\":{\"name\":\"@sscc\",\"@id\":\"https:\/\/www.padreeustaquio.com.br\/#\/schema\/person\/a2a51db1d00f1a7af0204a0f1ddb1566\"},\"headline\":\"Primeira etapa das obras do futuro Museu Padre Eust\u00e1quio seguem em execu\u00e7\u00e3o\",\"datePublished\":\"2022-01-11T09:30:00+00:00\",\"mainEntityOfPage\":{\"@id\":\"https:\/\/www.padreeustaquio.com.br\/primeira-etapa-das-obras-do-futuro-museu-padre-eustaquio-seguem-em-execucao\/\"},\"wordCount\":319,\"commentCount\":0,\"publisher\":{\"@id\":\"https:\/\/www.padreeustaquio.com.br\/#organization\"},\"image\":{\"@id\":\"https:\/\/www.padreeustaquio.com.br\/primeira-etapa-das-obras-do-futuro-museu-padre-eustaquio-seguem-em-execucao\/#primaryimage\"},\"thumbnailUrl\":\"https:\/\/www.padreeustaquio.com.br\/wp-content\/uploads\/2022\/01\/WhatsApp-Image-2022-01-04-at-14.50.00.jpeg\",\"articleSection\":[\"Not\u00edcias\"],\"inLanguage\":\"en-US\",\"potentialAction\":[{\"@type\":\"CommentAction\",\"name\":\"Comment\",\"target\":[\"https:\/\/www.padreeustaquio.com.br\/primeira-etapa-das-obras-do-futuro-museu-padre-eustaquio-seguem-em-execucao\/#respond\"]}]},{\"@type\":\"WebPage\",\"@id\":\"https:\/\/www.padreeustaquio.com.br\/primeira-etapa-das-obras-do-futuro-museu-padre-eustaquio-seguem-em-execucao\/\",\"url\":\"https:\/\/www.padreeustaquio.com.br\/primeira-etapa-das-obras-do-futuro-museu-padre-eustaquio-seguem-em-execucao\/\",\"name\":\"Primeira etapa das obras do futuro Museu Padre Eust\u00e1quio seguem em execu\u00e7\u00e3o\",\"isPartOf\":{\"@id\":\"https:\/\/www.padreeustaquio.com.br\/#website\"},\"primaryImageOfPage\":{\"@id\":\"https:\/\/www.padreeustaquio.com.br\/primeira-etapa-das-obras-do-futuro-museu-padre-eustaquio-seguem-em-execucao\/#primaryimage\"},\"image\":{\"@id\":\"https:\/\/www.padreeustaquio.com.br\/primeira-etapa-das-obras-do-futuro-museu-padre-eustaquio-seguem-em-execucao\/#primaryimage\"},\"thumbnailUrl\":\"https:\/\/www.padreeustaquio.com.br\/wp-content\/uploads\/2022\/01\/WhatsApp-Image-2022-01-04-at-14.50.00.jpeg\",\"datePublished\":\"2022-01-11T09:30:00+00:00\",\"description\":\"Um sonho antigo da comunidade e de todos os devotos do Beato Padre Eust\u00e1quio, um Museu todo dedicado \u00e0 vida e \u00e0 hist\u00f3ria do Bem-Aventurado, come\u00e7a a se tornar realidade. Enquanto pesquisadores e restauradores trabalham nas pe\u00e7as e documentos que far\u00e3o parte do futuro Museu, obras de reforma do pr\u00e9dio est\u00e3o sendo executadas.\",\"breadcrumb\":{\"@id\":\"https:\/\/www.padreeustaquio.com.br\/primeira-etapa-das-obras-do-futuro-museu-padre-eustaquio-seguem-em-execucao\/#breadcrumb\"},\"inLanguage\":\"en-US\",\"potentialAction\":[{\"@type\":\"ReadAction\",\"target\":[\"https:\/\/www.padreeustaquio.com.br\/primeira-etapa-das-obras-do-futuro-museu-padre-eustaquio-seguem-em-execucao\/\"]}]},{\"@type\":\"ImageObject\",\"inLanguage\":\"en-US\",\"@id\":\"https:\/\/www.padreeustaquio.com.br\/primeira-etapa-das-obras-do-futuro-museu-padre-eustaquio-seguem-em-execucao\/#primaryimage\",\"url\":\"https:\/\/www.padreeustaquio.com.br\/wp-content\/uploads\/2022\/01\/WhatsApp-Image-2022-01-04-at-14.50.00.jpeg\",\"contentUrl\":\"https:\/\/www.padreeustaquio.com.br\/wp-content\/uploads\/2022\/01\/WhatsApp-Image-2022-01-04-at-14.50.00.jpeg\",\"width\":1600,\"height\":1200},{\"@type\":\"BreadcrumbList\",\"@id\":\"https:\/\/www.padreeustaquio.com.br\/primeira-etapa-das-obras-do-futuro-museu-padre-eustaquio-seguem-em-execucao\/#breadcrumb\",\"itemListElement\":[{\"@type\":\"ListItem\",\"position\":1,\"name\":\"In\u00edcio\",\"item\":\"https:\/\/www.padreeustaquio.com.br\/\"},{\"@type\":\"ListItem\",\"position\":2,\"name\":\"Primeira etapa das obras do futuro Museu Padre Eust\u00e1quio seguem em execu\u00e7\u00e3o\"}]},{\"@type\":\"WebSite\",\"@id\":\"https:\/\/www.padreeustaquio.com.br\/#website\",\"url\":\"https:\/\/www.padreeustaquio.com.br\/\",\"name\":\"Padre Eust\u00e1quio\",\"description\":\"Sa\u00fade e Paz\",\"publisher\":{\"@id\":\"https:\/\/www.padreeustaquio.com.br\/#organization\"},\"potentialAction\":[{\"@type\":\"SearchAction\",\"target\":{\"@type\":\"EntryPoint\",\"urlTemplate\":\"https:\/\/www.padreeustaquio.com.br\/?s={search_term_string}\"},\"query-input\":{\"@type\":\"PropertyValueSpecification\",\"valueRequired\":true,\"valueName\":\"search_term_string\"}}],\"inLanguage\":\"en-US\"},{\"@type\":\"Organization\",\"@id\":\"https:\/\/www.padreeustaquio.com.br\/#organization\",\"name\":\"Padre Eust\u00e1quio\",\"url\":\"https:\/\/www.padreeustaquio.com.br\/\",\"logo\":{\"@type\":\"ImageObject\",\"inLanguage\":\"en-US\",\"@id\":\"https:\/\/www.padreeustaquio.com.br\/#\/schema\/logo\/image\/\",\"url\":\"https:\/\/www.padreeustaquio.com.br\/wp-content\/uploads\/2019\/08\/marca.png\",\"contentUrl\":\"https:\/\/www.padreeustaquio.com.br\/wp-content\/uploads\/2019\/08\/marca.png\",\"width\":350,\"height\":400,\"caption\":\"Padre Eust\u00e1quio\"},\"image\":{\"@id\":\"https:\/\/www.padreeustaquio.com.br\/#\/schema\/logo\/image\/\"},\"sameAs\":[\"https:\/\/www.facebook.com\/beatopadreeustaquio\/\",\"https:\/\/x.com\/beatopeustaquio\",\"https:\/\/www.instagram.com\/beatopadreeustaquio\/\",\"https:\/\/www.youtube.com\/channel\/UCRhw7vfabnajwLxb1ZXMeIw\"]},{\"@type\":\"Person\",\"@id\":\"https:\/\/www.padreeustaquio.com.br\/#\/schema\/person\/a2a51db1d00f1a7af0204a0f1ddb1566\",\"name\":\"@sscc\",\"image\":{\"@type\":\"ImageObject\",\"inLanguage\":\"en-US\",\"@id\":\"https:\/\/secure.gravatar.com\/avatar\/68cfafa5f44617fea54071e215026e0ff06be366c3d54a8425f04fdcb86f8c5f?s=96&d=mm&r=g\",\"url\":\"https:\/\/secure.gravatar.com\/avatar\/68cfafa5f44617fea54071e215026e0ff06be366c3d54a8425f04fdcb86f8c5f?s=96&d=mm&r=g\",\"contentUrl\":\"https:\/\/secure.gravatar.com\/avatar\/68cfafa5f44617fea54071e215026e0ff06be366c3d54a8425f04fdcb86f8c5f?s=96&d=mm&r=g\",\"caption\":\"@sscc\"},\"url\":\"https:\/\/www.padreeustaquio.com.br\/en\/author\/sscc\/\"}]}<\/script>\n<!-- \/ Yoast SEO plugin. -->","yoast_head_json":{"title":"The first phase of construction for the future Padre Eust\u00e1quio Museum is underway.","description":"An old dream of the community and all devotees of Blessed Father Eustace, a museum entirely dedicated to the life and history of the Blessed, is beginning to become a reality. While researchers and restorers work on the artifacts and documents that will form part of the future museum, renovations are underway on the building.","robots":{"index":"index","follow":"follow","max-snippet":"max-snippet:-1","max-image-preview":"max-image-preview:large","max-video-preview":"max-video-preview:-1"},"canonical":"https:\/\/www.padreeustaquio.com.br\/en\/the-first-phase-of-construction-for-the-future-padre-eustaquio-museum-is-underway\/","og_locale":"en_US","og_type":"article","og_title":"Primeira etapa das obras do futuro Museu Padre Eust\u00e1quio seguem em execu\u00e7\u00e3o","og_description":"Um sonho antigo da comunidade e de todos os devotos do Beato Padre Eust\u00e1quio, um Museu todo dedicado \u00e0 vida e \u00e0 hist\u00f3ria do Bem-Aventurado, come\u00e7a a se tornar realidade. Enquanto pesquisadores e restauradores trabalham nas pe\u00e7as e documentos que far\u00e3o parte do futuro Museu, obras de reforma do pr\u00e9dio est\u00e3o sendo executadas.","og_url":"https:\/\/www.padreeustaquio.com.br\/en\/the-first-phase-of-construction-for-the-future-padre-eustaquio-museum-is-underway\/","og_site_name":"Padre Eust\u00e1quio","article_publisher":"https:\/\/www.facebook.com\/beatopadreeustaquio\/","article_published_time":"2022-01-11T09:30:00+00:00","og_image":[{"width":1600,"height":1200,"url":"https:\/\/www.padreeustaquio.com.br\/wp-content\/uploads\/2022\/01\/WhatsApp-Image-2022-01-04-at-14.50.00.jpeg","type":"image\/jpeg"}],"author":"@sscc","twitter_card":"summary_large_image","twitter_creator":"@beatopeustaquio","twitter_site":"@beatopeustaquio","twitter_misc":{"Written by":"@sscc","Est. reading time":"2 minutes"},"schema":{"@context":"https:\/\/schema.org","@graph":[{"@type":"Article","@id":"https:\/\/www.padreeustaquio.com.br\/primeira-etapa-das-obras-do-futuro-museu-padre-eustaquio-seguem-em-execucao\/#article","isPartOf":{"@id":"https:\/\/www.padreeustaquio.com.br\/primeira-etapa-das-obras-do-futuro-museu-padre-eustaquio-seguem-em-execucao\/"},"author":{"name":"@sscc","@id":"https:\/\/www.padreeustaquio.com.br\/#\/schema\/person\/a2a51db1d00f1a7af0204a0f1ddb1566"},"headline":"Primeira etapa das obras do futuro Museu Padre Eust\u00e1quio seguem em execu\u00e7\u00e3o","datePublished":"2022-01-11T09:30:00+00:00","mainEntityOfPage":{"@id":"https:\/\/www.padreeustaquio.com.br\/primeira-etapa-das-obras-do-futuro-museu-padre-eustaquio-seguem-em-execucao\/"},"wordCount":319,"commentCount":0,"publisher":{"@id":"https:\/\/www.padreeustaquio.com.br\/#organization"},"image":{"@id":"https:\/\/www.padreeustaquio.com.br\/primeira-etapa-das-obras-do-futuro-museu-padre-eustaquio-seguem-em-execucao\/#primaryimage"},"thumbnailUrl":"https:\/\/www.padreeustaquio.com.br\/wp-content\/uploads\/2022\/01\/WhatsApp-Image-2022-01-04-at-14.50.00.jpeg","articleSection":["Not\u00edcias"],"inLanguage":"en-US","potentialAction":[{"@type":"CommentAction","name":"Comment","target":["https:\/\/www.padreeustaquio.com.br\/primeira-etapa-das-obras-do-futuro-museu-padre-eustaquio-seguem-em-execucao\/#respond"]}]},{"@type":"WebPage","@id":"https:\/\/www.padreeustaquio.com.br\/primeira-etapa-das-obras-do-futuro-museu-padre-eustaquio-seguem-em-execucao\/","url":"https:\/\/www.padreeustaquio.com.br\/primeira-etapa-das-obras-do-futuro-museu-padre-eustaquio-seguem-em-execucao\/","name":"The first phase of construction for the future Padre Eust\u00e1quio Museum is underway.","isPartOf":{"@id":"https:\/\/www.padreeustaquio.com.br\/#website"},"primaryImageOfPage":{"@id":"https:\/\/www.padreeustaquio.com.br\/primeira-etapa-das-obras-do-futuro-museu-padre-eustaquio-seguem-em-execucao\/#primaryimage"},"image":{"@id":"https:\/\/www.padreeustaquio.com.br\/primeira-etapa-das-obras-do-futuro-museu-padre-eustaquio-seguem-em-execucao\/#primaryimage"},"thumbnailUrl":"https:\/\/www.padreeustaquio.com.br\/wp-content\/uploads\/2022\/01\/WhatsApp-Image-2022-01-04-at-14.50.00.jpeg","datePublished":"2022-01-11T09:30:00+00:00","description":"An old dream of the community and all devotees of Blessed Father Eustace, a museum entirely dedicated to the life and history of the Blessed, is beginning to become a reality. While researchers and restorers work on the artifacts and documents that will form part of the future museum, renovations are underway on the building.","breadcrumb":{"@id":"https:\/\/www.padreeustaquio.com.br\/primeira-etapa-das-obras-do-futuro-museu-padre-eustaquio-seguem-em-execucao\/#breadcrumb"},"inLanguage":"en-US","potentialAction":[{"@type":"ReadAction","target":["https:\/\/www.padreeustaquio.com.br\/primeira-etapa-das-obras-do-futuro-museu-padre-eustaquio-seguem-em-execucao\/"]}]},{"@type":"ImageObject","inLanguage":"en-US","@id":"https:\/\/www.padreeustaquio.com.br\/primeira-etapa-das-obras-do-futuro-museu-padre-eustaquio-seguem-em-execucao\/#primaryimage","url":"https:\/\/www.padreeustaquio.com.br\/wp-content\/uploads\/2022\/01\/WhatsApp-Image-2022-01-04-at-14.50.00.jpeg","contentUrl":"https:\/\/www.padreeustaquio.com.br\/wp-content\/uploads\/2022\/01\/WhatsApp-Image-2022-01-04-at-14.50.00.jpeg","width":1600,"height":1200},{"@type":"BreadcrumbList","@id":"https:\/\/www.padreeustaquio.com.br\/primeira-etapa-das-obras-do-futuro-museu-padre-eustaquio-seguem-em-execucao\/#breadcrumb","itemListElement":[{"@type":"ListItem","position":1,"name":"In\u00edcio","item":"https:\/\/www.padreeustaquio.com.br\/"},{"@type":"ListItem","position":2,"name":"Primeira etapa das obras do futuro Museu Padre Eust\u00e1quio seguem em execu\u00e7\u00e3o"}]},{"@type":"WebSite","@id":"https:\/\/www.padreeustaquio.com.br\/#website","url":"https:\/\/www.padreeustaquio.com.br\/","name":"FATHER EUST\u00c1QUIO","description":"Health and Peace","publisher":{"@id":"https:\/\/www.padreeustaquio.com.br\/#organization"},"potentialAction":[{"@type":"SearchAction","target":{"@type":"EntryPoint","urlTemplate":"https:\/\/www.padreeustaquio.com.br\/?s={search_term_string}"},"query-input":{"@type":"PropertyValueSpecification","valueRequired":true,"valueName":"search_term_string"}}],"inLanguage":"en-US"},{"@type":"Organization","@id":"https:\/\/www.padreeustaquio.com.br\/#organization","name":"FATHER EUST\u00c1QUIO","url":"https:\/\/www.padreeustaquio.com.br\/","logo":{"@type":"ImageObject","inLanguage":"en-US","@id":"https:\/\/www.padreeustaquio.com.br\/#\/schema\/logo\/image\/","url":"https:\/\/www.padreeustaquio.com.br\/wp-content\/uploads\/2019\/08\/marca.png","contentUrl":"https:\/\/www.padreeustaquio.com.br\/wp-content\/uploads\/2019\/08\/marca.png","width":350,"height":400,"caption":"Padre Eust\u00e1quio"},"image":{"@id":"https:\/\/www.padreeustaquio.com.br\/#\/schema\/logo\/image\/"},"sameAs":["https:\/\/www.facebook.com\/beatopadreeustaquio\/","https:\/\/x.com\/beatopeustaquio","https:\/\/www.instagram.com\/beatopadreeustaquio\/","https:\/\/www.youtube.com\/channel\/UCRhw7vfabnajwLxb1ZXMeIw"]},{"@type":"Person","@id":"https:\/\/www.padreeustaquio.com.br\/#\/schema\/person\/a2a51db1d00f1a7af0204a0f1ddb1566","name":"@sscc","image":{"@type":"ImageObject","inLanguage":"en-US","@id":"https:\/\/secure.gravatar.com\/avatar\/68cfafa5f44617fea54071e215026e0ff06be366c3d54a8425f04fdcb86f8c5f?s=96&d=mm&r=g","url":"https:\/\/secure.gravatar.com\/avatar\/68cfafa5f44617fea54071e215026e0ff06be366c3d54a8425f04fdcb86f8c5f?s=96&d=mm&r=g","contentUrl":"https:\/\/secure.gravatar.com\/avatar\/68cfafa5f44617fea54071e215026e0ff06be366c3d54a8425f04fdcb86f8c5f?s=96&d=mm&r=g","caption":"@sscc"},"url":"https:\/\/www.padreeustaquio.com.br\/en\/author\/sscc\/"}]}},"_links":{"self":[{"href":"https:\/\/www.padreeustaquio.com.br\/en\/wp-json\/wp\/v2\/posts\/7875","targetHints":{"allow":["GET"]}}],"collection":[{"href":"https:\/\/www.padreeustaquio.com.br\/en\/wp-json\/wp\/v2\/posts"}],"about":[{"href":"https:\/\/www.padreeustaquio.com.br\/en\/wp-json\/wp\/v2\/types\/post"}],"author":[{"embeddable":true,"href":"https:\/\/www.padreeustaquio.com.br\/en\/wp-json\/wp\/v2\/users\/2"}],"replies":[{"embeddable":true,"href":"https:\/\/www.padreeustaquio.com.br\/en\/wp-json\/wp\/v2\/comments?post=7875"}],"version-history":[{"count":0,"href":"https:\/\/www.padreeustaquio.com.br\/en\/wp-json\/wp\/v2\/posts\/7875\/revisions"}],"wp:featuredmedia":[{"embeddable":true,"href":"https:\/\/www.padreeustaquio.com.br\/en\/wp-json\/wp\/v2\/media\/7876"}],"wp:attachment":[{"href":"https:\/\/www.padreeustaquio.com.br\/en\/wp-json\/wp\/v2\/media?parent=7875"}],"wp:term":[{"taxonomy":"category","embeddable":true,"href":"https:\/\/www.padreeustaquio.com.br\/en\/wp-json\/wp\/v2\/categories?post=7875"},{"taxonomy":"post_tag","embeddable":true,"href":"https:\/\/www.padreeustaquio.com.br\/en\/wp-json\/wp\/v2\/tags?post=7875"}],"curies":[{"name":"wp","href":"https:\/\/api.w.org\/{rel}","templated":true}]}}