{"id":7871,"date":"2022-01-10T06:03:00","date_gmt":"2022-01-10T09:03:00","guid":{"rendered":"https:\/\/www.padreeustaquio.com.br\/?p=7871"},"modified":"2022-01-04T14:26:19","modified_gmt":"2022-01-04T17:26:19","slug":"107-years-ago-father-eustaquio-professed-his-temporary-vows-as-a-religious","status":"publish","type":"post","link":"https:\/\/www.padreeustaquio.com.br\/en\/107-years-ago-father-eustaquio-professed-his-temporary-vows-as-a-religious\/","title":{"rendered":"107 years ago, Father Eust\u00e1quio professed his temporary vows as a religious."},"content":{"rendered":"<p>It was in January 1915, less than two years after becoming a novice in the Congregation of the Sacred Hearts, that Eustace made his commitment to religious life. Eustace vowed: Poverty, Obedience, and Chastity, thus making his temporary vows in the Congregation.<\/p>\n\n\n\n<p>Young Eustace entered the Congregation&#039;s Minor Seminary at the age of 25, in 1905, and ten years later he made his commitment to God, to himself, and to his brothers. Vows are a kind of commitment that a person makes with the intention of ensuring their dedication. And the preparation time is not short; therefore, much reflection is required on the part of those who want to become a religious. The seminarian enters a completely new reality, where, starting with the vows he temporarily makes, he prepares for perpetual vows. A very special process, where, through the pastoral evaluation of his tutors, he is led to think about his own life from the perspective of the life of Christ, so that the perpetual vows may be a true reflection of his entire life.<\/p>\n\n\n\n<p>Certain of what he wanted, Eustace followed the path taken by his childhood hero: Saint Damien of Molokai, the apostle to those suffering from leprosy. From a young age, the future Father Eustace knew of his adventures and heroism, but in his adolescence, reading the life of Saint Damien captivated him so much that from then on his great dream was to be a missionary like that missionary. <\/p>\n\n\n\n<p>Three years later, in March 1918, Father Eust\u00e1quio professed his perpetual vows, thus becoming forever a religious dedicated to the Sacred Hearts of Jesus and Mary and to Perpetual Adoration.<\/p>\n\n\n\n<p>RELIGIOUS LIFE<\/p>\n\n\n\n<p>As soon as a young person enters a Congregation, there is a period of discernment for them to experience and decide whether or not to pursue religious life. On this path, there are two types of vows: temporary and perpetual. These two beautiful realities of entering religious life are the culmination of a whole journey, where the young person will declare, on their own initiative and responsibility, that they wish to follow Christ, the Redeemer. Temporary vows are precisely this anticipation of a definitive desire. Perpetual vows represent a firm decision to embrace Christ&#039;s great gesture, evangelizing and giving one&#039;s own life with the radicality of the Gospel.<\/p>\n\n\n\n<p><\/p>\n\n\n\n<p><\/p>\n\n\n\n<p><em>**Written with information from the Pai Eterno website (Father Natalino Martins), retrieved from the portal <a href=\"https:\/\/www.paieterno.com.br\/2015\/08\/12\/votos-temporarios-e-perpetuos-a-decisao-final-de-servir-ao-pai\/\" target=\"_blank\" rel=\"noreferrer noopener\">paieterno.com\/noticias<\/a><\/em><\/p>","protected":false},"excerpt":{"rendered":"<p>Foi em janeiro de 1915, menos de dois anos depois de se tornar novi\u00e7o na Congrega\u00e7\u00e3o dos Sagrados Cora\u00e7\u00f5es, que Eust\u00e1quio firmou seu compromisso com a vida religiosa. Eust\u00e1quio prometeu: Pobreza, Obedi\u00eancia e Castidade fazendo assim, seus votos tempor\u00e1rios na Congrega\u00e7\u00e3o. O jovem Eust\u00e1quio havia ingressado no Semin\u00e1rio Menor da Congrega\u00e7\u00e3o aos 25 anos de idade, em 1905 e dez anos depois faz seu compromisso com Deus, com ele mesmo e com os irm\u00e3os. Os votos s\u00e3o uma esp\u00e9cie de compromisso que a pessoa firma no intuito da certeza \u00e0 dedica\u00e7\u00e3o. E o tempo de prepara\u00e7\u00e3o n\u00e3o \u00e9 curto, por [&hellip;]<\/p>\n","protected":false},"author":2,"featured_media":7872,"comment_status":"open","ping_status":"closed","sticky":false,"template":"","format":"standard","meta":{"_acf_changed":false,"footnotes":""},"categories":[611],"tags":[],"class_list":["post-7871","post","type-post","status-publish","format-standard","has-post-thumbnail","hentry","category-noticias"],"acf":[],"yoast_head":"<!-- This site is optimized with the Yoast SEO plugin v27.2 - https:\/\/yoast.com\/product\/yoast-seo-wordpress\/ -->\n<title>H\u00e1 107 anos Padre Eust\u00e1quio professava seus votos tempor\u00e1rios como religioso<\/title>\n<meta name=\"description\" content=\"Foi em janeiro de 1915, menos de dois anos depois de se tornar novi\u00e7o na Congrega\u00e7\u00e3o dos Sagrados Cora\u00e7\u00f5es, que Eust\u00e1quio firmou seu compromisso com a vida religiosa. Eust\u00e1quio prometeu: Pobreza, Obedi\u00eancia e Castidade fazendo assim, seus votos tempor\u00e1rios na Congrega\u00e7\u00e3o.\" \/>\n<meta name=\"robots\" content=\"index, follow, max-snippet:-1, max-image-preview:large, max-video-preview:-1\" \/>\n<link rel=\"canonical\" href=\"https:\/\/www.padreeustaquio.com.br\/en\/107-years-ago-father-eustaquio-professed-his-temporary-vows-as-a-religious\/\" \/>\n<meta property=\"og:locale\" content=\"en_US\" \/>\n<meta property=\"og:type\" content=\"article\" \/>\n<meta property=\"og:title\" content=\"H\u00e1 107 anos Padre Eust\u00e1quio professava seus votos tempor\u00e1rios como religioso\" \/>\n<meta property=\"og:description\" content=\"Foi em janeiro de 1915, menos de dois anos depois de se tornar novi\u00e7o na Congrega\u00e7\u00e3o dos Sagrados Cora\u00e7\u00f5es, que Eust\u00e1quio firmou seu compromisso com a vida religiosa. Eust\u00e1quio prometeu: Pobreza, Obedi\u00eancia e Castidade fazendo assim, seus votos tempor\u00e1rios na Congrega\u00e7\u00e3o.\" \/>\n<meta property=\"og:url\" content=\"https:\/\/www.padreeustaquio.com.br\/en\/107-years-ago-father-eustaquio-professed-his-temporary-vows-as-a-religious\/\" \/>\n<meta property=\"og:site_name\" content=\"Padre Eust\u00e1quio\" \/>\n<meta property=\"article:publisher\" content=\"https:\/\/www.facebook.com\/beatopadreeustaquio\/\" \/>\n<meta property=\"article:published_time\" content=\"2022-01-10T09:03:00+00:00\" \/>\n<meta property=\"og:image\" content=\"https:\/\/www.padreeustaquio.com.br\/wp-content\/uploads\/2022\/01\/07-1-scaled.jpg\" \/>\n\t<meta property=\"og:image:width\" content=\"2560\" \/>\n\t<meta property=\"og:image:height\" content=\"1724\" \/>\n\t<meta property=\"og:image:type\" content=\"image\/jpeg\" \/>\n<meta name=\"author\" content=\"@sscc\" \/>\n<meta name=\"twitter:card\" content=\"summary_large_image\" \/>\n<meta name=\"twitter:creator\" content=\"@beatopeustaquio\" \/>\n<meta name=\"twitter:site\" content=\"@beatopeustaquio\" \/>\n<meta name=\"twitter:label1\" content=\"Written by\" \/>\n\t<meta name=\"twitter:data1\" content=\"@sscc\" \/>\n\t<meta name=\"twitter:label2\" content=\"Est. reading time\" \/>\n\t<meta name=\"twitter:data2\" content=\"2 minutes\" \/>\n<script type=\"application\/ld+json\" class=\"yoast-schema-graph\">{\"@context\":\"https:\/\/schema.org\",\"@graph\":[{\"@type\":\"Article\",\"@id\":\"https:\/\/www.padreeustaquio.com.br\/ha-107-anos-padre-eustaquio-professava-seus-votos-temporarios-como-religioso\/#article\",\"isPartOf\":{\"@id\":\"https:\/\/www.padreeustaquio.com.br\/ha-107-anos-padre-eustaquio-professava-seus-votos-temporarios-como-religioso\/\"},\"author\":{\"name\":\"@sscc\",\"@id\":\"https:\/\/www.padreeustaquio.com.br\/#\/schema\/person\/a2a51db1d00f1a7af0204a0f1ddb1566\"},\"headline\":\"H\u00e1 107 anos Padre Eust\u00e1quio professava seus votos tempor\u00e1rios como religioso\",\"datePublished\":\"2022-01-10T09:03:00+00:00\",\"mainEntityOfPage\":{\"@id\":\"https:\/\/www.padreeustaquio.com.br\/ha-107-anos-padre-eustaquio-professava-seus-votos-temporarios-como-religioso\/\"},\"wordCount\":461,\"commentCount\":0,\"publisher\":{\"@id\":\"https:\/\/www.padreeustaquio.com.br\/#organization\"},\"image\":{\"@id\":\"https:\/\/www.padreeustaquio.com.br\/ha-107-anos-padre-eustaquio-professava-seus-votos-temporarios-como-religioso\/#primaryimage\"},\"thumbnailUrl\":\"https:\/\/www.padreeustaquio.com.br\/wp-content\/uploads\/2022\/01\/07-1-scaled.jpg\",\"articleSection\":[\"Not\u00edcias\"],\"inLanguage\":\"en-US\",\"potentialAction\":[{\"@type\":\"CommentAction\",\"name\":\"Comment\",\"target\":[\"https:\/\/www.padreeustaquio.com.br\/ha-107-anos-padre-eustaquio-professava-seus-votos-temporarios-como-religioso\/#respond\"]}]},{\"@type\":\"WebPage\",\"@id\":\"https:\/\/www.padreeustaquio.com.br\/ha-107-anos-padre-eustaquio-professava-seus-votos-temporarios-como-religioso\/\",\"url\":\"https:\/\/www.padreeustaquio.com.br\/ha-107-anos-padre-eustaquio-professava-seus-votos-temporarios-como-religioso\/\",\"name\":\"H\u00e1 107 anos Padre Eust\u00e1quio professava seus votos tempor\u00e1rios como religioso\",\"isPartOf\":{\"@id\":\"https:\/\/www.padreeustaquio.com.br\/#website\"},\"primaryImageOfPage\":{\"@id\":\"https:\/\/www.padreeustaquio.com.br\/ha-107-anos-padre-eustaquio-professava-seus-votos-temporarios-como-religioso\/#primaryimage\"},\"image\":{\"@id\":\"https:\/\/www.padreeustaquio.com.br\/ha-107-anos-padre-eustaquio-professava-seus-votos-temporarios-como-religioso\/#primaryimage\"},\"thumbnailUrl\":\"https:\/\/www.padreeustaquio.com.br\/wp-content\/uploads\/2022\/01\/07-1-scaled.jpg\",\"datePublished\":\"2022-01-10T09:03:00+00:00\",\"description\":\"Foi em janeiro de 1915, menos de dois anos depois de se tornar novi\u00e7o na Congrega\u00e7\u00e3o dos Sagrados Cora\u00e7\u00f5es, que Eust\u00e1quio firmou seu compromisso com a vida religiosa. Eust\u00e1quio prometeu: Pobreza, Obedi\u00eancia e Castidade fazendo assim, seus votos tempor\u00e1rios na Congrega\u00e7\u00e3o.\",\"breadcrumb\":{\"@id\":\"https:\/\/www.padreeustaquio.com.br\/ha-107-anos-padre-eustaquio-professava-seus-votos-temporarios-como-religioso\/#breadcrumb\"},\"inLanguage\":\"en-US\",\"potentialAction\":[{\"@type\":\"ReadAction\",\"target\":[\"https:\/\/www.padreeustaquio.com.br\/ha-107-anos-padre-eustaquio-professava-seus-votos-temporarios-como-religioso\/\"]}]},{\"@type\":\"ImageObject\",\"inLanguage\":\"en-US\",\"@id\":\"https:\/\/www.padreeustaquio.com.br\/ha-107-anos-padre-eustaquio-professava-seus-votos-temporarios-como-religioso\/#primaryimage\",\"url\":\"https:\/\/www.padreeustaquio.com.br\/wp-content\/uploads\/2022\/01\/07-1-scaled.jpg\",\"contentUrl\":\"https:\/\/www.padreeustaquio.com.br\/wp-content\/uploads\/2022\/01\/07-1-scaled.jpg\",\"width\":2560,\"height\":1724},{\"@type\":\"BreadcrumbList\",\"@id\":\"https:\/\/www.padreeustaquio.com.br\/ha-107-anos-padre-eustaquio-professava-seus-votos-temporarios-como-religioso\/#breadcrumb\",\"itemListElement\":[{\"@type\":\"ListItem\",\"position\":1,\"name\":\"In\u00edcio\",\"item\":\"https:\/\/www.padreeustaquio.com.br\/\"},{\"@type\":\"ListItem\",\"position\":2,\"name\":\"H\u00e1 107 anos Padre Eust\u00e1quio professava seus votos tempor\u00e1rios como religioso\"}]},{\"@type\":\"WebSite\",\"@id\":\"https:\/\/www.padreeustaquio.com.br\/#website\",\"url\":\"https:\/\/www.padreeustaquio.com.br\/\",\"name\":\"Padre Eust\u00e1quio\",\"description\":\"Sa\u00fade e Paz\",\"publisher\":{\"@id\":\"https:\/\/www.padreeustaquio.com.br\/#organization\"},\"potentialAction\":[{\"@type\":\"SearchAction\",\"target\":{\"@type\":\"EntryPoint\",\"urlTemplate\":\"https:\/\/www.padreeustaquio.com.br\/?s={search_term_string}\"},\"query-input\":{\"@type\":\"PropertyValueSpecification\",\"valueRequired\":true,\"valueName\":\"search_term_string\"}}],\"inLanguage\":\"en-US\"},{\"@type\":\"Organization\",\"@id\":\"https:\/\/www.padreeustaquio.com.br\/#organization\",\"name\":\"Padre Eust\u00e1quio\",\"url\":\"https:\/\/www.padreeustaquio.com.br\/\",\"logo\":{\"@type\":\"ImageObject\",\"inLanguage\":\"en-US\",\"@id\":\"https:\/\/www.padreeustaquio.com.br\/#\/schema\/logo\/image\/\",\"url\":\"https:\/\/www.padreeustaquio.com.br\/wp-content\/uploads\/2019\/08\/marca.png\",\"contentUrl\":\"https:\/\/www.padreeustaquio.com.br\/wp-content\/uploads\/2019\/08\/marca.png\",\"width\":350,\"height\":400,\"caption\":\"Padre Eust\u00e1quio\"},\"image\":{\"@id\":\"https:\/\/www.padreeustaquio.com.br\/#\/schema\/logo\/image\/\"},\"sameAs\":[\"https:\/\/www.facebook.com\/beatopadreeustaquio\/\",\"https:\/\/x.com\/beatopeustaquio\",\"https:\/\/www.instagram.com\/beatopadreeustaquio\/\",\"https:\/\/www.youtube.com\/channel\/UCRhw7vfabnajwLxb1ZXMeIw\"]},{\"@type\":\"Person\",\"@id\":\"https:\/\/www.padreeustaquio.com.br\/#\/schema\/person\/a2a51db1d00f1a7af0204a0f1ddb1566\",\"name\":\"@sscc\",\"image\":{\"@type\":\"ImageObject\",\"inLanguage\":\"en-US\",\"@id\":\"https:\/\/secure.gravatar.com\/avatar\/68cfafa5f44617fea54071e215026e0ff06be366c3d54a8425f04fdcb86f8c5f?s=96&d=mm&r=g\",\"url\":\"https:\/\/secure.gravatar.com\/avatar\/68cfafa5f44617fea54071e215026e0ff06be366c3d54a8425f04fdcb86f8c5f?s=96&d=mm&r=g\",\"contentUrl\":\"https:\/\/secure.gravatar.com\/avatar\/68cfafa5f44617fea54071e215026e0ff06be366c3d54a8425f04fdcb86f8c5f?s=96&d=mm&r=g\",\"caption\":\"@sscc\"},\"url\":\"https:\/\/www.padreeustaquio.com.br\/en\/author\/sscc\/\"}]}<\/script>\n<!-- \/ Yoast SEO plugin. -->","yoast_head_json":{"title":"107 years ago, Father Eust\u00e1quio professed his temporary vows as a religious.","description":"It was in January 1915, less than two years after becoming a novice in the Congregation of the Sacred Hearts, that Eustace made his commitment to religious life. Eustace vowed: Poverty, Obedience, and Chastity, thus making his temporary vows in the Congregation.","robots":{"index":"index","follow":"follow","max-snippet":"max-snippet:-1","max-image-preview":"max-image-preview:large","max-video-preview":"max-video-preview:-1"},"canonical":"https:\/\/www.padreeustaquio.com.br\/en\/107-years-ago-father-eustaquio-professed-his-temporary-vows-as-a-religious\/","og_locale":"en_US","og_type":"article","og_title":"H\u00e1 107 anos Padre Eust\u00e1quio professava seus votos tempor\u00e1rios como religioso","og_description":"Foi em janeiro de 1915, menos de dois anos depois de se tornar novi\u00e7o na Congrega\u00e7\u00e3o dos Sagrados Cora\u00e7\u00f5es, que Eust\u00e1quio firmou seu compromisso com a vida religiosa. Eust\u00e1quio prometeu: Pobreza, Obedi\u00eancia e Castidade fazendo assim, seus votos tempor\u00e1rios na Congrega\u00e7\u00e3o.","og_url":"https:\/\/www.padreeustaquio.com.br\/en\/107-years-ago-father-eustaquio-professed-his-temporary-vows-as-a-religious\/","og_site_name":"Padre Eust\u00e1quio","article_publisher":"https:\/\/www.facebook.com\/beatopadreeustaquio\/","article_published_time":"2022-01-10T09:03:00+00:00","og_image":[{"width":2560,"height":1724,"url":"https:\/\/www.padreeustaquio.com.br\/wp-content\/uploads\/2022\/01\/07-1-scaled.jpg","type":"image\/jpeg"}],"author":"@sscc","twitter_card":"summary_large_image","twitter_creator":"@beatopeustaquio","twitter_site":"@beatopeustaquio","twitter_misc":{"Written by":"@sscc","Est. reading time":"2 minutes"},"schema":{"@context":"https:\/\/schema.org","@graph":[{"@type":"Article","@id":"https:\/\/www.padreeustaquio.com.br\/ha-107-anos-padre-eustaquio-professava-seus-votos-temporarios-como-religioso\/#article","isPartOf":{"@id":"https:\/\/www.padreeustaquio.com.br\/ha-107-anos-padre-eustaquio-professava-seus-votos-temporarios-como-religioso\/"},"author":{"name":"@sscc","@id":"https:\/\/www.padreeustaquio.com.br\/#\/schema\/person\/a2a51db1d00f1a7af0204a0f1ddb1566"},"headline":"H\u00e1 107 anos Padre Eust\u00e1quio professava seus votos tempor\u00e1rios como religioso","datePublished":"2022-01-10T09:03:00+00:00","mainEntityOfPage":{"@id":"https:\/\/www.padreeustaquio.com.br\/ha-107-anos-padre-eustaquio-professava-seus-votos-temporarios-como-religioso\/"},"wordCount":461,"commentCount":0,"publisher":{"@id":"https:\/\/www.padreeustaquio.com.br\/#organization"},"image":{"@id":"https:\/\/www.padreeustaquio.com.br\/ha-107-anos-padre-eustaquio-professava-seus-votos-temporarios-como-religioso\/#primaryimage"},"thumbnailUrl":"https:\/\/www.padreeustaquio.com.br\/wp-content\/uploads\/2022\/01\/07-1-scaled.jpg","articleSection":["Not\u00edcias"],"inLanguage":"en-US","potentialAction":[{"@type":"CommentAction","name":"Comment","target":["https:\/\/www.padreeustaquio.com.br\/ha-107-anos-padre-eustaquio-professava-seus-votos-temporarios-como-religioso\/#respond"]}]},{"@type":"WebPage","@id":"https:\/\/www.padreeustaquio.com.br\/ha-107-anos-padre-eustaquio-professava-seus-votos-temporarios-como-religioso\/","url":"https:\/\/www.padreeustaquio.com.br\/ha-107-anos-padre-eustaquio-professava-seus-votos-temporarios-como-religioso\/","name":"107 years ago, Father Eust\u00e1quio professed his temporary vows as a religious.","isPartOf":{"@id":"https:\/\/www.padreeustaquio.com.br\/#website"},"primaryImageOfPage":{"@id":"https:\/\/www.padreeustaquio.com.br\/ha-107-anos-padre-eustaquio-professava-seus-votos-temporarios-como-religioso\/#primaryimage"},"image":{"@id":"https:\/\/www.padreeustaquio.com.br\/ha-107-anos-padre-eustaquio-professava-seus-votos-temporarios-como-religioso\/#primaryimage"},"thumbnailUrl":"https:\/\/www.padreeustaquio.com.br\/wp-content\/uploads\/2022\/01\/07-1-scaled.jpg","datePublished":"2022-01-10T09:03:00+00:00","description":"It was in January 1915, less than two years after becoming a novice in the Congregation of the Sacred Hearts, that Eustace made his commitment to religious life. Eustace vowed: Poverty, Obedience, and Chastity, thus making his temporary vows in the Congregation.","breadcrumb":{"@id":"https:\/\/www.padreeustaquio.com.br\/ha-107-anos-padre-eustaquio-professava-seus-votos-temporarios-como-religioso\/#breadcrumb"},"inLanguage":"en-US","potentialAction":[{"@type":"ReadAction","target":["https:\/\/www.padreeustaquio.com.br\/ha-107-anos-padre-eustaquio-professava-seus-votos-temporarios-como-religioso\/"]}]},{"@type":"ImageObject","inLanguage":"en-US","@id":"https:\/\/www.padreeustaquio.com.br\/ha-107-anos-padre-eustaquio-professava-seus-votos-temporarios-como-religioso\/#primaryimage","url":"https:\/\/www.padreeustaquio.com.br\/wp-content\/uploads\/2022\/01\/07-1-scaled.jpg","contentUrl":"https:\/\/www.padreeustaquio.com.br\/wp-content\/uploads\/2022\/01\/07-1-scaled.jpg","width":2560,"height":1724},{"@type":"BreadcrumbList","@id":"https:\/\/www.padreeustaquio.com.br\/ha-107-anos-padre-eustaquio-professava-seus-votos-temporarios-como-religioso\/#breadcrumb","itemListElement":[{"@type":"ListItem","position":1,"name":"In\u00edcio","item":"https:\/\/www.padreeustaquio.com.br\/"},{"@type":"ListItem","position":2,"name":"H\u00e1 107 anos Padre Eust\u00e1quio professava seus votos tempor\u00e1rios como religioso"}]},{"@type":"WebSite","@id":"https:\/\/www.padreeustaquio.com.br\/#website","url":"https:\/\/www.padreeustaquio.com.br\/","name":"FATHER EUST\u00c1QUIO","description":"Health and Peace","publisher":{"@id":"https:\/\/www.padreeustaquio.com.br\/#organization"},"potentialAction":[{"@type":"SearchAction","target":{"@type":"EntryPoint","urlTemplate":"https:\/\/www.padreeustaquio.com.br\/?s={search_term_string}"},"query-input":{"@type":"PropertyValueSpecification","valueRequired":true,"valueName":"search_term_string"}}],"inLanguage":"en-US"},{"@type":"Organization","@id":"https:\/\/www.padreeustaquio.com.br\/#organization","name":"FATHER EUST\u00c1QUIO","url":"https:\/\/www.padreeustaquio.com.br\/","logo":{"@type":"ImageObject","inLanguage":"en-US","@id":"https:\/\/www.padreeustaquio.com.br\/#\/schema\/logo\/image\/","url":"https:\/\/www.padreeustaquio.com.br\/wp-content\/uploads\/2019\/08\/marca.png","contentUrl":"https:\/\/www.padreeustaquio.com.br\/wp-content\/uploads\/2019\/08\/marca.png","width":350,"height":400,"caption":"Padre Eust\u00e1quio"},"image":{"@id":"https:\/\/www.padreeustaquio.com.br\/#\/schema\/logo\/image\/"},"sameAs":["https:\/\/www.facebook.com\/beatopadreeustaquio\/","https:\/\/x.com\/beatopeustaquio","https:\/\/www.instagram.com\/beatopadreeustaquio\/","https:\/\/www.youtube.com\/channel\/UCRhw7vfabnajwLxb1ZXMeIw"]},{"@type":"Person","@id":"https:\/\/www.padreeustaquio.com.br\/#\/schema\/person\/a2a51db1d00f1a7af0204a0f1ddb1566","name":"@sscc","image":{"@type":"ImageObject","inLanguage":"en-US","@id":"https:\/\/secure.gravatar.com\/avatar\/68cfafa5f44617fea54071e215026e0ff06be366c3d54a8425f04fdcb86f8c5f?s=96&d=mm&r=g","url":"https:\/\/secure.gravatar.com\/avatar\/68cfafa5f44617fea54071e215026e0ff06be366c3d54a8425f04fdcb86f8c5f?s=96&d=mm&r=g","contentUrl":"https:\/\/secure.gravatar.com\/avatar\/68cfafa5f44617fea54071e215026e0ff06be366c3d54a8425f04fdcb86f8c5f?s=96&d=mm&r=g","caption":"@sscc"},"url":"https:\/\/www.padreeustaquio.com.br\/en\/author\/sscc\/"}]}},"_links":{"self":[{"href":"https:\/\/www.padreeustaquio.com.br\/en\/wp-json\/wp\/v2\/posts\/7871","targetHints":{"allow":["GET"]}}],"collection":[{"href":"https:\/\/www.padreeustaquio.com.br\/en\/wp-json\/wp\/v2\/posts"}],"about":[{"href":"https:\/\/www.padreeustaquio.com.br\/en\/wp-json\/wp\/v2\/types\/post"}],"author":[{"embeddable":true,"href":"https:\/\/www.padreeustaquio.com.br\/en\/wp-json\/wp\/v2\/users\/2"}],"replies":[{"embeddable":true,"href":"https:\/\/www.padreeustaquio.com.br\/en\/wp-json\/wp\/v2\/comments?post=7871"}],"version-history":[{"count":0,"href":"https:\/\/www.padreeustaquio.com.br\/en\/wp-json\/wp\/v2\/posts\/7871\/revisions"}],"wp:featuredmedia":[{"embeddable":true,"href":"https:\/\/www.padreeustaquio.com.br\/en\/wp-json\/wp\/v2\/media\/7872"}],"wp:attachment":[{"href":"https:\/\/www.padreeustaquio.com.br\/en\/wp-json\/wp\/v2\/media?parent=7871"}],"wp:term":[{"taxonomy":"category","embeddable":true,"href":"https:\/\/www.padreeustaquio.com.br\/en\/wp-json\/wp\/v2\/categories?post=7871"},{"taxonomy":"post_tag","embeddable":true,"href":"https:\/\/www.padreeustaquio.com.br\/en\/wp-json\/wp\/v2\/tags?post=7871"}],"curies":[{"name":"wp","href":"https:\/\/api.w.org\/{rel}","templated":true}]}}