{"id":7865,"date":"2022-01-07T05:50:00","date_gmt":"2022-01-07T08:50:00","guid":{"rendered":"https:\/\/www.padreeustaquio.com.br\/?p=7865"},"modified":"2022-01-04T13:59:15","modified_gmt":"2022-01-04T16:59:15","slug":"whatsapp-groups-dedicated-to-father-eustaquio-have-gathered-nearly-600-devotees","status":"publish","type":"post","link":"https:\/\/www.padreeustaquio.com.br\/en\/whatsapp-groups-dedicated-to-father-eustaquio-have-gathered-nearly-600-devotees\/","title":{"rendered":"WhatsApp groups dedicated to Father Eust\u00e1quio have gathered nearly 600 devotees."},"content":{"rendered":"<p>Imagine a communication channel with the vice-postulation of the Cause of Canonization of Blessed Father Eustace, where you receive firsthand photos, news, and lots of information about the Blessed. This is the goal of the WhatsApp group Devotees of Father Eustace.<\/p>\n\n\n\n<p>The communication channel was created in April 2021 and has the participation of almost 600 devotees in three groups. These are people from various Brazilian states and other countries.<\/p>\n\n\n\n<p>The group is closed to interaction, receiving updates only from administrators 3 to 4 times a week. Sporadically, the group is opened so that participants can share a little about their story of devotion to the Blessed One.<\/p>\n\n\n\n<p>To join the group is very simple, just send a WhatsApp message to the number (31) 99545-1943 <a href=\"https:\/\/api.whatsapp.com\/send?phone=5531995451943&amp;text=Sa%C3%BAde%20e%20Paz!%20Entrei%20pelo%20link%20do%20site%20e%20gostaria%20de%20uma%20informa%C3%A7%C3%A3o.%20Podem%20me%20ajudar?\" target=\"_blank\" rel=\"noreferrer noopener\">Click here.<\/a><\/p>\n\n\n\n<p>And you can help us by spreading the word about this channel dedicated to the Blessed One. It&#039;s very simple! Just copy the following message and share it on your WhatsApp with your friends and family:<\/p>\n\n\n\n<p>Would you like to learn more about the history of BLESSED FATHER EUST\u00c1QUIO, the missionary of Health and Peace? Join our EXCLUSIVE group about the Blessed. To do so, simply click on the following link and request to join the group. It&#039;s free! <br>https:\/\/chat.whatsapp.com\/GATqLaHorFILWSvjBlyl4Q<\/p>\n\n\n\n<p><\/p>","protected":false},"excerpt":{"rendered":"<p>Imagina um canal de comunica\u00e7\u00e3o com a vice-postula\u00e7\u00e3o da Causa de Canoniza\u00e7\u00e3o do Beato Padre Eust\u00e1quio, onde voc\u00ea recebe em primeira m\u00e3o, fotos, not\u00edcias e muitas informa\u00e7\u00f5es sobre o Bem-aventurado. Este \u00e9 o objetivo do grupo de WhatsApp Devotos de Padre Eust\u00e1quio. O canal de comunica\u00e7\u00e3o foi criado em abril de 2021 e conta com a participa\u00e7\u00e3o de quase 600 devotos em tr\u00eas grupos. S\u00e3o pessoas de v\u00e1rios estados brasileiros e de outros pa\u00edses. O grupo \u00e9 fechado para intera\u00e7\u00e3o recebendo atualiza\u00e7\u00e3o apenas dos administradores de 3 a 4 vezes por semana. Esporadicamente, o grupo \u00e9 aberto para que os [&hellip;]<\/p>\n","protected":false},"author":2,"featured_media":7866,"comment_status":"open","ping_status":"closed","sticky":false,"template":"","format":"standard","meta":{"_acf_changed":false,"footnotes":""},"categories":[611],"tags":[],"class_list":["post-7865","post","type-post","status-publish","format-standard","has-post-thumbnail","hentry","category-noticias"],"acf":[],"yoast_head":"<!-- This site is optimized with the Yoast SEO plugin v27.2 - https:\/\/yoast.com\/product\/yoast-seo-wordpress\/ -->\n<title>Grupos de Whats&#039;App de Devo\u00e7\u00e3o a Padre Eust\u00e1quio re\u00fanem quase 600 devotos<\/title>\n<meta name=\"description\" content=\"Imagina um canal de comunica\u00e7\u00e3o com a vice-postula\u00e7\u00e3o da Causa de Canoniza\u00e7\u00e3o do Beato Padre Eust\u00e1quio, onde voc\u00ea recebe em primeira m\u00e3o, fotos, not\u00edcias e muitas informa\u00e7\u00f5es sobre o Bem-aventurado. Este \u00e9 o objetivo do grupo de WhatsApp Devotos de Padre Eust\u00e1quio.\" \/>\n<meta name=\"robots\" content=\"index, follow, max-snippet:-1, max-image-preview:large, max-video-preview:-1\" \/>\n<link rel=\"canonical\" href=\"https:\/\/www.padreeustaquio.com.br\/en\/whatsapp-groups-dedicated-to-father-eustaquio-have-gathered-nearly-600-devotees\/\" \/>\n<meta property=\"og:locale\" content=\"en_US\" \/>\n<meta property=\"og:type\" content=\"article\" \/>\n<meta property=\"og:title\" content=\"Grupos de Whats&#039;App de Devo\u00e7\u00e3o a Padre Eust\u00e1quio re\u00fanem quase 600 devotos\" \/>\n<meta property=\"og:description\" content=\"Imagina um canal de comunica\u00e7\u00e3o com a vice-postula\u00e7\u00e3o da Causa de Canoniza\u00e7\u00e3o do Beato Padre Eust\u00e1quio, onde voc\u00ea recebe em primeira m\u00e3o, fotos, not\u00edcias e muitas informa\u00e7\u00f5es sobre o Bem-aventurado. Este \u00e9 o objetivo do grupo de WhatsApp Devotos de Padre Eust\u00e1quio.\" \/>\n<meta property=\"og:url\" content=\"https:\/\/www.padreeustaquio.com.br\/en\/whatsapp-groups-dedicated-to-father-eustaquio-have-gathered-nearly-600-devotees\/\" \/>\n<meta property=\"og:site_name\" content=\"Padre Eust\u00e1quio\" \/>\n<meta property=\"article:publisher\" content=\"https:\/\/www.facebook.com\/beatopadreeustaquio\/\" \/>\n<meta property=\"article:published_time\" content=\"2022-01-07T08:50:00+00:00\" \/>\n<meta property=\"og:image\" content=\"https:\/\/www.padreeustaquio.com.br\/wp-content\/uploads\/2022\/01\/WhatsApp-Image-2022-01-03-at-14.42.31.jpeg\" \/>\n\t<meta property=\"og:image:width\" content=\"1600\" \/>\n\t<meta property=\"og:image:height\" content=\"900\" \/>\n\t<meta property=\"og:image:type\" content=\"image\/jpeg\" \/>\n<meta name=\"author\" content=\"@sscc\" \/>\n<meta name=\"twitter:card\" content=\"summary_large_image\" \/>\n<meta name=\"twitter:creator\" content=\"@beatopeustaquio\" \/>\n<meta name=\"twitter:site\" content=\"@beatopeustaquio\" \/>\n<meta name=\"twitter:label1\" content=\"Written by\" \/>\n\t<meta name=\"twitter:data1\" content=\"@sscc\" \/>\n\t<meta name=\"twitter:label2\" content=\"Est. reading time\" \/>\n\t<meta name=\"twitter:data2\" content=\"1 minute\" \/>\n<script type=\"application\/ld+json\" class=\"yoast-schema-graph\">{\"@context\":\"https:\/\/schema.org\",\"@graph\":[{\"@type\":\"Article\",\"@id\":\"https:\/\/www.padreeustaquio.com.br\/grupos-de-whatsapp-de-devocao-a-padre-eustaquio-reunem-quase-600-devotos\/#article\",\"isPartOf\":{\"@id\":\"https:\/\/www.padreeustaquio.com.br\/grupos-de-whatsapp-de-devocao-a-padre-eustaquio-reunem-quase-600-devotos\/\"},\"author\":{\"name\":\"@sscc\",\"@id\":\"https:\/\/www.padreeustaquio.com.br\/#\/schema\/person\/a2a51db1d00f1a7af0204a0f1ddb1566\"},\"headline\":\"Grupos de Whats&#8217;App de Devo\u00e7\u00e3o a Padre Eust\u00e1quio re\u00fanem quase 600 devotos\",\"datePublished\":\"2022-01-07T08:50:00+00:00\",\"mainEntityOfPage\":{\"@id\":\"https:\/\/www.padreeustaquio.com.br\/grupos-de-whatsapp-de-devocao-a-padre-eustaquio-reunem-quase-600-devotos\/\"},\"wordCount\":239,\"commentCount\":0,\"publisher\":{\"@id\":\"https:\/\/www.padreeustaquio.com.br\/#organization\"},\"image\":{\"@id\":\"https:\/\/www.padreeustaquio.com.br\/grupos-de-whatsapp-de-devocao-a-padre-eustaquio-reunem-quase-600-devotos\/#primaryimage\"},\"thumbnailUrl\":\"https:\/\/www.padreeustaquio.com.br\/wp-content\/uploads\/2022\/01\/WhatsApp-Image-2022-01-03-at-14.42.31.jpeg\",\"articleSection\":[\"Not\u00edcias\"],\"inLanguage\":\"en-US\",\"potentialAction\":[{\"@type\":\"CommentAction\",\"name\":\"Comment\",\"target\":[\"https:\/\/www.padreeustaquio.com.br\/grupos-de-whatsapp-de-devocao-a-padre-eustaquio-reunem-quase-600-devotos\/#respond\"]}]},{\"@type\":\"WebPage\",\"@id\":\"https:\/\/www.padreeustaquio.com.br\/grupos-de-whatsapp-de-devocao-a-padre-eustaquio-reunem-quase-600-devotos\/\",\"url\":\"https:\/\/www.padreeustaquio.com.br\/grupos-de-whatsapp-de-devocao-a-padre-eustaquio-reunem-quase-600-devotos\/\",\"name\":\"Grupos de Whats'App de Devo\u00e7\u00e3o a Padre Eust\u00e1quio re\u00fanem quase 600 devotos\",\"isPartOf\":{\"@id\":\"https:\/\/www.padreeustaquio.com.br\/#website\"},\"primaryImageOfPage\":{\"@id\":\"https:\/\/www.padreeustaquio.com.br\/grupos-de-whatsapp-de-devocao-a-padre-eustaquio-reunem-quase-600-devotos\/#primaryimage\"},\"image\":{\"@id\":\"https:\/\/www.padreeustaquio.com.br\/grupos-de-whatsapp-de-devocao-a-padre-eustaquio-reunem-quase-600-devotos\/#primaryimage\"},\"thumbnailUrl\":\"https:\/\/www.padreeustaquio.com.br\/wp-content\/uploads\/2022\/01\/WhatsApp-Image-2022-01-03-at-14.42.31.jpeg\",\"datePublished\":\"2022-01-07T08:50:00+00:00\",\"description\":\"Imagina um canal de comunica\u00e7\u00e3o com a vice-postula\u00e7\u00e3o da Causa de Canoniza\u00e7\u00e3o do Beato Padre Eust\u00e1quio, onde voc\u00ea recebe em primeira m\u00e3o, fotos, not\u00edcias e muitas informa\u00e7\u00f5es sobre o Bem-aventurado. Este \u00e9 o objetivo do grupo de WhatsApp Devotos de Padre Eust\u00e1quio.\",\"breadcrumb\":{\"@id\":\"https:\/\/www.padreeustaquio.com.br\/grupos-de-whatsapp-de-devocao-a-padre-eustaquio-reunem-quase-600-devotos\/#breadcrumb\"},\"inLanguage\":\"en-US\",\"potentialAction\":[{\"@type\":\"ReadAction\",\"target\":[\"https:\/\/www.padreeustaquio.com.br\/grupos-de-whatsapp-de-devocao-a-padre-eustaquio-reunem-quase-600-devotos\/\"]}]},{\"@type\":\"ImageObject\",\"inLanguage\":\"en-US\",\"@id\":\"https:\/\/www.padreeustaquio.com.br\/grupos-de-whatsapp-de-devocao-a-padre-eustaquio-reunem-quase-600-devotos\/#primaryimage\",\"url\":\"https:\/\/www.padreeustaquio.com.br\/wp-content\/uploads\/2022\/01\/WhatsApp-Image-2022-01-03-at-14.42.31.jpeg\",\"contentUrl\":\"https:\/\/www.padreeustaquio.com.br\/wp-content\/uploads\/2022\/01\/WhatsApp-Image-2022-01-03-at-14.42.31.jpeg\",\"width\":1600,\"height\":900},{\"@type\":\"BreadcrumbList\",\"@id\":\"https:\/\/www.padreeustaquio.com.br\/grupos-de-whatsapp-de-devocao-a-padre-eustaquio-reunem-quase-600-devotos\/#breadcrumb\",\"itemListElement\":[{\"@type\":\"ListItem\",\"position\":1,\"name\":\"In\u00edcio\",\"item\":\"https:\/\/www.padreeustaquio.com.br\/\"},{\"@type\":\"ListItem\",\"position\":2,\"name\":\"Grupos de Whats&#8217;App de Devo\u00e7\u00e3o a Padre Eust\u00e1quio re\u00fanem quase 600 devotos\"}]},{\"@type\":\"WebSite\",\"@id\":\"https:\/\/www.padreeustaquio.com.br\/#website\",\"url\":\"https:\/\/www.padreeustaquio.com.br\/\",\"name\":\"Padre Eust\u00e1quio\",\"description\":\"Sa\u00fade e Paz\",\"publisher\":{\"@id\":\"https:\/\/www.padreeustaquio.com.br\/#organization\"},\"potentialAction\":[{\"@type\":\"SearchAction\",\"target\":{\"@type\":\"EntryPoint\",\"urlTemplate\":\"https:\/\/www.padreeustaquio.com.br\/?s={search_term_string}\"},\"query-input\":{\"@type\":\"PropertyValueSpecification\",\"valueRequired\":true,\"valueName\":\"search_term_string\"}}],\"inLanguage\":\"en-US\"},{\"@type\":\"Organization\",\"@id\":\"https:\/\/www.padreeustaquio.com.br\/#organization\",\"name\":\"Padre Eust\u00e1quio\",\"url\":\"https:\/\/www.padreeustaquio.com.br\/\",\"logo\":{\"@type\":\"ImageObject\",\"inLanguage\":\"en-US\",\"@id\":\"https:\/\/www.padreeustaquio.com.br\/#\/schema\/logo\/image\/\",\"url\":\"https:\/\/www.padreeustaquio.com.br\/wp-content\/uploads\/2019\/08\/marca.png\",\"contentUrl\":\"https:\/\/www.padreeustaquio.com.br\/wp-content\/uploads\/2019\/08\/marca.png\",\"width\":350,\"height\":400,\"caption\":\"Padre Eust\u00e1quio\"},\"image\":{\"@id\":\"https:\/\/www.padreeustaquio.com.br\/#\/schema\/logo\/image\/\"},\"sameAs\":[\"https:\/\/www.facebook.com\/beatopadreeustaquio\/\",\"https:\/\/x.com\/beatopeustaquio\",\"https:\/\/www.instagram.com\/beatopadreeustaquio\/\",\"https:\/\/www.youtube.com\/channel\/UCRhw7vfabnajwLxb1ZXMeIw\"]},{\"@type\":\"Person\",\"@id\":\"https:\/\/www.padreeustaquio.com.br\/#\/schema\/person\/a2a51db1d00f1a7af0204a0f1ddb1566\",\"name\":\"@sscc\",\"image\":{\"@type\":\"ImageObject\",\"inLanguage\":\"en-US\",\"@id\":\"https:\/\/secure.gravatar.com\/avatar\/68cfafa5f44617fea54071e215026e0ff06be366c3d54a8425f04fdcb86f8c5f?s=96&d=mm&r=g\",\"url\":\"https:\/\/secure.gravatar.com\/avatar\/68cfafa5f44617fea54071e215026e0ff06be366c3d54a8425f04fdcb86f8c5f?s=96&d=mm&r=g\",\"contentUrl\":\"https:\/\/secure.gravatar.com\/avatar\/68cfafa5f44617fea54071e215026e0ff06be366c3d54a8425f04fdcb86f8c5f?s=96&d=mm&r=g\",\"caption\":\"@sscc\"},\"url\":\"https:\/\/www.padreeustaquio.com.br\/en\/author\/sscc\/\"}]}<\/script>\n<!-- \/ Yoast SEO plugin. -->","yoast_head_json":{"title":"WhatsApp groups dedicated to Father Eust\u00e1quio have gathered nearly 600 devotees.","description":"Imagine a communication channel with the vice-postulation of the Cause of Canonization of Blessed Father Eustace, where you receive firsthand photos, news, and lots of information about the Blessed. This is the goal of the WhatsApp group Devotees of Father Eustace.","robots":{"index":"index","follow":"follow","max-snippet":"max-snippet:-1","max-image-preview":"max-image-preview:large","max-video-preview":"max-video-preview:-1"},"canonical":"https:\/\/www.padreeustaquio.com.br\/en\/whatsapp-groups-dedicated-to-father-eustaquio-have-gathered-nearly-600-devotees\/","og_locale":"en_US","og_type":"article","og_title":"Grupos de Whats'App de Devo\u00e7\u00e3o a Padre Eust\u00e1quio re\u00fanem quase 600 devotos","og_description":"Imagina um canal de comunica\u00e7\u00e3o com a vice-postula\u00e7\u00e3o da Causa de Canoniza\u00e7\u00e3o do Beato Padre Eust\u00e1quio, onde voc\u00ea recebe em primeira m\u00e3o, fotos, not\u00edcias e muitas informa\u00e7\u00f5es sobre o Bem-aventurado. Este \u00e9 o objetivo do grupo de WhatsApp Devotos de Padre Eust\u00e1quio.","og_url":"https:\/\/www.padreeustaquio.com.br\/en\/whatsapp-groups-dedicated-to-father-eustaquio-have-gathered-nearly-600-devotees\/","og_site_name":"Padre Eust\u00e1quio","article_publisher":"https:\/\/www.facebook.com\/beatopadreeustaquio\/","article_published_time":"2022-01-07T08:50:00+00:00","og_image":[{"width":1600,"height":900,"url":"https:\/\/www.padreeustaquio.com.br\/wp-content\/uploads\/2022\/01\/WhatsApp-Image-2022-01-03-at-14.42.31.jpeg","type":"image\/jpeg"}],"author":"@sscc","twitter_card":"summary_large_image","twitter_creator":"@beatopeustaquio","twitter_site":"@beatopeustaquio","twitter_misc":{"Written by":"@sscc","Est. reading time":"1 minute"},"schema":{"@context":"https:\/\/schema.org","@graph":[{"@type":"Article","@id":"https:\/\/www.padreeustaquio.com.br\/grupos-de-whatsapp-de-devocao-a-padre-eustaquio-reunem-quase-600-devotos\/#article","isPartOf":{"@id":"https:\/\/www.padreeustaquio.com.br\/grupos-de-whatsapp-de-devocao-a-padre-eustaquio-reunem-quase-600-devotos\/"},"author":{"name":"@sscc","@id":"https:\/\/www.padreeustaquio.com.br\/#\/schema\/person\/a2a51db1d00f1a7af0204a0f1ddb1566"},"headline":"Grupos de Whats&#8217;App de Devo\u00e7\u00e3o a Padre Eust\u00e1quio re\u00fanem quase 600 devotos","datePublished":"2022-01-07T08:50:00+00:00","mainEntityOfPage":{"@id":"https:\/\/www.padreeustaquio.com.br\/grupos-de-whatsapp-de-devocao-a-padre-eustaquio-reunem-quase-600-devotos\/"},"wordCount":239,"commentCount":0,"publisher":{"@id":"https:\/\/www.padreeustaquio.com.br\/#organization"},"image":{"@id":"https:\/\/www.padreeustaquio.com.br\/grupos-de-whatsapp-de-devocao-a-padre-eustaquio-reunem-quase-600-devotos\/#primaryimage"},"thumbnailUrl":"https:\/\/www.padreeustaquio.com.br\/wp-content\/uploads\/2022\/01\/WhatsApp-Image-2022-01-03-at-14.42.31.jpeg","articleSection":["Not\u00edcias"],"inLanguage":"en-US","potentialAction":[{"@type":"CommentAction","name":"Comment","target":["https:\/\/www.padreeustaquio.com.br\/grupos-de-whatsapp-de-devocao-a-padre-eustaquio-reunem-quase-600-devotos\/#respond"]}]},{"@type":"WebPage","@id":"https:\/\/www.padreeustaquio.com.br\/grupos-de-whatsapp-de-devocao-a-padre-eustaquio-reunem-quase-600-devotos\/","url":"https:\/\/www.padreeustaquio.com.br\/grupos-de-whatsapp-de-devocao-a-padre-eustaquio-reunem-quase-600-devotos\/","name":"WhatsApp groups dedicated to Father Eust\u00e1quio have gathered nearly 600 devotees.","isPartOf":{"@id":"https:\/\/www.padreeustaquio.com.br\/#website"},"primaryImageOfPage":{"@id":"https:\/\/www.padreeustaquio.com.br\/grupos-de-whatsapp-de-devocao-a-padre-eustaquio-reunem-quase-600-devotos\/#primaryimage"},"image":{"@id":"https:\/\/www.padreeustaquio.com.br\/grupos-de-whatsapp-de-devocao-a-padre-eustaquio-reunem-quase-600-devotos\/#primaryimage"},"thumbnailUrl":"https:\/\/www.padreeustaquio.com.br\/wp-content\/uploads\/2022\/01\/WhatsApp-Image-2022-01-03-at-14.42.31.jpeg","datePublished":"2022-01-07T08:50:00+00:00","description":"Imagine a communication channel with the vice-postulation of the Cause of Canonization of Blessed Father Eustace, where you receive firsthand photos, news, and lots of information about the Blessed. This is the goal of the WhatsApp group Devotees of Father Eustace.","breadcrumb":{"@id":"https:\/\/www.padreeustaquio.com.br\/grupos-de-whatsapp-de-devocao-a-padre-eustaquio-reunem-quase-600-devotos\/#breadcrumb"},"inLanguage":"en-US","potentialAction":[{"@type":"ReadAction","target":["https:\/\/www.padreeustaquio.com.br\/grupos-de-whatsapp-de-devocao-a-padre-eustaquio-reunem-quase-600-devotos\/"]}]},{"@type":"ImageObject","inLanguage":"en-US","@id":"https:\/\/www.padreeustaquio.com.br\/grupos-de-whatsapp-de-devocao-a-padre-eustaquio-reunem-quase-600-devotos\/#primaryimage","url":"https:\/\/www.padreeustaquio.com.br\/wp-content\/uploads\/2022\/01\/WhatsApp-Image-2022-01-03-at-14.42.31.jpeg","contentUrl":"https:\/\/www.padreeustaquio.com.br\/wp-content\/uploads\/2022\/01\/WhatsApp-Image-2022-01-03-at-14.42.31.jpeg","width":1600,"height":900},{"@type":"BreadcrumbList","@id":"https:\/\/www.padreeustaquio.com.br\/grupos-de-whatsapp-de-devocao-a-padre-eustaquio-reunem-quase-600-devotos\/#breadcrumb","itemListElement":[{"@type":"ListItem","position":1,"name":"In\u00edcio","item":"https:\/\/www.padreeustaquio.com.br\/"},{"@type":"ListItem","position":2,"name":"Grupos de Whats&#8217;App de Devo\u00e7\u00e3o a Padre Eust\u00e1quio re\u00fanem quase 600 devotos"}]},{"@type":"WebSite","@id":"https:\/\/www.padreeustaquio.com.br\/#website","url":"https:\/\/www.padreeustaquio.com.br\/","name":"FATHER EUST\u00c1QUIO","description":"Health and Peace","publisher":{"@id":"https:\/\/www.padreeustaquio.com.br\/#organization"},"potentialAction":[{"@type":"SearchAction","target":{"@type":"EntryPoint","urlTemplate":"https:\/\/www.padreeustaquio.com.br\/?s={search_term_string}"},"query-input":{"@type":"PropertyValueSpecification","valueRequired":true,"valueName":"search_term_string"}}],"inLanguage":"en-US"},{"@type":"Organization","@id":"https:\/\/www.padreeustaquio.com.br\/#organization","name":"FATHER EUST\u00c1QUIO","url":"https:\/\/www.padreeustaquio.com.br\/","logo":{"@type":"ImageObject","inLanguage":"en-US","@id":"https:\/\/www.padreeustaquio.com.br\/#\/schema\/logo\/image\/","url":"https:\/\/www.padreeustaquio.com.br\/wp-content\/uploads\/2019\/08\/marca.png","contentUrl":"https:\/\/www.padreeustaquio.com.br\/wp-content\/uploads\/2019\/08\/marca.png","width":350,"height":400,"caption":"Padre Eust\u00e1quio"},"image":{"@id":"https:\/\/www.padreeustaquio.com.br\/#\/schema\/logo\/image\/"},"sameAs":["https:\/\/www.facebook.com\/beatopadreeustaquio\/","https:\/\/x.com\/beatopeustaquio","https:\/\/www.instagram.com\/beatopadreeustaquio\/","https:\/\/www.youtube.com\/channel\/UCRhw7vfabnajwLxb1ZXMeIw"]},{"@type":"Person","@id":"https:\/\/www.padreeustaquio.com.br\/#\/schema\/person\/a2a51db1d00f1a7af0204a0f1ddb1566","name":"@sscc","image":{"@type":"ImageObject","inLanguage":"en-US","@id":"https:\/\/secure.gravatar.com\/avatar\/68cfafa5f44617fea54071e215026e0ff06be366c3d54a8425f04fdcb86f8c5f?s=96&d=mm&r=g","url":"https:\/\/secure.gravatar.com\/avatar\/68cfafa5f44617fea54071e215026e0ff06be366c3d54a8425f04fdcb86f8c5f?s=96&d=mm&r=g","contentUrl":"https:\/\/secure.gravatar.com\/avatar\/68cfafa5f44617fea54071e215026e0ff06be366c3d54a8425f04fdcb86f8c5f?s=96&d=mm&r=g","caption":"@sscc"},"url":"https:\/\/www.padreeustaquio.com.br\/en\/author\/sscc\/"}]}},"_links":{"self":[{"href":"https:\/\/www.padreeustaquio.com.br\/en\/wp-json\/wp\/v2\/posts\/7865","targetHints":{"allow":["GET"]}}],"collection":[{"href":"https:\/\/www.padreeustaquio.com.br\/en\/wp-json\/wp\/v2\/posts"}],"about":[{"href":"https:\/\/www.padreeustaquio.com.br\/en\/wp-json\/wp\/v2\/types\/post"}],"author":[{"embeddable":true,"href":"https:\/\/www.padreeustaquio.com.br\/en\/wp-json\/wp\/v2\/users\/2"}],"replies":[{"embeddable":true,"href":"https:\/\/www.padreeustaquio.com.br\/en\/wp-json\/wp\/v2\/comments?post=7865"}],"version-history":[{"count":0,"href":"https:\/\/www.padreeustaquio.com.br\/en\/wp-json\/wp\/v2\/posts\/7865\/revisions"}],"wp:featuredmedia":[{"embeddable":true,"href":"https:\/\/www.padreeustaquio.com.br\/en\/wp-json\/wp\/v2\/media\/7866"}],"wp:attachment":[{"href":"https:\/\/www.padreeustaquio.com.br\/en\/wp-json\/wp\/v2\/media?parent=7865"}],"wp:term":[{"taxonomy":"category","embeddable":true,"href":"https:\/\/www.padreeustaquio.com.br\/en\/wp-json\/wp\/v2\/categories?post=7865"},{"taxonomy":"post_tag","embeddable":true,"href":"https:\/\/www.padreeustaquio.com.br\/en\/wp-json\/wp\/v2\/tags?post=7865"}],"curies":[{"name":"wp","href":"https:\/\/api.w.org\/{rel}","templated":true}]}}