{"id":7858,"date":"2022-01-04T13:06:28","date_gmt":"2022-01-04T16:06:28","guid":{"rendered":"https:\/\/www.padreeustaquio.com.br\/?p=7858"},"modified":"2022-01-04T13:06:34","modified_gmt":"2022-01-04T16:06:34","slug":"canonization-information-sheet-oct-nov-dec-2021","status":"publish","type":"post","link":"https:\/\/www.padreeustaquio.com.br\/en\/canonization-information-sheet-oct-nov-dec-2021\/","title":{"rendered":"CANONIZATION NEWSLETTER \u2013 Oct\/Nov\/Dec 2021"},"content":{"rendered":"\n<p>Nesta edi\u00e7\u00e3o trazemos a fam\u00edlia de Padre Eust\u00e1quio. Seus pais, Sr. Guilherme e D. Elizabeth, muito religiosos foram a base para que o pequeno Hubertus (nome de batismo de Padre Eust\u00e1quio) pudesse escolher ser um religioso dos Sagrados Cora\u00e7\u00f5es.<\/p>\n\n\n\n<p>[3d-flip-book id=&#8221;7855&#8243; ][\/3d-flip-book]<\/p>\n\n\n\n<p><\/p>\n","protected":false},"excerpt":{"rendered":"<p>Nesta edi\u00e7\u00e3o trazemos a fam\u00edlia de Padre Eust\u00e1quio. Seus pais, Sr. Guilherme e D. Elizabeth, muito religiosos foram a base para que o pequeno Hubertus (nome de batismo de Padre Eust\u00e1quio) pudesse escolher ser um religioso dos Sagrados Cora\u00e7\u00f5es. [3d-flip-book id=&#8221;7855&#8243; ][\/3d-flip-book]<\/p>\n","protected":false},"author":2,"featured_media":7856,"comment_status":"open","ping_status":"closed","sticky":false,"template":"","format":"standard","meta":{"_acf_changed":false,"footnotes":""},"categories":[612],"tags":[],"class_list":["post-7858","post","type-post","status-publish","format-standard","has-post-thumbnail","hentry","category-informativo"],"acf":[],"yoast_head":"<!-- This site is optimized with the Yoast SEO plugin v27.2 - https:\/\/yoast.com\/product\/yoast-seo-wordpress\/ -->\n<title>INFORMATIVO DA CANONIZA\u00c7\u00c3O - out\/nov\/dez 2021 - Padre Eust\u00e1quio<\/title>\n<meta name=\"description\" content=\"Nesta edi\u00e7\u00e3o trazemos a fam\u00edlia de Padre Eust\u00e1quio. Seus pais, Sr. Guilherme e D. Elizabeth, muito religiosos foram a base para que o pequeno Hubertus (nome de batismo de Padre Eust\u00e1quio) pudesse escolher ser um religioso dos Sagrados Cora\u00e7\u00f5es.\" \/>\n<meta name=\"robots\" content=\"index, follow, max-snippet:-1, max-image-preview:large, max-video-preview:-1\" \/>\n<link rel=\"canonical\" href=\"https:\/\/www.padreeustaquio.com.br\/en\/canonization-information-sheet-oct-nov-dec-2021\/\" \/>\n<meta property=\"og:locale\" content=\"en_US\" \/>\n<meta property=\"og:type\" content=\"article\" \/>\n<meta property=\"og:title\" content=\"INFORMATIVO DA CANONIZA\u00c7\u00c3O - out\/nov\/dez 2021 - Padre Eust\u00e1quio\" \/>\n<meta property=\"og:description\" content=\"Nesta edi\u00e7\u00e3o trazemos a fam\u00edlia de Padre Eust\u00e1quio. Seus pais, Sr. Guilherme e D. Elizabeth, muito religiosos foram a base para que o pequeno Hubertus (nome de batismo de Padre Eust\u00e1quio) pudesse escolher ser um religioso dos Sagrados Cora\u00e7\u00f5es.\" \/>\n<meta property=\"og:url\" content=\"https:\/\/www.padreeustaquio.com.br\/en\/canonization-information-sheet-oct-nov-dec-2021\/\" \/>\n<meta property=\"og:site_name\" content=\"Padre Eust\u00e1quio\" \/>\n<meta property=\"article:publisher\" content=\"https:\/\/www.facebook.com\/beatopadreeustaquio\/\" \/>\n<meta property=\"article:published_time\" content=\"2022-01-04T16:06:28+00:00\" \/>\n<meta property=\"article:modified_time\" content=\"2022-01-04T16:06:34+00:00\" \/>\n<meta property=\"og:image\" content=\"https:\/\/www.padreeustaquio.com.br\/wp-content\/uploads\/2022\/01\/CAPA-BOLETIM-out.nov_.dez_.2021.jpg\" \/>\n\t<meta property=\"og:image:width\" content=\"2244\" \/>\n\t<meta property=\"og:image:height\" content=\"1476\" \/>\n\t<meta property=\"og:image:type\" content=\"image\/jpeg\" \/>\n<meta name=\"author\" content=\"@sscc\" \/>\n<meta name=\"twitter:card\" content=\"summary_large_image\" \/>\n<meta name=\"twitter:creator\" content=\"@beatopeustaquio\" \/>\n<meta name=\"twitter:site\" content=\"@beatopeustaquio\" \/>\n<meta name=\"twitter:label1\" content=\"Written by\" \/>\n\t<meta name=\"twitter:data1\" content=\"@sscc\" \/>\n\t<meta name=\"twitter:label2\" content=\"Est. reading time\" \/>\n\t<meta name=\"twitter:data2\" content=\"1 minute\" \/>\n<script type=\"application\/ld+json\" class=\"yoast-schema-graph\">{\"@context\":\"https:\/\/schema.org\",\"@graph\":[{\"@type\":\"Article\",\"@id\":\"https:\/\/www.padreeustaquio.com.br\/informativo-da-canonizacao-out-nov-dez-2021\/#article\",\"isPartOf\":{\"@id\":\"https:\/\/www.padreeustaquio.com.br\/informativo-da-canonizacao-out-nov-dez-2021\/\"},\"author\":{\"name\":\"@sscc\",\"@id\":\"https:\/\/www.padreeustaquio.com.br\/#\/schema\/person\/a2a51db1d00f1a7af0204a0f1ddb1566\"},\"headline\":\"INFORMATIVO DA CANONIZA\u00c7\u00c3O &#8211; out\/nov\/dez 2021\",\"datePublished\":\"2022-01-04T16:06:28+00:00\",\"dateModified\":\"2022-01-04T16:06:34+00:00\",\"mainEntityOfPage\":{\"@id\":\"https:\/\/www.padreeustaquio.com.br\/informativo-da-canonizacao-out-nov-dez-2021\/\"},\"wordCount\":55,\"commentCount\":0,\"publisher\":{\"@id\":\"https:\/\/www.padreeustaquio.com.br\/#organization\"},\"image\":{\"@id\":\"https:\/\/www.padreeustaquio.com.br\/informativo-da-canonizacao-out-nov-dez-2021\/#primaryimage\"},\"thumbnailUrl\":\"https:\/\/www.padreeustaquio.com.br\/wp-content\/uploads\/2022\/01\/CAPA-BOLETIM-out.nov_.dez_.2021.jpg\",\"articleSection\":[\"Informativo\"],\"inLanguage\":\"en-US\",\"potentialAction\":[{\"@type\":\"CommentAction\",\"name\":\"Comment\",\"target\":[\"https:\/\/www.padreeustaquio.com.br\/informativo-da-canonizacao-out-nov-dez-2021\/#respond\"]}]},{\"@type\":\"WebPage\",\"@id\":\"https:\/\/www.padreeustaquio.com.br\/informativo-da-canonizacao-out-nov-dez-2021\/\",\"url\":\"https:\/\/www.padreeustaquio.com.br\/informativo-da-canonizacao-out-nov-dez-2021\/\",\"name\":\"INFORMATIVO DA CANONIZA\u00c7\u00c3O - out\/nov\/dez 2021 - Padre Eust\u00e1quio\",\"isPartOf\":{\"@id\":\"https:\/\/www.padreeustaquio.com.br\/#website\"},\"primaryImageOfPage\":{\"@id\":\"https:\/\/www.padreeustaquio.com.br\/informativo-da-canonizacao-out-nov-dez-2021\/#primaryimage\"},\"image\":{\"@id\":\"https:\/\/www.padreeustaquio.com.br\/informativo-da-canonizacao-out-nov-dez-2021\/#primaryimage\"},\"thumbnailUrl\":\"https:\/\/www.padreeustaquio.com.br\/wp-content\/uploads\/2022\/01\/CAPA-BOLETIM-out.nov_.dez_.2021.jpg\",\"datePublished\":\"2022-01-04T16:06:28+00:00\",\"dateModified\":\"2022-01-04T16:06:34+00:00\",\"description\":\"Nesta edi\u00e7\u00e3o trazemos a fam\u00edlia de Padre Eust\u00e1quio. Seus pais, Sr. Guilherme e D. Elizabeth, muito religiosos foram a base para que o pequeno Hubertus (nome de batismo de Padre Eust\u00e1quio) pudesse escolher ser um religioso dos Sagrados Cora\u00e7\u00f5es.\",\"breadcrumb\":{\"@id\":\"https:\/\/www.padreeustaquio.com.br\/informativo-da-canonizacao-out-nov-dez-2021\/#breadcrumb\"},\"inLanguage\":\"en-US\",\"potentialAction\":[{\"@type\":\"ReadAction\",\"target\":[\"https:\/\/www.padreeustaquio.com.br\/informativo-da-canonizacao-out-nov-dez-2021\/\"]}]},{\"@type\":\"ImageObject\",\"inLanguage\":\"en-US\",\"@id\":\"https:\/\/www.padreeustaquio.com.br\/informativo-da-canonizacao-out-nov-dez-2021\/#primaryimage\",\"url\":\"https:\/\/www.padreeustaquio.com.br\/wp-content\/uploads\/2022\/01\/CAPA-BOLETIM-out.nov_.dez_.2021.jpg\",\"contentUrl\":\"https:\/\/www.padreeustaquio.com.br\/wp-content\/uploads\/2022\/01\/CAPA-BOLETIM-out.nov_.dez_.2021.jpg\",\"width\":2244,\"height\":1476},{\"@type\":\"BreadcrumbList\",\"@id\":\"https:\/\/www.padreeustaquio.com.br\/informativo-da-canonizacao-out-nov-dez-2021\/#breadcrumb\",\"itemListElement\":[{\"@type\":\"ListItem\",\"position\":1,\"name\":\"In\u00edcio\",\"item\":\"https:\/\/www.padreeustaquio.com.br\/\"},{\"@type\":\"ListItem\",\"position\":2,\"name\":\"INFORMATIVO DA CANONIZA\u00c7\u00c3O &#8211; out\/nov\/dez 2021\"}]},{\"@type\":\"WebSite\",\"@id\":\"https:\/\/www.padreeustaquio.com.br\/#website\",\"url\":\"https:\/\/www.padreeustaquio.com.br\/\",\"name\":\"Padre Eust\u00e1quio\",\"description\":\"Sa\u00fade e Paz\",\"publisher\":{\"@id\":\"https:\/\/www.padreeustaquio.com.br\/#organization\"},\"potentialAction\":[{\"@type\":\"SearchAction\",\"target\":{\"@type\":\"EntryPoint\",\"urlTemplate\":\"https:\/\/www.padreeustaquio.com.br\/?s={search_term_string}\"},\"query-input\":{\"@type\":\"PropertyValueSpecification\",\"valueRequired\":true,\"valueName\":\"search_term_string\"}}],\"inLanguage\":\"en-US\"},{\"@type\":\"Organization\",\"@id\":\"https:\/\/www.padreeustaquio.com.br\/#organization\",\"name\":\"Padre Eust\u00e1quio\",\"url\":\"https:\/\/www.padreeustaquio.com.br\/\",\"logo\":{\"@type\":\"ImageObject\",\"inLanguage\":\"en-US\",\"@id\":\"https:\/\/www.padreeustaquio.com.br\/#\/schema\/logo\/image\/\",\"url\":\"https:\/\/www.padreeustaquio.com.br\/wp-content\/uploads\/2019\/08\/marca.png\",\"contentUrl\":\"https:\/\/www.padreeustaquio.com.br\/wp-content\/uploads\/2019\/08\/marca.png\",\"width\":350,\"height\":400,\"caption\":\"Padre Eust\u00e1quio\"},\"image\":{\"@id\":\"https:\/\/www.padreeustaquio.com.br\/#\/schema\/logo\/image\/\"},\"sameAs\":[\"https:\/\/www.facebook.com\/beatopadreeustaquio\/\",\"https:\/\/x.com\/beatopeustaquio\",\"https:\/\/www.instagram.com\/beatopadreeustaquio\/\",\"https:\/\/www.youtube.com\/channel\/UCRhw7vfabnajwLxb1ZXMeIw\"]},{\"@type\":\"Person\",\"@id\":\"https:\/\/www.padreeustaquio.com.br\/#\/schema\/person\/a2a51db1d00f1a7af0204a0f1ddb1566\",\"name\":\"@sscc\",\"image\":{\"@type\":\"ImageObject\",\"inLanguage\":\"en-US\",\"@id\":\"https:\/\/secure.gravatar.com\/avatar\/68cfafa5f44617fea54071e215026e0ff06be366c3d54a8425f04fdcb86f8c5f?s=96&d=mm&r=g\",\"url\":\"https:\/\/secure.gravatar.com\/avatar\/68cfafa5f44617fea54071e215026e0ff06be366c3d54a8425f04fdcb86f8c5f?s=96&d=mm&r=g\",\"contentUrl\":\"https:\/\/secure.gravatar.com\/avatar\/68cfafa5f44617fea54071e215026e0ff06be366c3d54a8425f04fdcb86f8c5f?s=96&d=mm&r=g\",\"caption\":\"@sscc\"},\"url\":\"https:\/\/www.padreeustaquio.com.br\/en\/author\/sscc\/\"}]}<\/script>\n<!-- \/ Yoast SEO plugin. -->","yoast_head_json":{"title":"CANONIZATION NEWSLETTER - Oct\/Nov\/Dec 2021 - Father Eust\u00e1quio","description":"In this edition, we present the family of Father Eust\u00e1quio. His parents, Mr. Guilherme and Mrs. Elizabeth, were very religious and provided the foundation for young Hubertus (Father Eust\u00e1quio&#039;s baptismal name) to choose to become a member of the Sacred Hearts order.","robots":{"index":"index","follow":"follow","max-snippet":"max-snippet:-1","max-image-preview":"max-image-preview:large","max-video-preview":"max-video-preview:-1"},"canonical":"https:\/\/www.padreeustaquio.com.br\/en\/canonization-information-sheet-oct-nov-dec-2021\/","og_locale":"en_US","og_type":"article","og_title":"INFORMATIVO DA CANONIZA\u00c7\u00c3O - out\/nov\/dez 2021 - Padre Eust\u00e1quio","og_description":"Nesta edi\u00e7\u00e3o trazemos a fam\u00edlia de Padre Eust\u00e1quio. Seus pais, Sr. Guilherme e D. Elizabeth, muito religiosos foram a base para que o pequeno Hubertus (nome de batismo de Padre Eust\u00e1quio) pudesse escolher ser um religioso dos Sagrados Cora\u00e7\u00f5es.","og_url":"https:\/\/www.padreeustaquio.com.br\/en\/canonization-information-sheet-oct-nov-dec-2021\/","og_site_name":"Padre Eust\u00e1quio","article_publisher":"https:\/\/www.facebook.com\/beatopadreeustaquio\/","article_published_time":"2022-01-04T16:06:28+00:00","article_modified_time":"2022-01-04T16:06:34+00:00","og_image":[{"width":2244,"height":1476,"url":"https:\/\/www.padreeustaquio.com.br\/wp-content\/uploads\/2022\/01\/CAPA-BOLETIM-out.nov_.dez_.2021.jpg","type":"image\/jpeg"}],"author":"@sscc","twitter_card":"summary_large_image","twitter_creator":"@beatopeustaquio","twitter_site":"@beatopeustaquio","twitter_misc":{"Written by":"@sscc","Est. reading time":"1 minute"},"schema":{"@context":"https:\/\/schema.org","@graph":[{"@type":"Article","@id":"https:\/\/www.padreeustaquio.com.br\/informativo-da-canonizacao-out-nov-dez-2021\/#article","isPartOf":{"@id":"https:\/\/www.padreeustaquio.com.br\/informativo-da-canonizacao-out-nov-dez-2021\/"},"author":{"name":"@sscc","@id":"https:\/\/www.padreeustaquio.com.br\/#\/schema\/person\/a2a51db1d00f1a7af0204a0f1ddb1566"},"headline":"INFORMATIVO DA CANONIZA\u00c7\u00c3O &#8211; out\/nov\/dez 2021","datePublished":"2022-01-04T16:06:28+00:00","dateModified":"2022-01-04T16:06:34+00:00","mainEntityOfPage":{"@id":"https:\/\/www.padreeustaquio.com.br\/informativo-da-canonizacao-out-nov-dez-2021\/"},"wordCount":55,"commentCount":0,"publisher":{"@id":"https:\/\/www.padreeustaquio.com.br\/#organization"},"image":{"@id":"https:\/\/www.padreeustaquio.com.br\/informativo-da-canonizacao-out-nov-dez-2021\/#primaryimage"},"thumbnailUrl":"https:\/\/www.padreeustaquio.com.br\/wp-content\/uploads\/2022\/01\/CAPA-BOLETIM-out.nov_.dez_.2021.jpg","articleSection":["Informativo"],"inLanguage":"en-US","potentialAction":[{"@type":"CommentAction","name":"Comment","target":["https:\/\/www.padreeustaquio.com.br\/informativo-da-canonizacao-out-nov-dez-2021\/#respond"]}]},{"@type":"WebPage","@id":"https:\/\/www.padreeustaquio.com.br\/informativo-da-canonizacao-out-nov-dez-2021\/","url":"https:\/\/www.padreeustaquio.com.br\/informativo-da-canonizacao-out-nov-dez-2021\/","name":"CANONIZATION NEWSLETTER - Oct\/Nov\/Dec 2021 - Father Eust\u00e1quio","isPartOf":{"@id":"https:\/\/www.padreeustaquio.com.br\/#website"},"primaryImageOfPage":{"@id":"https:\/\/www.padreeustaquio.com.br\/informativo-da-canonizacao-out-nov-dez-2021\/#primaryimage"},"image":{"@id":"https:\/\/www.padreeustaquio.com.br\/informativo-da-canonizacao-out-nov-dez-2021\/#primaryimage"},"thumbnailUrl":"https:\/\/www.padreeustaquio.com.br\/wp-content\/uploads\/2022\/01\/CAPA-BOLETIM-out.nov_.dez_.2021.jpg","datePublished":"2022-01-04T16:06:28+00:00","dateModified":"2022-01-04T16:06:34+00:00","description":"In this edition, we present the family of Father Eust\u00e1quio. His parents, Mr. Guilherme and Mrs. Elizabeth, were very religious and provided the foundation for young Hubertus (Father Eust\u00e1quio&#039;s baptismal name) to choose to become a member of the Sacred Hearts order.","breadcrumb":{"@id":"https:\/\/www.padreeustaquio.com.br\/informativo-da-canonizacao-out-nov-dez-2021\/#breadcrumb"},"inLanguage":"en-US","potentialAction":[{"@type":"ReadAction","target":["https:\/\/www.padreeustaquio.com.br\/informativo-da-canonizacao-out-nov-dez-2021\/"]}]},{"@type":"ImageObject","inLanguage":"en-US","@id":"https:\/\/www.padreeustaquio.com.br\/informativo-da-canonizacao-out-nov-dez-2021\/#primaryimage","url":"https:\/\/www.padreeustaquio.com.br\/wp-content\/uploads\/2022\/01\/CAPA-BOLETIM-out.nov_.dez_.2021.jpg","contentUrl":"https:\/\/www.padreeustaquio.com.br\/wp-content\/uploads\/2022\/01\/CAPA-BOLETIM-out.nov_.dez_.2021.jpg","width":2244,"height":1476},{"@type":"BreadcrumbList","@id":"https:\/\/www.padreeustaquio.com.br\/informativo-da-canonizacao-out-nov-dez-2021\/#breadcrumb","itemListElement":[{"@type":"ListItem","position":1,"name":"In\u00edcio","item":"https:\/\/www.padreeustaquio.com.br\/"},{"@type":"ListItem","position":2,"name":"INFORMATIVO DA CANONIZA\u00c7\u00c3O &#8211; out\/nov\/dez 2021"}]},{"@type":"WebSite","@id":"https:\/\/www.padreeustaquio.com.br\/#website","url":"https:\/\/www.padreeustaquio.com.br\/","name":"FATHER EUST\u00c1QUIO","description":"Health and Peace","publisher":{"@id":"https:\/\/www.padreeustaquio.com.br\/#organization"},"potentialAction":[{"@type":"SearchAction","target":{"@type":"EntryPoint","urlTemplate":"https:\/\/www.padreeustaquio.com.br\/?s={search_term_string}"},"query-input":{"@type":"PropertyValueSpecification","valueRequired":true,"valueName":"search_term_string"}}],"inLanguage":"en-US"},{"@type":"Organization","@id":"https:\/\/www.padreeustaquio.com.br\/#organization","name":"FATHER EUST\u00c1QUIO","url":"https:\/\/www.padreeustaquio.com.br\/","logo":{"@type":"ImageObject","inLanguage":"en-US","@id":"https:\/\/www.padreeustaquio.com.br\/#\/schema\/logo\/image\/","url":"https:\/\/www.padreeustaquio.com.br\/wp-content\/uploads\/2019\/08\/marca.png","contentUrl":"https:\/\/www.padreeustaquio.com.br\/wp-content\/uploads\/2019\/08\/marca.png","width":350,"height":400,"caption":"Padre Eust\u00e1quio"},"image":{"@id":"https:\/\/www.padreeustaquio.com.br\/#\/schema\/logo\/image\/"},"sameAs":["https:\/\/www.facebook.com\/beatopadreeustaquio\/","https:\/\/x.com\/beatopeustaquio","https:\/\/www.instagram.com\/beatopadreeustaquio\/","https:\/\/www.youtube.com\/channel\/UCRhw7vfabnajwLxb1ZXMeIw"]},{"@type":"Person","@id":"https:\/\/www.padreeustaquio.com.br\/#\/schema\/person\/a2a51db1d00f1a7af0204a0f1ddb1566","name":"@sscc","image":{"@type":"ImageObject","inLanguage":"en-US","@id":"https:\/\/secure.gravatar.com\/avatar\/68cfafa5f44617fea54071e215026e0ff06be366c3d54a8425f04fdcb86f8c5f?s=96&d=mm&r=g","url":"https:\/\/secure.gravatar.com\/avatar\/68cfafa5f44617fea54071e215026e0ff06be366c3d54a8425f04fdcb86f8c5f?s=96&d=mm&r=g","contentUrl":"https:\/\/secure.gravatar.com\/avatar\/68cfafa5f44617fea54071e215026e0ff06be366c3d54a8425f04fdcb86f8c5f?s=96&d=mm&r=g","caption":"@sscc"},"url":"https:\/\/www.padreeustaquio.com.br\/en\/author\/sscc\/"}]}},"_links":{"self":[{"href":"https:\/\/www.padreeustaquio.com.br\/en\/wp-json\/wp\/v2\/posts\/7858","targetHints":{"allow":["GET"]}}],"collection":[{"href":"https:\/\/www.padreeustaquio.com.br\/en\/wp-json\/wp\/v2\/posts"}],"about":[{"href":"https:\/\/www.padreeustaquio.com.br\/en\/wp-json\/wp\/v2\/types\/post"}],"author":[{"embeddable":true,"href":"https:\/\/www.padreeustaquio.com.br\/en\/wp-json\/wp\/v2\/users\/2"}],"replies":[{"embeddable":true,"href":"https:\/\/www.padreeustaquio.com.br\/en\/wp-json\/wp\/v2\/comments?post=7858"}],"version-history":[{"count":0,"href":"https:\/\/www.padreeustaquio.com.br\/en\/wp-json\/wp\/v2\/posts\/7858\/revisions"}],"wp:featuredmedia":[{"embeddable":true,"href":"https:\/\/www.padreeustaquio.com.br\/en\/wp-json\/wp\/v2\/media\/7856"}],"wp:attachment":[{"href":"https:\/\/www.padreeustaquio.com.br\/en\/wp-json\/wp\/v2\/media?parent=7858"}],"wp:term":[{"taxonomy":"category","embeddable":true,"href":"https:\/\/www.padreeustaquio.com.br\/en\/wp-json\/wp\/v2\/categories?post=7858"},{"taxonomy":"post_tag","embeddable":true,"href":"https:\/\/www.padreeustaquio.com.br\/en\/wp-json\/wp\/v2\/tags?post=7858"}],"curies":[{"name":"wp","href":"https:\/\/api.w.org\/{rel}","templated":true}]}}