{"id":7833,"date":"2022-01-01T08:21:00","date_gmt":"2022-01-01T11:21:00","guid":{"rendered":"https:\/\/www.padreeustaquio.com.br\/?p=7833"},"modified":"2021-12-31T11:34:24","modified_gmt":"2021-12-31T14:34:24","slug":"itinerary-for-the-celebrations-of-the-solemnities-of-saint-mary-mother-of-god-and-the-epiphany-of-the-lord","status":"publish","type":"post","link":"https:\/\/www.padreeustaquio.com.br\/en\/itinerary-for-the-celebrations-of-the-solemnities-of-saint-mary-mother-of-god-and-the-epiphany-of-the-lord\/","title":{"rendered":"Celebratory Itinerary \u2013 Solemnities of Mary, Mother of God, and the Epiphany of the Lord"},"content":{"rendered":"<p>Family Celebration itineraries are available for the following ceremonies:\u00a0<em><strong>Holy Mary, Mother of God<\/strong><\/em>, today, and from\u00a0<em><strong>Epiphany of the Lord<\/strong><\/em>, Tomorrow, January 2nd. The material is offered by the Episcopal Pastoral Commission for Liturgy of the National Conference of Bishops of Brazil (CNBB).<\/p>\n\n\n\n<p>\u201cWe continue to offer this suggestion for a Celebration of the Word of God to be celebrated in your home, with your family. There are two Masses on the first day, held at the Archdiocesan Sanctuary of Health and Peace and broadcast on the Padre Eust\u00e1quio Channel at 10 am and 5 pm, which we can follow, living the dignity of the priestly people that our baptism conferred upon us, we can not only follow, but CELEBRATE with our families the Lord&#039;s Day,\u201d states the Commission for the Liturgy.<\/p>\n\n\n\n<p>On the first day of the year, the solemnity of the Holy Mother of God, Mary Most Holy, is an occasion to \u201cpraise and bless God for manifesting his mercy and love towards us.\u201d In the Celebrate as a Family Guide, everyone is encouraged to ask God \u201cto bless the year that begins, to show us his face, to walk with us.\u201d On World Peace Day, the prayer is that \u201cthe simple and \u201cfragile\u201d child, born of Mary, may bring us peace. May our hearts, our families, seek peace.\u201d.<\/p>\n\n\n\n<p><a href=\"https:\/\/www.cnbb.org.br\/wp-content\/uploads\/2021\/12\/08-Celebrar-em-Familia-Sol-Maria-Mae-de-Deus.pdf\" target=\"_blank\" rel=\"noreferrer noopener\">Download the family celebration guide for the Solemnity of Mary, Mother of God.<\/a><\/p>\n\n\n\n<p>On the first Sunday of the year, the Church celebrates the Solemnity of the Epiphany of the Lord. This is when Jesus manifests himself to the whole world; the Magi represent the people of all languages and nations who set out on a journey, called by God, to worship Jesus. At the Archdiocesan Sanctuary of Health and Peace, the usual Sunday masses will be held at 7:00 AM, 8:30 AM, 10:00 AM, 5:00 PM, and 7:00 PM, and the Padre Eust\u00e1quio Channel will broadcast the 10:00 AM and 7:00 PM masses.<\/p>\n\n\n\n<p><a href=\"https:\/\/www.cnbb.org.br\/wp-content\/uploads\/2021\/12\/09-Celebrar-e-Familia-Epifania-do-Senhor.pdf\" target=\"_blank\" rel=\"noreferrer noopener\">DOWNLOAD THE FAMILY CELEBRATION GUIDE FOR THE SOLEMNITY OF THE EPIPHANY OF THE LORD<\/a><\/p>\n\n\n\n<p><\/p>","protected":false},"excerpt":{"rendered":"<p>Est\u00e3o dispon\u00edveis os roteiros Celebrar em Fam\u00edlia para as solenidades de\u00a0Santa Maria, M\u00e3e de Deus, hoje, e da\u00a0Epifania do Senhor, amanh\u00e3, dia 2 de janeiro. O material \u00e9 oferecido pela Comiss\u00e3o Episcopal Pastoral para a Liturgia da Confer\u00eancia Nacional dos Bispos do Brasil (CNBB). \u201cContinuamos a oferecer esta sugest\u00e3o de Celebra\u00e7\u00e3o da Palavra de Deus para ser celebrada em sua casa, com seus familiares. S\u00e3o duas Missas no dia primeiro, realizadas no Santu\u00e1rio Arquidiocesano da Sa\u00fade e Paz e transmitidas pelo Canal Padre Eust\u00e1quio \u00e0s 10h e \u00e0s 17h, que podemos acompanhar, vivendo a dignidade de povo sacerdotal que nosso [&hellip;]<\/p>\n","protected":false},"author":2,"featured_media":7834,"comment_status":"open","ping_status":"closed","sticky":false,"template":"","format":"standard","meta":{"_acf_changed":false,"footnotes":""},"categories":[611],"tags":[],"class_list":["post-7833","post","type-post","status-publish","format-standard","has-post-thumbnail","hentry","category-noticias"],"acf":[],"yoast_head":"<!-- This site is optimized with the Yoast SEO plugin v27.2 - https:\/\/yoast.com\/product\/yoast-seo-wordpress\/ -->\n<title>Roteiro Celebrativo - Solenidades de Santa Maria M\u00e3e de Deus e da Epifania do Senhor<\/title>\n<meta name=\"description\" content=\"Est\u00e3o dispon\u00edveis os roteiros Celebrar em Fam\u00edlia para as solenidades de\u00a0Santa Maria, M\u00e3e de Deus, hoje, e da\u00a0Epifania do Senhor, amanh\u00e3, dia 2 de janeiro. O material \u00e9 oferecido pela Comiss\u00e3o Episcopal Pastoral para a Liturgia da Confer\u00eancia Nacional dos Bispos do Brasil (CNBB).\" \/>\n<meta name=\"robots\" content=\"index, follow, max-snippet:-1, max-image-preview:large, max-video-preview:-1\" \/>\n<link rel=\"canonical\" href=\"https:\/\/www.padreeustaquio.com.br\/en\/itinerary-for-the-celebrations-of-the-solemnities-of-saint-mary-mother-of-god-and-the-epiphany-of-the-lord\/\" \/>\n<meta property=\"og:locale\" content=\"en_US\" \/>\n<meta property=\"og:type\" content=\"article\" \/>\n<meta property=\"og:title\" content=\"Roteiro Celebrativo - Solenidades de Santa Maria M\u00e3e de Deus e da Epifania do Senhor\" \/>\n<meta property=\"og:description\" content=\"Est\u00e3o dispon\u00edveis os roteiros Celebrar em Fam\u00edlia para as solenidades de\u00a0Santa Maria, M\u00e3e de Deus, hoje, e da\u00a0Epifania do Senhor, amanh\u00e3, dia 2 de janeiro. O material \u00e9 oferecido pela Comiss\u00e3o Episcopal Pastoral para a Liturgia da Confer\u00eancia Nacional dos Bispos do Brasil (CNBB).\" \/>\n<meta property=\"og:url\" content=\"https:\/\/www.padreeustaquio.com.br\/en\/itinerary-for-the-celebrations-of-the-solemnities-of-saint-mary-mother-of-god-and-the-epiphany-of-the-lord\/\" \/>\n<meta property=\"og:site_name\" content=\"Padre Eust\u00e1quio\" \/>\n<meta property=\"article:publisher\" content=\"https:\/\/www.facebook.com\/beatopadreeustaquio\/\" \/>\n<meta property=\"article:published_time\" content=\"2022-01-01T11:21:00+00:00\" \/>\n<meta property=\"og:image\" content=\"https:\/\/www.padreeustaquio.com.br\/wp-content\/uploads\/2021\/12\/ROTEIRO-epifania-senhor.jpg\" \/>\n\t<meta property=\"og:image:width\" content=\"748\" \/>\n\t<meta property=\"og:image:height\" content=\"394\" \/>\n\t<meta property=\"og:image:type\" content=\"image\/jpeg\" \/>\n<meta name=\"author\" content=\"@sscc\" \/>\n<meta name=\"twitter:card\" content=\"summary_large_image\" \/>\n<meta name=\"twitter:creator\" content=\"@beatopeustaquio\" \/>\n<meta name=\"twitter:site\" content=\"@beatopeustaquio\" \/>\n<meta name=\"twitter:label1\" content=\"Written by\" \/>\n\t<meta name=\"twitter:data1\" content=\"@sscc\" \/>\n\t<meta name=\"twitter:label2\" content=\"Est. reading time\" \/>\n\t<meta name=\"twitter:data2\" content=\"2 minutes\" \/>\n<script type=\"application\/ld+json\" class=\"yoast-schema-graph\">{\"@context\":\"https:\/\/schema.org\",\"@graph\":[{\"@type\":\"Article\",\"@id\":\"https:\/\/www.padreeustaquio.com.br\/roteiro-celebrativo-solenidades-de-santa-maria-mae-de-deus-e-da-epifania-do-senhor\/#article\",\"isPartOf\":{\"@id\":\"https:\/\/www.padreeustaquio.com.br\/roteiro-celebrativo-solenidades-de-santa-maria-mae-de-deus-e-da-epifania-do-senhor\/\"},\"author\":{\"name\":\"@sscc\",\"@id\":\"https:\/\/www.padreeustaquio.com.br\/#\/schema\/person\/a2a51db1d00f1a7af0204a0f1ddb1566\"},\"headline\":\"Roteiro Celebrativo &#8211; Solenidades de Santa Maria M\u00e3e de Deus e da Epifania do Senhor\",\"datePublished\":\"2022-01-01T11:21:00+00:00\",\"mainEntityOfPage\":{\"@id\":\"https:\/\/www.padreeustaquio.com.br\/roteiro-celebrativo-solenidades-de-santa-maria-mae-de-deus-e-da-epifania-do-senhor\/\"},\"wordCount\":372,\"commentCount\":0,\"publisher\":{\"@id\":\"https:\/\/www.padreeustaquio.com.br\/#organization\"},\"image\":{\"@id\":\"https:\/\/www.padreeustaquio.com.br\/roteiro-celebrativo-solenidades-de-santa-maria-mae-de-deus-e-da-epifania-do-senhor\/#primaryimage\"},\"thumbnailUrl\":\"https:\/\/www.padreeustaquio.com.br\/wp-content\/uploads\/2021\/12\/ROTEIRO-epifania-senhor.jpg\",\"articleSection\":[\"Not\u00edcias\"],\"inLanguage\":\"en-US\",\"potentialAction\":[{\"@type\":\"CommentAction\",\"name\":\"Comment\",\"target\":[\"https:\/\/www.padreeustaquio.com.br\/roteiro-celebrativo-solenidades-de-santa-maria-mae-de-deus-e-da-epifania-do-senhor\/#respond\"]}]},{\"@type\":\"WebPage\",\"@id\":\"https:\/\/www.padreeustaquio.com.br\/roteiro-celebrativo-solenidades-de-santa-maria-mae-de-deus-e-da-epifania-do-senhor\/\",\"url\":\"https:\/\/www.padreeustaquio.com.br\/roteiro-celebrativo-solenidades-de-santa-maria-mae-de-deus-e-da-epifania-do-senhor\/\",\"name\":\"Roteiro Celebrativo - Solenidades de Santa Maria M\u00e3e de Deus e da Epifania do Senhor\",\"isPartOf\":{\"@id\":\"https:\/\/www.padreeustaquio.com.br\/#website\"},\"primaryImageOfPage\":{\"@id\":\"https:\/\/www.padreeustaquio.com.br\/roteiro-celebrativo-solenidades-de-santa-maria-mae-de-deus-e-da-epifania-do-senhor\/#primaryimage\"},\"image\":{\"@id\":\"https:\/\/www.padreeustaquio.com.br\/roteiro-celebrativo-solenidades-de-santa-maria-mae-de-deus-e-da-epifania-do-senhor\/#primaryimage\"},\"thumbnailUrl\":\"https:\/\/www.padreeustaquio.com.br\/wp-content\/uploads\/2021\/12\/ROTEIRO-epifania-senhor.jpg\",\"datePublished\":\"2022-01-01T11:21:00+00:00\",\"description\":\"Est\u00e3o dispon\u00edveis os roteiros Celebrar em Fam\u00edlia para as solenidades de\u00a0Santa Maria, M\u00e3e de Deus, hoje, e da\u00a0Epifania do Senhor, amanh\u00e3, dia 2 de janeiro. O material \u00e9 oferecido pela Comiss\u00e3o Episcopal Pastoral para a Liturgia da Confer\u00eancia Nacional dos Bispos do Brasil (CNBB).\",\"breadcrumb\":{\"@id\":\"https:\/\/www.padreeustaquio.com.br\/roteiro-celebrativo-solenidades-de-santa-maria-mae-de-deus-e-da-epifania-do-senhor\/#breadcrumb\"},\"inLanguage\":\"en-US\",\"potentialAction\":[{\"@type\":\"ReadAction\",\"target\":[\"https:\/\/www.padreeustaquio.com.br\/roteiro-celebrativo-solenidades-de-santa-maria-mae-de-deus-e-da-epifania-do-senhor\/\"]}]},{\"@type\":\"ImageObject\",\"inLanguage\":\"en-US\",\"@id\":\"https:\/\/www.padreeustaquio.com.br\/roteiro-celebrativo-solenidades-de-santa-maria-mae-de-deus-e-da-epifania-do-senhor\/#primaryimage\",\"url\":\"https:\/\/www.padreeustaquio.com.br\/wp-content\/uploads\/2021\/12\/ROTEIRO-epifania-senhor.jpg\",\"contentUrl\":\"https:\/\/www.padreeustaquio.com.br\/wp-content\/uploads\/2021\/12\/ROTEIRO-epifania-senhor.jpg\",\"width\":748,\"height\":394},{\"@type\":\"BreadcrumbList\",\"@id\":\"https:\/\/www.padreeustaquio.com.br\/roteiro-celebrativo-solenidades-de-santa-maria-mae-de-deus-e-da-epifania-do-senhor\/#breadcrumb\",\"itemListElement\":[{\"@type\":\"ListItem\",\"position\":1,\"name\":\"In\u00edcio\",\"item\":\"https:\/\/www.padreeustaquio.com.br\/\"},{\"@type\":\"ListItem\",\"position\":2,\"name\":\"Roteiro Celebrativo &#8211; Solenidades de Santa Maria M\u00e3e de Deus e da Epifania do Senhor\"}]},{\"@type\":\"WebSite\",\"@id\":\"https:\/\/www.padreeustaquio.com.br\/#website\",\"url\":\"https:\/\/www.padreeustaquio.com.br\/\",\"name\":\"Padre Eust\u00e1quio\",\"description\":\"Sa\u00fade e Paz\",\"publisher\":{\"@id\":\"https:\/\/www.padreeustaquio.com.br\/#organization\"},\"potentialAction\":[{\"@type\":\"SearchAction\",\"target\":{\"@type\":\"EntryPoint\",\"urlTemplate\":\"https:\/\/www.padreeustaquio.com.br\/?s={search_term_string}\"},\"query-input\":{\"@type\":\"PropertyValueSpecification\",\"valueRequired\":true,\"valueName\":\"search_term_string\"}}],\"inLanguage\":\"en-US\"},{\"@type\":\"Organization\",\"@id\":\"https:\/\/www.padreeustaquio.com.br\/#organization\",\"name\":\"Padre Eust\u00e1quio\",\"url\":\"https:\/\/www.padreeustaquio.com.br\/\",\"logo\":{\"@type\":\"ImageObject\",\"inLanguage\":\"en-US\",\"@id\":\"https:\/\/www.padreeustaquio.com.br\/#\/schema\/logo\/image\/\",\"url\":\"https:\/\/www.padreeustaquio.com.br\/wp-content\/uploads\/2019\/08\/marca.png\",\"contentUrl\":\"https:\/\/www.padreeustaquio.com.br\/wp-content\/uploads\/2019\/08\/marca.png\",\"width\":350,\"height\":400,\"caption\":\"Padre Eust\u00e1quio\"},\"image\":{\"@id\":\"https:\/\/www.padreeustaquio.com.br\/#\/schema\/logo\/image\/\"},\"sameAs\":[\"https:\/\/www.facebook.com\/beatopadreeustaquio\/\",\"https:\/\/x.com\/beatopeustaquio\",\"https:\/\/www.instagram.com\/beatopadreeustaquio\/\",\"https:\/\/www.youtube.com\/channel\/UCRhw7vfabnajwLxb1ZXMeIw\"]},{\"@type\":\"Person\",\"@id\":\"https:\/\/www.padreeustaquio.com.br\/#\/schema\/person\/a2a51db1d00f1a7af0204a0f1ddb1566\",\"name\":\"@sscc\",\"image\":{\"@type\":\"ImageObject\",\"inLanguage\":\"en-US\",\"@id\":\"https:\/\/secure.gravatar.com\/avatar\/68cfafa5f44617fea54071e215026e0ff06be366c3d54a8425f04fdcb86f8c5f?s=96&d=mm&r=g\",\"url\":\"https:\/\/secure.gravatar.com\/avatar\/68cfafa5f44617fea54071e215026e0ff06be366c3d54a8425f04fdcb86f8c5f?s=96&d=mm&r=g\",\"contentUrl\":\"https:\/\/secure.gravatar.com\/avatar\/68cfafa5f44617fea54071e215026e0ff06be366c3d54a8425f04fdcb86f8c5f?s=96&d=mm&r=g\",\"caption\":\"@sscc\"},\"url\":\"https:\/\/www.padreeustaquio.com.br\/en\/author\/sscc\/\"}]}<\/script>\n<!-- \/ Yoast SEO plugin. -->","yoast_head_json":{"title":"Celebratory Itinerary - Solemnities of Mary, Mother of God, and the Epiphany of the Lord","description":"The &quot;Celebrate as a Family&quot; guides are available for the solemnities of Mary, Mother of God, today, and the Epiphany of the Lord, tomorrow, January 2nd. The material is provided by the Episcopal Pastoral Commission for Liturgy of the National Conference of Bishops of Brazil (CNBB).","robots":{"index":"index","follow":"follow","max-snippet":"max-snippet:-1","max-image-preview":"max-image-preview:large","max-video-preview":"max-video-preview:-1"},"canonical":"https:\/\/www.padreeustaquio.com.br\/en\/itinerary-for-the-celebrations-of-the-solemnities-of-saint-mary-mother-of-god-and-the-epiphany-of-the-lord\/","og_locale":"en_US","og_type":"article","og_title":"Roteiro Celebrativo - Solenidades de Santa Maria M\u00e3e de Deus e da Epifania do Senhor","og_description":"Est\u00e3o dispon\u00edveis os roteiros Celebrar em Fam\u00edlia para as solenidades de\u00a0Santa Maria, M\u00e3e de Deus, hoje, e da\u00a0Epifania do Senhor, amanh\u00e3, dia 2 de janeiro. O material \u00e9 oferecido pela Comiss\u00e3o Episcopal Pastoral para a Liturgia da Confer\u00eancia Nacional dos Bispos do Brasil (CNBB).","og_url":"https:\/\/www.padreeustaquio.com.br\/en\/itinerary-for-the-celebrations-of-the-solemnities-of-saint-mary-mother-of-god-and-the-epiphany-of-the-lord\/","og_site_name":"Padre Eust\u00e1quio","article_publisher":"https:\/\/www.facebook.com\/beatopadreeustaquio\/","article_published_time":"2022-01-01T11:21:00+00:00","og_image":[{"width":748,"height":394,"url":"https:\/\/www.padreeustaquio.com.br\/wp-content\/uploads\/2021\/12\/ROTEIRO-epifania-senhor.jpg","type":"image\/jpeg"}],"author":"@sscc","twitter_card":"summary_large_image","twitter_creator":"@beatopeustaquio","twitter_site":"@beatopeustaquio","twitter_misc":{"Written by":"@sscc","Est. reading time":"2 minutes"},"schema":{"@context":"https:\/\/schema.org","@graph":[{"@type":"Article","@id":"https:\/\/www.padreeustaquio.com.br\/roteiro-celebrativo-solenidades-de-santa-maria-mae-de-deus-e-da-epifania-do-senhor\/#article","isPartOf":{"@id":"https:\/\/www.padreeustaquio.com.br\/roteiro-celebrativo-solenidades-de-santa-maria-mae-de-deus-e-da-epifania-do-senhor\/"},"author":{"name":"@sscc","@id":"https:\/\/www.padreeustaquio.com.br\/#\/schema\/person\/a2a51db1d00f1a7af0204a0f1ddb1566"},"headline":"Roteiro Celebrativo &#8211; Solenidades de Santa Maria M\u00e3e de Deus e da Epifania do Senhor","datePublished":"2022-01-01T11:21:00+00:00","mainEntityOfPage":{"@id":"https:\/\/www.padreeustaquio.com.br\/roteiro-celebrativo-solenidades-de-santa-maria-mae-de-deus-e-da-epifania-do-senhor\/"},"wordCount":372,"commentCount":0,"publisher":{"@id":"https:\/\/www.padreeustaquio.com.br\/#organization"},"image":{"@id":"https:\/\/www.padreeustaquio.com.br\/roteiro-celebrativo-solenidades-de-santa-maria-mae-de-deus-e-da-epifania-do-senhor\/#primaryimage"},"thumbnailUrl":"https:\/\/www.padreeustaquio.com.br\/wp-content\/uploads\/2021\/12\/ROTEIRO-epifania-senhor.jpg","articleSection":["Not\u00edcias"],"inLanguage":"en-US","potentialAction":[{"@type":"CommentAction","name":"Comment","target":["https:\/\/www.padreeustaquio.com.br\/roteiro-celebrativo-solenidades-de-santa-maria-mae-de-deus-e-da-epifania-do-senhor\/#respond"]}]},{"@type":"WebPage","@id":"https:\/\/www.padreeustaquio.com.br\/roteiro-celebrativo-solenidades-de-santa-maria-mae-de-deus-e-da-epifania-do-senhor\/","url":"https:\/\/www.padreeustaquio.com.br\/roteiro-celebrativo-solenidades-de-santa-maria-mae-de-deus-e-da-epifania-do-senhor\/","name":"Celebratory Itinerary - Solemnities of Mary, Mother of God, and the Epiphany of the Lord","isPartOf":{"@id":"https:\/\/www.padreeustaquio.com.br\/#website"},"primaryImageOfPage":{"@id":"https:\/\/www.padreeustaquio.com.br\/roteiro-celebrativo-solenidades-de-santa-maria-mae-de-deus-e-da-epifania-do-senhor\/#primaryimage"},"image":{"@id":"https:\/\/www.padreeustaquio.com.br\/roteiro-celebrativo-solenidades-de-santa-maria-mae-de-deus-e-da-epifania-do-senhor\/#primaryimage"},"thumbnailUrl":"https:\/\/www.padreeustaquio.com.br\/wp-content\/uploads\/2021\/12\/ROTEIRO-epifania-senhor.jpg","datePublished":"2022-01-01T11:21:00+00:00","description":"The &quot;Celebrate as a Family&quot; guides are available for the solemnities of Mary, Mother of God, today, and the Epiphany of the Lord, tomorrow, January 2nd. The material is provided by the Episcopal Pastoral Commission for Liturgy of the National Conference of Bishops of Brazil (CNBB).","breadcrumb":{"@id":"https:\/\/www.padreeustaquio.com.br\/roteiro-celebrativo-solenidades-de-santa-maria-mae-de-deus-e-da-epifania-do-senhor\/#breadcrumb"},"inLanguage":"en-US","potentialAction":[{"@type":"ReadAction","target":["https:\/\/www.padreeustaquio.com.br\/roteiro-celebrativo-solenidades-de-santa-maria-mae-de-deus-e-da-epifania-do-senhor\/"]}]},{"@type":"ImageObject","inLanguage":"en-US","@id":"https:\/\/www.padreeustaquio.com.br\/roteiro-celebrativo-solenidades-de-santa-maria-mae-de-deus-e-da-epifania-do-senhor\/#primaryimage","url":"https:\/\/www.padreeustaquio.com.br\/wp-content\/uploads\/2021\/12\/ROTEIRO-epifania-senhor.jpg","contentUrl":"https:\/\/www.padreeustaquio.com.br\/wp-content\/uploads\/2021\/12\/ROTEIRO-epifania-senhor.jpg","width":748,"height":394},{"@type":"BreadcrumbList","@id":"https:\/\/www.padreeustaquio.com.br\/roteiro-celebrativo-solenidades-de-santa-maria-mae-de-deus-e-da-epifania-do-senhor\/#breadcrumb","itemListElement":[{"@type":"ListItem","position":1,"name":"In\u00edcio","item":"https:\/\/www.padreeustaquio.com.br\/"},{"@type":"ListItem","position":2,"name":"Roteiro Celebrativo &#8211; Solenidades de Santa Maria M\u00e3e de Deus e da Epifania do Senhor"}]},{"@type":"WebSite","@id":"https:\/\/www.padreeustaquio.com.br\/#website","url":"https:\/\/www.padreeustaquio.com.br\/","name":"FATHER EUST\u00c1QUIO","description":"Health and Peace","publisher":{"@id":"https:\/\/www.padreeustaquio.com.br\/#organization"},"potentialAction":[{"@type":"SearchAction","target":{"@type":"EntryPoint","urlTemplate":"https:\/\/www.padreeustaquio.com.br\/?s={search_term_string}"},"query-input":{"@type":"PropertyValueSpecification","valueRequired":true,"valueName":"search_term_string"}}],"inLanguage":"en-US"},{"@type":"Organization","@id":"https:\/\/www.padreeustaquio.com.br\/#organization","name":"FATHER EUST\u00c1QUIO","url":"https:\/\/www.padreeustaquio.com.br\/","logo":{"@type":"ImageObject","inLanguage":"en-US","@id":"https:\/\/www.padreeustaquio.com.br\/#\/schema\/logo\/image\/","url":"https:\/\/www.padreeustaquio.com.br\/wp-content\/uploads\/2019\/08\/marca.png","contentUrl":"https:\/\/www.padreeustaquio.com.br\/wp-content\/uploads\/2019\/08\/marca.png","width":350,"height":400,"caption":"Padre Eust\u00e1quio"},"image":{"@id":"https:\/\/www.padreeustaquio.com.br\/#\/schema\/logo\/image\/"},"sameAs":["https:\/\/www.facebook.com\/beatopadreeustaquio\/","https:\/\/x.com\/beatopeustaquio","https:\/\/www.instagram.com\/beatopadreeustaquio\/","https:\/\/www.youtube.com\/channel\/UCRhw7vfabnajwLxb1ZXMeIw"]},{"@type":"Person","@id":"https:\/\/www.padreeustaquio.com.br\/#\/schema\/person\/a2a51db1d00f1a7af0204a0f1ddb1566","name":"@sscc","image":{"@type":"ImageObject","inLanguage":"en-US","@id":"https:\/\/secure.gravatar.com\/avatar\/68cfafa5f44617fea54071e215026e0ff06be366c3d54a8425f04fdcb86f8c5f?s=96&d=mm&r=g","url":"https:\/\/secure.gravatar.com\/avatar\/68cfafa5f44617fea54071e215026e0ff06be366c3d54a8425f04fdcb86f8c5f?s=96&d=mm&r=g","contentUrl":"https:\/\/secure.gravatar.com\/avatar\/68cfafa5f44617fea54071e215026e0ff06be366c3d54a8425f04fdcb86f8c5f?s=96&d=mm&r=g","caption":"@sscc"},"url":"https:\/\/www.padreeustaquio.com.br\/en\/author\/sscc\/"}]}},"_links":{"self":[{"href":"https:\/\/www.padreeustaquio.com.br\/en\/wp-json\/wp\/v2\/posts\/7833","targetHints":{"allow":["GET"]}}],"collection":[{"href":"https:\/\/www.padreeustaquio.com.br\/en\/wp-json\/wp\/v2\/posts"}],"about":[{"href":"https:\/\/www.padreeustaquio.com.br\/en\/wp-json\/wp\/v2\/types\/post"}],"author":[{"embeddable":true,"href":"https:\/\/www.padreeustaquio.com.br\/en\/wp-json\/wp\/v2\/users\/2"}],"replies":[{"embeddable":true,"href":"https:\/\/www.padreeustaquio.com.br\/en\/wp-json\/wp\/v2\/comments?post=7833"}],"version-history":[{"count":0,"href":"https:\/\/www.padreeustaquio.com.br\/en\/wp-json\/wp\/v2\/posts\/7833\/revisions"}],"wp:featuredmedia":[{"embeddable":true,"href":"https:\/\/www.padreeustaquio.com.br\/en\/wp-json\/wp\/v2\/media\/7834"}],"wp:attachment":[{"href":"https:\/\/www.padreeustaquio.com.br\/en\/wp-json\/wp\/v2\/media?parent=7833"}],"wp:term":[{"taxonomy":"category","embeddable":true,"href":"https:\/\/www.padreeustaquio.com.br\/en\/wp-json\/wp\/v2\/categories?post=7833"},{"taxonomy":"post_tag","embeddable":true,"href":"https:\/\/www.padreeustaquio.com.br\/en\/wp-json\/wp\/v2\/tags?post=7833"}],"curies":[{"name":"wp","href":"https:\/\/api.w.org\/{rel}","templated":true}]}}