{"id":7817,"date":"2021-12-31T06:53:00","date_gmt":"2021-12-31T09:53:00","guid":{"rendered":"https:\/\/www.padreeustaquio.com.br\/?p=7817"},"modified":"2021-12-31T09:36:55","modified_gmt":"2021-12-31T12:36:55","slug":"the-new-rector-of-the-health-and-peace-sanctuary-reviews-2021","status":"publish","type":"post","link":"https:\/\/www.padreeustaquio.com.br\/en\/the-new-rector-of-the-health-and-peace-sanctuary-reviews-2021\/","title":{"rendered":"The new Rector of the Sanctuary of Health and Peace gives an overview of 2021."},"content":{"rendered":"<p>Father Vinicius Maciel, SSCC, Rector of the Health and Peace Sanctuary and vice-postulator of the Cause of Canonization of Blessed Father Eust\u00e1quio, reflects on 2021 and speaks about expectations for 2022. See the Q&amp;A below:<\/p>\n\n\n\n<p><strong>Was 2021 a year of many challenges for the church?<\/strong><\/p>\n\n\n\n<p>Yes. The second year of the pandemic. New challenges to invent creative forms of evangelization. The challenge of accompanying families impoverished by rising unemployment and declining purchasing power. The challenge of not being able to be present at crucial moments, such as with the sick at home or in hospitals. The hopelessness and exhaustion of children and young people. The loneliness of the elderly and the increased difficulties in relationships within confined families. Finally, the impossibility of celebrating mourning and recognizing loved ones buried without a wake or with a very restricted one.<\/p>\n\n\n\n<p><strong>What are the main achievements of the vice-presidential candidacy?<\/strong><\/p>\n\n\n\n<p>To discuss our achievements, I believe it helps to present our goals over the past few years. We have worked towards consolidating and deepening devotion, as well as expanding it through witness and knowledge of the life and charism of Blessed Eustace. New churches dedicated to Blessed Father Eustace are being built, and new communities are emerging. Amidst the pandemic, the main focus was the establishment of a professional communications team that ensured the growth of social media, the printed newsletter, and the Padre Eustace YouTube channel, which surpassed 10,000 followers in one year.<\/p>\n\n\n\n<p><strong>This year you were appointed Rector of the Archdiocesan Sanctuary of Health and Peace. How did you receive this news?<\/strong><\/p>\n\n\n\n<p>With great hope and responsibility. As a great challenge due to economic and financial difficulties. As a devotee of Blessed Eustace, also with great joy. In a word: emotion, to assume the Parish where my parents were married more than 60 years ago.<\/p>\n\n\n\n<p><strong>What challenges does this appointment entail?<\/strong><\/p>\n\n\n\n<p>Reuniting and building the post-pandemic community together. Balancing the various services I am responsible for, such as the three Social Action Daycare Centers, the Store and the communications team for promoting the Canonization cause, the research, restoration and implementation team for the Padre Eustaquio Museum, and the mission of outreach and dialogue with devotees throughout Brazil.<\/p>\n\n\n\n<p><strong>What are the expectations for 2022, both in relation to the Sanctuary and in relation to the vice-postulation?<\/strong><\/p>\n\n\n\n<p>We are immersed in the centenary of the Archdiocese of Belo Horizonte. 2022 marks 80 years since the beginning of this journey with the arrival of Father Eust\u00e1quio in 1942. In line with Pope Francis&#039;s call to be an open, listening, and outward-looking church, combining parish life with a welcoming sanctuary committed to the mission of being a living presence of the charism and spirituality of Blessed Father Eust\u00e1quio: the Gospel of Health and Peace.<\/p>\n\n\n\n<div class=\"wp-block-image\"><figure class=\"aligncenter size-large is-resized\"><img fetchpriority=\"high\" decoding=\"async\" src=\"https:\/\/www.padreeustaquio.com.br\/wp-content\/uploads\/2021\/12\/Provisao-de-Novo-Reitor-padre-Vinicius_page-0001-726x1024.jpg\" alt=\"\" class=\"wp-image-7823\" width=\"206\" height=\"291\" srcset=\"https:\/\/www.padreeustaquio.com.br\/wp-content\/uploads\/2021\/12\/Provisao-de-Novo-Reitor-padre-Vinicius_page-0001-726x1024.jpg 726w, https:\/\/www.padreeustaquio.com.br\/wp-content\/uploads\/2021\/12\/Provisao-de-Novo-Reitor-padre-Vinicius_page-0001-213x300.jpg 213w, https:\/\/www.padreeustaquio.com.br\/wp-content\/uploads\/2021\/12\/Provisao-de-Novo-Reitor-padre-Vinicius_page-0001-768x1083.jpg 768w, https:\/\/www.padreeustaquio.com.br\/wp-content\/uploads\/2021\/12\/Provisao-de-Novo-Reitor-padre-Vinicius_page-0001-1089x1536.jpg 1089w, https:\/\/www.padreeustaquio.com.br\/wp-content\/uploads\/2021\/12\/Provisao-de-Novo-Reitor-padre-Vinicius_page-0001.jpg 1246w\" sizes=\"(max-width: 206px) 100vw, 206px\" \/><\/figure><\/div>\n\n\n\n<div class=\"wp-block-file aligncenter\"><a href=\"https:\/\/www.padreeustaquio.com.br\/en\/?attachment_id=7822\" target=\"_blank\" rel=\"noreferrer noopener\">Click here to see the official document of the Provision of Parish Priest and Rector of Father Marcus Vin\u00edcius Maciel, ss.cc.<\/a><\/div>\n\n\n\n<p>Father Vin\u00edcius Maciel, SSCC, was appointed Rector of the Archdiocesan Sanctuary of Health and Peace on July 27th of this year.<br>He has been the vice-postulator of the Cause for Canonization of Blessed Father Eust\u00e1quio since December 2008 and is in charge of the process, representing the cause in Brazil.<\/p>\n\n\n\n<p><\/p>","protected":false},"excerpt":{"rendered":"<p>Padre Vinicius Maciel, SSCC, Reitor do Santu\u00e1rio Sa\u00fade e Paz e vice-postulador da Causa de Canoniza\u00e7\u00e3o do Beato Padre Eust\u00e1quio faz balan\u00e7o sobre 2021 e fala das expectativas para 2022. Veja o ping-pong de perguntas e respostas a seguir: 2021 Foi um ano de muitos desafios para a igreja? Sim. O segundo ano da pandemia. Desafios novos para inventar criativas formas de evangeliza\u00e7\u00e3o. Desfio de acompanhar as fam\u00edlias empobrecidas pelo crescente desemprego e queda do poder aquisitivo. Desafio de n\u00e3o poder estar presente em momentos fundamentais como junto aos doentes em casa ou nos hospitais. A desesperan\u00e7a e o cansa\u00e7o [&hellip;]<\/p>\n","protected":false},"author":2,"featured_media":7820,"comment_status":"open","ping_status":"closed","sticky":false,"template":"","format":"standard","meta":{"_acf_changed":false,"footnotes":""},"categories":[611],"tags":[],"class_list":["post-7817","post","type-post","status-publish","format-standard","has-post-thumbnail","hentry","category-noticias"],"acf":[],"yoast_head":"<!-- This site is optimized with the Yoast SEO plugin v27.2 - https:\/\/yoast.com\/product\/yoast-seo-wordpress\/ -->\n<title>Novo Reitor do Santu\u00e1rio da Sa\u00fade e Paz faz balan\u00e7o de 2021<\/title>\n<meta name=\"description\" content=\"Padre Vinicius Maciel, SSCC, Reitor do Santu\u00e1rio Sa\u00fade e Paz e vice-postulador da Causa de Canoniza\u00e7\u00e3o do Beato Padre Eust\u00e1quio faz balan\u00e7o sobre 2021 e fala das expectativas para 2022. Veja o ping-pong de perguntas e respostas.\" \/>\n<meta name=\"robots\" content=\"index, follow, max-snippet:-1, max-image-preview:large, max-video-preview:-1\" \/>\n<link rel=\"canonical\" href=\"https:\/\/www.padreeustaquio.com.br\/en\/the-new-rector-of-the-health-and-peace-sanctuary-reviews-2021\/\" \/>\n<meta property=\"og:locale\" content=\"en_US\" \/>\n<meta property=\"og:type\" content=\"article\" \/>\n<meta property=\"og:title\" content=\"Novo Reitor do Santu\u00e1rio da Sa\u00fade e Paz faz balan\u00e7o de 2021\" \/>\n<meta property=\"og:description\" content=\"Padre Vinicius Maciel, SSCC, Reitor do Santu\u00e1rio Sa\u00fade e Paz e vice-postulador da Causa de Canoniza\u00e7\u00e3o do Beato Padre Eust\u00e1quio faz balan\u00e7o sobre 2021 e fala das expectativas para 2022. Veja o ping-pong de perguntas e respostas.\" \/>\n<meta property=\"og:url\" content=\"https:\/\/www.padreeustaquio.com.br\/en\/the-new-rector-of-the-health-and-peace-sanctuary-reviews-2021\/\" \/>\n<meta property=\"og:site_name\" content=\"Padre Eust\u00e1quio\" \/>\n<meta property=\"article:publisher\" content=\"https:\/\/www.facebook.com\/beatopadreeustaquio\/\" \/>\n<meta property=\"article:published_time\" content=\"2021-12-31T09:53:00+00:00\" \/>\n<meta property=\"article:modified_time\" content=\"2021-12-31T12:36:55+00:00\" \/>\n<meta property=\"og:image\" content=\"https:\/\/www.padreeustaquio.com.br\/wp-content\/uploads\/2021\/12\/padre-vinicius-novo-reitor.jpg\" \/>\n\t<meta property=\"og:image:width\" content=\"748\" \/>\n\t<meta property=\"og:image:height\" content=\"394\" \/>\n\t<meta property=\"og:image:type\" content=\"image\/jpeg\" \/>\n<meta name=\"author\" content=\"@sscc\" \/>\n<meta name=\"twitter:card\" content=\"summary_large_image\" \/>\n<meta name=\"twitter:creator\" content=\"@beatopeustaquio\" \/>\n<meta name=\"twitter:site\" content=\"@beatopeustaquio\" \/>\n<meta name=\"twitter:label1\" content=\"Written by\" \/>\n\t<meta name=\"twitter:data1\" content=\"@sscc\" \/>\n\t<meta name=\"twitter:label2\" content=\"Est. reading time\" \/>\n\t<meta name=\"twitter:data2\" content=\"3 minutes\" \/>\n<script type=\"application\/ld+json\" class=\"yoast-schema-graph\">{\"@context\":\"https:\/\/schema.org\",\"@graph\":[{\"@type\":\"Article\",\"@id\":\"https:\/\/www.padreeustaquio.com.br\/novo-reitor-do-santuario-da-saude-e-paz-faz-balanco-de-2021\/#article\",\"isPartOf\":{\"@id\":\"https:\/\/www.padreeustaquio.com.br\/novo-reitor-do-santuario-da-saude-e-paz-faz-balanco-de-2021\/\"},\"author\":{\"name\":\"@sscc\",\"@id\":\"https:\/\/www.padreeustaquio.com.br\/#\/schema\/person\/a2a51db1d00f1a7af0204a0f1ddb1566\"},\"headline\":\"Novo Reitor do Santu\u00e1rio da Sa\u00fade e Paz faz balan\u00e7o de 2021\",\"datePublished\":\"2021-12-31T09:53:00+00:00\",\"dateModified\":\"2021-12-31T12:36:55+00:00\",\"mainEntityOfPage\":{\"@id\":\"https:\/\/www.padreeustaquio.com.br\/novo-reitor-do-santuario-da-saude-e-paz-faz-balanco-de-2021\/\"},\"wordCount\":589,\"commentCount\":0,\"publisher\":{\"@id\":\"https:\/\/www.padreeustaquio.com.br\/#organization\"},\"image\":{\"@id\":\"https:\/\/www.padreeustaquio.com.br\/novo-reitor-do-santuario-da-saude-e-paz-faz-balanco-de-2021\/#primaryimage\"},\"thumbnailUrl\":\"https:\/\/www.padreeustaquio.com.br\/wp-content\/uploads\/2021\/12\/padre-vinicius-novo-reitor.jpg\",\"articleSection\":[\"Not\u00edcias\"],\"inLanguage\":\"en-US\",\"potentialAction\":[{\"@type\":\"CommentAction\",\"name\":\"Comment\",\"target\":[\"https:\/\/www.padreeustaquio.com.br\/novo-reitor-do-santuario-da-saude-e-paz-faz-balanco-de-2021\/#respond\"]}]},{\"@type\":\"WebPage\",\"@id\":\"https:\/\/www.padreeustaquio.com.br\/novo-reitor-do-santuario-da-saude-e-paz-faz-balanco-de-2021\/\",\"url\":\"https:\/\/www.padreeustaquio.com.br\/novo-reitor-do-santuario-da-saude-e-paz-faz-balanco-de-2021\/\",\"name\":\"Novo Reitor do Santu\u00e1rio da Sa\u00fade e Paz faz balan\u00e7o de 2021\",\"isPartOf\":{\"@id\":\"https:\/\/www.padreeustaquio.com.br\/#website\"},\"primaryImageOfPage\":{\"@id\":\"https:\/\/www.padreeustaquio.com.br\/novo-reitor-do-santuario-da-saude-e-paz-faz-balanco-de-2021\/#primaryimage\"},\"image\":{\"@id\":\"https:\/\/www.padreeustaquio.com.br\/novo-reitor-do-santuario-da-saude-e-paz-faz-balanco-de-2021\/#primaryimage\"},\"thumbnailUrl\":\"https:\/\/www.padreeustaquio.com.br\/wp-content\/uploads\/2021\/12\/padre-vinicius-novo-reitor.jpg\",\"datePublished\":\"2021-12-31T09:53:00+00:00\",\"dateModified\":\"2021-12-31T12:36:55+00:00\",\"description\":\"Padre Vinicius Maciel, SSCC, Reitor do Santu\u00e1rio Sa\u00fade e Paz e vice-postulador da Causa de Canoniza\u00e7\u00e3o do Beato Padre Eust\u00e1quio faz balan\u00e7o sobre 2021 e fala das expectativas para 2022. Veja o ping-pong de perguntas e respostas.\",\"breadcrumb\":{\"@id\":\"https:\/\/www.padreeustaquio.com.br\/novo-reitor-do-santuario-da-saude-e-paz-faz-balanco-de-2021\/#breadcrumb\"},\"inLanguage\":\"en-US\",\"potentialAction\":[{\"@type\":\"ReadAction\",\"target\":[\"https:\/\/www.padreeustaquio.com.br\/novo-reitor-do-santuario-da-saude-e-paz-faz-balanco-de-2021\/\"]}]},{\"@type\":\"ImageObject\",\"inLanguage\":\"en-US\",\"@id\":\"https:\/\/www.padreeustaquio.com.br\/novo-reitor-do-santuario-da-saude-e-paz-faz-balanco-de-2021\/#primaryimage\",\"url\":\"https:\/\/www.padreeustaquio.com.br\/wp-content\/uploads\/2021\/12\/padre-vinicius-novo-reitor.jpg\",\"contentUrl\":\"https:\/\/www.padreeustaquio.com.br\/wp-content\/uploads\/2021\/12\/padre-vinicius-novo-reitor.jpg\",\"width\":748,\"height\":394},{\"@type\":\"BreadcrumbList\",\"@id\":\"https:\/\/www.padreeustaquio.com.br\/novo-reitor-do-santuario-da-saude-e-paz-faz-balanco-de-2021\/#breadcrumb\",\"itemListElement\":[{\"@type\":\"ListItem\",\"position\":1,\"name\":\"In\u00edcio\",\"item\":\"https:\/\/www.padreeustaquio.com.br\/\"},{\"@type\":\"ListItem\",\"position\":2,\"name\":\"Novo Reitor do Santu\u00e1rio da Sa\u00fade e Paz faz balan\u00e7o de 2021\"}]},{\"@type\":\"WebSite\",\"@id\":\"https:\/\/www.padreeustaquio.com.br\/#website\",\"url\":\"https:\/\/www.padreeustaquio.com.br\/\",\"name\":\"Padre Eust\u00e1quio\",\"description\":\"Sa\u00fade e Paz\",\"publisher\":{\"@id\":\"https:\/\/www.padreeustaquio.com.br\/#organization\"},\"potentialAction\":[{\"@type\":\"SearchAction\",\"target\":{\"@type\":\"EntryPoint\",\"urlTemplate\":\"https:\/\/www.padreeustaquio.com.br\/?s={search_term_string}\"},\"query-input\":{\"@type\":\"PropertyValueSpecification\",\"valueRequired\":true,\"valueName\":\"search_term_string\"}}],\"inLanguage\":\"en-US\"},{\"@type\":\"Organization\",\"@id\":\"https:\/\/www.padreeustaquio.com.br\/#organization\",\"name\":\"Padre Eust\u00e1quio\",\"url\":\"https:\/\/www.padreeustaquio.com.br\/\",\"logo\":{\"@type\":\"ImageObject\",\"inLanguage\":\"en-US\",\"@id\":\"https:\/\/www.padreeustaquio.com.br\/#\/schema\/logo\/image\/\",\"url\":\"https:\/\/www.padreeustaquio.com.br\/wp-content\/uploads\/2019\/08\/marca.png\",\"contentUrl\":\"https:\/\/www.padreeustaquio.com.br\/wp-content\/uploads\/2019\/08\/marca.png\",\"width\":350,\"height\":400,\"caption\":\"Padre Eust\u00e1quio\"},\"image\":{\"@id\":\"https:\/\/www.padreeustaquio.com.br\/#\/schema\/logo\/image\/\"},\"sameAs\":[\"https:\/\/www.facebook.com\/beatopadreeustaquio\/\",\"https:\/\/x.com\/beatopeustaquio\",\"https:\/\/www.instagram.com\/beatopadreeustaquio\/\",\"https:\/\/www.youtube.com\/channel\/UCRhw7vfabnajwLxb1ZXMeIw\"]},{\"@type\":\"Person\",\"@id\":\"https:\/\/www.padreeustaquio.com.br\/#\/schema\/person\/a2a51db1d00f1a7af0204a0f1ddb1566\",\"name\":\"@sscc\",\"image\":{\"@type\":\"ImageObject\",\"inLanguage\":\"en-US\",\"@id\":\"https:\/\/secure.gravatar.com\/avatar\/68cfafa5f44617fea54071e215026e0ff06be366c3d54a8425f04fdcb86f8c5f?s=96&d=mm&r=g\",\"url\":\"https:\/\/secure.gravatar.com\/avatar\/68cfafa5f44617fea54071e215026e0ff06be366c3d54a8425f04fdcb86f8c5f?s=96&d=mm&r=g\",\"contentUrl\":\"https:\/\/secure.gravatar.com\/avatar\/68cfafa5f44617fea54071e215026e0ff06be366c3d54a8425f04fdcb86f8c5f?s=96&d=mm&r=g\",\"caption\":\"@sscc\"},\"url\":\"https:\/\/www.padreeustaquio.com.br\/en\/author\/sscc\/\"}]}<\/script>\n<!-- \/ Yoast SEO plugin. -->","yoast_head_json":{"title":"The new Rector of the Sanctuary of Health and Peace gives an overview of 2021.","description":"Father Vinicius Maciel, SSCC, Rector of the Health and Peace Sanctuary and vice-postulator of the Cause of Canonization of Blessed Father Eust\u00e1quio, reflects on 2021 and discusses expectations for 2022. Watch the Q&amp;A session.","robots":{"index":"index","follow":"follow","max-snippet":"max-snippet:-1","max-image-preview":"max-image-preview:large","max-video-preview":"max-video-preview:-1"},"canonical":"https:\/\/www.padreeustaquio.com.br\/en\/the-new-rector-of-the-health-and-peace-sanctuary-reviews-2021\/","og_locale":"en_US","og_type":"article","og_title":"Novo Reitor do Santu\u00e1rio da Sa\u00fade e Paz faz balan\u00e7o de 2021","og_description":"Padre Vinicius Maciel, SSCC, Reitor do Santu\u00e1rio Sa\u00fade e Paz e vice-postulador da Causa de Canoniza\u00e7\u00e3o do Beato Padre Eust\u00e1quio faz balan\u00e7o sobre 2021 e fala das expectativas para 2022. Veja o ping-pong de perguntas e respostas.","og_url":"https:\/\/www.padreeustaquio.com.br\/en\/the-new-rector-of-the-health-and-peace-sanctuary-reviews-2021\/","og_site_name":"Padre Eust\u00e1quio","article_publisher":"https:\/\/www.facebook.com\/beatopadreeustaquio\/","article_published_time":"2021-12-31T09:53:00+00:00","article_modified_time":"2021-12-31T12:36:55+00:00","og_image":[{"width":748,"height":394,"url":"https:\/\/www.padreeustaquio.com.br\/wp-content\/uploads\/2021\/12\/padre-vinicius-novo-reitor.jpg","type":"image\/jpeg"}],"author":"@sscc","twitter_card":"summary_large_image","twitter_creator":"@beatopeustaquio","twitter_site":"@beatopeustaquio","twitter_misc":{"Written by":"@sscc","Est. reading time":"3 minutes"},"schema":{"@context":"https:\/\/schema.org","@graph":[{"@type":"Article","@id":"https:\/\/www.padreeustaquio.com.br\/novo-reitor-do-santuario-da-saude-e-paz-faz-balanco-de-2021\/#article","isPartOf":{"@id":"https:\/\/www.padreeustaquio.com.br\/novo-reitor-do-santuario-da-saude-e-paz-faz-balanco-de-2021\/"},"author":{"name":"@sscc","@id":"https:\/\/www.padreeustaquio.com.br\/#\/schema\/person\/a2a51db1d00f1a7af0204a0f1ddb1566"},"headline":"Novo Reitor do Santu\u00e1rio da Sa\u00fade e Paz faz balan\u00e7o de 2021","datePublished":"2021-12-31T09:53:00+00:00","dateModified":"2021-12-31T12:36:55+00:00","mainEntityOfPage":{"@id":"https:\/\/www.padreeustaquio.com.br\/novo-reitor-do-santuario-da-saude-e-paz-faz-balanco-de-2021\/"},"wordCount":589,"commentCount":0,"publisher":{"@id":"https:\/\/www.padreeustaquio.com.br\/#organization"},"image":{"@id":"https:\/\/www.padreeustaquio.com.br\/novo-reitor-do-santuario-da-saude-e-paz-faz-balanco-de-2021\/#primaryimage"},"thumbnailUrl":"https:\/\/www.padreeustaquio.com.br\/wp-content\/uploads\/2021\/12\/padre-vinicius-novo-reitor.jpg","articleSection":["Not\u00edcias"],"inLanguage":"en-US","potentialAction":[{"@type":"CommentAction","name":"Comment","target":["https:\/\/www.padreeustaquio.com.br\/novo-reitor-do-santuario-da-saude-e-paz-faz-balanco-de-2021\/#respond"]}]},{"@type":"WebPage","@id":"https:\/\/www.padreeustaquio.com.br\/novo-reitor-do-santuario-da-saude-e-paz-faz-balanco-de-2021\/","url":"https:\/\/www.padreeustaquio.com.br\/novo-reitor-do-santuario-da-saude-e-paz-faz-balanco-de-2021\/","name":"The new Rector of the Sanctuary of Health and Peace gives an overview of 2021.","isPartOf":{"@id":"https:\/\/www.padreeustaquio.com.br\/#website"},"primaryImageOfPage":{"@id":"https:\/\/www.padreeustaquio.com.br\/novo-reitor-do-santuario-da-saude-e-paz-faz-balanco-de-2021\/#primaryimage"},"image":{"@id":"https:\/\/www.padreeustaquio.com.br\/novo-reitor-do-santuario-da-saude-e-paz-faz-balanco-de-2021\/#primaryimage"},"thumbnailUrl":"https:\/\/www.padreeustaquio.com.br\/wp-content\/uploads\/2021\/12\/padre-vinicius-novo-reitor.jpg","datePublished":"2021-12-31T09:53:00+00:00","dateModified":"2021-12-31T12:36:55+00:00","description":"Father Vinicius Maciel, SSCC, Rector of the Health and Peace Sanctuary and vice-postulator of the Cause of Canonization of Blessed Father Eust\u00e1quio, reflects on 2021 and discusses expectations for 2022. Watch the Q&amp;A session.","breadcrumb":{"@id":"https:\/\/www.padreeustaquio.com.br\/novo-reitor-do-santuario-da-saude-e-paz-faz-balanco-de-2021\/#breadcrumb"},"inLanguage":"en-US","potentialAction":[{"@type":"ReadAction","target":["https:\/\/www.padreeustaquio.com.br\/novo-reitor-do-santuario-da-saude-e-paz-faz-balanco-de-2021\/"]}]},{"@type":"ImageObject","inLanguage":"en-US","@id":"https:\/\/www.padreeustaquio.com.br\/novo-reitor-do-santuario-da-saude-e-paz-faz-balanco-de-2021\/#primaryimage","url":"https:\/\/www.padreeustaquio.com.br\/wp-content\/uploads\/2021\/12\/padre-vinicius-novo-reitor.jpg","contentUrl":"https:\/\/www.padreeustaquio.com.br\/wp-content\/uploads\/2021\/12\/padre-vinicius-novo-reitor.jpg","width":748,"height":394},{"@type":"BreadcrumbList","@id":"https:\/\/www.padreeustaquio.com.br\/novo-reitor-do-santuario-da-saude-e-paz-faz-balanco-de-2021\/#breadcrumb","itemListElement":[{"@type":"ListItem","position":1,"name":"In\u00edcio","item":"https:\/\/www.padreeustaquio.com.br\/"},{"@type":"ListItem","position":2,"name":"Novo Reitor do Santu\u00e1rio da Sa\u00fade e Paz faz balan\u00e7o de 2021"}]},{"@type":"WebSite","@id":"https:\/\/www.padreeustaquio.com.br\/#website","url":"https:\/\/www.padreeustaquio.com.br\/","name":"FATHER EUST\u00c1QUIO","description":"Health and Peace","publisher":{"@id":"https:\/\/www.padreeustaquio.com.br\/#organization"},"potentialAction":[{"@type":"SearchAction","target":{"@type":"EntryPoint","urlTemplate":"https:\/\/www.padreeustaquio.com.br\/?s={search_term_string}"},"query-input":{"@type":"PropertyValueSpecification","valueRequired":true,"valueName":"search_term_string"}}],"inLanguage":"en-US"},{"@type":"Organization","@id":"https:\/\/www.padreeustaquio.com.br\/#organization","name":"FATHER EUST\u00c1QUIO","url":"https:\/\/www.padreeustaquio.com.br\/","logo":{"@type":"ImageObject","inLanguage":"en-US","@id":"https:\/\/www.padreeustaquio.com.br\/#\/schema\/logo\/image\/","url":"https:\/\/www.padreeustaquio.com.br\/wp-content\/uploads\/2019\/08\/marca.png","contentUrl":"https:\/\/www.padreeustaquio.com.br\/wp-content\/uploads\/2019\/08\/marca.png","width":350,"height":400,"caption":"Padre Eust\u00e1quio"},"image":{"@id":"https:\/\/www.padreeustaquio.com.br\/#\/schema\/logo\/image\/"},"sameAs":["https:\/\/www.facebook.com\/beatopadreeustaquio\/","https:\/\/x.com\/beatopeustaquio","https:\/\/www.instagram.com\/beatopadreeustaquio\/","https:\/\/www.youtube.com\/channel\/UCRhw7vfabnajwLxb1ZXMeIw"]},{"@type":"Person","@id":"https:\/\/www.padreeustaquio.com.br\/#\/schema\/person\/a2a51db1d00f1a7af0204a0f1ddb1566","name":"@sscc","image":{"@type":"ImageObject","inLanguage":"en-US","@id":"https:\/\/secure.gravatar.com\/avatar\/68cfafa5f44617fea54071e215026e0ff06be366c3d54a8425f04fdcb86f8c5f?s=96&d=mm&r=g","url":"https:\/\/secure.gravatar.com\/avatar\/68cfafa5f44617fea54071e215026e0ff06be366c3d54a8425f04fdcb86f8c5f?s=96&d=mm&r=g","contentUrl":"https:\/\/secure.gravatar.com\/avatar\/68cfafa5f44617fea54071e215026e0ff06be366c3d54a8425f04fdcb86f8c5f?s=96&d=mm&r=g","caption":"@sscc"},"url":"https:\/\/www.padreeustaquio.com.br\/en\/author\/sscc\/"}]}},"_links":{"self":[{"href":"https:\/\/www.padreeustaquio.com.br\/en\/wp-json\/wp\/v2\/posts\/7817","targetHints":{"allow":["GET"]}}],"collection":[{"href":"https:\/\/www.padreeustaquio.com.br\/en\/wp-json\/wp\/v2\/posts"}],"about":[{"href":"https:\/\/www.padreeustaquio.com.br\/en\/wp-json\/wp\/v2\/types\/post"}],"author":[{"embeddable":true,"href":"https:\/\/www.padreeustaquio.com.br\/en\/wp-json\/wp\/v2\/users\/2"}],"replies":[{"embeddable":true,"href":"https:\/\/www.padreeustaquio.com.br\/en\/wp-json\/wp\/v2\/comments?post=7817"}],"version-history":[{"count":0,"href":"https:\/\/www.padreeustaquio.com.br\/en\/wp-json\/wp\/v2\/posts\/7817\/revisions"}],"wp:featuredmedia":[{"embeddable":true,"href":"https:\/\/www.padreeustaquio.com.br\/en\/wp-json\/wp\/v2\/media\/7820"}],"wp:attachment":[{"href":"https:\/\/www.padreeustaquio.com.br\/en\/wp-json\/wp\/v2\/media?parent=7817"}],"wp:term":[{"taxonomy":"category","embeddable":true,"href":"https:\/\/www.padreeustaquio.com.br\/en\/wp-json\/wp\/v2\/categories?post=7817"},{"taxonomy":"post_tag","embeddable":true,"href":"https:\/\/www.padreeustaquio.com.br\/en\/wp-json\/wp\/v2\/tags?post=7817"}],"curies":[{"name":"wp","href":"https:\/\/api.w.org\/{rel}","templated":true}]}}