{"id":7765,"date":"2021-12-22T06:45:00","date_gmt":"2021-12-22T09:45:00","guid":{"rendered":"https:\/\/www.padreeustaquio.com.br\/?p=7765"},"modified":"2021-12-22T13:49:41","modified_gmt":"2021-12-22T16:49:41","slug":"christmas-concert-held-at-the-sanctuary-of-health-and-peace","status":"publish","type":"post","link":"https:\/\/www.padreeustaquio.com.br\/en\/christmas-concert-held-at-the-sanctuary-of-health-and-peace\/","title":{"rendered":"The Military Police Symphony Orchestra thrills the audience at the Sanctuary of Health and Peace."},"content":{"rendered":"<p>Members of the Musical Activities Center of the Military Police of Minas Gerais performed this Tuesday at the Health and Peace Sanctuary, the Church of Blessed Father Eust\u00e1quio. In a Christmas atmosphere, 37 officers, including a conductor, instrumentalists, and singers, all from the Military Police of Minas Gerais, presented classical music and Christmas carols.<\/p>\n\n\n\n<p>The musicians were welcomed by the rector of the Sanctuary, Father Vin\u00edcius Maciel, SSCC. Immediately afterwards, the Master of Ceremonies of the Military Police, soldier Guilherme Henrique, introduced the conductor, Sub-Lieutenant Marco Aur\u00e9lio, who began the musical performance. Among the performances were jazz songs, waltzes, samba, and Christmas carols, such as &quot;Pinheirinho de Natal&quot; (Little Christmas Tree), which opened the show. The musicians also played &quot;A um anjo proclamou&quot; (To an Angel He Proclaimed), &quot;Gl\u00f3ria a Deus nas alturas&quot; (Glory to God in the Highest), &quot;Hallelujah,&quot; &quot;Jingle Bells&quot; in a jazz rhythm, and &quot;Noite Feliz&quot; (Silent Night) in a samba rhythm.<\/p>\n\n\n\n<p>The presentation was watched live by many faithful and parishioners, both at the Sanctuary and online, following along via... <a href=\"https:\/\/youtu.be\/4kzaPY9I6HY\" target=\"_blank\" rel=\"noreferrer noopener\">YouTube Channel Padre Eust\u00e1quio, WATCH HERE<\/a>.<\/p>\n\n\n\n<p>The partnership between the Congregation of the Sacred Hearts and the Military Police of Minas Gerais has been long-standing, but the performances did not take place last year due to the pandemic. The last performance of the Military Police Band at the Sanctuary was on December 6, 2019, and moved the hundreds of people who attended the church on the day of the concert.<\/p>","protected":false},"excerpt":{"rendered":"<p>Integrantes do Centro de Atividades Musicais da Pol\u00edcia Militar de Minas Gerais se apresentaram nessa ter\u00e7a-feira, no Santu\u00e1rio Sa\u00fade e Paz, a Igreja do Beato Padre Eust\u00e1quio. Em clima natalino, 37 oficiais entre maestro, instrumentistas e cantores, todos da Pol\u00edcia Militar de Minas Gerais, apresentaram m\u00fasicas cl\u00e1ssicas e can\u00e7\u00f5es de Natal. Os m\u00fasicos foram recepcionados pelo reitor do Santu\u00e1rio, Padre Vin\u00edcius Maciel, SSCC. Logo em seguida, o Mestre de Cerim\u00f4nias da PM, o soldado Guilherme Henrique, apresentou o maestro, Subtenente Marco Aur\u00e9lio, que deu in\u00edcio ao musical. Entre as apresenta\u00e7\u00f5es, can\u00e7\u00f5es de jazz, valsa, samba e m\u00fasicas natalinas, como Pinheirinho [&hellip;]<\/p>\n","protected":false},"author":2,"featured_media":7787,"comment_status":"open","ping_status":"closed","sticky":false,"template":"","format":"standard","meta":{"_acf_changed":false,"footnotes":""},"categories":[611],"tags":[],"class_list":["post-7765","post","type-post","status-publish","format-standard","has-post-thumbnail","hentry","category-noticias"],"acf":[],"yoast_head":"<!-- This site is optimized with the Yoast SEO plugin v27.2 - https:\/\/yoast.com\/product\/yoast-seo-wordpress\/ -->\n<title>Orquestra Sinf\u00f4nica da PM emociona o p\u00fablico no Santu\u00e1rio da Sa\u00fade e Paz<\/title>\n<meta name=\"description\" content=\"Em clima natalino, 37 oficiais entre maestro, instrumentistas e cantores, todos da Pol\u00edcia Militar de Minas Gerais, apresentaram m\u00fasicas cl\u00e1ssicas e can\u00e7\u00f5es de Natal.\" \/>\n<meta name=\"robots\" content=\"index, follow, max-snippet:-1, max-image-preview:large, max-video-preview:-1\" \/>\n<link rel=\"canonical\" href=\"https:\/\/www.padreeustaquio.com.br\/en\/christmas-concert-held-at-the-sanctuary-of-health-and-peace\/\" \/>\n<meta property=\"og:locale\" content=\"en_US\" \/>\n<meta property=\"og:type\" content=\"article\" \/>\n<meta property=\"og:title\" content=\"Orquestra Sinf\u00f4nica da PM emociona o p\u00fablico no Santu\u00e1rio da Sa\u00fade e Paz\" \/>\n<meta property=\"og:description\" content=\"Em clima natalino, 37 oficiais entre maestro, instrumentistas e cantores, todos da Pol\u00edcia Militar de Minas Gerais, apresentaram m\u00fasicas cl\u00e1ssicas e can\u00e7\u00f5es de Natal.\" \/>\n<meta property=\"og:url\" content=\"https:\/\/www.padreeustaquio.com.br\/en\/christmas-concert-held-at-the-sanctuary-of-health-and-peace\/\" \/>\n<meta property=\"og:site_name\" content=\"Padre Eust\u00e1quio\" \/>\n<meta property=\"article:publisher\" content=\"https:\/\/www.facebook.com\/beatopadreeustaquio\/\" \/>\n<meta property=\"article:published_time\" content=\"2021-12-22T09:45:00+00:00\" \/>\n<meta property=\"article:modified_time\" content=\"2021-12-22T16:49:41+00:00\" \/>\n<meta property=\"og:image\" content=\"https:\/\/www.padreeustaquio.com.br\/wp-content\/uploads\/2021\/12\/MG_4655-scaled.jpg\" \/>\n\t<meta property=\"og:image:width\" content=\"2560\" \/>\n\t<meta property=\"og:image:height\" content=\"1707\" \/>\n\t<meta property=\"og:image:type\" content=\"image\/jpeg\" \/>\n<meta name=\"author\" content=\"@sscc\" \/>\n<meta name=\"twitter:card\" content=\"summary_large_image\" \/>\n<meta name=\"twitter:creator\" content=\"@beatopeustaquio\" \/>\n<meta name=\"twitter:site\" content=\"@beatopeustaquio\" \/>\n<meta name=\"twitter:label1\" content=\"Written by\" \/>\n\t<meta name=\"twitter:data1\" content=\"@sscc\" \/>\n\t<meta name=\"twitter:label2\" content=\"Est. reading time\" \/>\n\t<meta name=\"twitter:data2\" content=\"1 minute\" \/>\n<script type=\"application\/ld+json\" class=\"yoast-schema-graph\">{\"@context\":\"https:\/\/schema.org\",\"@graph\":[{\"@type\":\"Article\",\"@id\":\"https:\/\/www.padreeustaquio.com.br\/concerto-de-natal-e-realizado-no-santuario-da-saude-e-paz\/#article\",\"isPartOf\":{\"@id\":\"https:\/\/www.padreeustaquio.com.br\/concerto-de-natal-e-realizado-no-santuario-da-saude-e-paz\/\"},\"author\":{\"name\":\"@sscc\",\"@id\":\"https:\/\/www.padreeustaquio.com.br\/#\/schema\/person\/a2a51db1d00f1a7af0204a0f1ddb1566\"},\"headline\":\"Orquestra Sinf\u00f4nica da PM emociona o p\u00fablico no Santu\u00e1rio da Sa\u00fade e Paz\",\"datePublished\":\"2021-12-22T09:45:00+00:00\",\"dateModified\":\"2021-12-22T16:49:41+00:00\",\"mainEntityOfPage\":{\"@id\":\"https:\/\/www.padreeustaquio.com.br\/concerto-de-natal-e-realizado-no-santuario-da-saude-e-paz\/\"},\"wordCount\":265,\"commentCount\":0,\"publisher\":{\"@id\":\"https:\/\/www.padreeustaquio.com.br\/#organization\"},\"image\":{\"@id\":\"https:\/\/www.padreeustaquio.com.br\/concerto-de-natal-e-realizado-no-santuario-da-saude-e-paz\/#primaryimage\"},\"thumbnailUrl\":\"https:\/\/www.padreeustaquio.com.br\/wp-content\/uploads\/2021\/12\/MG_4655-scaled.jpg\",\"articleSection\":[\"Not\u00edcias\"],\"inLanguage\":\"en-US\",\"potentialAction\":[{\"@type\":\"CommentAction\",\"name\":\"Comment\",\"target\":[\"https:\/\/www.padreeustaquio.com.br\/concerto-de-natal-e-realizado-no-santuario-da-saude-e-paz\/#respond\"]}]},{\"@type\":\"WebPage\",\"@id\":\"https:\/\/www.padreeustaquio.com.br\/concerto-de-natal-e-realizado-no-santuario-da-saude-e-paz\/\",\"url\":\"https:\/\/www.padreeustaquio.com.br\/concerto-de-natal-e-realizado-no-santuario-da-saude-e-paz\/\",\"name\":\"Orquestra Sinf\u00f4nica da PM emociona o p\u00fablico no Santu\u00e1rio da Sa\u00fade e Paz\",\"isPartOf\":{\"@id\":\"https:\/\/www.padreeustaquio.com.br\/#website\"},\"primaryImageOfPage\":{\"@id\":\"https:\/\/www.padreeustaquio.com.br\/concerto-de-natal-e-realizado-no-santuario-da-saude-e-paz\/#primaryimage\"},\"image\":{\"@id\":\"https:\/\/www.padreeustaquio.com.br\/concerto-de-natal-e-realizado-no-santuario-da-saude-e-paz\/#primaryimage\"},\"thumbnailUrl\":\"https:\/\/www.padreeustaquio.com.br\/wp-content\/uploads\/2021\/12\/MG_4655-scaled.jpg\",\"datePublished\":\"2021-12-22T09:45:00+00:00\",\"dateModified\":\"2021-12-22T16:49:41+00:00\",\"description\":\"Em clima natalino, 37 oficiais entre maestro, instrumentistas e cantores, todos da Pol\u00edcia Militar de Minas Gerais, apresentaram m\u00fasicas cl\u00e1ssicas e can\u00e7\u00f5es de Natal.\",\"breadcrumb\":{\"@id\":\"https:\/\/www.padreeustaquio.com.br\/concerto-de-natal-e-realizado-no-santuario-da-saude-e-paz\/#breadcrumb\"},\"inLanguage\":\"en-US\",\"potentialAction\":[{\"@type\":\"ReadAction\",\"target\":[\"https:\/\/www.padreeustaquio.com.br\/concerto-de-natal-e-realizado-no-santuario-da-saude-e-paz\/\"]}]},{\"@type\":\"ImageObject\",\"inLanguage\":\"en-US\",\"@id\":\"https:\/\/www.padreeustaquio.com.br\/concerto-de-natal-e-realizado-no-santuario-da-saude-e-paz\/#primaryimage\",\"url\":\"https:\/\/www.padreeustaquio.com.br\/wp-content\/uploads\/2021\/12\/MG_4655-scaled.jpg\",\"contentUrl\":\"https:\/\/www.padreeustaquio.com.br\/wp-content\/uploads\/2021\/12\/MG_4655-scaled.jpg\",\"width\":2560,\"height\":1707},{\"@type\":\"BreadcrumbList\",\"@id\":\"https:\/\/www.padreeustaquio.com.br\/concerto-de-natal-e-realizado-no-santuario-da-saude-e-paz\/#breadcrumb\",\"itemListElement\":[{\"@type\":\"ListItem\",\"position\":1,\"name\":\"In\u00edcio\",\"item\":\"https:\/\/www.padreeustaquio.com.br\/\"},{\"@type\":\"ListItem\",\"position\":2,\"name\":\"Orquestra Sinf\u00f4nica da PM emociona o p\u00fablico no Santu\u00e1rio da Sa\u00fade e Paz\"}]},{\"@type\":\"WebSite\",\"@id\":\"https:\/\/www.padreeustaquio.com.br\/#website\",\"url\":\"https:\/\/www.padreeustaquio.com.br\/\",\"name\":\"Padre Eust\u00e1quio\",\"description\":\"Sa\u00fade e Paz\",\"publisher\":{\"@id\":\"https:\/\/www.padreeustaquio.com.br\/#organization\"},\"potentialAction\":[{\"@type\":\"SearchAction\",\"target\":{\"@type\":\"EntryPoint\",\"urlTemplate\":\"https:\/\/www.padreeustaquio.com.br\/?s={search_term_string}\"},\"query-input\":{\"@type\":\"PropertyValueSpecification\",\"valueRequired\":true,\"valueName\":\"search_term_string\"}}],\"inLanguage\":\"en-US\"},{\"@type\":\"Organization\",\"@id\":\"https:\/\/www.padreeustaquio.com.br\/#organization\",\"name\":\"Padre Eust\u00e1quio\",\"url\":\"https:\/\/www.padreeustaquio.com.br\/\",\"logo\":{\"@type\":\"ImageObject\",\"inLanguage\":\"en-US\",\"@id\":\"https:\/\/www.padreeustaquio.com.br\/#\/schema\/logo\/image\/\",\"url\":\"https:\/\/www.padreeustaquio.com.br\/wp-content\/uploads\/2019\/08\/marca.png\",\"contentUrl\":\"https:\/\/www.padreeustaquio.com.br\/wp-content\/uploads\/2019\/08\/marca.png\",\"width\":350,\"height\":400,\"caption\":\"Padre Eust\u00e1quio\"},\"image\":{\"@id\":\"https:\/\/www.padreeustaquio.com.br\/#\/schema\/logo\/image\/\"},\"sameAs\":[\"https:\/\/www.facebook.com\/beatopadreeustaquio\/\",\"https:\/\/x.com\/beatopeustaquio\",\"https:\/\/www.instagram.com\/beatopadreeustaquio\/\",\"https:\/\/www.youtube.com\/channel\/UCRhw7vfabnajwLxb1ZXMeIw\"]},{\"@type\":\"Person\",\"@id\":\"https:\/\/www.padreeustaquio.com.br\/#\/schema\/person\/a2a51db1d00f1a7af0204a0f1ddb1566\",\"name\":\"@sscc\",\"image\":{\"@type\":\"ImageObject\",\"inLanguage\":\"en-US\",\"@id\":\"https:\/\/secure.gravatar.com\/avatar\/68cfafa5f44617fea54071e215026e0ff06be366c3d54a8425f04fdcb86f8c5f?s=96&d=mm&r=g\",\"url\":\"https:\/\/secure.gravatar.com\/avatar\/68cfafa5f44617fea54071e215026e0ff06be366c3d54a8425f04fdcb86f8c5f?s=96&d=mm&r=g\",\"contentUrl\":\"https:\/\/secure.gravatar.com\/avatar\/68cfafa5f44617fea54071e215026e0ff06be366c3d54a8425f04fdcb86f8c5f?s=96&d=mm&r=g\",\"caption\":\"@sscc\"},\"url\":\"https:\/\/www.padreeustaquio.com.br\/en\/author\/sscc\/\"}]}<\/script>\n<!-- \/ Yoast SEO plugin. -->","yoast_head_json":{"title":"The Military Police Symphony Orchestra thrills the audience at the Sanctuary of Health and Peace.","description":"In a festive Christmas atmosphere, 37 officers, including a conductor, instrumentalists, and singers, all from the Military Police of Minas Gerais, presented classical music and Christmas carols.","robots":{"index":"index","follow":"follow","max-snippet":"max-snippet:-1","max-image-preview":"max-image-preview:large","max-video-preview":"max-video-preview:-1"},"canonical":"https:\/\/www.padreeustaquio.com.br\/en\/christmas-concert-held-at-the-sanctuary-of-health-and-peace\/","og_locale":"en_US","og_type":"article","og_title":"Orquestra Sinf\u00f4nica da PM emociona o p\u00fablico no Santu\u00e1rio da Sa\u00fade e Paz","og_description":"Em clima natalino, 37 oficiais entre maestro, instrumentistas e cantores, todos da Pol\u00edcia Militar de Minas Gerais, apresentaram m\u00fasicas cl\u00e1ssicas e can\u00e7\u00f5es de Natal.","og_url":"https:\/\/www.padreeustaquio.com.br\/en\/christmas-concert-held-at-the-sanctuary-of-health-and-peace\/","og_site_name":"Padre Eust\u00e1quio","article_publisher":"https:\/\/www.facebook.com\/beatopadreeustaquio\/","article_published_time":"2021-12-22T09:45:00+00:00","article_modified_time":"2021-12-22T16:49:41+00:00","og_image":[{"width":2560,"height":1707,"url":"https:\/\/www.padreeustaquio.com.br\/wp-content\/uploads\/2021\/12\/MG_4655-scaled.jpg","type":"image\/jpeg"}],"author":"@sscc","twitter_card":"summary_large_image","twitter_creator":"@beatopeustaquio","twitter_site":"@beatopeustaquio","twitter_misc":{"Written by":"@sscc","Est. reading time":"1 minute"},"schema":{"@context":"https:\/\/schema.org","@graph":[{"@type":"Article","@id":"https:\/\/www.padreeustaquio.com.br\/concerto-de-natal-e-realizado-no-santuario-da-saude-e-paz\/#article","isPartOf":{"@id":"https:\/\/www.padreeustaquio.com.br\/concerto-de-natal-e-realizado-no-santuario-da-saude-e-paz\/"},"author":{"name":"@sscc","@id":"https:\/\/www.padreeustaquio.com.br\/#\/schema\/person\/a2a51db1d00f1a7af0204a0f1ddb1566"},"headline":"Orquestra Sinf\u00f4nica da PM emociona o p\u00fablico no Santu\u00e1rio da Sa\u00fade e Paz","datePublished":"2021-12-22T09:45:00+00:00","dateModified":"2021-12-22T16:49:41+00:00","mainEntityOfPage":{"@id":"https:\/\/www.padreeustaquio.com.br\/concerto-de-natal-e-realizado-no-santuario-da-saude-e-paz\/"},"wordCount":265,"commentCount":0,"publisher":{"@id":"https:\/\/www.padreeustaquio.com.br\/#organization"},"image":{"@id":"https:\/\/www.padreeustaquio.com.br\/concerto-de-natal-e-realizado-no-santuario-da-saude-e-paz\/#primaryimage"},"thumbnailUrl":"https:\/\/www.padreeustaquio.com.br\/wp-content\/uploads\/2021\/12\/MG_4655-scaled.jpg","articleSection":["Not\u00edcias"],"inLanguage":"en-US","potentialAction":[{"@type":"CommentAction","name":"Comment","target":["https:\/\/www.padreeustaquio.com.br\/concerto-de-natal-e-realizado-no-santuario-da-saude-e-paz\/#respond"]}]},{"@type":"WebPage","@id":"https:\/\/www.padreeustaquio.com.br\/concerto-de-natal-e-realizado-no-santuario-da-saude-e-paz\/","url":"https:\/\/www.padreeustaquio.com.br\/concerto-de-natal-e-realizado-no-santuario-da-saude-e-paz\/","name":"The Military Police Symphony Orchestra thrills the audience at the Sanctuary of Health and Peace.","isPartOf":{"@id":"https:\/\/www.padreeustaquio.com.br\/#website"},"primaryImageOfPage":{"@id":"https:\/\/www.padreeustaquio.com.br\/concerto-de-natal-e-realizado-no-santuario-da-saude-e-paz\/#primaryimage"},"image":{"@id":"https:\/\/www.padreeustaquio.com.br\/concerto-de-natal-e-realizado-no-santuario-da-saude-e-paz\/#primaryimage"},"thumbnailUrl":"https:\/\/www.padreeustaquio.com.br\/wp-content\/uploads\/2021\/12\/MG_4655-scaled.jpg","datePublished":"2021-12-22T09:45:00+00:00","dateModified":"2021-12-22T16:49:41+00:00","description":"In a festive Christmas atmosphere, 37 officers, including a conductor, instrumentalists, and singers, all from the Military Police of Minas Gerais, presented classical music and Christmas carols.","breadcrumb":{"@id":"https:\/\/www.padreeustaquio.com.br\/concerto-de-natal-e-realizado-no-santuario-da-saude-e-paz\/#breadcrumb"},"inLanguage":"en-US","potentialAction":[{"@type":"ReadAction","target":["https:\/\/www.padreeustaquio.com.br\/concerto-de-natal-e-realizado-no-santuario-da-saude-e-paz\/"]}]},{"@type":"ImageObject","inLanguage":"en-US","@id":"https:\/\/www.padreeustaquio.com.br\/concerto-de-natal-e-realizado-no-santuario-da-saude-e-paz\/#primaryimage","url":"https:\/\/www.padreeustaquio.com.br\/wp-content\/uploads\/2021\/12\/MG_4655-scaled.jpg","contentUrl":"https:\/\/www.padreeustaquio.com.br\/wp-content\/uploads\/2021\/12\/MG_4655-scaled.jpg","width":2560,"height":1707},{"@type":"BreadcrumbList","@id":"https:\/\/www.padreeustaquio.com.br\/concerto-de-natal-e-realizado-no-santuario-da-saude-e-paz\/#breadcrumb","itemListElement":[{"@type":"ListItem","position":1,"name":"In\u00edcio","item":"https:\/\/www.padreeustaquio.com.br\/"},{"@type":"ListItem","position":2,"name":"Orquestra Sinf\u00f4nica da PM emociona o p\u00fablico no Santu\u00e1rio da Sa\u00fade e Paz"}]},{"@type":"WebSite","@id":"https:\/\/www.padreeustaquio.com.br\/#website","url":"https:\/\/www.padreeustaquio.com.br\/","name":"FATHER EUST\u00c1QUIO","description":"Health and Peace","publisher":{"@id":"https:\/\/www.padreeustaquio.com.br\/#organization"},"potentialAction":[{"@type":"SearchAction","target":{"@type":"EntryPoint","urlTemplate":"https:\/\/www.padreeustaquio.com.br\/?s={search_term_string}"},"query-input":{"@type":"PropertyValueSpecification","valueRequired":true,"valueName":"search_term_string"}}],"inLanguage":"en-US"},{"@type":"Organization","@id":"https:\/\/www.padreeustaquio.com.br\/#organization","name":"FATHER EUST\u00c1QUIO","url":"https:\/\/www.padreeustaquio.com.br\/","logo":{"@type":"ImageObject","inLanguage":"en-US","@id":"https:\/\/www.padreeustaquio.com.br\/#\/schema\/logo\/image\/","url":"https:\/\/www.padreeustaquio.com.br\/wp-content\/uploads\/2019\/08\/marca.png","contentUrl":"https:\/\/www.padreeustaquio.com.br\/wp-content\/uploads\/2019\/08\/marca.png","width":350,"height":400,"caption":"Padre Eust\u00e1quio"},"image":{"@id":"https:\/\/www.padreeustaquio.com.br\/#\/schema\/logo\/image\/"},"sameAs":["https:\/\/www.facebook.com\/beatopadreeustaquio\/","https:\/\/x.com\/beatopeustaquio","https:\/\/www.instagram.com\/beatopadreeustaquio\/","https:\/\/www.youtube.com\/channel\/UCRhw7vfabnajwLxb1ZXMeIw"]},{"@type":"Person","@id":"https:\/\/www.padreeustaquio.com.br\/#\/schema\/person\/a2a51db1d00f1a7af0204a0f1ddb1566","name":"@sscc","image":{"@type":"ImageObject","inLanguage":"en-US","@id":"https:\/\/secure.gravatar.com\/avatar\/68cfafa5f44617fea54071e215026e0ff06be366c3d54a8425f04fdcb86f8c5f?s=96&d=mm&r=g","url":"https:\/\/secure.gravatar.com\/avatar\/68cfafa5f44617fea54071e215026e0ff06be366c3d54a8425f04fdcb86f8c5f?s=96&d=mm&r=g","contentUrl":"https:\/\/secure.gravatar.com\/avatar\/68cfafa5f44617fea54071e215026e0ff06be366c3d54a8425f04fdcb86f8c5f?s=96&d=mm&r=g","caption":"@sscc"},"url":"https:\/\/www.padreeustaquio.com.br\/en\/author\/sscc\/"}]}},"_links":{"self":[{"href":"https:\/\/www.padreeustaquio.com.br\/en\/wp-json\/wp\/v2\/posts\/7765","targetHints":{"allow":["GET"]}}],"collection":[{"href":"https:\/\/www.padreeustaquio.com.br\/en\/wp-json\/wp\/v2\/posts"}],"about":[{"href":"https:\/\/www.padreeustaquio.com.br\/en\/wp-json\/wp\/v2\/types\/post"}],"author":[{"embeddable":true,"href":"https:\/\/www.padreeustaquio.com.br\/en\/wp-json\/wp\/v2\/users\/2"}],"replies":[{"embeddable":true,"href":"https:\/\/www.padreeustaquio.com.br\/en\/wp-json\/wp\/v2\/comments?post=7765"}],"version-history":[{"count":0,"href":"https:\/\/www.padreeustaquio.com.br\/en\/wp-json\/wp\/v2\/posts\/7765\/revisions"}],"wp:featuredmedia":[{"embeddable":true,"href":"https:\/\/www.padreeustaquio.com.br\/en\/wp-json\/wp\/v2\/media\/7787"}],"wp:attachment":[{"href":"https:\/\/www.padreeustaquio.com.br\/en\/wp-json\/wp\/v2\/media?parent=7765"}],"wp:term":[{"taxonomy":"category","embeddable":true,"href":"https:\/\/www.padreeustaquio.com.br\/en\/wp-json\/wp\/v2\/categories?post=7765"},{"taxonomy":"post_tag","embeddable":true,"href":"https:\/\/www.padreeustaquio.com.br\/en\/wp-json\/wp\/v2\/tags?post=7765"}],"curies":[{"name":"wp","href":"https:\/\/api.w.org\/{rel}","templated":true}]}}