{"id":7762,"date":"2021-12-21T09:38:00","date_gmt":"2021-12-21T12:38:00","guid":{"rendered":"https:\/\/www.padreeustaquio.com.br\/?p=7762"},"modified":"2021-12-21T09:38:03","modified_gmt":"2021-12-21T12:38:03","slug":"the-christmas-tree-at-the-sanctuary-is-being-decorated-by-the-parishioners","status":"publish","type":"post","link":"https:\/\/www.padreeustaquio.com.br\/en\/the-christmas-tree-at-the-sanctuary-is-being-decorated-by-the-parishioners\/","title":{"rendered":"The Christmas tree at the Sanctuary is being decorated by parishioners."},"content":{"rendered":"<p>This year, the Sanctuary of Health and Peace, Church of Blessed Father Eustace, offered a welcoming approach to the community when decorating the church&#039;s Christmas tree.<\/p>\n\n\n\n<p>The tree decorations are being made by the community itself. Each family prepares a small arrangement with ribbons, balls, and bows to place on the tree. The arrangement can include the names of family members or a loved one for whom we will pray. During the Christmas season, the priests of the Sanctuary will offer prayers for all the families who helped decorate the parish&#039;s tree.<\/p>\n\n\n\n<p>Participating is very simple, just bring your arrangement to the Sanctuary. Be a part of this event with us. Let&#039;s celebrate the Lord&#039;s Christmas with joy and in community.<\/p>","protected":false},"excerpt":{"rendered":"<p>Este ano o Santu\u00e1rio da Sa\u00fade e Paz, Igreja do Beato Padre Eust\u00e1quio, trouxe uma proposta acolhedora para a comunidade na hora de enfeitar a \u00c1rvore de Natal da igreja. Os enfeites da \u00e1rvore est\u00e3o sendo confeccionados pela pr\u00f3pria comunidade. Cada fam\u00edlia prepara um pequeno arranjo com la\u00e7os, bolas e fita para colocar na \u00e1rvore. O arranjo pode ter o nome dos integrantes da fam\u00edlia ou de alguma pessoa querida na qual vamos rezar. Durante o tempo de Natal, os padres do Santu\u00e1rio far\u00e3o ora\u00e7\u00f5es por todas as fam\u00edlias que ajudaram a enfeitar a \u00e1rvore da par\u00f3quia. Para participar \u00e9 [&hellip;]<\/p>\n","protected":false},"author":2,"featured_media":7763,"comment_status":"open","ping_status":"closed","sticky":false,"template":"","format":"standard","meta":{"_acf_changed":false,"footnotes":""},"categories":[611],"tags":[],"class_list":["post-7762","post","type-post","status-publish","format-standard","has-post-thumbnail","hentry","category-noticias"],"acf":[],"yoast_head":"<!-- This site is optimized with the Yoast SEO plugin v27.2 - https:\/\/yoast.com\/product\/yoast-seo-wordpress\/ -->\n<title>\u00c1rvore de Natal do Santu\u00e1rio est\u00e1 sendo enfeitada pelos paroquianos<\/title>\n<meta name=\"description\" content=\"Este ano o Santu\u00e1rio da Sa\u00fade e Paz, Igreja do Beato Padre Eust\u00e1quio, trouxe uma proposta acolhedora para a comunidade na hora de enfeitar a \u00c1rvore de Natal da igreja.\" \/>\n<meta name=\"robots\" content=\"index, follow, max-snippet:-1, max-image-preview:large, max-video-preview:-1\" \/>\n<link rel=\"canonical\" href=\"https:\/\/www.padreeustaquio.com.br\/en\/the-christmas-tree-at-the-sanctuary-is-being-decorated-by-the-parishioners\/\" \/>\n<meta property=\"og:locale\" content=\"en_US\" \/>\n<meta property=\"og:type\" content=\"article\" \/>\n<meta property=\"og:title\" content=\"\u00c1rvore de Natal do Santu\u00e1rio est\u00e1 sendo enfeitada pelos paroquianos\" \/>\n<meta property=\"og:description\" content=\"Este ano o Santu\u00e1rio da Sa\u00fade e Paz, Igreja do Beato Padre Eust\u00e1quio, trouxe uma proposta acolhedora para a comunidade na hora de enfeitar a \u00c1rvore de Natal da igreja.\" \/>\n<meta property=\"og:url\" content=\"https:\/\/www.padreeustaquio.com.br\/en\/the-christmas-tree-at-the-sanctuary-is-being-decorated-by-the-parishioners\/\" \/>\n<meta property=\"og:site_name\" content=\"Padre Eust\u00e1quio\" \/>\n<meta property=\"article:publisher\" content=\"https:\/\/www.facebook.com\/beatopadreeustaquio\/\" \/>\n<meta property=\"article:published_time\" content=\"2021-12-21T12:38:00+00:00\" \/>\n<meta property=\"article:modified_time\" content=\"2021-12-21T12:38:03+00:00\" \/>\n<meta property=\"og:image\" content=\"https:\/\/www.padreeustaquio.com.br\/wp-content\/uploads\/2021\/12\/arvore-do-presbiterio.jpg\" \/>\n\t<meta property=\"og:image:width\" content=\"748\" \/>\n\t<meta property=\"og:image:height\" content=\"394\" \/>\n\t<meta property=\"og:image:type\" content=\"image\/jpeg\" \/>\n<meta name=\"author\" content=\"@sscc\" \/>\n<meta name=\"twitter:card\" content=\"summary_large_image\" \/>\n<meta name=\"twitter:creator\" content=\"@beatopeustaquio\" \/>\n<meta name=\"twitter:site\" content=\"@beatopeustaquio\" \/>\n<meta name=\"twitter:label1\" content=\"Written by\" \/>\n\t<meta name=\"twitter:data1\" content=\"@sscc\" \/>\n\t<meta name=\"twitter:label2\" content=\"Est. reading time\" \/>\n\t<meta name=\"twitter:data2\" content=\"1 minute\" \/>\n<script type=\"application\/ld+json\" class=\"yoast-schema-graph\">{\"@context\":\"https:\/\/schema.org\",\"@graph\":[{\"@type\":\"Article\",\"@id\":\"https:\/\/www.padreeustaquio.com.br\/arvore-de-natal-do-santuario-esta-sendo-enfeitada-pelos-paroquianos\/#article\",\"isPartOf\":{\"@id\":\"https:\/\/www.padreeustaquio.com.br\/arvore-de-natal-do-santuario-esta-sendo-enfeitada-pelos-paroquianos\/\"},\"author\":{\"name\":\"@sscc\",\"@id\":\"https:\/\/www.padreeustaquio.com.br\/#\/schema\/person\/a2a51db1d00f1a7af0204a0f1ddb1566\"},\"headline\":\"\u00c1rvore de Natal do Santu\u00e1rio est\u00e1 sendo enfeitada pelos paroquianos\",\"datePublished\":\"2021-12-21T12:38:00+00:00\",\"dateModified\":\"2021-12-21T12:38:03+00:00\",\"mainEntityOfPage\":{\"@id\":\"https:\/\/www.padreeustaquio.com.br\/arvore-de-natal-do-santuario-esta-sendo-enfeitada-pelos-paroquianos\/\"},\"wordCount\":153,\"commentCount\":0,\"publisher\":{\"@id\":\"https:\/\/www.padreeustaquio.com.br\/#organization\"},\"image\":{\"@id\":\"https:\/\/www.padreeustaquio.com.br\/arvore-de-natal-do-santuario-esta-sendo-enfeitada-pelos-paroquianos\/#primaryimage\"},\"thumbnailUrl\":\"https:\/\/www.padreeustaquio.com.br\/wp-content\/uploads\/2021\/12\/arvore-do-presbiterio.jpg\",\"articleSection\":[\"Not\u00edcias\"],\"inLanguage\":\"en-US\",\"potentialAction\":[{\"@type\":\"CommentAction\",\"name\":\"Comment\",\"target\":[\"https:\/\/www.padreeustaquio.com.br\/arvore-de-natal-do-santuario-esta-sendo-enfeitada-pelos-paroquianos\/#respond\"]}]},{\"@type\":\"WebPage\",\"@id\":\"https:\/\/www.padreeustaquio.com.br\/arvore-de-natal-do-santuario-esta-sendo-enfeitada-pelos-paroquianos\/\",\"url\":\"https:\/\/www.padreeustaquio.com.br\/arvore-de-natal-do-santuario-esta-sendo-enfeitada-pelos-paroquianos\/\",\"name\":\"\u00c1rvore de Natal do Santu\u00e1rio est\u00e1 sendo enfeitada pelos paroquianos\",\"isPartOf\":{\"@id\":\"https:\/\/www.padreeustaquio.com.br\/#website\"},\"primaryImageOfPage\":{\"@id\":\"https:\/\/www.padreeustaquio.com.br\/arvore-de-natal-do-santuario-esta-sendo-enfeitada-pelos-paroquianos\/#primaryimage\"},\"image\":{\"@id\":\"https:\/\/www.padreeustaquio.com.br\/arvore-de-natal-do-santuario-esta-sendo-enfeitada-pelos-paroquianos\/#primaryimage\"},\"thumbnailUrl\":\"https:\/\/www.padreeustaquio.com.br\/wp-content\/uploads\/2021\/12\/arvore-do-presbiterio.jpg\",\"datePublished\":\"2021-12-21T12:38:00+00:00\",\"dateModified\":\"2021-12-21T12:38:03+00:00\",\"description\":\"Este ano o Santu\u00e1rio da Sa\u00fade e Paz, Igreja do Beato Padre Eust\u00e1quio, trouxe uma proposta acolhedora para a comunidade na hora de enfeitar a \u00c1rvore de Natal da igreja.\",\"breadcrumb\":{\"@id\":\"https:\/\/www.padreeustaquio.com.br\/arvore-de-natal-do-santuario-esta-sendo-enfeitada-pelos-paroquianos\/#breadcrumb\"},\"inLanguage\":\"en-US\",\"potentialAction\":[{\"@type\":\"ReadAction\",\"target\":[\"https:\/\/www.padreeustaquio.com.br\/arvore-de-natal-do-santuario-esta-sendo-enfeitada-pelos-paroquianos\/\"]}]},{\"@type\":\"ImageObject\",\"inLanguage\":\"en-US\",\"@id\":\"https:\/\/www.padreeustaquio.com.br\/arvore-de-natal-do-santuario-esta-sendo-enfeitada-pelos-paroquianos\/#primaryimage\",\"url\":\"https:\/\/www.padreeustaquio.com.br\/wp-content\/uploads\/2021\/12\/arvore-do-presbiterio.jpg\",\"contentUrl\":\"https:\/\/www.padreeustaquio.com.br\/wp-content\/uploads\/2021\/12\/arvore-do-presbiterio.jpg\",\"width\":748,\"height\":394},{\"@type\":\"BreadcrumbList\",\"@id\":\"https:\/\/www.padreeustaquio.com.br\/arvore-de-natal-do-santuario-esta-sendo-enfeitada-pelos-paroquianos\/#breadcrumb\",\"itemListElement\":[{\"@type\":\"ListItem\",\"position\":1,\"name\":\"In\u00edcio\",\"item\":\"https:\/\/www.padreeustaquio.com.br\/\"},{\"@type\":\"ListItem\",\"position\":2,\"name\":\"\u00c1rvore de Natal do Santu\u00e1rio est\u00e1 sendo enfeitada pelos paroquianos\"}]},{\"@type\":\"WebSite\",\"@id\":\"https:\/\/www.padreeustaquio.com.br\/#website\",\"url\":\"https:\/\/www.padreeustaquio.com.br\/\",\"name\":\"Padre Eust\u00e1quio\",\"description\":\"Sa\u00fade e Paz\",\"publisher\":{\"@id\":\"https:\/\/www.padreeustaquio.com.br\/#organization\"},\"potentialAction\":[{\"@type\":\"SearchAction\",\"target\":{\"@type\":\"EntryPoint\",\"urlTemplate\":\"https:\/\/www.padreeustaquio.com.br\/?s={search_term_string}\"},\"query-input\":{\"@type\":\"PropertyValueSpecification\",\"valueRequired\":true,\"valueName\":\"search_term_string\"}}],\"inLanguage\":\"en-US\"},{\"@type\":\"Organization\",\"@id\":\"https:\/\/www.padreeustaquio.com.br\/#organization\",\"name\":\"Padre Eust\u00e1quio\",\"url\":\"https:\/\/www.padreeustaquio.com.br\/\",\"logo\":{\"@type\":\"ImageObject\",\"inLanguage\":\"en-US\",\"@id\":\"https:\/\/www.padreeustaquio.com.br\/#\/schema\/logo\/image\/\",\"url\":\"https:\/\/www.padreeustaquio.com.br\/wp-content\/uploads\/2019\/08\/marca.png\",\"contentUrl\":\"https:\/\/www.padreeustaquio.com.br\/wp-content\/uploads\/2019\/08\/marca.png\",\"width\":350,\"height\":400,\"caption\":\"Padre Eust\u00e1quio\"},\"image\":{\"@id\":\"https:\/\/www.padreeustaquio.com.br\/#\/schema\/logo\/image\/\"},\"sameAs\":[\"https:\/\/www.facebook.com\/beatopadreeustaquio\/\",\"https:\/\/x.com\/beatopeustaquio\",\"https:\/\/www.instagram.com\/beatopadreeustaquio\/\",\"https:\/\/www.youtube.com\/channel\/UCRhw7vfabnajwLxb1ZXMeIw\"]},{\"@type\":\"Person\",\"@id\":\"https:\/\/www.padreeustaquio.com.br\/#\/schema\/person\/a2a51db1d00f1a7af0204a0f1ddb1566\",\"name\":\"@sscc\",\"image\":{\"@type\":\"ImageObject\",\"inLanguage\":\"en-US\",\"@id\":\"https:\/\/secure.gravatar.com\/avatar\/68cfafa5f44617fea54071e215026e0ff06be366c3d54a8425f04fdcb86f8c5f?s=96&d=mm&r=g\",\"url\":\"https:\/\/secure.gravatar.com\/avatar\/68cfafa5f44617fea54071e215026e0ff06be366c3d54a8425f04fdcb86f8c5f?s=96&d=mm&r=g\",\"contentUrl\":\"https:\/\/secure.gravatar.com\/avatar\/68cfafa5f44617fea54071e215026e0ff06be366c3d54a8425f04fdcb86f8c5f?s=96&d=mm&r=g\",\"caption\":\"@sscc\"},\"url\":\"https:\/\/www.padreeustaquio.com.br\/en\/author\/sscc\/\"}]}<\/script>\n<!-- \/ Yoast SEO plugin. -->","yoast_head_json":{"title":"The Christmas tree at the Sanctuary is being decorated by parishioners.","description":"This year, the Sanctuary of Health and Peace, Church of Blessed Father Eustace, offered a welcoming approach to the community when decorating the church&#039;s Christmas tree.","robots":{"index":"index","follow":"follow","max-snippet":"max-snippet:-1","max-image-preview":"max-image-preview:large","max-video-preview":"max-video-preview:-1"},"canonical":"https:\/\/www.padreeustaquio.com.br\/en\/the-christmas-tree-at-the-sanctuary-is-being-decorated-by-the-parishioners\/","og_locale":"en_US","og_type":"article","og_title":"\u00c1rvore de Natal do Santu\u00e1rio est\u00e1 sendo enfeitada pelos paroquianos","og_description":"Este ano o Santu\u00e1rio da Sa\u00fade e Paz, Igreja do Beato Padre Eust\u00e1quio, trouxe uma proposta acolhedora para a comunidade na hora de enfeitar a \u00c1rvore de Natal da igreja.","og_url":"https:\/\/www.padreeustaquio.com.br\/en\/the-christmas-tree-at-the-sanctuary-is-being-decorated-by-the-parishioners\/","og_site_name":"Padre Eust\u00e1quio","article_publisher":"https:\/\/www.facebook.com\/beatopadreeustaquio\/","article_published_time":"2021-12-21T12:38:00+00:00","article_modified_time":"2021-12-21T12:38:03+00:00","og_image":[{"width":748,"height":394,"url":"https:\/\/www.padreeustaquio.com.br\/wp-content\/uploads\/2021\/12\/arvore-do-presbiterio.jpg","type":"image\/jpeg"}],"author":"@sscc","twitter_card":"summary_large_image","twitter_creator":"@beatopeustaquio","twitter_site":"@beatopeustaquio","twitter_misc":{"Written by":"@sscc","Est. reading time":"1 minute"},"schema":{"@context":"https:\/\/schema.org","@graph":[{"@type":"Article","@id":"https:\/\/www.padreeustaquio.com.br\/arvore-de-natal-do-santuario-esta-sendo-enfeitada-pelos-paroquianos\/#article","isPartOf":{"@id":"https:\/\/www.padreeustaquio.com.br\/arvore-de-natal-do-santuario-esta-sendo-enfeitada-pelos-paroquianos\/"},"author":{"name":"@sscc","@id":"https:\/\/www.padreeustaquio.com.br\/#\/schema\/person\/a2a51db1d00f1a7af0204a0f1ddb1566"},"headline":"\u00c1rvore de Natal do Santu\u00e1rio est\u00e1 sendo enfeitada pelos paroquianos","datePublished":"2021-12-21T12:38:00+00:00","dateModified":"2021-12-21T12:38:03+00:00","mainEntityOfPage":{"@id":"https:\/\/www.padreeustaquio.com.br\/arvore-de-natal-do-santuario-esta-sendo-enfeitada-pelos-paroquianos\/"},"wordCount":153,"commentCount":0,"publisher":{"@id":"https:\/\/www.padreeustaquio.com.br\/#organization"},"image":{"@id":"https:\/\/www.padreeustaquio.com.br\/arvore-de-natal-do-santuario-esta-sendo-enfeitada-pelos-paroquianos\/#primaryimage"},"thumbnailUrl":"https:\/\/www.padreeustaquio.com.br\/wp-content\/uploads\/2021\/12\/arvore-do-presbiterio.jpg","articleSection":["Not\u00edcias"],"inLanguage":"en-US","potentialAction":[{"@type":"CommentAction","name":"Comment","target":["https:\/\/www.padreeustaquio.com.br\/arvore-de-natal-do-santuario-esta-sendo-enfeitada-pelos-paroquianos\/#respond"]}]},{"@type":"WebPage","@id":"https:\/\/www.padreeustaquio.com.br\/arvore-de-natal-do-santuario-esta-sendo-enfeitada-pelos-paroquianos\/","url":"https:\/\/www.padreeustaquio.com.br\/arvore-de-natal-do-santuario-esta-sendo-enfeitada-pelos-paroquianos\/","name":"The Christmas tree at the Sanctuary is being decorated by parishioners.","isPartOf":{"@id":"https:\/\/www.padreeustaquio.com.br\/#website"},"primaryImageOfPage":{"@id":"https:\/\/www.padreeustaquio.com.br\/arvore-de-natal-do-santuario-esta-sendo-enfeitada-pelos-paroquianos\/#primaryimage"},"image":{"@id":"https:\/\/www.padreeustaquio.com.br\/arvore-de-natal-do-santuario-esta-sendo-enfeitada-pelos-paroquianos\/#primaryimage"},"thumbnailUrl":"https:\/\/www.padreeustaquio.com.br\/wp-content\/uploads\/2021\/12\/arvore-do-presbiterio.jpg","datePublished":"2021-12-21T12:38:00+00:00","dateModified":"2021-12-21T12:38:03+00:00","description":"This year, the Sanctuary of Health and Peace, Church of Blessed Father Eustace, offered a welcoming approach to the community when decorating the church&#039;s Christmas tree.","breadcrumb":{"@id":"https:\/\/www.padreeustaquio.com.br\/arvore-de-natal-do-santuario-esta-sendo-enfeitada-pelos-paroquianos\/#breadcrumb"},"inLanguage":"en-US","potentialAction":[{"@type":"ReadAction","target":["https:\/\/www.padreeustaquio.com.br\/arvore-de-natal-do-santuario-esta-sendo-enfeitada-pelos-paroquianos\/"]}]},{"@type":"ImageObject","inLanguage":"en-US","@id":"https:\/\/www.padreeustaquio.com.br\/arvore-de-natal-do-santuario-esta-sendo-enfeitada-pelos-paroquianos\/#primaryimage","url":"https:\/\/www.padreeustaquio.com.br\/wp-content\/uploads\/2021\/12\/arvore-do-presbiterio.jpg","contentUrl":"https:\/\/www.padreeustaquio.com.br\/wp-content\/uploads\/2021\/12\/arvore-do-presbiterio.jpg","width":748,"height":394},{"@type":"BreadcrumbList","@id":"https:\/\/www.padreeustaquio.com.br\/arvore-de-natal-do-santuario-esta-sendo-enfeitada-pelos-paroquianos\/#breadcrumb","itemListElement":[{"@type":"ListItem","position":1,"name":"In\u00edcio","item":"https:\/\/www.padreeustaquio.com.br\/"},{"@type":"ListItem","position":2,"name":"\u00c1rvore de Natal do Santu\u00e1rio est\u00e1 sendo enfeitada pelos paroquianos"}]},{"@type":"WebSite","@id":"https:\/\/www.padreeustaquio.com.br\/#website","url":"https:\/\/www.padreeustaquio.com.br\/","name":"FATHER EUST\u00c1QUIO","description":"Health and Peace","publisher":{"@id":"https:\/\/www.padreeustaquio.com.br\/#organization"},"potentialAction":[{"@type":"SearchAction","target":{"@type":"EntryPoint","urlTemplate":"https:\/\/www.padreeustaquio.com.br\/?s={search_term_string}"},"query-input":{"@type":"PropertyValueSpecification","valueRequired":true,"valueName":"search_term_string"}}],"inLanguage":"en-US"},{"@type":"Organization","@id":"https:\/\/www.padreeustaquio.com.br\/#organization","name":"FATHER EUST\u00c1QUIO","url":"https:\/\/www.padreeustaquio.com.br\/","logo":{"@type":"ImageObject","inLanguage":"en-US","@id":"https:\/\/www.padreeustaquio.com.br\/#\/schema\/logo\/image\/","url":"https:\/\/www.padreeustaquio.com.br\/wp-content\/uploads\/2019\/08\/marca.png","contentUrl":"https:\/\/www.padreeustaquio.com.br\/wp-content\/uploads\/2019\/08\/marca.png","width":350,"height":400,"caption":"Padre Eust\u00e1quio"},"image":{"@id":"https:\/\/www.padreeustaquio.com.br\/#\/schema\/logo\/image\/"},"sameAs":["https:\/\/www.facebook.com\/beatopadreeustaquio\/","https:\/\/x.com\/beatopeustaquio","https:\/\/www.instagram.com\/beatopadreeustaquio\/","https:\/\/www.youtube.com\/channel\/UCRhw7vfabnajwLxb1ZXMeIw"]},{"@type":"Person","@id":"https:\/\/www.padreeustaquio.com.br\/#\/schema\/person\/a2a51db1d00f1a7af0204a0f1ddb1566","name":"@sscc","image":{"@type":"ImageObject","inLanguage":"en-US","@id":"https:\/\/secure.gravatar.com\/avatar\/68cfafa5f44617fea54071e215026e0ff06be366c3d54a8425f04fdcb86f8c5f?s=96&d=mm&r=g","url":"https:\/\/secure.gravatar.com\/avatar\/68cfafa5f44617fea54071e215026e0ff06be366c3d54a8425f04fdcb86f8c5f?s=96&d=mm&r=g","contentUrl":"https:\/\/secure.gravatar.com\/avatar\/68cfafa5f44617fea54071e215026e0ff06be366c3d54a8425f04fdcb86f8c5f?s=96&d=mm&r=g","caption":"@sscc"},"url":"https:\/\/www.padreeustaquio.com.br\/en\/author\/sscc\/"}]}},"_links":{"self":[{"href":"https:\/\/www.padreeustaquio.com.br\/en\/wp-json\/wp\/v2\/posts\/7762","targetHints":{"allow":["GET"]}}],"collection":[{"href":"https:\/\/www.padreeustaquio.com.br\/en\/wp-json\/wp\/v2\/posts"}],"about":[{"href":"https:\/\/www.padreeustaquio.com.br\/en\/wp-json\/wp\/v2\/types\/post"}],"author":[{"embeddable":true,"href":"https:\/\/www.padreeustaquio.com.br\/en\/wp-json\/wp\/v2\/users\/2"}],"replies":[{"embeddable":true,"href":"https:\/\/www.padreeustaquio.com.br\/en\/wp-json\/wp\/v2\/comments?post=7762"}],"version-history":[{"count":0,"href":"https:\/\/www.padreeustaquio.com.br\/en\/wp-json\/wp\/v2\/posts\/7762\/revisions"}],"wp:featuredmedia":[{"embeddable":true,"href":"https:\/\/www.padreeustaquio.com.br\/en\/wp-json\/wp\/v2\/media\/7763"}],"wp:attachment":[{"href":"https:\/\/www.padreeustaquio.com.br\/en\/wp-json\/wp\/v2\/media?parent=7762"}],"wp:term":[{"taxonomy":"category","embeddable":true,"href":"https:\/\/www.padreeustaquio.com.br\/en\/wp-json\/wp\/v2\/categories?post=7762"},{"taxonomy":"post_tag","embeddable":true,"href":"https:\/\/www.padreeustaquio.com.br\/en\/wp-json\/wp\/v2\/tags?post=7762"}],"curies":[{"name":"wp","href":"https:\/\/api.w.org\/{rel}","templated":true}]}}