{"id":7755,"date":"2021-12-20T09:17:02","date_gmt":"2021-12-20T12:17:02","guid":{"rendered":"https:\/\/www.padreeustaquio.com.br\/?p=7755"},"modified":"2021-12-20T09:17:20","modified_gmt":"2021-12-20T12:17:20","slug":"mass-times-at-the-health-and-peace-sanctuary-for-christmas-and-new-years","status":"publish","type":"post","link":"https:\/\/www.padreeustaquio.com.br\/en\/mass-times-at-the-health-and-peace-sanctuary-for-christmas-and-new-years\/","title":{"rendered":"Mass times at the Health and Peace Sanctuary for Christmas and New Year&#039;s."},"content":{"rendered":"<p>Christmas is approaching, and the Health and Peace Sanctuary, Church of Blessed Father Eustace, has prepared special celebrations for you and your family.<\/p>\n\n\n\n<p>On Friday, December 24th, the celebration will be held at 7 PM. On Saturday, December 25th, Christmas Day, we will have two celebrations at 10 AM and 5 PM. On Sunday, the 26th, masses will be held at the usual times: 7 AM, 8:30 AM, 10 AM, 5 PM, and 7 PM. Remember that all celebrations on December 24th and 25th will be broadcast on the Padre Eust\u00e1quio YouTube Channel. On Sunday, the 10 AM and 7 PM masses will be broadcast.<\/p>\n\n\n\n<p>For the New Year&#039;s Masses, the schedule should remain similar to that of Christmas. On Friday, the last day of the year, we will thank God for the blessings received in 2021 with the Eucharistic Celebration at 7 pm. On Saturday, celebrating the beginning of the New Year, we will have two celebrations at 10 am and 5 pm.<\/p>\n\n\n\n<p>On Sunday, January 2nd, masses will be held at the usual times: 7:00 AM, 8:30 AM, 10:00 AM, 5:00 PM, and 7:00 PM. As with Christmas, all New Year&#039;s masses will be streamed on the Padre Eust\u00e1quio YouTube channel, and on Sunday, the 10:00 AM and 7:00 PM masses will be streamed.<\/p>\n\n\n\n<p><\/p>","protected":false},"excerpt":{"rendered":"<p>Se aproxima o Natal do Senhor e o Santu\u00e1rio Sa\u00fade e Paz, Igreja do Beato Padre Eust\u00e1quio, preparou celebra\u00e7\u00f5es especiais para voc\u00ea e sua fam\u00edlia. Na sexta-feira, 24 de dezembro, a celebra\u00e7\u00e3o ser\u00e1 realizada \u00e0s 19h. No s\u00e1bado, 25 de dezembro, Natal, teremos duas celebra\u00e7\u00f5es \u00e0s 10h e \u00e0s 17h. J\u00e1 no Domingo, dia 26, as missas ser\u00e3o realizadas nos hor\u00e1rios de costume, \u00e0s 7h, 8h30, 10h, 17h e 19h. Lembrando que todas as celebra\u00e7\u00f5es do dia 24 e 25 de dezembro ser\u00e3o transmitidas pelo YouTube Canal Padre Eust\u00e1quio. J\u00e1 no domingo, ser\u00e3o transmitidas as missas das 10h e das [&hellip;]<\/p>\n","protected":false},"author":2,"featured_media":7757,"comment_status":"open","ping_status":"closed","sticky":false,"template":"","format":"standard","meta":{"_acf_changed":false,"footnotes":""},"categories":[611],"tags":[],"class_list":["post-7755","post","type-post","status-publish","format-standard","has-post-thumbnail","hentry","category-noticias"],"acf":[],"yoast_head":"<!-- This site is optimized with the Yoast SEO plugin v27.2 - https:\/\/yoast.com\/product\/yoast-seo-wordpress\/ -->\n<title>Hor\u00e1rios de Missa no Santu\u00e1rio Sa\u00fade e Paz para o Natal e Ano Novo<\/title>\n<meta name=\"description\" content=\"Se aproxima o Natal do Senhor e o Santu\u00e1rio Sa\u00fade e Paz, Igreja do Beato Padre Eust\u00e1quio, preparou celebra\u00e7\u00f5es especiais para voc\u00ea e sua fam\u00edlia.\" \/>\n<meta name=\"robots\" content=\"index, follow, max-snippet:-1, max-image-preview:large, max-video-preview:-1\" \/>\n<link rel=\"canonical\" href=\"https:\/\/www.padreeustaquio.com.br\/en\/mass-times-at-the-health-and-peace-sanctuary-for-christmas-and-new-years\/\" \/>\n<meta property=\"og:locale\" content=\"en_US\" \/>\n<meta property=\"og:type\" content=\"article\" \/>\n<meta property=\"og:title\" content=\"Hor\u00e1rios de Missa no Santu\u00e1rio Sa\u00fade e Paz para o Natal e Ano Novo\" \/>\n<meta property=\"og:description\" content=\"Se aproxima o Natal do Senhor e o Santu\u00e1rio Sa\u00fade e Paz, Igreja do Beato Padre Eust\u00e1quio, preparou celebra\u00e7\u00f5es especiais para voc\u00ea e sua fam\u00edlia.\" \/>\n<meta property=\"og:url\" content=\"https:\/\/www.padreeustaquio.com.br\/en\/mass-times-at-the-health-and-peace-sanctuary-for-christmas-and-new-years\/\" \/>\n<meta property=\"og:site_name\" content=\"Padre Eust\u00e1quio\" \/>\n<meta property=\"article:publisher\" content=\"https:\/\/www.facebook.com\/beatopadreeustaquio\/\" \/>\n<meta property=\"article:published_time\" content=\"2021-12-20T12:17:02+00:00\" \/>\n<meta property=\"article:modified_time\" content=\"2021-12-20T12:17:20+00:00\" \/>\n<meta property=\"og:image\" content=\"https:\/\/www.padreeustaquio.com.br\/wp-content\/uploads\/2021\/12\/Missa-natal-padre-eustaquio-ano-novo-horario.jpeg\" \/>\n\t<meta property=\"og:image:width\" content=\"1600\" \/>\n\t<meta property=\"og:image:height\" content=\"1066\" \/>\n\t<meta property=\"og:image:type\" content=\"image\/jpeg\" \/>\n<meta name=\"author\" content=\"@sscc\" \/>\n<meta name=\"twitter:card\" content=\"summary_large_image\" \/>\n<meta name=\"twitter:creator\" content=\"@beatopeustaquio\" \/>\n<meta name=\"twitter:site\" content=\"@beatopeustaquio\" \/>\n<meta name=\"twitter:label1\" content=\"Written by\" \/>\n\t<meta name=\"twitter:data1\" content=\"@sscc\" \/>\n\t<meta name=\"twitter:label2\" content=\"Est. reading time\" \/>\n\t<meta name=\"twitter:data2\" content=\"1 minute\" \/>\n<script type=\"application\/ld+json\" class=\"yoast-schema-graph\">{\"@context\":\"https:\/\/schema.org\",\"@graph\":[{\"@type\":\"Article\",\"@id\":\"https:\/\/www.padreeustaquio.com.br\/horarios-de-missa-no-santuario-saude-e-paz-para-o-natal-e-ano-novo\/#article\",\"isPartOf\":{\"@id\":\"https:\/\/www.padreeustaquio.com.br\/horarios-de-missa-no-santuario-saude-e-paz-para-o-natal-e-ano-novo\/\"},\"author\":{\"name\":\"@sscc\",\"@id\":\"https:\/\/www.padreeustaquio.com.br\/#\/schema\/person\/a2a51db1d00f1a7af0204a0f1ddb1566\"},\"headline\":\"Hor\u00e1rios de Missa no Santu\u00e1rio Sa\u00fade e Paz para o Natal e Ano Novo\",\"datePublished\":\"2021-12-20T12:17:02+00:00\",\"dateModified\":\"2021-12-20T12:17:20+00:00\",\"mainEntityOfPage\":{\"@id\":\"https:\/\/www.padreeustaquio.com.br\/horarios-de-missa-no-santuario-saude-e-paz-para-o-natal-e-ano-novo\/\"},\"wordCount\":243,\"commentCount\":0,\"publisher\":{\"@id\":\"https:\/\/www.padreeustaquio.com.br\/#organization\"},\"image\":{\"@id\":\"https:\/\/www.padreeustaquio.com.br\/horarios-de-missa-no-santuario-saude-e-paz-para-o-natal-e-ano-novo\/#primaryimage\"},\"thumbnailUrl\":\"https:\/\/www.padreeustaquio.com.br\/wp-content\/uploads\/2021\/12\/Missa-natal-padre-eustaquio-ano-novo-horario.jpeg\",\"articleSection\":[\"Not\u00edcias\"],\"inLanguage\":\"en-US\",\"potentialAction\":[{\"@type\":\"CommentAction\",\"name\":\"Comment\",\"target\":[\"https:\/\/www.padreeustaquio.com.br\/horarios-de-missa-no-santuario-saude-e-paz-para-o-natal-e-ano-novo\/#respond\"]}]},{\"@type\":\"WebPage\",\"@id\":\"https:\/\/www.padreeustaquio.com.br\/horarios-de-missa-no-santuario-saude-e-paz-para-o-natal-e-ano-novo\/\",\"url\":\"https:\/\/www.padreeustaquio.com.br\/horarios-de-missa-no-santuario-saude-e-paz-para-o-natal-e-ano-novo\/\",\"name\":\"Hor\u00e1rios de Missa no Santu\u00e1rio Sa\u00fade e Paz para o Natal e Ano Novo\",\"isPartOf\":{\"@id\":\"https:\/\/www.padreeustaquio.com.br\/#website\"},\"primaryImageOfPage\":{\"@id\":\"https:\/\/www.padreeustaquio.com.br\/horarios-de-missa-no-santuario-saude-e-paz-para-o-natal-e-ano-novo\/#primaryimage\"},\"image\":{\"@id\":\"https:\/\/www.padreeustaquio.com.br\/horarios-de-missa-no-santuario-saude-e-paz-para-o-natal-e-ano-novo\/#primaryimage\"},\"thumbnailUrl\":\"https:\/\/www.padreeustaquio.com.br\/wp-content\/uploads\/2021\/12\/Missa-natal-padre-eustaquio-ano-novo-horario.jpeg\",\"datePublished\":\"2021-12-20T12:17:02+00:00\",\"dateModified\":\"2021-12-20T12:17:20+00:00\",\"description\":\"Se aproxima o Natal do Senhor e o Santu\u00e1rio Sa\u00fade e Paz, Igreja do Beato Padre Eust\u00e1quio, preparou celebra\u00e7\u00f5es especiais para voc\u00ea e sua fam\u00edlia.\",\"breadcrumb\":{\"@id\":\"https:\/\/www.padreeustaquio.com.br\/horarios-de-missa-no-santuario-saude-e-paz-para-o-natal-e-ano-novo\/#breadcrumb\"},\"inLanguage\":\"en-US\",\"potentialAction\":[{\"@type\":\"ReadAction\",\"target\":[\"https:\/\/www.padreeustaquio.com.br\/horarios-de-missa-no-santuario-saude-e-paz-para-o-natal-e-ano-novo\/\"]}]},{\"@type\":\"ImageObject\",\"inLanguage\":\"en-US\",\"@id\":\"https:\/\/www.padreeustaquio.com.br\/horarios-de-missa-no-santuario-saude-e-paz-para-o-natal-e-ano-novo\/#primaryimage\",\"url\":\"https:\/\/www.padreeustaquio.com.br\/wp-content\/uploads\/2021\/12\/Missa-natal-padre-eustaquio-ano-novo-horario.jpeg\",\"contentUrl\":\"https:\/\/www.padreeustaquio.com.br\/wp-content\/uploads\/2021\/12\/Missa-natal-padre-eustaquio-ano-novo-horario.jpeg\",\"width\":1600,\"height\":1066,\"caption\":\"Foto: Renan Oliveira\"},{\"@type\":\"BreadcrumbList\",\"@id\":\"https:\/\/www.padreeustaquio.com.br\/horarios-de-missa-no-santuario-saude-e-paz-para-o-natal-e-ano-novo\/#breadcrumb\",\"itemListElement\":[{\"@type\":\"ListItem\",\"position\":1,\"name\":\"In\u00edcio\",\"item\":\"https:\/\/www.padreeustaquio.com.br\/\"},{\"@type\":\"ListItem\",\"position\":2,\"name\":\"Hor\u00e1rios de Missa no Santu\u00e1rio Sa\u00fade e Paz para o Natal e Ano Novo\"}]},{\"@type\":\"WebSite\",\"@id\":\"https:\/\/www.padreeustaquio.com.br\/#website\",\"url\":\"https:\/\/www.padreeustaquio.com.br\/\",\"name\":\"Padre Eust\u00e1quio\",\"description\":\"Sa\u00fade e Paz\",\"publisher\":{\"@id\":\"https:\/\/www.padreeustaquio.com.br\/#organization\"},\"potentialAction\":[{\"@type\":\"SearchAction\",\"target\":{\"@type\":\"EntryPoint\",\"urlTemplate\":\"https:\/\/www.padreeustaquio.com.br\/?s={search_term_string}\"},\"query-input\":{\"@type\":\"PropertyValueSpecification\",\"valueRequired\":true,\"valueName\":\"search_term_string\"}}],\"inLanguage\":\"en-US\"},{\"@type\":\"Organization\",\"@id\":\"https:\/\/www.padreeustaquio.com.br\/#organization\",\"name\":\"Padre Eust\u00e1quio\",\"url\":\"https:\/\/www.padreeustaquio.com.br\/\",\"logo\":{\"@type\":\"ImageObject\",\"inLanguage\":\"en-US\",\"@id\":\"https:\/\/www.padreeustaquio.com.br\/#\/schema\/logo\/image\/\",\"url\":\"https:\/\/www.padreeustaquio.com.br\/wp-content\/uploads\/2019\/08\/marca.png\",\"contentUrl\":\"https:\/\/www.padreeustaquio.com.br\/wp-content\/uploads\/2019\/08\/marca.png\",\"width\":350,\"height\":400,\"caption\":\"Padre Eust\u00e1quio\"},\"image\":{\"@id\":\"https:\/\/www.padreeustaquio.com.br\/#\/schema\/logo\/image\/\"},\"sameAs\":[\"https:\/\/www.facebook.com\/beatopadreeustaquio\/\",\"https:\/\/x.com\/beatopeustaquio\",\"https:\/\/www.instagram.com\/beatopadreeustaquio\/\",\"https:\/\/www.youtube.com\/channel\/UCRhw7vfabnajwLxb1ZXMeIw\"]},{\"@type\":\"Person\",\"@id\":\"https:\/\/www.padreeustaquio.com.br\/#\/schema\/person\/a2a51db1d00f1a7af0204a0f1ddb1566\",\"name\":\"@sscc\",\"image\":{\"@type\":\"ImageObject\",\"inLanguage\":\"en-US\",\"@id\":\"https:\/\/secure.gravatar.com\/avatar\/68cfafa5f44617fea54071e215026e0ff06be366c3d54a8425f04fdcb86f8c5f?s=96&d=mm&r=g\",\"url\":\"https:\/\/secure.gravatar.com\/avatar\/68cfafa5f44617fea54071e215026e0ff06be366c3d54a8425f04fdcb86f8c5f?s=96&d=mm&r=g\",\"contentUrl\":\"https:\/\/secure.gravatar.com\/avatar\/68cfafa5f44617fea54071e215026e0ff06be366c3d54a8425f04fdcb86f8c5f?s=96&d=mm&r=g\",\"caption\":\"@sscc\"},\"url\":\"https:\/\/www.padreeustaquio.com.br\/en\/author\/sscc\/\"}]}<\/script>\n<!-- \/ Yoast SEO plugin. -->","yoast_head_json":{"title":"Mass times at the Health and Peace Sanctuary for Christmas and New Year&#039;s.","description":"Christmas is approaching, and the Health and Peace Sanctuary, Church of Blessed Father Eustace, has prepared special celebrations for you and your family.","robots":{"index":"index","follow":"follow","max-snippet":"max-snippet:-1","max-image-preview":"max-image-preview:large","max-video-preview":"max-video-preview:-1"},"canonical":"https:\/\/www.padreeustaquio.com.br\/en\/mass-times-at-the-health-and-peace-sanctuary-for-christmas-and-new-years\/","og_locale":"en_US","og_type":"article","og_title":"Hor\u00e1rios de Missa no Santu\u00e1rio Sa\u00fade e Paz para o Natal e Ano Novo","og_description":"Se aproxima o Natal do Senhor e o Santu\u00e1rio Sa\u00fade e Paz, Igreja do Beato Padre Eust\u00e1quio, preparou celebra\u00e7\u00f5es especiais para voc\u00ea e sua fam\u00edlia.","og_url":"https:\/\/www.padreeustaquio.com.br\/en\/mass-times-at-the-health-and-peace-sanctuary-for-christmas-and-new-years\/","og_site_name":"Padre Eust\u00e1quio","article_publisher":"https:\/\/www.facebook.com\/beatopadreeustaquio\/","article_published_time":"2021-12-20T12:17:02+00:00","article_modified_time":"2021-12-20T12:17:20+00:00","og_image":[{"width":1600,"height":1066,"url":"https:\/\/www.padreeustaquio.com.br\/wp-content\/uploads\/2021\/12\/Missa-natal-padre-eustaquio-ano-novo-horario.jpeg","type":"image\/jpeg"}],"author":"@sscc","twitter_card":"summary_large_image","twitter_creator":"@beatopeustaquio","twitter_site":"@beatopeustaquio","twitter_misc":{"Written by":"@sscc","Est. reading time":"1 minute"},"schema":{"@context":"https:\/\/schema.org","@graph":[{"@type":"Article","@id":"https:\/\/www.padreeustaquio.com.br\/horarios-de-missa-no-santuario-saude-e-paz-para-o-natal-e-ano-novo\/#article","isPartOf":{"@id":"https:\/\/www.padreeustaquio.com.br\/horarios-de-missa-no-santuario-saude-e-paz-para-o-natal-e-ano-novo\/"},"author":{"name":"@sscc","@id":"https:\/\/www.padreeustaquio.com.br\/#\/schema\/person\/a2a51db1d00f1a7af0204a0f1ddb1566"},"headline":"Hor\u00e1rios de Missa no Santu\u00e1rio Sa\u00fade e Paz para o Natal e Ano Novo","datePublished":"2021-12-20T12:17:02+00:00","dateModified":"2021-12-20T12:17:20+00:00","mainEntityOfPage":{"@id":"https:\/\/www.padreeustaquio.com.br\/horarios-de-missa-no-santuario-saude-e-paz-para-o-natal-e-ano-novo\/"},"wordCount":243,"commentCount":0,"publisher":{"@id":"https:\/\/www.padreeustaquio.com.br\/#organization"},"image":{"@id":"https:\/\/www.padreeustaquio.com.br\/horarios-de-missa-no-santuario-saude-e-paz-para-o-natal-e-ano-novo\/#primaryimage"},"thumbnailUrl":"https:\/\/www.padreeustaquio.com.br\/wp-content\/uploads\/2021\/12\/Missa-natal-padre-eustaquio-ano-novo-horario.jpeg","articleSection":["Not\u00edcias"],"inLanguage":"en-US","potentialAction":[{"@type":"CommentAction","name":"Comment","target":["https:\/\/www.padreeustaquio.com.br\/horarios-de-missa-no-santuario-saude-e-paz-para-o-natal-e-ano-novo\/#respond"]}]},{"@type":"WebPage","@id":"https:\/\/www.padreeustaquio.com.br\/horarios-de-missa-no-santuario-saude-e-paz-para-o-natal-e-ano-novo\/","url":"https:\/\/www.padreeustaquio.com.br\/horarios-de-missa-no-santuario-saude-e-paz-para-o-natal-e-ano-novo\/","name":"Mass times at the Health and Peace Sanctuary for Christmas and New Year&#039;s.","isPartOf":{"@id":"https:\/\/www.padreeustaquio.com.br\/#website"},"primaryImageOfPage":{"@id":"https:\/\/www.padreeustaquio.com.br\/horarios-de-missa-no-santuario-saude-e-paz-para-o-natal-e-ano-novo\/#primaryimage"},"image":{"@id":"https:\/\/www.padreeustaquio.com.br\/horarios-de-missa-no-santuario-saude-e-paz-para-o-natal-e-ano-novo\/#primaryimage"},"thumbnailUrl":"https:\/\/www.padreeustaquio.com.br\/wp-content\/uploads\/2021\/12\/Missa-natal-padre-eustaquio-ano-novo-horario.jpeg","datePublished":"2021-12-20T12:17:02+00:00","dateModified":"2021-12-20T12:17:20+00:00","description":"Christmas is approaching, and the Health and Peace Sanctuary, Church of Blessed Father Eustace, has prepared special celebrations for you and your family.","breadcrumb":{"@id":"https:\/\/www.padreeustaquio.com.br\/horarios-de-missa-no-santuario-saude-e-paz-para-o-natal-e-ano-novo\/#breadcrumb"},"inLanguage":"en-US","potentialAction":[{"@type":"ReadAction","target":["https:\/\/www.padreeustaquio.com.br\/horarios-de-missa-no-santuario-saude-e-paz-para-o-natal-e-ano-novo\/"]}]},{"@type":"ImageObject","inLanguage":"en-US","@id":"https:\/\/www.padreeustaquio.com.br\/horarios-de-missa-no-santuario-saude-e-paz-para-o-natal-e-ano-novo\/#primaryimage","url":"https:\/\/www.padreeustaquio.com.br\/wp-content\/uploads\/2021\/12\/Missa-natal-padre-eustaquio-ano-novo-horario.jpeg","contentUrl":"https:\/\/www.padreeustaquio.com.br\/wp-content\/uploads\/2021\/12\/Missa-natal-padre-eustaquio-ano-novo-horario.jpeg","width":1600,"height":1066,"caption":"Foto: Renan Oliveira"},{"@type":"BreadcrumbList","@id":"https:\/\/www.padreeustaquio.com.br\/horarios-de-missa-no-santuario-saude-e-paz-para-o-natal-e-ano-novo\/#breadcrumb","itemListElement":[{"@type":"ListItem","position":1,"name":"In\u00edcio","item":"https:\/\/www.padreeustaquio.com.br\/"},{"@type":"ListItem","position":2,"name":"Hor\u00e1rios de Missa no Santu\u00e1rio Sa\u00fade e Paz para o Natal e Ano Novo"}]},{"@type":"WebSite","@id":"https:\/\/www.padreeustaquio.com.br\/#website","url":"https:\/\/www.padreeustaquio.com.br\/","name":"FATHER EUST\u00c1QUIO","description":"Health and Peace","publisher":{"@id":"https:\/\/www.padreeustaquio.com.br\/#organization"},"potentialAction":[{"@type":"SearchAction","target":{"@type":"EntryPoint","urlTemplate":"https:\/\/www.padreeustaquio.com.br\/?s={search_term_string}"},"query-input":{"@type":"PropertyValueSpecification","valueRequired":true,"valueName":"search_term_string"}}],"inLanguage":"en-US"},{"@type":"Organization","@id":"https:\/\/www.padreeustaquio.com.br\/#organization","name":"FATHER EUST\u00c1QUIO","url":"https:\/\/www.padreeustaquio.com.br\/","logo":{"@type":"ImageObject","inLanguage":"en-US","@id":"https:\/\/www.padreeustaquio.com.br\/#\/schema\/logo\/image\/","url":"https:\/\/www.padreeustaquio.com.br\/wp-content\/uploads\/2019\/08\/marca.png","contentUrl":"https:\/\/www.padreeustaquio.com.br\/wp-content\/uploads\/2019\/08\/marca.png","width":350,"height":400,"caption":"Padre Eust\u00e1quio"},"image":{"@id":"https:\/\/www.padreeustaquio.com.br\/#\/schema\/logo\/image\/"},"sameAs":["https:\/\/www.facebook.com\/beatopadreeustaquio\/","https:\/\/x.com\/beatopeustaquio","https:\/\/www.instagram.com\/beatopadreeustaquio\/","https:\/\/www.youtube.com\/channel\/UCRhw7vfabnajwLxb1ZXMeIw"]},{"@type":"Person","@id":"https:\/\/www.padreeustaquio.com.br\/#\/schema\/person\/a2a51db1d00f1a7af0204a0f1ddb1566","name":"@sscc","image":{"@type":"ImageObject","inLanguage":"en-US","@id":"https:\/\/secure.gravatar.com\/avatar\/68cfafa5f44617fea54071e215026e0ff06be366c3d54a8425f04fdcb86f8c5f?s=96&d=mm&r=g","url":"https:\/\/secure.gravatar.com\/avatar\/68cfafa5f44617fea54071e215026e0ff06be366c3d54a8425f04fdcb86f8c5f?s=96&d=mm&r=g","contentUrl":"https:\/\/secure.gravatar.com\/avatar\/68cfafa5f44617fea54071e215026e0ff06be366c3d54a8425f04fdcb86f8c5f?s=96&d=mm&r=g","caption":"@sscc"},"url":"https:\/\/www.padreeustaquio.com.br\/en\/author\/sscc\/"}]}},"_links":{"self":[{"href":"https:\/\/www.padreeustaquio.com.br\/en\/wp-json\/wp\/v2\/posts\/7755","targetHints":{"allow":["GET"]}}],"collection":[{"href":"https:\/\/www.padreeustaquio.com.br\/en\/wp-json\/wp\/v2\/posts"}],"about":[{"href":"https:\/\/www.padreeustaquio.com.br\/en\/wp-json\/wp\/v2\/types\/post"}],"author":[{"embeddable":true,"href":"https:\/\/www.padreeustaquio.com.br\/en\/wp-json\/wp\/v2\/users\/2"}],"replies":[{"embeddable":true,"href":"https:\/\/www.padreeustaquio.com.br\/en\/wp-json\/wp\/v2\/comments?post=7755"}],"version-history":[{"count":0,"href":"https:\/\/www.padreeustaquio.com.br\/en\/wp-json\/wp\/v2\/posts\/7755\/revisions"}],"wp:featuredmedia":[{"embeddable":true,"href":"https:\/\/www.padreeustaquio.com.br\/en\/wp-json\/wp\/v2\/media\/7757"}],"wp:attachment":[{"href":"https:\/\/www.padreeustaquio.com.br\/en\/wp-json\/wp\/v2\/media?parent=7755"}],"wp:term":[{"taxonomy":"category","embeddable":true,"href":"https:\/\/www.padreeustaquio.com.br\/en\/wp-json\/wp\/v2\/categories?post=7755"},{"taxonomy":"post_tag","embeddable":true,"href":"https:\/\/www.padreeustaquio.com.br\/en\/wp-json\/wp\/v2\/tags?post=7755"}],"curies":[{"name":"wp","href":"https:\/\/api.w.org\/{rel}","templated":true}]}}