{"id":7747,"date":"2021-12-18T10:00:00","date_gmt":"2021-12-18T13:00:00","guid":{"rendered":"https:\/\/www.padreeustaquio.com.br\/?p=7747"},"modified":"2021-12-17T15:17:49","modified_gmt":"2021-12-17T18:17:49","slug":"celebrate-the-4th-sunday-of-advent-with-the-guide-provided-by-cnbb","status":"publish","type":"post","link":"https:\/\/www.padreeustaquio.com.br\/en\/celebrate-the-4th-sunday-of-advent-with-the-guide-provided-by-cnbb\/","title":{"rendered":"Celebrate the 4th Sunday of Advent with the guide provided by the CNBB (National Conference of Brazilian Bishops)."},"content":{"rendered":"<p>For this Advent season, the Commission for the Liturgy suggests that, if possible, the family prepare a small Advent wreath composed of four candles arranged in a circle of green branches: &quot;Each Sunday, a candle is lit, indicating that we are drawing ever closer to the feast of the Nativity of Jesus Christ, Light of the world.&quot;.<\/p>\n\n\n\n<p>And to accompany us during this period, the Episcopal Pastoral Commission for Liturgy of the National Conference of Bishops of Brazil (CNBB) offers us the guide &quot;Celebrating as a Family&quot;.<\/p>\n\n\n\n<p>At the Archdiocesan Sanctuary of Health and Peace, there are three times when masses are broadcast via...\u00a0<a href=\"https:\/\/www.youtube.com\/channel\/UCRhw7vfabnajwLxb1ZXMeIw\">Padre Eust\u00e1quio Channel<\/a>Saturday at 5 PM and Sunday at 10 AM and 7 PM. In this way, we can participate, living the dignity of the priestly people that our baptism conferred upon us. We can not only participate, but celebrate the Lord&#039;s Day with our families.<\/p>\n\n\n\n<p>Click below to download the script for celebrating with your family.<\/p>\n\n\n\n<p><a href=\"https:\/\/www.cnbb.org.br\/wp-content\/uploads\/2021\/12\/04-Celebrar-em-Familia-4-Advento.pdf\">Download the Family Celebration Guide for the 4th Sunday of Advent<\/a><\/p>\n\n\n\n<p><\/p>","protected":false},"excerpt":{"rendered":"<p>Para este Tempo do Advento, a Comiss\u00e3o para a Liturgia prop\u00f5e que, se poss\u00edvel, a fam\u00edlia prepare uma pequena coroa do advento composta por quatro velas dispostas em um c\u00edrculo de ramos verdes: \u201cA cada domingo celebrado, uma vela \u00e9 acesa indicando que cada vez mais vamos nos aproximando da festa do Natal de Jesus Cristo, Luz do mundo\u201d. E para acompanharmos este per\u00edodo a Comiss\u00e3o Episcopal Pastoral para a Liturgia da Confer\u00eancia Nacional dos Bispos do Brasil (CNBB), nos oferece o roteiro \u201cCelebrar em Fam\u00edlia\u201d. No Santu\u00e1rio Arquidiocesano da Sa\u00fade e Paz, existem tr\u00eas hor\u00e1rios de transmiss\u00e3o de missas [&hellip;]<\/p>\n","protected":false},"author":2,"featured_media":7749,"comment_status":"open","ping_status":"closed","sticky":false,"template":"","format":"standard","meta":{"_acf_changed":false,"footnotes":""},"categories":[611],"tags":[],"class_list":["post-7747","post","type-post","status-publish","format-standard","has-post-thumbnail","hentry","category-noticias"],"acf":[],"yoast_head":"<!-- This site is optimized with the Yoast SEO plugin v27.2 - https:\/\/yoast.com\/product\/yoast-seo-wordpress\/ -->\n<title>Celebre o 4\u00ba Domingo do Advento com o roteiro disponibilizado pela CNBB<\/title>\n<meta name=\"description\" content=\"Episcopal Pastoral para a Liturgia da Confer\u00eancia Nacional dos Bispos do Brasil (CNBB), nos oferece o roteiro \u201cCelebrar em Fam\u00edlia\u201d.\" \/>\n<meta name=\"robots\" content=\"index, follow, max-snippet:-1, max-image-preview:large, max-video-preview:-1\" \/>\n<link rel=\"canonical\" href=\"https:\/\/www.padreeustaquio.com.br\/en\/celebrate-the-4th-sunday-of-advent-with-the-guide-provided-by-cnbb\/\" \/>\n<meta property=\"og:locale\" content=\"en_US\" \/>\n<meta property=\"og:type\" content=\"article\" \/>\n<meta property=\"og:title\" content=\"Celebre o 4\u00ba Domingo do Advento com o roteiro disponibilizado pela CNBB\" \/>\n<meta property=\"og:description\" content=\"Episcopal Pastoral para a Liturgia da Confer\u00eancia Nacional dos Bispos do Brasil (CNBB), nos oferece o roteiro \u201cCelebrar em Fam\u00edlia\u201d.\" \/>\n<meta property=\"og:url\" content=\"https:\/\/www.padreeustaquio.com.br\/en\/celebrate-the-4th-sunday-of-advent-with-the-guide-provided-by-cnbb\/\" \/>\n<meta property=\"og:site_name\" content=\"Padre Eust\u00e1quio\" \/>\n<meta property=\"article:publisher\" content=\"https:\/\/www.facebook.com\/beatopadreeustaquio\/\" \/>\n<meta property=\"article:published_time\" content=\"2021-12-18T13:00:00+00:00\" \/>\n<meta property=\"og:image\" content=\"https:\/\/www.padreeustaquio.com.br\/wp-content\/uploads\/2021\/12\/Quarto-Dom.-Adv.jpg\" \/>\n\t<meta property=\"og:image:width\" content=\"748\" \/>\n\t<meta property=\"og:image:height\" content=\"394\" \/>\n\t<meta property=\"og:image:type\" content=\"image\/jpeg\" \/>\n<meta name=\"author\" content=\"@sscc\" \/>\n<meta name=\"twitter:card\" content=\"summary_large_image\" \/>\n<meta name=\"twitter:creator\" content=\"@beatopeustaquio\" \/>\n<meta name=\"twitter:site\" content=\"@beatopeustaquio\" \/>\n<meta name=\"twitter:label1\" content=\"Written by\" \/>\n\t<meta name=\"twitter:data1\" content=\"@sscc\" \/>\n\t<meta name=\"twitter:label2\" content=\"Est. reading time\" \/>\n\t<meta name=\"twitter:data2\" content=\"1 minute\" \/>\n<script type=\"application\/ld+json\" class=\"yoast-schema-graph\">{\"@context\":\"https:\/\/schema.org\",\"@graph\":[{\"@type\":\"Article\",\"@id\":\"https:\/\/www.padreeustaquio.com.br\/celebre-o-4o-domingo-do-advento-com-o-roteiro-disponibilizado-pela-cnbb\/#article\",\"isPartOf\":{\"@id\":\"https:\/\/www.padreeustaquio.com.br\/celebre-o-4o-domingo-do-advento-com-o-roteiro-disponibilizado-pela-cnbb\/\"},\"author\":{\"name\":\"@sscc\",\"@id\":\"https:\/\/www.padreeustaquio.com.br\/#\/schema\/person\/a2a51db1d00f1a7af0204a0f1ddb1566\"},\"headline\":\"Celebre o 4\u00ba Domingo do Advento com o roteiro disponibilizado pela CNBB\",\"datePublished\":\"2021-12-18T13:00:00+00:00\",\"mainEntityOfPage\":{\"@id\":\"https:\/\/www.padreeustaquio.com.br\/celebre-o-4o-domingo-do-advento-com-o-roteiro-disponibilizado-pela-cnbb\/\"},\"wordCount\":195,\"commentCount\":0,\"publisher\":{\"@id\":\"https:\/\/www.padreeustaquio.com.br\/#organization\"},\"image\":{\"@id\":\"https:\/\/www.padreeustaquio.com.br\/celebre-o-4o-domingo-do-advento-com-o-roteiro-disponibilizado-pela-cnbb\/#primaryimage\"},\"thumbnailUrl\":\"https:\/\/www.padreeustaquio.com.br\/wp-content\/uploads\/2021\/12\/Quarto-Dom.-Adv.jpg\",\"articleSection\":[\"Not\u00edcias\"],\"inLanguage\":\"en-US\",\"potentialAction\":[{\"@type\":\"CommentAction\",\"name\":\"Comment\",\"target\":[\"https:\/\/www.padreeustaquio.com.br\/celebre-o-4o-domingo-do-advento-com-o-roteiro-disponibilizado-pela-cnbb\/#respond\"]}]},{\"@type\":\"WebPage\",\"@id\":\"https:\/\/www.padreeustaquio.com.br\/celebre-o-4o-domingo-do-advento-com-o-roteiro-disponibilizado-pela-cnbb\/\",\"url\":\"https:\/\/www.padreeustaquio.com.br\/celebre-o-4o-domingo-do-advento-com-o-roteiro-disponibilizado-pela-cnbb\/\",\"name\":\"Celebre o 4\u00ba Domingo do Advento com o roteiro disponibilizado pela CNBB\",\"isPartOf\":{\"@id\":\"https:\/\/www.padreeustaquio.com.br\/#website\"},\"primaryImageOfPage\":{\"@id\":\"https:\/\/www.padreeustaquio.com.br\/celebre-o-4o-domingo-do-advento-com-o-roteiro-disponibilizado-pela-cnbb\/#primaryimage\"},\"image\":{\"@id\":\"https:\/\/www.padreeustaquio.com.br\/celebre-o-4o-domingo-do-advento-com-o-roteiro-disponibilizado-pela-cnbb\/#primaryimage\"},\"thumbnailUrl\":\"https:\/\/www.padreeustaquio.com.br\/wp-content\/uploads\/2021\/12\/Quarto-Dom.-Adv.jpg\",\"datePublished\":\"2021-12-18T13:00:00+00:00\",\"description\":\"Episcopal Pastoral para a Liturgia da Confer\u00eancia Nacional dos Bispos do Brasil (CNBB), nos oferece o roteiro \u201cCelebrar em Fam\u00edlia\u201d.\",\"breadcrumb\":{\"@id\":\"https:\/\/www.padreeustaquio.com.br\/celebre-o-4o-domingo-do-advento-com-o-roteiro-disponibilizado-pela-cnbb\/#breadcrumb\"},\"inLanguage\":\"en-US\",\"potentialAction\":[{\"@type\":\"ReadAction\",\"target\":[\"https:\/\/www.padreeustaquio.com.br\/celebre-o-4o-domingo-do-advento-com-o-roteiro-disponibilizado-pela-cnbb\/\"]}]},{\"@type\":\"ImageObject\",\"inLanguage\":\"en-US\",\"@id\":\"https:\/\/www.padreeustaquio.com.br\/celebre-o-4o-domingo-do-advento-com-o-roteiro-disponibilizado-pela-cnbb\/#primaryimage\",\"url\":\"https:\/\/www.padreeustaquio.com.br\/wp-content\/uploads\/2021\/12\/Quarto-Dom.-Adv.jpg\",\"contentUrl\":\"https:\/\/www.padreeustaquio.com.br\/wp-content\/uploads\/2021\/12\/Quarto-Dom.-Adv.jpg\",\"width\":748,\"height\":394},{\"@type\":\"BreadcrumbList\",\"@id\":\"https:\/\/www.padreeustaquio.com.br\/celebre-o-4o-domingo-do-advento-com-o-roteiro-disponibilizado-pela-cnbb\/#breadcrumb\",\"itemListElement\":[{\"@type\":\"ListItem\",\"position\":1,\"name\":\"In\u00edcio\",\"item\":\"https:\/\/www.padreeustaquio.com.br\/\"},{\"@type\":\"ListItem\",\"position\":2,\"name\":\"Celebre o 4\u00ba Domingo do Advento com o roteiro disponibilizado pela CNBB\"}]},{\"@type\":\"WebSite\",\"@id\":\"https:\/\/www.padreeustaquio.com.br\/#website\",\"url\":\"https:\/\/www.padreeustaquio.com.br\/\",\"name\":\"Padre Eust\u00e1quio\",\"description\":\"Sa\u00fade e Paz\",\"publisher\":{\"@id\":\"https:\/\/www.padreeustaquio.com.br\/#organization\"},\"potentialAction\":[{\"@type\":\"SearchAction\",\"target\":{\"@type\":\"EntryPoint\",\"urlTemplate\":\"https:\/\/www.padreeustaquio.com.br\/?s={search_term_string}\"},\"query-input\":{\"@type\":\"PropertyValueSpecification\",\"valueRequired\":true,\"valueName\":\"search_term_string\"}}],\"inLanguage\":\"en-US\"},{\"@type\":\"Organization\",\"@id\":\"https:\/\/www.padreeustaquio.com.br\/#organization\",\"name\":\"Padre Eust\u00e1quio\",\"url\":\"https:\/\/www.padreeustaquio.com.br\/\",\"logo\":{\"@type\":\"ImageObject\",\"inLanguage\":\"en-US\",\"@id\":\"https:\/\/www.padreeustaquio.com.br\/#\/schema\/logo\/image\/\",\"url\":\"https:\/\/www.padreeustaquio.com.br\/wp-content\/uploads\/2019\/08\/marca.png\",\"contentUrl\":\"https:\/\/www.padreeustaquio.com.br\/wp-content\/uploads\/2019\/08\/marca.png\",\"width\":350,\"height\":400,\"caption\":\"Padre Eust\u00e1quio\"},\"image\":{\"@id\":\"https:\/\/www.padreeustaquio.com.br\/#\/schema\/logo\/image\/\"},\"sameAs\":[\"https:\/\/www.facebook.com\/beatopadreeustaquio\/\",\"https:\/\/x.com\/beatopeustaquio\",\"https:\/\/www.instagram.com\/beatopadreeustaquio\/\",\"https:\/\/www.youtube.com\/channel\/UCRhw7vfabnajwLxb1ZXMeIw\"]},{\"@type\":\"Person\",\"@id\":\"https:\/\/www.padreeustaquio.com.br\/#\/schema\/person\/a2a51db1d00f1a7af0204a0f1ddb1566\",\"name\":\"@sscc\",\"image\":{\"@type\":\"ImageObject\",\"inLanguage\":\"en-US\",\"@id\":\"https:\/\/secure.gravatar.com\/avatar\/68cfafa5f44617fea54071e215026e0ff06be366c3d54a8425f04fdcb86f8c5f?s=96&d=mm&r=g\",\"url\":\"https:\/\/secure.gravatar.com\/avatar\/68cfafa5f44617fea54071e215026e0ff06be366c3d54a8425f04fdcb86f8c5f?s=96&d=mm&r=g\",\"contentUrl\":\"https:\/\/secure.gravatar.com\/avatar\/68cfafa5f44617fea54071e215026e0ff06be366c3d54a8425f04fdcb86f8c5f?s=96&d=mm&r=g\",\"caption\":\"@sscc\"},\"url\":\"https:\/\/www.padreeustaquio.com.br\/en\/author\/sscc\/\"}]}<\/script>\n<!-- \/ Yoast SEO plugin. -->","yoast_head_json":{"title":"Celebrate the 4th Sunday of Advent with the guide provided by the CNBB (National Conference of Brazilian Bishops).","description":"The Episcopal Pastoral Office for Liturgy of the National Conference of Bishops of Brazil (CNBB) offers us the guide &quot;Celebrating as a Family&quot;.","robots":{"index":"index","follow":"follow","max-snippet":"max-snippet:-1","max-image-preview":"max-image-preview:large","max-video-preview":"max-video-preview:-1"},"canonical":"https:\/\/www.padreeustaquio.com.br\/en\/celebrate-the-4th-sunday-of-advent-with-the-guide-provided-by-cnbb\/","og_locale":"en_US","og_type":"article","og_title":"Celebre o 4\u00ba Domingo do Advento com o roteiro disponibilizado pela CNBB","og_description":"Episcopal Pastoral para a Liturgia da Confer\u00eancia Nacional dos Bispos do Brasil (CNBB), nos oferece o roteiro \u201cCelebrar em Fam\u00edlia\u201d.","og_url":"https:\/\/www.padreeustaquio.com.br\/en\/celebrate-the-4th-sunday-of-advent-with-the-guide-provided-by-cnbb\/","og_site_name":"Padre Eust\u00e1quio","article_publisher":"https:\/\/www.facebook.com\/beatopadreeustaquio\/","article_published_time":"2021-12-18T13:00:00+00:00","og_image":[{"width":748,"height":394,"url":"https:\/\/www.padreeustaquio.com.br\/wp-content\/uploads\/2021\/12\/Quarto-Dom.-Adv.jpg","type":"image\/jpeg"}],"author":"@sscc","twitter_card":"summary_large_image","twitter_creator":"@beatopeustaquio","twitter_site":"@beatopeustaquio","twitter_misc":{"Written by":"@sscc","Est. reading time":"1 minute"},"schema":{"@context":"https:\/\/schema.org","@graph":[{"@type":"Article","@id":"https:\/\/www.padreeustaquio.com.br\/celebre-o-4o-domingo-do-advento-com-o-roteiro-disponibilizado-pela-cnbb\/#article","isPartOf":{"@id":"https:\/\/www.padreeustaquio.com.br\/celebre-o-4o-domingo-do-advento-com-o-roteiro-disponibilizado-pela-cnbb\/"},"author":{"name":"@sscc","@id":"https:\/\/www.padreeustaquio.com.br\/#\/schema\/person\/a2a51db1d00f1a7af0204a0f1ddb1566"},"headline":"Celebre o 4\u00ba Domingo do Advento com o roteiro disponibilizado pela CNBB","datePublished":"2021-12-18T13:00:00+00:00","mainEntityOfPage":{"@id":"https:\/\/www.padreeustaquio.com.br\/celebre-o-4o-domingo-do-advento-com-o-roteiro-disponibilizado-pela-cnbb\/"},"wordCount":195,"commentCount":0,"publisher":{"@id":"https:\/\/www.padreeustaquio.com.br\/#organization"},"image":{"@id":"https:\/\/www.padreeustaquio.com.br\/celebre-o-4o-domingo-do-advento-com-o-roteiro-disponibilizado-pela-cnbb\/#primaryimage"},"thumbnailUrl":"https:\/\/www.padreeustaquio.com.br\/wp-content\/uploads\/2021\/12\/Quarto-Dom.-Adv.jpg","articleSection":["Not\u00edcias"],"inLanguage":"en-US","potentialAction":[{"@type":"CommentAction","name":"Comment","target":["https:\/\/www.padreeustaquio.com.br\/celebre-o-4o-domingo-do-advento-com-o-roteiro-disponibilizado-pela-cnbb\/#respond"]}]},{"@type":"WebPage","@id":"https:\/\/www.padreeustaquio.com.br\/celebre-o-4o-domingo-do-advento-com-o-roteiro-disponibilizado-pela-cnbb\/","url":"https:\/\/www.padreeustaquio.com.br\/celebre-o-4o-domingo-do-advento-com-o-roteiro-disponibilizado-pela-cnbb\/","name":"Celebrate the 4th Sunday of Advent with the guide provided by the CNBB (National Conference of Brazilian Bishops).","isPartOf":{"@id":"https:\/\/www.padreeustaquio.com.br\/#website"},"primaryImageOfPage":{"@id":"https:\/\/www.padreeustaquio.com.br\/celebre-o-4o-domingo-do-advento-com-o-roteiro-disponibilizado-pela-cnbb\/#primaryimage"},"image":{"@id":"https:\/\/www.padreeustaquio.com.br\/celebre-o-4o-domingo-do-advento-com-o-roteiro-disponibilizado-pela-cnbb\/#primaryimage"},"thumbnailUrl":"https:\/\/www.padreeustaquio.com.br\/wp-content\/uploads\/2021\/12\/Quarto-Dom.-Adv.jpg","datePublished":"2021-12-18T13:00:00+00:00","description":"The Episcopal Pastoral Office for Liturgy of the National Conference of Bishops of Brazil (CNBB) offers us the guide &quot;Celebrating as a Family&quot;.","breadcrumb":{"@id":"https:\/\/www.padreeustaquio.com.br\/celebre-o-4o-domingo-do-advento-com-o-roteiro-disponibilizado-pela-cnbb\/#breadcrumb"},"inLanguage":"en-US","potentialAction":[{"@type":"ReadAction","target":["https:\/\/www.padreeustaquio.com.br\/celebre-o-4o-domingo-do-advento-com-o-roteiro-disponibilizado-pela-cnbb\/"]}]},{"@type":"ImageObject","inLanguage":"en-US","@id":"https:\/\/www.padreeustaquio.com.br\/celebre-o-4o-domingo-do-advento-com-o-roteiro-disponibilizado-pela-cnbb\/#primaryimage","url":"https:\/\/www.padreeustaquio.com.br\/wp-content\/uploads\/2021\/12\/Quarto-Dom.-Adv.jpg","contentUrl":"https:\/\/www.padreeustaquio.com.br\/wp-content\/uploads\/2021\/12\/Quarto-Dom.-Adv.jpg","width":748,"height":394},{"@type":"BreadcrumbList","@id":"https:\/\/www.padreeustaquio.com.br\/celebre-o-4o-domingo-do-advento-com-o-roteiro-disponibilizado-pela-cnbb\/#breadcrumb","itemListElement":[{"@type":"ListItem","position":1,"name":"In\u00edcio","item":"https:\/\/www.padreeustaquio.com.br\/"},{"@type":"ListItem","position":2,"name":"Celebre o 4\u00ba Domingo do Advento com o roteiro disponibilizado pela CNBB"}]},{"@type":"WebSite","@id":"https:\/\/www.padreeustaquio.com.br\/#website","url":"https:\/\/www.padreeustaquio.com.br\/","name":"FATHER EUST\u00c1QUIO","description":"Health and Peace","publisher":{"@id":"https:\/\/www.padreeustaquio.com.br\/#organization"},"potentialAction":[{"@type":"SearchAction","target":{"@type":"EntryPoint","urlTemplate":"https:\/\/www.padreeustaquio.com.br\/?s={search_term_string}"},"query-input":{"@type":"PropertyValueSpecification","valueRequired":true,"valueName":"search_term_string"}}],"inLanguage":"en-US"},{"@type":"Organization","@id":"https:\/\/www.padreeustaquio.com.br\/#organization","name":"FATHER EUST\u00c1QUIO","url":"https:\/\/www.padreeustaquio.com.br\/","logo":{"@type":"ImageObject","inLanguage":"en-US","@id":"https:\/\/www.padreeustaquio.com.br\/#\/schema\/logo\/image\/","url":"https:\/\/www.padreeustaquio.com.br\/wp-content\/uploads\/2019\/08\/marca.png","contentUrl":"https:\/\/www.padreeustaquio.com.br\/wp-content\/uploads\/2019\/08\/marca.png","width":350,"height":400,"caption":"Padre Eust\u00e1quio"},"image":{"@id":"https:\/\/www.padreeustaquio.com.br\/#\/schema\/logo\/image\/"},"sameAs":["https:\/\/www.facebook.com\/beatopadreeustaquio\/","https:\/\/x.com\/beatopeustaquio","https:\/\/www.instagram.com\/beatopadreeustaquio\/","https:\/\/www.youtube.com\/channel\/UCRhw7vfabnajwLxb1ZXMeIw"]},{"@type":"Person","@id":"https:\/\/www.padreeustaquio.com.br\/#\/schema\/person\/a2a51db1d00f1a7af0204a0f1ddb1566","name":"@sscc","image":{"@type":"ImageObject","inLanguage":"en-US","@id":"https:\/\/secure.gravatar.com\/avatar\/68cfafa5f44617fea54071e215026e0ff06be366c3d54a8425f04fdcb86f8c5f?s=96&d=mm&r=g","url":"https:\/\/secure.gravatar.com\/avatar\/68cfafa5f44617fea54071e215026e0ff06be366c3d54a8425f04fdcb86f8c5f?s=96&d=mm&r=g","contentUrl":"https:\/\/secure.gravatar.com\/avatar\/68cfafa5f44617fea54071e215026e0ff06be366c3d54a8425f04fdcb86f8c5f?s=96&d=mm&r=g","caption":"@sscc"},"url":"https:\/\/www.padreeustaquio.com.br\/en\/author\/sscc\/"}]}},"_links":{"self":[{"href":"https:\/\/www.padreeustaquio.com.br\/en\/wp-json\/wp\/v2\/posts\/7747","targetHints":{"allow":["GET"]}}],"collection":[{"href":"https:\/\/www.padreeustaquio.com.br\/en\/wp-json\/wp\/v2\/posts"}],"about":[{"href":"https:\/\/www.padreeustaquio.com.br\/en\/wp-json\/wp\/v2\/types\/post"}],"author":[{"embeddable":true,"href":"https:\/\/www.padreeustaquio.com.br\/en\/wp-json\/wp\/v2\/users\/2"}],"replies":[{"embeddable":true,"href":"https:\/\/www.padreeustaquio.com.br\/en\/wp-json\/wp\/v2\/comments?post=7747"}],"version-history":[{"count":0,"href":"https:\/\/www.padreeustaquio.com.br\/en\/wp-json\/wp\/v2\/posts\/7747\/revisions"}],"wp:featuredmedia":[{"embeddable":true,"href":"https:\/\/www.padreeustaquio.com.br\/en\/wp-json\/wp\/v2\/media\/7749"}],"wp:attachment":[{"href":"https:\/\/www.padreeustaquio.com.br\/en\/wp-json\/wp\/v2\/media?parent=7747"}],"wp:term":[{"taxonomy":"category","embeddable":true,"href":"https:\/\/www.padreeustaquio.com.br\/en\/wp-json\/wp\/v2\/categories?post=7747"},{"taxonomy":"post_tag","embeddable":true,"href":"https:\/\/www.padreeustaquio.com.br\/en\/wp-json\/wp\/v2\/tags?post=7747"}],"curies":[{"name":"wp","href":"https:\/\/api.w.org\/{rel}","templated":true}]}}