{"id":7734,"date":"2021-12-17T06:10:00","date_gmt":"2021-12-17T09:10:00","guid":{"rendered":"https:\/\/www.padreeustaquio.com.br\/?p=7734"},"modified":"2021-12-16T19:38:07","modified_gmt":"2021-12-16T22:38:07","slug":"santa-claus-brings-joy-to-children-at-the-padre-eustaquio-daycare-center","status":"publish","type":"post","link":"https:\/\/www.padreeustaquio.com.br\/en\/santa-claus-brings-joy-to-children-at-the-padre-eustaquio-daycare-center\/","title":{"rendered":"CHRISTMAS \u2013 Children at the Padre Eust\u00e1quio Daycare Center receive toys"},"content":{"rendered":"<p>The children attending the Padre Eust\u00e1quio Daycare Center were surprised this Thursday, the 16th, by a very special visitor. A Santa Claus laden with gifts visited the institution and brought joy to the little ones.<\/p>\n\n\n\n<p>Santa Claus arrived at the daycare center around 2 PM to the sound of Christmas carols. After greeting the staff, he went to a reserved space at the back of the building. Next to the Christmas tree and the nativity scene set up by the students, Santa Claus distributed gifts to all the children at the daycare center.<\/p>\n\n\n\n<p>The initiative came from some parents who maintain a WhatsApp group in support of the institution. All the donated toys were collected through a campaign held among the parents and guardians of the children through the group. With the support of the Padre Eust\u00e1quio Daycare Center, dolls, toy cars, building blocks, and other types of toys were acquired and distributed during the afternoon of that Thursday.<\/p>\n\n\n\n<p>The musician D\u00e2ngelo Pereira was given the task of distributing the gifts. He had Covid in March and made a promise to grow his beard and hair so he could dress up as Santa Claus and bring joy to the children this Christmas, should he recover from the illness. With his health back to normal, the musician was moved to see and hear the children&#039;s words, smiles, and gestures of gratitude.<\/p>\n\n\n\n<p>Students begin their holidays today, but preparations for next year have already started. Teachers will have a short break at the end of the year, but in January they will participate in a Holiday Camp designed to help parents who will be working during this period and have no one to leave their children with.<\/p>\n\n\n\n<p>The Padre Eust\u00e1quio Daycare Center maintains a partnership with the Belo Horizonte City Hall and also relies on the community&#039;s help to continue Padre Eust\u00e1quio&#039;s ideals. <em>\u201c&quot;I cannot rest easy thinking about the needy children of the parish&quot;\u201d<\/em>.<\/p>\n\n\n\n<p>You too can help this social cause. <a href=\"https:\/\/www.padreeustaquio.com.br\/en\/donate\/\" target=\"_blank\" rel=\"noreferrer noopener\">Click here<\/a> and find out how to donate.<\/p>\n\n\n\n<p><\/p>","protected":false},"excerpt":{"rendered":"<p>As crian\u00e7as assistidas pela Creche Padre Eust\u00e1quio, foram surpreendidas nessa quinta-feira, dia 16, por uma presen\u00e7a muito especial. Um Papai Noel cheio de presentes visitou a institui\u00e7\u00e3o e fez a alegria dos pequenos. O bom velhinho chegou na creche por volta das 14h ao som de m\u00fasicas natalinas. Depois de cumprimentar os funcion\u00e1rios, ele se dirigiu para um espa\u00e7o reservado a ele no fundo da institui\u00e7\u00e3o. Ao lado da \u00e1rvore de Natal e do pres\u00e9pio montado pelos alunos, Papai Noel distribuiu presentes para todos os alunos da creche. A iniciativa partiu de alguns pais que mant\u00eam um grupo no WhatsApp [&hellip;]<\/p>\n","protected":false},"author":2,"featured_media":7735,"comment_status":"open","ping_status":"closed","sticky":false,"template":"","format":"standard","meta":{"_acf_changed":false,"footnotes":""},"categories":[611],"tags":[],"class_list":["post-7734","post","type-post","status-publish","format-standard","has-post-thumbnail","hentry","category-noticias"],"acf":[],"yoast_head":"<!-- This site is optimized with the Yoast SEO plugin v27.2 - https:\/\/yoast.com\/product\/yoast-seo-wordpress\/ -->\n<title>NATAL - Crian\u00e7as da Creche Padre Eust\u00e1quio recebem brinquedos<\/title>\n<meta name=\"description\" content=\"As crian\u00e7as assistidas pela Creche Padre Eust\u00e1quio, foram surpreendidas nessa quinta-feira, dia 16, por uma presen\u00e7a muito especial. Um Papai Noel cheio de presentes visitou a institui\u00e7\u00e3o e fez a alegria dos pequenos.\" \/>\n<meta name=\"robots\" content=\"index, follow, max-snippet:-1, max-image-preview:large, max-video-preview:-1\" \/>\n<link rel=\"canonical\" href=\"https:\/\/www.padreeustaquio.com.br\/en\/santa-claus-brings-joy-to-children-at-the-padre-eustaquio-daycare-center\/\" \/>\n<meta property=\"og:locale\" content=\"en_US\" \/>\n<meta property=\"og:type\" content=\"article\" \/>\n<meta property=\"og:title\" content=\"NATAL - Crian\u00e7as da Creche Padre Eust\u00e1quio recebem brinquedos\" \/>\n<meta property=\"og:description\" content=\"As crian\u00e7as assistidas pela Creche Padre Eust\u00e1quio, foram surpreendidas nessa quinta-feira, dia 16, por uma presen\u00e7a muito especial. Um Papai Noel cheio de presentes visitou a institui\u00e7\u00e3o e fez a alegria dos pequenos.\" \/>\n<meta property=\"og:url\" content=\"https:\/\/www.padreeustaquio.com.br\/en\/santa-claus-brings-joy-to-children-at-the-padre-eustaquio-daycare-center\/\" \/>\n<meta property=\"og:site_name\" content=\"Padre Eust\u00e1quio\" \/>\n<meta property=\"article:publisher\" content=\"https:\/\/www.facebook.com\/beatopadreeustaquio\/\" \/>\n<meta property=\"article:published_time\" content=\"2021-12-17T09:10:00+00:00\" \/>\n<meta property=\"og:image\" content=\"https:\/\/www.padreeustaquio.com.br\/wp-content\/uploads\/2021\/12\/IMG_4468-scaled.jpg\" \/>\n\t<meta property=\"og:image:width\" content=\"2560\" \/>\n\t<meta property=\"og:image:height\" content=\"1707\" \/>\n\t<meta property=\"og:image:type\" content=\"image\/jpeg\" \/>\n<meta name=\"author\" content=\"@sscc\" \/>\n<meta name=\"twitter:card\" content=\"summary_large_image\" \/>\n<meta name=\"twitter:creator\" content=\"@beatopeustaquio\" \/>\n<meta name=\"twitter:site\" content=\"@beatopeustaquio\" \/>\n<meta name=\"twitter:label1\" content=\"Written by\" \/>\n\t<meta name=\"twitter:data1\" content=\"@sscc\" \/>\n\t<meta name=\"twitter:label2\" content=\"Est. reading time\" \/>\n\t<meta name=\"twitter:data2\" content=\"2 minutes\" \/>\n<script type=\"application\/ld+json\" class=\"yoast-schema-graph\">{\"@context\":\"https:\/\/schema.org\",\"@graph\":[{\"@type\":\"Article\",\"@id\":\"https:\/\/www.padreeustaquio.com.br\/papai-noel-alegra-criancas-da-creche-padre-eustaquio\/#article\",\"isPartOf\":{\"@id\":\"https:\/\/www.padreeustaquio.com.br\/papai-noel-alegra-criancas-da-creche-padre-eustaquio\/\"},\"author\":{\"name\":\"@sscc\",\"@id\":\"https:\/\/www.padreeustaquio.com.br\/#\/schema\/person\/a2a51db1d00f1a7af0204a0f1ddb1566\"},\"headline\":\"NATAL &#8211; Crian\u00e7as da Creche Padre Eust\u00e1quio recebem brinquedos\",\"datePublished\":\"2021-12-17T09:10:00+00:00\",\"mainEntityOfPage\":{\"@id\":\"https:\/\/www.padreeustaquio.com.br\/papai-noel-alegra-criancas-da-creche-padre-eustaquio\/\"},\"wordCount\":379,\"commentCount\":0,\"publisher\":{\"@id\":\"https:\/\/www.padreeustaquio.com.br\/#organization\"},\"image\":{\"@id\":\"https:\/\/www.padreeustaquio.com.br\/papai-noel-alegra-criancas-da-creche-padre-eustaquio\/#primaryimage\"},\"thumbnailUrl\":\"https:\/\/www.padreeustaquio.com.br\/wp-content\/uploads\/2021\/12\/IMG_4468-scaled.jpg\",\"articleSection\":[\"Not\u00edcias\"],\"inLanguage\":\"en-US\",\"potentialAction\":[{\"@type\":\"CommentAction\",\"name\":\"Comment\",\"target\":[\"https:\/\/www.padreeustaquio.com.br\/papai-noel-alegra-criancas-da-creche-padre-eustaquio\/#respond\"]}]},{\"@type\":\"WebPage\",\"@id\":\"https:\/\/www.padreeustaquio.com.br\/papai-noel-alegra-criancas-da-creche-padre-eustaquio\/\",\"url\":\"https:\/\/www.padreeustaquio.com.br\/papai-noel-alegra-criancas-da-creche-padre-eustaquio\/\",\"name\":\"NATAL - Crian\u00e7as da Creche Padre Eust\u00e1quio recebem brinquedos\",\"isPartOf\":{\"@id\":\"https:\/\/www.padreeustaquio.com.br\/#website\"},\"primaryImageOfPage\":{\"@id\":\"https:\/\/www.padreeustaquio.com.br\/papai-noel-alegra-criancas-da-creche-padre-eustaquio\/#primaryimage\"},\"image\":{\"@id\":\"https:\/\/www.padreeustaquio.com.br\/papai-noel-alegra-criancas-da-creche-padre-eustaquio\/#primaryimage\"},\"thumbnailUrl\":\"https:\/\/www.padreeustaquio.com.br\/wp-content\/uploads\/2021\/12\/IMG_4468-scaled.jpg\",\"datePublished\":\"2021-12-17T09:10:00+00:00\",\"description\":\"As crian\u00e7as assistidas pela Creche Padre Eust\u00e1quio, foram surpreendidas nessa quinta-feira, dia 16, por uma presen\u00e7a muito especial. Um Papai Noel cheio de presentes visitou a institui\u00e7\u00e3o e fez a alegria dos pequenos.\",\"breadcrumb\":{\"@id\":\"https:\/\/www.padreeustaquio.com.br\/papai-noel-alegra-criancas-da-creche-padre-eustaquio\/#breadcrumb\"},\"inLanguage\":\"en-US\",\"potentialAction\":[{\"@type\":\"ReadAction\",\"target\":[\"https:\/\/www.padreeustaquio.com.br\/papai-noel-alegra-criancas-da-creche-padre-eustaquio\/\"]}]},{\"@type\":\"ImageObject\",\"inLanguage\":\"en-US\",\"@id\":\"https:\/\/www.padreeustaquio.com.br\/papai-noel-alegra-criancas-da-creche-padre-eustaquio\/#primaryimage\",\"url\":\"https:\/\/www.padreeustaquio.com.br\/wp-content\/uploads\/2021\/12\/IMG_4468-scaled.jpg\",\"contentUrl\":\"https:\/\/www.padreeustaquio.com.br\/wp-content\/uploads\/2021\/12\/IMG_4468-scaled.jpg\",\"width\":2560,\"height\":1707},{\"@type\":\"BreadcrumbList\",\"@id\":\"https:\/\/www.padreeustaquio.com.br\/papai-noel-alegra-criancas-da-creche-padre-eustaquio\/#breadcrumb\",\"itemListElement\":[{\"@type\":\"ListItem\",\"position\":1,\"name\":\"In\u00edcio\",\"item\":\"https:\/\/www.padreeustaquio.com.br\/\"},{\"@type\":\"ListItem\",\"position\":2,\"name\":\"NATAL &#8211; Crian\u00e7as da Creche Padre Eust\u00e1quio recebem brinquedos\"}]},{\"@type\":\"WebSite\",\"@id\":\"https:\/\/www.padreeustaquio.com.br\/#website\",\"url\":\"https:\/\/www.padreeustaquio.com.br\/\",\"name\":\"Padre Eust\u00e1quio\",\"description\":\"Sa\u00fade e Paz\",\"publisher\":{\"@id\":\"https:\/\/www.padreeustaquio.com.br\/#organization\"},\"potentialAction\":[{\"@type\":\"SearchAction\",\"target\":{\"@type\":\"EntryPoint\",\"urlTemplate\":\"https:\/\/www.padreeustaquio.com.br\/?s={search_term_string}\"},\"query-input\":{\"@type\":\"PropertyValueSpecification\",\"valueRequired\":true,\"valueName\":\"search_term_string\"}}],\"inLanguage\":\"en-US\"},{\"@type\":\"Organization\",\"@id\":\"https:\/\/www.padreeustaquio.com.br\/#organization\",\"name\":\"Padre Eust\u00e1quio\",\"url\":\"https:\/\/www.padreeustaquio.com.br\/\",\"logo\":{\"@type\":\"ImageObject\",\"inLanguage\":\"en-US\",\"@id\":\"https:\/\/www.padreeustaquio.com.br\/#\/schema\/logo\/image\/\",\"url\":\"https:\/\/www.padreeustaquio.com.br\/wp-content\/uploads\/2019\/08\/marca.png\",\"contentUrl\":\"https:\/\/www.padreeustaquio.com.br\/wp-content\/uploads\/2019\/08\/marca.png\",\"width\":350,\"height\":400,\"caption\":\"Padre Eust\u00e1quio\"},\"image\":{\"@id\":\"https:\/\/www.padreeustaquio.com.br\/#\/schema\/logo\/image\/\"},\"sameAs\":[\"https:\/\/www.facebook.com\/beatopadreeustaquio\/\",\"https:\/\/x.com\/beatopeustaquio\",\"https:\/\/www.instagram.com\/beatopadreeustaquio\/\",\"https:\/\/www.youtube.com\/channel\/UCRhw7vfabnajwLxb1ZXMeIw\"]},{\"@type\":\"Person\",\"@id\":\"https:\/\/www.padreeustaquio.com.br\/#\/schema\/person\/a2a51db1d00f1a7af0204a0f1ddb1566\",\"name\":\"@sscc\",\"image\":{\"@type\":\"ImageObject\",\"inLanguage\":\"en-US\",\"@id\":\"https:\/\/secure.gravatar.com\/avatar\/68cfafa5f44617fea54071e215026e0ff06be366c3d54a8425f04fdcb86f8c5f?s=96&d=mm&r=g\",\"url\":\"https:\/\/secure.gravatar.com\/avatar\/68cfafa5f44617fea54071e215026e0ff06be366c3d54a8425f04fdcb86f8c5f?s=96&d=mm&r=g\",\"contentUrl\":\"https:\/\/secure.gravatar.com\/avatar\/68cfafa5f44617fea54071e215026e0ff06be366c3d54a8425f04fdcb86f8c5f?s=96&d=mm&r=g\",\"caption\":\"@sscc\"},\"url\":\"https:\/\/www.padreeustaquio.com.br\/en\/author\/sscc\/\"}]}<\/script>\n<!-- \/ Yoast SEO plugin. -->","yoast_head_json":{"title":"CHRISTMAS - Children at the Padre Eust\u00e1quio Daycare Center receive toys","description":"The children attending the Padre Eust\u00e1quio Daycare Center were surprised this Thursday, the 16th, by a very special visitor. A Santa Claus laden with gifts visited the institution and brought joy to the little ones.","robots":{"index":"index","follow":"follow","max-snippet":"max-snippet:-1","max-image-preview":"max-image-preview:large","max-video-preview":"max-video-preview:-1"},"canonical":"https:\/\/www.padreeustaquio.com.br\/en\/santa-claus-brings-joy-to-children-at-the-padre-eustaquio-daycare-center\/","og_locale":"en_US","og_type":"article","og_title":"NATAL - Crian\u00e7as da Creche Padre Eust\u00e1quio recebem brinquedos","og_description":"As crian\u00e7as assistidas pela Creche Padre Eust\u00e1quio, foram surpreendidas nessa quinta-feira, dia 16, por uma presen\u00e7a muito especial. Um Papai Noel cheio de presentes visitou a institui\u00e7\u00e3o e fez a alegria dos pequenos.","og_url":"https:\/\/www.padreeustaquio.com.br\/en\/santa-claus-brings-joy-to-children-at-the-padre-eustaquio-daycare-center\/","og_site_name":"Padre Eust\u00e1quio","article_publisher":"https:\/\/www.facebook.com\/beatopadreeustaquio\/","article_published_time":"2021-12-17T09:10:00+00:00","og_image":[{"width":2560,"height":1707,"url":"https:\/\/www.padreeustaquio.com.br\/wp-content\/uploads\/2021\/12\/IMG_4468-scaled.jpg","type":"image\/jpeg"}],"author":"@sscc","twitter_card":"summary_large_image","twitter_creator":"@beatopeustaquio","twitter_site":"@beatopeustaquio","twitter_misc":{"Written by":"@sscc","Est. reading time":"2 minutes"},"schema":{"@context":"https:\/\/schema.org","@graph":[{"@type":"Article","@id":"https:\/\/www.padreeustaquio.com.br\/papai-noel-alegra-criancas-da-creche-padre-eustaquio\/#article","isPartOf":{"@id":"https:\/\/www.padreeustaquio.com.br\/papai-noel-alegra-criancas-da-creche-padre-eustaquio\/"},"author":{"name":"@sscc","@id":"https:\/\/www.padreeustaquio.com.br\/#\/schema\/person\/a2a51db1d00f1a7af0204a0f1ddb1566"},"headline":"NATAL &#8211; Crian\u00e7as da Creche Padre Eust\u00e1quio recebem brinquedos","datePublished":"2021-12-17T09:10:00+00:00","mainEntityOfPage":{"@id":"https:\/\/www.padreeustaquio.com.br\/papai-noel-alegra-criancas-da-creche-padre-eustaquio\/"},"wordCount":379,"commentCount":0,"publisher":{"@id":"https:\/\/www.padreeustaquio.com.br\/#organization"},"image":{"@id":"https:\/\/www.padreeustaquio.com.br\/papai-noel-alegra-criancas-da-creche-padre-eustaquio\/#primaryimage"},"thumbnailUrl":"https:\/\/www.padreeustaquio.com.br\/wp-content\/uploads\/2021\/12\/IMG_4468-scaled.jpg","articleSection":["Not\u00edcias"],"inLanguage":"en-US","potentialAction":[{"@type":"CommentAction","name":"Comment","target":["https:\/\/www.padreeustaquio.com.br\/papai-noel-alegra-criancas-da-creche-padre-eustaquio\/#respond"]}]},{"@type":"WebPage","@id":"https:\/\/www.padreeustaquio.com.br\/papai-noel-alegra-criancas-da-creche-padre-eustaquio\/","url":"https:\/\/www.padreeustaquio.com.br\/papai-noel-alegra-criancas-da-creche-padre-eustaquio\/","name":"CHRISTMAS - Children at the Padre Eust\u00e1quio Daycare Center receive toys","isPartOf":{"@id":"https:\/\/www.padreeustaquio.com.br\/#website"},"primaryImageOfPage":{"@id":"https:\/\/www.padreeustaquio.com.br\/papai-noel-alegra-criancas-da-creche-padre-eustaquio\/#primaryimage"},"image":{"@id":"https:\/\/www.padreeustaquio.com.br\/papai-noel-alegra-criancas-da-creche-padre-eustaquio\/#primaryimage"},"thumbnailUrl":"https:\/\/www.padreeustaquio.com.br\/wp-content\/uploads\/2021\/12\/IMG_4468-scaled.jpg","datePublished":"2021-12-17T09:10:00+00:00","description":"The children attending the Padre Eust\u00e1quio Daycare Center were surprised this Thursday, the 16th, by a very special visitor. A Santa Claus laden with gifts visited the institution and brought joy to the little ones.","breadcrumb":{"@id":"https:\/\/www.padreeustaquio.com.br\/papai-noel-alegra-criancas-da-creche-padre-eustaquio\/#breadcrumb"},"inLanguage":"en-US","potentialAction":[{"@type":"ReadAction","target":["https:\/\/www.padreeustaquio.com.br\/papai-noel-alegra-criancas-da-creche-padre-eustaquio\/"]}]},{"@type":"ImageObject","inLanguage":"en-US","@id":"https:\/\/www.padreeustaquio.com.br\/papai-noel-alegra-criancas-da-creche-padre-eustaquio\/#primaryimage","url":"https:\/\/www.padreeustaquio.com.br\/wp-content\/uploads\/2021\/12\/IMG_4468-scaled.jpg","contentUrl":"https:\/\/www.padreeustaquio.com.br\/wp-content\/uploads\/2021\/12\/IMG_4468-scaled.jpg","width":2560,"height":1707},{"@type":"BreadcrumbList","@id":"https:\/\/www.padreeustaquio.com.br\/papai-noel-alegra-criancas-da-creche-padre-eustaquio\/#breadcrumb","itemListElement":[{"@type":"ListItem","position":1,"name":"In\u00edcio","item":"https:\/\/www.padreeustaquio.com.br\/"},{"@type":"ListItem","position":2,"name":"NATAL &#8211; Crian\u00e7as da Creche Padre Eust\u00e1quio recebem brinquedos"}]},{"@type":"WebSite","@id":"https:\/\/www.padreeustaquio.com.br\/#website","url":"https:\/\/www.padreeustaquio.com.br\/","name":"FATHER EUST\u00c1QUIO","description":"Health and Peace","publisher":{"@id":"https:\/\/www.padreeustaquio.com.br\/#organization"},"potentialAction":[{"@type":"SearchAction","target":{"@type":"EntryPoint","urlTemplate":"https:\/\/www.padreeustaquio.com.br\/?s={search_term_string}"},"query-input":{"@type":"PropertyValueSpecification","valueRequired":true,"valueName":"search_term_string"}}],"inLanguage":"en-US"},{"@type":"Organization","@id":"https:\/\/www.padreeustaquio.com.br\/#organization","name":"FATHER EUST\u00c1QUIO","url":"https:\/\/www.padreeustaquio.com.br\/","logo":{"@type":"ImageObject","inLanguage":"en-US","@id":"https:\/\/www.padreeustaquio.com.br\/#\/schema\/logo\/image\/","url":"https:\/\/www.padreeustaquio.com.br\/wp-content\/uploads\/2019\/08\/marca.png","contentUrl":"https:\/\/www.padreeustaquio.com.br\/wp-content\/uploads\/2019\/08\/marca.png","width":350,"height":400,"caption":"Padre Eust\u00e1quio"},"image":{"@id":"https:\/\/www.padreeustaquio.com.br\/#\/schema\/logo\/image\/"},"sameAs":["https:\/\/www.facebook.com\/beatopadreeustaquio\/","https:\/\/x.com\/beatopeustaquio","https:\/\/www.instagram.com\/beatopadreeustaquio\/","https:\/\/www.youtube.com\/channel\/UCRhw7vfabnajwLxb1ZXMeIw"]},{"@type":"Person","@id":"https:\/\/www.padreeustaquio.com.br\/#\/schema\/person\/a2a51db1d00f1a7af0204a0f1ddb1566","name":"@sscc","image":{"@type":"ImageObject","inLanguage":"en-US","@id":"https:\/\/secure.gravatar.com\/avatar\/68cfafa5f44617fea54071e215026e0ff06be366c3d54a8425f04fdcb86f8c5f?s=96&d=mm&r=g","url":"https:\/\/secure.gravatar.com\/avatar\/68cfafa5f44617fea54071e215026e0ff06be366c3d54a8425f04fdcb86f8c5f?s=96&d=mm&r=g","contentUrl":"https:\/\/secure.gravatar.com\/avatar\/68cfafa5f44617fea54071e215026e0ff06be366c3d54a8425f04fdcb86f8c5f?s=96&d=mm&r=g","caption":"@sscc"},"url":"https:\/\/www.padreeustaquio.com.br\/en\/author\/sscc\/"}]}},"_links":{"self":[{"href":"https:\/\/www.padreeustaquio.com.br\/en\/wp-json\/wp\/v2\/posts\/7734","targetHints":{"allow":["GET"]}}],"collection":[{"href":"https:\/\/www.padreeustaquio.com.br\/en\/wp-json\/wp\/v2\/posts"}],"about":[{"href":"https:\/\/www.padreeustaquio.com.br\/en\/wp-json\/wp\/v2\/types\/post"}],"author":[{"embeddable":true,"href":"https:\/\/www.padreeustaquio.com.br\/en\/wp-json\/wp\/v2\/users\/2"}],"replies":[{"embeddable":true,"href":"https:\/\/www.padreeustaquio.com.br\/en\/wp-json\/wp\/v2\/comments?post=7734"}],"version-history":[{"count":0,"href":"https:\/\/www.padreeustaquio.com.br\/en\/wp-json\/wp\/v2\/posts\/7734\/revisions"}],"wp:featuredmedia":[{"embeddable":true,"href":"https:\/\/www.padreeustaquio.com.br\/en\/wp-json\/wp\/v2\/media\/7735"}],"wp:attachment":[{"href":"https:\/\/www.padreeustaquio.com.br\/en\/wp-json\/wp\/v2\/media?parent=7734"}],"wp:term":[{"taxonomy":"category","embeddable":true,"href":"https:\/\/www.padreeustaquio.com.br\/en\/wp-json\/wp\/v2\/categories?post=7734"},{"taxonomy":"post_tag","embeddable":true,"href":"https:\/\/www.padreeustaquio.com.br\/en\/wp-json\/wp\/v2\/tags?post=7734"}],"curies":[{"name":"wp","href":"https:\/\/api.w.org\/{rel}","templated":true}]}}