{"id":7720,"date":"2021-12-15T10:31:52","date_gmt":"2021-12-15T13:31:52","guid":{"rendered":"https:\/\/www.padreeustaquio.com.br\/?p=7720"},"modified":"2021-12-15T10:33:52","modified_gmt":"2021-12-15T13:33:52","slug":"the-police-band-will-give-a-special-performance-at-father-eustaquios-church-in-belo-horizonte","status":"publish","type":"post","link":"https:\/\/www.padreeustaquio.com.br\/en\/the-police-band-will-give-a-special-performance-at-father-eustaquios-church-in-belo-horizonte\/","title":{"rendered":"The Military Police band will give a special performance at the Padre Eust\u00e1quio Church in Belo Horizonte."},"content":{"rendered":"<p>Next Tuesday, December 21st, the Sanctuary of Health and Peace, the Church of Blessed Father Eust\u00e1quio, will host members of the Musical Activities Center of the Military Police of Minas Gerais. The special Christmas concert will take place starting at 8 PM, inside the Sanctuary.<\/p>\n\n\n\n<p>The performance will feature 37 people, including a conductor, instrumentalists, and singers, all officers of the Minas Gerais Military Police. The program includes classical music and, of course, specific Christmas carols. The musicians will be welcomed by the rector of the Sanctuary, Father Vin\u00edcius Maciel, and will be joined by the public, who can occupy the church pews, following health and safety protocols.<\/p>\n\n\n\n<p>The Military Police Band&#039;s performance will be broadcast on the Padre Eust\u00e1quio Channel, starting at 8 PM, immediately after Holy Mass, via a separate link. The partnership between the Congregation of the Sacred Hearts and the Military Police of Minas Gerais is long-standing, but the performances did not take place last year due to the pandemic. The last performance of the Military Police Band at the Sanctuary took place on December 6, 2019, and moved the hundreds of people who attended the church on the day of the concert.<\/p>\n\n\n\n<p>The Center for Musical Activities of the Military Police of Minas Gerais \u2013 CAM, was created in 2012 with the mission of coordinating the musical activities of the PMMG in the capital and the interior of Minas Gerais. Through Strategic Musical Actions, it aims to generate public safety, using music as a communication tool between the PMMG and the &quot;Beloved People of Minas Gerais&quot;.<\/p>","protected":false},"excerpt":{"rendered":"<p>Na pr\u00f3xima ter\u00e7a-feira, dia 21 de dezembro, o Santu\u00e1rio da Sa\u00fade e Paz, a Igreja do Beato Padre Eust\u00e1quio vai receber os integrantes do Centro de Atividades Musicais da Pol\u00edcia Militar de Minas Gerais. O concerto especial de Natal ser\u00e1 realizado a partir das 20h, dentro do Santu\u00e1rio. A apresenta\u00e7\u00e3o vai contar com 37 pessoas entre maestro, instrumentistas e cantores, todos oficiais da Pol\u00edcia Militar de Minas. Na programa\u00e7\u00e3o, est\u00e3o previstas musicas cl\u00e1ssicas e, claro, can\u00e7\u00f5es espec\u00edficas de natal. Os m\u00fasicos ser\u00e3o recepcionados pelo reitor do Santu\u00e1rio, Padre Vin\u00edcius Maciel, e ter\u00e3o a companhia do p\u00fablico, que poder\u00e1 ocupar os [&hellip;]<\/p>\n","protected":false},"author":2,"featured_media":7721,"comment_status":"open","ping_status":"closed","sticky":false,"template":"","format":"standard","meta":{"_acf_changed":false,"footnotes":""},"categories":[611],"tags":[],"class_list":["post-7720","post","type-post","status-publish","format-standard","has-post-thumbnail","hentry","category-noticias"],"acf":[],"yoast_head":"<!-- This site is optimized with the Yoast SEO plugin v27.2 - https:\/\/yoast.com\/product\/yoast-seo-wordpress\/ -->\n<title>Banda da PM far\u00e1 apresenta\u00e7\u00e3o especial na Igreja do Padre Eust\u00e1quio em BH<\/title>\n<meta name=\"description\" content=\"Na pr\u00f3xima ter\u00e7a-feira, dia 21 de dezembro, o Santu\u00e1rio da Sa\u00fade e Paz, a Igreja do Beato Padre Eust\u00e1quio vai receber os integrantes do Centro de Atividades Musicais da Pol\u00edcia Militar de Minas Gerais. O concerto especial de Natal ser\u00e1 realizado a partir das 20h, dentro do Santu\u00e1rio.\" \/>\n<meta name=\"robots\" content=\"index, follow, max-snippet:-1, max-image-preview:large, max-video-preview:-1\" \/>\n<link rel=\"canonical\" href=\"https:\/\/www.padreeustaquio.com.br\/en\/the-police-band-will-give-a-special-performance-at-father-eustaquios-church-in-belo-horizonte\/\" \/>\n<meta property=\"og:locale\" content=\"en_US\" \/>\n<meta property=\"og:type\" content=\"article\" \/>\n<meta property=\"og:title\" content=\"Banda da PM far\u00e1 apresenta\u00e7\u00e3o especial na Igreja do Padre Eust\u00e1quio em BH\" \/>\n<meta property=\"og:description\" content=\"Na pr\u00f3xima ter\u00e7a-feira, dia 21 de dezembro, o Santu\u00e1rio da Sa\u00fade e Paz, a Igreja do Beato Padre Eust\u00e1quio vai receber os integrantes do Centro de Atividades Musicais da Pol\u00edcia Militar de Minas Gerais. O concerto especial de Natal ser\u00e1 realizado a partir das 20h, dentro do Santu\u00e1rio.\" \/>\n<meta property=\"og:url\" content=\"https:\/\/www.padreeustaquio.com.br\/en\/the-police-band-will-give-a-special-performance-at-father-eustaquios-church-in-belo-horizonte\/\" \/>\n<meta property=\"og:site_name\" content=\"Padre Eust\u00e1quio\" \/>\n<meta property=\"article:publisher\" content=\"https:\/\/www.facebook.com\/beatopadreeustaquio\/\" \/>\n<meta property=\"article:published_time\" content=\"2021-12-15T13:31:52+00:00\" \/>\n<meta property=\"article:modified_time\" content=\"2021-12-15T13:33:52+00:00\" \/>\n<meta property=\"og:image\" content=\"https:\/\/www.padreeustaquio.com.br\/wp-content\/uploads\/2021\/12\/Banda-da-PM-no-Santuario.jpg\" \/>\n\t<meta property=\"og:image:width\" content=\"748\" \/>\n\t<meta property=\"og:image:height\" content=\"394\" \/>\n\t<meta property=\"og:image:type\" content=\"image\/jpeg\" \/>\n<meta name=\"author\" content=\"@sscc\" \/>\n<meta name=\"twitter:card\" content=\"summary_large_image\" \/>\n<meta name=\"twitter:creator\" content=\"@beatopeustaquio\" \/>\n<meta name=\"twitter:site\" content=\"@beatopeustaquio\" \/>\n<meta name=\"twitter:label1\" content=\"Written by\" \/>\n\t<meta name=\"twitter:data1\" content=\"@sscc\" \/>\n\t<meta name=\"twitter:label2\" content=\"Est. reading time\" \/>\n\t<meta name=\"twitter:data2\" content=\"2 minutes\" \/>\n<script type=\"application\/ld+json\" class=\"yoast-schema-graph\">{\"@context\":\"https:\/\/schema.org\",\"@graph\":[{\"@type\":\"Article\",\"@id\":\"https:\/\/www.padreeustaquio.com.br\/banda-da-pm-fara-apresentacao-especial-na-igreja-do-padre-eustaquio-em-bh\/#article\",\"isPartOf\":{\"@id\":\"https:\/\/www.padreeustaquio.com.br\/banda-da-pm-fara-apresentacao-especial-na-igreja-do-padre-eustaquio-em-bh\/\"},\"author\":{\"name\":\"@sscc\",\"@id\":\"https:\/\/www.padreeustaquio.com.br\/#\/schema\/person\/a2a51db1d00f1a7af0204a0f1ddb1566\"},\"headline\":\"Banda da PM far\u00e1 apresenta\u00e7\u00e3o especial na Igreja do Padre Eust\u00e1quio em BH\",\"datePublished\":\"2021-12-15T13:31:52+00:00\",\"dateModified\":\"2021-12-15T13:33:52+00:00\",\"mainEntityOfPage\":{\"@id\":\"https:\/\/www.padreeustaquio.com.br\/banda-da-pm-fara-apresentacao-especial-na-igreja-do-padre-eustaquio-em-bh\/\"},\"wordCount\":307,\"commentCount\":0,\"publisher\":{\"@id\":\"https:\/\/www.padreeustaquio.com.br\/#organization\"},\"image\":{\"@id\":\"https:\/\/www.padreeustaquio.com.br\/banda-da-pm-fara-apresentacao-especial-na-igreja-do-padre-eustaquio-em-bh\/#primaryimage\"},\"thumbnailUrl\":\"https:\/\/www.padreeustaquio.com.br\/wp-content\/uploads\/2021\/12\/Banda-da-PM-no-Santuario.jpg\",\"articleSection\":[\"Not\u00edcias\"],\"inLanguage\":\"en-US\",\"potentialAction\":[{\"@type\":\"CommentAction\",\"name\":\"Comment\",\"target\":[\"https:\/\/www.padreeustaquio.com.br\/banda-da-pm-fara-apresentacao-especial-na-igreja-do-padre-eustaquio-em-bh\/#respond\"]}]},{\"@type\":\"WebPage\",\"@id\":\"https:\/\/www.padreeustaquio.com.br\/banda-da-pm-fara-apresentacao-especial-na-igreja-do-padre-eustaquio-em-bh\/\",\"url\":\"https:\/\/www.padreeustaquio.com.br\/banda-da-pm-fara-apresentacao-especial-na-igreja-do-padre-eustaquio-em-bh\/\",\"name\":\"Banda da PM far\u00e1 apresenta\u00e7\u00e3o especial na Igreja do Padre Eust\u00e1quio em BH\",\"isPartOf\":{\"@id\":\"https:\/\/www.padreeustaquio.com.br\/#website\"},\"primaryImageOfPage\":{\"@id\":\"https:\/\/www.padreeustaquio.com.br\/banda-da-pm-fara-apresentacao-especial-na-igreja-do-padre-eustaquio-em-bh\/#primaryimage\"},\"image\":{\"@id\":\"https:\/\/www.padreeustaquio.com.br\/banda-da-pm-fara-apresentacao-especial-na-igreja-do-padre-eustaquio-em-bh\/#primaryimage\"},\"thumbnailUrl\":\"https:\/\/www.padreeustaquio.com.br\/wp-content\/uploads\/2021\/12\/Banda-da-PM-no-Santuario.jpg\",\"datePublished\":\"2021-12-15T13:31:52+00:00\",\"dateModified\":\"2021-12-15T13:33:52+00:00\",\"description\":\"Na pr\u00f3xima ter\u00e7a-feira, dia 21 de dezembro, o Santu\u00e1rio da Sa\u00fade e Paz, a Igreja do Beato Padre Eust\u00e1quio vai receber os integrantes do Centro de Atividades Musicais da Pol\u00edcia Militar de Minas Gerais. O concerto especial de Natal ser\u00e1 realizado a partir das 20h, dentro do Santu\u00e1rio.\",\"breadcrumb\":{\"@id\":\"https:\/\/www.padreeustaquio.com.br\/banda-da-pm-fara-apresentacao-especial-na-igreja-do-padre-eustaquio-em-bh\/#breadcrumb\"},\"inLanguage\":\"en-US\",\"potentialAction\":[{\"@type\":\"ReadAction\",\"target\":[\"https:\/\/www.padreeustaquio.com.br\/banda-da-pm-fara-apresentacao-especial-na-igreja-do-padre-eustaquio-em-bh\/\"]}]},{\"@type\":\"ImageObject\",\"inLanguage\":\"en-US\",\"@id\":\"https:\/\/www.padreeustaquio.com.br\/banda-da-pm-fara-apresentacao-especial-na-igreja-do-padre-eustaquio-em-bh\/#primaryimage\",\"url\":\"https:\/\/www.padreeustaquio.com.br\/wp-content\/uploads\/2021\/12\/Banda-da-PM-no-Santuario.jpg\",\"contentUrl\":\"https:\/\/www.padreeustaquio.com.br\/wp-content\/uploads\/2021\/12\/Banda-da-PM-no-Santuario.jpg\",\"width\":748,\"height\":394,\"caption\":\"Foto: Junior Fotografias\"},{\"@type\":\"BreadcrumbList\",\"@id\":\"https:\/\/www.padreeustaquio.com.br\/banda-da-pm-fara-apresentacao-especial-na-igreja-do-padre-eustaquio-em-bh\/#breadcrumb\",\"itemListElement\":[{\"@type\":\"ListItem\",\"position\":1,\"name\":\"In\u00edcio\",\"item\":\"https:\/\/www.padreeustaquio.com.br\/\"},{\"@type\":\"ListItem\",\"position\":2,\"name\":\"Banda da PM far\u00e1 apresenta\u00e7\u00e3o especial na Igreja do Padre Eust\u00e1quio em BH\"}]},{\"@type\":\"WebSite\",\"@id\":\"https:\/\/www.padreeustaquio.com.br\/#website\",\"url\":\"https:\/\/www.padreeustaquio.com.br\/\",\"name\":\"Padre Eust\u00e1quio\",\"description\":\"Sa\u00fade e Paz\",\"publisher\":{\"@id\":\"https:\/\/www.padreeustaquio.com.br\/#organization\"},\"potentialAction\":[{\"@type\":\"SearchAction\",\"target\":{\"@type\":\"EntryPoint\",\"urlTemplate\":\"https:\/\/www.padreeustaquio.com.br\/?s={search_term_string}\"},\"query-input\":{\"@type\":\"PropertyValueSpecification\",\"valueRequired\":true,\"valueName\":\"search_term_string\"}}],\"inLanguage\":\"en-US\"},{\"@type\":\"Organization\",\"@id\":\"https:\/\/www.padreeustaquio.com.br\/#organization\",\"name\":\"Padre Eust\u00e1quio\",\"url\":\"https:\/\/www.padreeustaquio.com.br\/\",\"logo\":{\"@type\":\"ImageObject\",\"inLanguage\":\"en-US\",\"@id\":\"https:\/\/www.padreeustaquio.com.br\/#\/schema\/logo\/image\/\",\"url\":\"https:\/\/www.padreeustaquio.com.br\/wp-content\/uploads\/2019\/08\/marca.png\",\"contentUrl\":\"https:\/\/www.padreeustaquio.com.br\/wp-content\/uploads\/2019\/08\/marca.png\",\"width\":350,\"height\":400,\"caption\":\"Padre Eust\u00e1quio\"},\"image\":{\"@id\":\"https:\/\/www.padreeustaquio.com.br\/#\/schema\/logo\/image\/\"},\"sameAs\":[\"https:\/\/www.facebook.com\/beatopadreeustaquio\/\",\"https:\/\/x.com\/beatopeustaquio\",\"https:\/\/www.instagram.com\/beatopadreeustaquio\/\",\"https:\/\/www.youtube.com\/channel\/UCRhw7vfabnajwLxb1ZXMeIw\"]},{\"@type\":\"Person\",\"@id\":\"https:\/\/www.padreeustaquio.com.br\/#\/schema\/person\/a2a51db1d00f1a7af0204a0f1ddb1566\",\"name\":\"@sscc\",\"image\":{\"@type\":\"ImageObject\",\"inLanguage\":\"en-US\",\"@id\":\"https:\/\/secure.gravatar.com\/avatar\/68cfafa5f44617fea54071e215026e0ff06be366c3d54a8425f04fdcb86f8c5f?s=96&d=mm&r=g\",\"url\":\"https:\/\/secure.gravatar.com\/avatar\/68cfafa5f44617fea54071e215026e0ff06be366c3d54a8425f04fdcb86f8c5f?s=96&d=mm&r=g\",\"contentUrl\":\"https:\/\/secure.gravatar.com\/avatar\/68cfafa5f44617fea54071e215026e0ff06be366c3d54a8425f04fdcb86f8c5f?s=96&d=mm&r=g\",\"caption\":\"@sscc\"},\"url\":\"https:\/\/www.padreeustaquio.com.br\/en\/author\/sscc\/\"}]}<\/script>\n<!-- \/ Yoast SEO plugin. -->","yoast_head_json":{"title":"The Military Police band will give a special performance at the Padre Eust\u00e1quio Church in Belo Horizonte.","description":"Next Tuesday, December 21st, the Sanctuary of Health and Peace, the Church of Blessed Father Eust\u00e1quio, will host members of the Musical Activities Center of the Military Police of Minas Gerais. The special Christmas concert will take place starting at 8 PM, inside the Sanctuary.","robots":{"index":"index","follow":"follow","max-snippet":"max-snippet:-1","max-image-preview":"max-image-preview:large","max-video-preview":"max-video-preview:-1"},"canonical":"https:\/\/www.padreeustaquio.com.br\/en\/the-police-band-will-give-a-special-performance-at-father-eustaquios-church-in-belo-horizonte\/","og_locale":"en_US","og_type":"article","og_title":"Banda da PM far\u00e1 apresenta\u00e7\u00e3o especial na Igreja do Padre Eust\u00e1quio em BH","og_description":"Na pr\u00f3xima ter\u00e7a-feira, dia 21 de dezembro, o Santu\u00e1rio da Sa\u00fade e Paz, a Igreja do Beato Padre Eust\u00e1quio vai receber os integrantes do Centro de Atividades Musicais da Pol\u00edcia Militar de Minas Gerais. O concerto especial de Natal ser\u00e1 realizado a partir das 20h, dentro do Santu\u00e1rio.","og_url":"https:\/\/www.padreeustaquio.com.br\/en\/the-police-band-will-give-a-special-performance-at-father-eustaquios-church-in-belo-horizonte\/","og_site_name":"Padre Eust\u00e1quio","article_publisher":"https:\/\/www.facebook.com\/beatopadreeustaquio\/","article_published_time":"2021-12-15T13:31:52+00:00","article_modified_time":"2021-12-15T13:33:52+00:00","og_image":[{"width":748,"height":394,"url":"https:\/\/www.padreeustaquio.com.br\/wp-content\/uploads\/2021\/12\/Banda-da-PM-no-Santuario.jpg","type":"image\/jpeg"}],"author":"@sscc","twitter_card":"summary_large_image","twitter_creator":"@beatopeustaquio","twitter_site":"@beatopeustaquio","twitter_misc":{"Written by":"@sscc","Est. reading time":"2 minutes"},"schema":{"@context":"https:\/\/schema.org","@graph":[{"@type":"Article","@id":"https:\/\/www.padreeustaquio.com.br\/banda-da-pm-fara-apresentacao-especial-na-igreja-do-padre-eustaquio-em-bh\/#article","isPartOf":{"@id":"https:\/\/www.padreeustaquio.com.br\/banda-da-pm-fara-apresentacao-especial-na-igreja-do-padre-eustaquio-em-bh\/"},"author":{"name":"@sscc","@id":"https:\/\/www.padreeustaquio.com.br\/#\/schema\/person\/a2a51db1d00f1a7af0204a0f1ddb1566"},"headline":"Banda da PM far\u00e1 apresenta\u00e7\u00e3o especial na Igreja do Padre Eust\u00e1quio em BH","datePublished":"2021-12-15T13:31:52+00:00","dateModified":"2021-12-15T13:33:52+00:00","mainEntityOfPage":{"@id":"https:\/\/www.padreeustaquio.com.br\/banda-da-pm-fara-apresentacao-especial-na-igreja-do-padre-eustaquio-em-bh\/"},"wordCount":307,"commentCount":0,"publisher":{"@id":"https:\/\/www.padreeustaquio.com.br\/#organization"},"image":{"@id":"https:\/\/www.padreeustaquio.com.br\/banda-da-pm-fara-apresentacao-especial-na-igreja-do-padre-eustaquio-em-bh\/#primaryimage"},"thumbnailUrl":"https:\/\/www.padreeustaquio.com.br\/wp-content\/uploads\/2021\/12\/Banda-da-PM-no-Santuario.jpg","articleSection":["Not\u00edcias"],"inLanguage":"en-US","potentialAction":[{"@type":"CommentAction","name":"Comment","target":["https:\/\/www.padreeustaquio.com.br\/banda-da-pm-fara-apresentacao-especial-na-igreja-do-padre-eustaquio-em-bh\/#respond"]}]},{"@type":"WebPage","@id":"https:\/\/www.padreeustaquio.com.br\/banda-da-pm-fara-apresentacao-especial-na-igreja-do-padre-eustaquio-em-bh\/","url":"https:\/\/www.padreeustaquio.com.br\/banda-da-pm-fara-apresentacao-especial-na-igreja-do-padre-eustaquio-em-bh\/","name":"The Military Police band will give a special performance at the Padre Eust\u00e1quio Church in Belo Horizonte.","isPartOf":{"@id":"https:\/\/www.padreeustaquio.com.br\/#website"},"primaryImageOfPage":{"@id":"https:\/\/www.padreeustaquio.com.br\/banda-da-pm-fara-apresentacao-especial-na-igreja-do-padre-eustaquio-em-bh\/#primaryimage"},"image":{"@id":"https:\/\/www.padreeustaquio.com.br\/banda-da-pm-fara-apresentacao-especial-na-igreja-do-padre-eustaquio-em-bh\/#primaryimage"},"thumbnailUrl":"https:\/\/www.padreeustaquio.com.br\/wp-content\/uploads\/2021\/12\/Banda-da-PM-no-Santuario.jpg","datePublished":"2021-12-15T13:31:52+00:00","dateModified":"2021-12-15T13:33:52+00:00","description":"Next Tuesday, December 21st, the Sanctuary of Health and Peace, the Church of Blessed Father Eust\u00e1quio, will host members of the Musical Activities Center of the Military Police of Minas Gerais. The special Christmas concert will take place starting at 8 PM, inside the Sanctuary.","breadcrumb":{"@id":"https:\/\/www.padreeustaquio.com.br\/banda-da-pm-fara-apresentacao-especial-na-igreja-do-padre-eustaquio-em-bh\/#breadcrumb"},"inLanguage":"en-US","potentialAction":[{"@type":"ReadAction","target":["https:\/\/www.padreeustaquio.com.br\/banda-da-pm-fara-apresentacao-especial-na-igreja-do-padre-eustaquio-em-bh\/"]}]},{"@type":"ImageObject","inLanguage":"en-US","@id":"https:\/\/www.padreeustaquio.com.br\/banda-da-pm-fara-apresentacao-especial-na-igreja-do-padre-eustaquio-em-bh\/#primaryimage","url":"https:\/\/www.padreeustaquio.com.br\/wp-content\/uploads\/2021\/12\/Banda-da-PM-no-Santuario.jpg","contentUrl":"https:\/\/www.padreeustaquio.com.br\/wp-content\/uploads\/2021\/12\/Banda-da-PM-no-Santuario.jpg","width":748,"height":394,"caption":"Foto: Junior Fotografias"},{"@type":"BreadcrumbList","@id":"https:\/\/www.padreeustaquio.com.br\/banda-da-pm-fara-apresentacao-especial-na-igreja-do-padre-eustaquio-em-bh\/#breadcrumb","itemListElement":[{"@type":"ListItem","position":1,"name":"In\u00edcio","item":"https:\/\/www.padreeustaquio.com.br\/"},{"@type":"ListItem","position":2,"name":"Banda da PM far\u00e1 apresenta\u00e7\u00e3o especial na Igreja do Padre Eust\u00e1quio em BH"}]},{"@type":"WebSite","@id":"https:\/\/www.padreeustaquio.com.br\/#website","url":"https:\/\/www.padreeustaquio.com.br\/","name":"FATHER EUST\u00c1QUIO","description":"Health and Peace","publisher":{"@id":"https:\/\/www.padreeustaquio.com.br\/#organization"},"potentialAction":[{"@type":"SearchAction","target":{"@type":"EntryPoint","urlTemplate":"https:\/\/www.padreeustaquio.com.br\/?s={search_term_string}"},"query-input":{"@type":"PropertyValueSpecification","valueRequired":true,"valueName":"search_term_string"}}],"inLanguage":"en-US"},{"@type":"Organization","@id":"https:\/\/www.padreeustaquio.com.br\/#organization","name":"FATHER EUST\u00c1QUIO","url":"https:\/\/www.padreeustaquio.com.br\/","logo":{"@type":"ImageObject","inLanguage":"en-US","@id":"https:\/\/www.padreeustaquio.com.br\/#\/schema\/logo\/image\/","url":"https:\/\/www.padreeustaquio.com.br\/wp-content\/uploads\/2019\/08\/marca.png","contentUrl":"https:\/\/www.padreeustaquio.com.br\/wp-content\/uploads\/2019\/08\/marca.png","width":350,"height":400,"caption":"Padre Eust\u00e1quio"},"image":{"@id":"https:\/\/www.padreeustaquio.com.br\/#\/schema\/logo\/image\/"},"sameAs":["https:\/\/www.facebook.com\/beatopadreeustaquio\/","https:\/\/x.com\/beatopeustaquio","https:\/\/www.instagram.com\/beatopadreeustaquio\/","https:\/\/www.youtube.com\/channel\/UCRhw7vfabnajwLxb1ZXMeIw"]},{"@type":"Person","@id":"https:\/\/www.padreeustaquio.com.br\/#\/schema\/person\/a2a51db1d00f1a7af0204a0f1ddb1566","name":"@sscc","image":{"@type":"ImageObject","inLanguage":"en-US","@id":"https:\/\/secure.gravatar.com\/avatar\/68cfafa5f44617fea54071e215026e0ff06be366c3d54a8425f04fdcb86f8c5f?s=96&d=mm&r=g","url":"https:\/\/secure.gravatar.com\/avatar\/68cfafa5f44617fea54071e215026e0ff06be366c3d54a8425f04fdcb86f8c5f?s=96&d=mm&r=g","contentUrl":"https:\/\/secure.gravatar.com\/avatar\/68cfafa5f44617fea54071e215026e0ff06be366c3d54a8425f04fdcb86f8c5f?s=96&d=mm&r=g","caption":"@sscc"},"url":"https:\/\/www.padreeustaquio.com.br\/en\/author\/sscc\/"}]}},"_links":{"self":[{"href":"https:\/\/www.padreeustaquio.com.br\/en\/wp-json\/wp\/v2\/posts\/7720","targetHints":{"allow":["GET"]}}],"collection":[{"href":"https:\/\/www.padreeustaquio.com.br\/en\/wp-json\/wp\/v2\/posts"}],"about":[{"href":"https:\/\/www.padreeustaquio.com.br\/en\/wp-json\/wp\/v2\/types\/post"}],"author":[{"embeddable":true,"href":"https:\/\/www.padreeustaquio.com.br\/en\/wp-json\/wp\/v2\/users\/2"}],"replies":[{"embeddable":true,"href":"https:\/\/www.padreeustaquio.com.br\/en\/wp-json\/wp\/v2\/comments?post=7720"}],"version-history":[{"count":0,"href":"https:\/\/www.padreeustaquio.com.br\/en\/wp-json\/wp\/v2\/posts\/7720\/revisions"}],"wp:featuredmedia":[{"embeddable":true,"href":"https:\/\/www.padreeustaquio.com.br\/en\/wp-json\/wp\/v2\/media\/7721"}],"wp:attachment":[{"href":"https:\/\/www.padreeustaquio.com.br\/en\/wp-json\/wp\/v2\/media?parent=7720"}],"wp:term":[{"taxonomy":"category","embeddable":true,"href":"https:\/\/www.padreeustaquio.com.br\/en\/wp-json\/wp\/v2\/categories?post=7720"},{"taxonomy":"post_tag","embeddable":true,"href":"https:\/\/www.padreeustaquio.com.br\/en\/wp-json\/wp\/v2\/tags?post=7720"}],"curies":[{"name":"wp","href":"https:\/\/api.w.org\/{rel}","templated":true}]}}