{"id":7704,"date":"2021-12-11T12:34:55","date_gmt":"2021-12-11T15:34:55","guid":{"rendered":"https:\/\/www.padreeustaquio.com.br\/?p=7704"},"modified":"2021-12-11T12:34:57","modified_gmt":"2021-12-11T15:34:57","slug":"3rd-sunday-of-advent-to-celebrate-as-a-family","status":"publish","type":"post","link":"https:\/\/www.padreeustaquio.com.br\/en\/3rd-sunday-of-advent-to-celebrate-as-a-family\/","title":{"rendered":"3rd Sunday of Advent to Celebrate as a Family"},"content":{"rendered":"<p>To accompany us during the Advent season, the Episcopal Pastoral Commission for Liturgy of the National Conference of Bishops of Brazil (CNBB) offers us the guide &quot;Celebrating as a Family.&quot; Each family unit can adapt the scheme according to their needs, following the guide. The songs are suggestions and can be replaced with others, taking into consideration the Advent season we are experiencing. <\/p>\n\n\n\n<p>\u201cThis Sunday we already experience joy, as Christmas is near. It is the Sunday called Gaudete. On several occasions the liturgy will invite us to rejoice: a joy that is a search for preparation so that we can welcome the Lord into the life of each of us and our families,\u201d the script contextualizes.<\/p>\n\n\n\n<p>At the Archdiocesan Sanctuary of Health and Peace, there are three times when masses are broadcast via...\u00a0<a href=\"https:\/\/www.youtube.com\/channel\/UCRhw7vfabnajwLxb1ZXMeIw\">Padre Eust\u00e1quio Channel<\/a>Saturday at 5 PM and Sunday at 10 AM and 7 PM. In this way, we can participate, living the dignity of the priestly people that our baptism conferred upon us. We can not only participate, but celebrate the Lord&#039;s Day with our families.<\/p>\n\n\n\n<p>Click below to download the script for celebrating with your family.<\/p>\n\n\n\n<p><a href=\"https:\/\/www.cnbb.org.br\/wp-content\/uploads\/2021\/12\/03-Celebrar-em-Familia-3-Advento.pdf\">Download the Family Celebration Guide for the 3rd Sunday of Advent<\/a><\/p>\n\n\n\n<p><\/p>\n\n\n\n<p><\/p>","protected":false},"excerpt":{"rendered":"<p>Para acompanharmos o per\u00edodo do Advento a Comiss\u00e3o Episcopal Pastoral para a Liturgia da Confer\u00eancia Nacional dos Bispos do Brasil (CNBB), nos oferece o roteiro \u201cCelebrar em Fam\u00edlia\u201d. Cada n\u00facleo familiar poder\u00e1 adaptar o esquema conforme as necessidades, de acordo com o roteiro. Os cantos s\u00e3o sugest\u00f5es e podem ser substitu\u00eddos por outros, levando em considera\u00e7\u00e3o o Tempo do Advento que estamos vivendo. \u201cNeste domingo n\u00f3s j\u00e1 vivemos a alegria, pois o Natal est\u00e1 pr\u00f3ximo. \u00c9 o domingo chamado Gaudete. Por diversas vezes a liturgia vai nos convidar para alegrar-nos: uma alegria que \u00e9 uma busca de prepara\u00e7\u00e3o para que [&hellip;]<\/p>\n","protected":false},"author":2,"featured_media":7705,"comment_status":"open","ping_status":"closed","sticky":false,"template":"","format":"standard","meta":{"_acf_changed":false,"footnotes":""},"categories":[611],"tags":[],"class_list":["post-7704","post","type-post","status-publish","format-standard","has-post-thumbnail","hentry","category-noticias"],"acf":[],"yoast_head":"<!-- This site is optimized with the Yoast SEO plugin v27.2 - https:\/\/yoast.com\/product\/yoast-seo-wordpress\/ -->\n<title>3\u00ba Domingo do Advento para Celebrar em Fam\u00edlia<\/title>\n<meta name=\"description\" content=\"\u201cNeste domingo n\u00f3s j\u00e1 vivemos a alegria, pois o Natal est\u00e1 pr\u00f3ximo. \u00c9 o domingo chamado Gaudete. Por diversas vezes a liturgia vai nos convidar para alegrar-nos\" \/>\n<meta name=\"robots\" content=\"index, follow, max-snippet:-1, max-image-preview:large, max-video-preview:-1\" \/>\n<link rel=\"canonical\" href=\"https:\/\/www.padreeustaquio.com.br\/en\/3rd-sunday-of-advent-to-celebrate-as-a-family\/\" \/>\n<meta property=\"og:locale\" content=\"en_US\" \/>\n<meta property=\"og:type\" content=\"article\" \/>\n<meta property=\"og:title\" content=\"3\u00ba Domingo do Advento para Celebrar em Fam\u00edlia\" \/>\n<meta property=\"og:description\" content=\"\u201cNeste domingo n\u00f3s j\u00e1 vivemos a alegria, pois o Natal est\u00e1 pr\u00f3ximo. \u00c9 o domingo chamado Gaudete. Por diversas vezes a liturgia vai nos convidar para alegrar-nos\" \/>\n<meta property=\"og:url\" content=\"https:\/\/www.padreeustaquio.com.br\/en\/3rd-sunday-of-advent-to-celebrate-as-a-family\/\" \/>\n<meta property=\"og:site_name\" content=\"Padre Eust\u00e1quio\" \/>\n<meta property=\"article:publisher\" content=\"https:\/\/www.facebook.com\/beatopadreeustaquio\/\" \/>\n<meta property=\"article:published_time\" content=\"2021-12-11T15:34:55+00:00\" \/>\n<meta property=\"article:modified_time\" content=\"2021-12-11T15:34:57+00:00\" \/>\n<meta property=\"og:image\" content=\"https:\/\/www.padreeustaquio.com.br\/wp-content\/uploads\/2021\/12\/TERCEIRO-DOM-ADV.jpg\" \/>\n\t<meta property=\"og:image:width\" content=\"748\" \/>\n\t<meta property=\"og:image:height\" content=\"394\" \/>\n\t<meta property=\"og:image:type\" content=\"image\/jpeg\" \/>\n<meta name=\"author\" content=\"@sscc\" \/>\n<meta name=\"twitter:card\" content=\"summary_large_image\" \/>\n<meta name=\"twitter:creator\" content=\"@beatopeustaquio\" \/>\n<meta name=\"twitter:site\" content=\"@beatopeustaquio\" \/>\n<meta name=\"twitter:label1\" content=\"Written by\" \/>\n\t<meta name=\"twitter:data1\" content=\"@sscc\" \/>\n\t<meta name=\"twitter:label2\" content=\"Est. reading time\" \/>\n\t<meta name=\"twitter:data2\" content=\"1 minute\" \/>\n<script type=\"application\/ld+json\" class=\"yoast-schema-graph\">{\"@context\":\"https:\/\/schema.org\",\"@graph\":[{\"@type\":\"Article\",\"@id\":\"https:\/\/www.padreeustaquio.com.br\/3o-domingo-do-advento-para-celebrar-em-familia\/#article\",\"isPartOf\":{\"@id\":\"https:\/\/www.padreeustaquio.com.br\/3o-domingo-do-advento-para-celebrar-em-familia\/\"},\"author\":{\"name\":\"@sscc\",\"@id\":\"https:\/\/www.padreeustaquio.com.br\/#\/schema\/person\/a2a51db1d00f1a7af0204a0f1ddb1566\"},\"headline\":\"3\u00ba Domingo do Advento para Celebrar em Fam\u00edlia\",\"datePublished\":\"2021-12-11T15:34:55+00:00\",\"dateModified\":\"2021-12-11T15:34:57+00:00\",\"mainEntityOfPage\":{\"@id\":\"https:\/\/www.padreeustaquio.com.br\/3o-domingo-do-advento-para-celebrar-em-familia\/\"},\"wordCount\":229,\"commentCount\":0,\"publisher\":{\"@id\":\"https:\/\/www.padreeustaquio.com.br\/#organization\"},\"image\":{\"@id\":\"https:\/\/www.padreeustaquio.com.br\/3o-domingo-do-advento-para-celebrar-em-familia\/#primaryimage\"},\"thumbnailUrl\":\"https:\/\/www.padreeustaquio.com.br\/wp-content\/uploads\/2021\/12\/TERCEIRO-DOM-ADV.jpg\",\"articleSection\":[\"Not\u00edcias\"],\"inLanguage\":\"en-US\",\"potentialAction\":[{\"@type\":\"CommentAction\",\"name\":\"Comment\",\"target\":[\"https:\/\/www.padreeustaquio.com.br\/3o-domingo-do-advento-para-celebrar-em-familia\/#respond\"]}]},{\"@type\":\"WebPage\",\"@id\":\"https:\/\/www.padreeustaquio.com.br\/3o-domingo-do-advento-para-celebrar-em-familia\/\",\"url\":\"https:\/\/www.padreeustaquio.com.br\/3o-domingo-do-advento-para-celebrar-em-familia\/\",\"name\":\"3\u00ba Domingo do Advento para Celebrar em Fam\u00edlia\",\"isPartOf\":{\"@id\":\"https:\/\/www.padreeustaquio.com.br\/#website\"},\"primaryImageOfPage\":{\"@id\":\"https:\/\/www.padreeustaquio.com.br\/3o-domingo-do-advento-para-celebrar-em-familia\/#primaryimage\"},\"image\":{\"@id\":\"https:\/\/www.padreeustaquio.com.br\/3o-domingo-do-advento-para-celebrar-em-familia\/#primaryimage\"},\"thumbnailUrl\":\"https:\/\/www.padreeustaquio.com.br\/wp-content\/uploads\/2021\/12\/TERCEIRO-DOM-ADV.jpg\",\"datePublished\":\"2021-12-11T15:34:55+00:00\",\"dateModified\":\"2021-12-11T15:34:57+00:00\",\"description\":\"\u201cNeste domingo n\u00f3s j\u00e1 vivemos a alegria, pois o Natal est\u00e1 pr\u00f3ximo. \u00c9 o domingo chamado Gaudete. Por diversas vezes a liturgia vai nos convidar para alegrar-nos\",\"breadcrumb\":{\"@id\":\"https:\/\/www.padreeustaquio.com.br\/3o-domingo-do-advento-para-celebrar-em-familia\/#breadcrumb\"},\"inLanguage\":\"en-US\",\"potentialAction\":[{\"@type\":\"ReadAction\",\"target\":[\"https:\/\/www.padreeustaquio.com.br\/3o-domingo-do-advento-para-celebrar-em-familia\/\"]}]},{\"@type\":\"ImageObject\",\"inLanguage\":\"en-US\",\"@id\":\"https:\/\/www.padreeustaquio.com.br\/3o-domingo-do-advento-para-celebrar-em-familia\/#primaryimage\",\"url\":\"https:\/\/www.padreeustaquio.com.br\/wp-content\/uploads\/2021\/12\/TERCEIRO-DOM-ADV.jpg\",\"contentUrl\":\"https:\/\/www.padreeustaquio.com.br\/wp-content\/uploads\/2021\/12\/TERCEIRO-DOM-ADV.jpg\",\"width\":748,\"height\":394},{\"@type\":\"BreadcrumbList\",\"@id\":\"https:\/\/www.padreeustaquio.com.br\/3o-domingo-do-advento-para-celebrar-em-familia\/#breadcrumb\",\"itemListElement\":[{\"@type\":\"ListItem\",\"position\":1,\"name\":\"In\u00edcio\",\"item\":\"https:\/\/www.padreeustaquio.com.br\/\"},{\"@type\":\"ListItem\",\"position\":2,\"name\":\"3\u00ba Domingo do Advento para Celebrar em Fam\u00edlia\"}]},{\"@type\":\"WebSite\",\"@id\":\"https:\/\/www.padreeustaquio.com.br\/#website\",\"url\":\"https:\/\/www.padreeustaquio.com.br\/\",\"name\":\"Padre Eust\u00e1quio\",\"description\":\"Sa\u00fade e Paz\",\"publisher\":{\"@id\":\"https:\/\/www.padreeustaquio.com.br\/#organization\"},\"potentialAction\":[{\"@type\":\"SearchAction\",\"target\":{\"@type\":\"EntryPoint\",\"urlTemplate\":\"https:\/\/www.padreeustaquio.com.br\/?s={search_term_string}\"},\"query-input\":{\"@type\":\"PropertyValueSpecification\",\"valueRequired\":true,\"valueName\":\"search_term_string\"}}],\"inLanguage\":\"en-US\"},{\"@type\":\"Organization\",\"@id\":\"https:\/\/www.padreeustaquio.com.br\/#organization\",\"name\":\"Padre Eust\u00e1quio\",\"url\":\"https:\/\/www.padreeustaquio.com.br\/\",\"logo\":{\"@type\":\"ImageObject\",\"inLanguage\":\"en-US\",\"@id\":\"https:\/\/www.padreeustaquio.com.br\/#\/schema\/logo\/image\/\",\"url\":\"https:\/\/www.padreeustaquio.com.br\/wp-content\/uploads\/2019\/08\/marca.png\",\"contentUrl\":\"https:\/\/www.padreeustaquio.com.br\/wp-content\/uploads\/2019\/08\/marca.png\",\"width\":350,\"height\":400,\"caption\":\"Padre Eust\u00e1quio\"},\"image\":{\"@id\":\"https:\/\/www.padreeustaquio.com.br\/#\/schema\/logo\/image\/\"},\"sameAs\":[\"https:\/\/www.facebook.com\/beatopadreeustaquio\/\",\"https:\/\/x.com\/beatopeustaquio\",\"https:\/\/www.instagram.com\/beatopadreeustaquio\/\",\"https:\/\/www.youtube.com\/channel\/UCRhw7vfabnajwLxb1ZXMeIw\"]},{\"@type\":\"Person\",\"@id\":\"https:\/\/www.padreeustaquio.com.br\/#\/schema\/person\/a2a51db1d00f1a7af0204a0f1ddb1566\",\"name\":\"@sscc\",\"image\":{\"@type\":\"ImageObject\",\"inLanguage\":\"en-US\",\"@id\":\"https:\/\/secure.gravatar.com\/avatar\/68cfafa5f44617fea54071e215026e0ff06be366c3d54a8425f04fdcb86f8c5f?s=96&d=mm&r=g\",\"url\":\"https:\/\/secure.gravatar.com\/avatar\/68cfafa5f44617fea54071e215026e0ff06be366c3d54a8425f04fdcb86f8c5f?s=96&d=mm&r=g\",\"contentUrl\":\"https:\/\/secure.gravatar.com\/avatar\/68cfafa5f44617fea54071e215026e0ff06be366c3d54a8425f04fdcb86f8c5f?s=96&d=mm&r=g\",\"caption\":\"@sscc\"},\"url\":\"https:\/\/www.padreeustaquio.com.br\/en\/author\/sscc\/\"}]}<\/script>\n<!-- \/ Yoast SEO plugin. -->","yoast_head_json":{"title":"3rd Sunday of Advent to Celebrate as a Family","description":"\u201cThis Sunday we already experience joy, for Christmas is near. It is the Sunday called Gaudete. On several occasions the liturgy will invite us to rejoice.\u201d","robots":{"index":"index","follow":"follow","max-snippet":"max-snippet:-1","max-image-preview":"max-image-preview:large","max-video-preview":"max-video-preview:-1"},"canonical":"https:\/\/www.padreeustaquio.com.br\/en\/3rd-sunday-of-advent-to-celebrate-as-a-family\/","og_locale":"en_US","og_type":"article","og_title":"3\u00ba Domingo do Advento para Celebrar em Fam\u00edlia","og_description":"\u201cNeste domingo n\u00f3s j\u00e1 vivemos a alegria, pois o Natal est\u00e1 pr\u00f3ximo. \u00c9 o domingo chamado Gaudete. Por diversas vezes a liturgia vai nos convidar para alegrar-nos","og_url":"https:\/\/www.padreeustaquio.com.br\/en\/3rd-sunday-of-advent-to-celebrate-as-a-family\/","og_site_name":"Padre Eust\u00e1quio","article_publisher":"https:\/\/www.facebook.com\/beatopadreeustaquio\/","article_published_time":"2021-12-11T15:34:55+00:00","article_modified_time":"2021-12-11T15:34:57+00:00","og_image":[{"width":748,"height":394,"url":"https:\/\/www.padreeustaquio.com.br\/wp-content\/uploads\/2021\/12\/TERCEIRO-DOM-ADV.jpg","type":"image\/jpeg"}],"author":"@sscc","twitter_card":"summary_large_image","twitter_creator":"@beatopeustaquio","twitter_site":"@beatopeustaquio","twitter_misc":{"Written by":"@sscc","Est. reading time":"1 minute"},"schema":{"@context":"https:\/\/schema.org","@graph":[{"@type":"Article","@id":"https:\/\/www.padreeustaquio.com.br\/3o-domingo-do-advento-para-celebrar-em-familia\/#article","isPartOf":{"@id":"https:\/\/www.padreeustaquio.com.br\/3o-domingo-do-advento-para-celebrar-em-familia\/"},"author":{"name":"@sscc","@id":"https:\/\/www.padreeustaquio.com.br\/#\/schema\/person\/a2a51db1d00f1a7af0204a0f1ddb1566"},"headline":"3\u00ba Domingo do Advento para Celebrar em Fam\u00edlia","datePublished":"2021-12-11T15:34:55+00:00","dateModified":"2021-12-11T15:34:57+00:00","mainEntityOfPage":{"@id":"https:\/\/www.padreeustaquio.com.br\/3o-domingo-do-advento-para-celebrar-em-familia\/"},"wordCount":229,"commentCount":0,"publisher":{"@id":"https:\/\/www.padreeustaquio.com.br\/#organization"},"image":{"@id":"https:\/\/www.padreeustaquio.com.br\/3o-domingo-do-advento-para-celebrar-em-familia\/#primaryimage"},"thumbnailUrl":"https:\/\/www.padreeustaquio.com.br\/wp-content\/uploads\/2021\/12\/TERCEIRO-DOM-ADV.jpg","articleSection":["Not\u00edcias"],"inLanguage":"en-US","potentialAction":[{"@type":"CommentAction","name":"Comment","target":["https:\/\/www.padreeustaquio.com.br\/3o-domingo-do-advento-para-celebrar-em-familia\/#respond"]}]},{"@type":"WebPage","@id":"https:\/\/www.padreeustaquio.com.br\/3o-domingo-do-advento-para-celebrar-em-familia\/","url":"https:\/\/www.padreeustaquio.com.br\/3o-domingo-do-advento-para-celebrar-em-familia\/","name":"3rd Sunday of Advent to Celebrate as a Family","isPartOf":{"@id":"https:\/\/www.padreeustaquio.com.br\/#website"},"primaryImageOfPage":{"@id":"https:\/\/www.padreeustaquio.com.br\/3o-domingo-do-advento-para-celebrar-em-familia\/#primaryimage"},"image":{"@id":"https:\/\/www.padreeustaquio.com.br\/3o-domingo-do-advento-para-celebrar-em-familia\/#primaryimage"},"thumbnailUrl":"https:\/\/www.padreeustaquio.com.br\/wp-content\/uploads\/2021\/12\/TERCEIRO-DOM-ADV.jpg","datePublished":"2021-12-11T15:34:55+00:00","dateModified":"2021-12-11T15:34:57+00:00","description":"\u201cThis Sunday we already experience joy, for Christmas is near. It is the Sunday called Gaudete. On several occasions the liturgy will invite us to rejoice.\u201d","breadcrumb":{"@id":"https:\/\/www.padreeustaquio.com.br\/3o-domingo-do-advento-para-celebrar-em-familia\/#breadcrumb"},"inLanguage":"en-US","potentialAction":[{"@type":"ReadAction","target":["https:\/\/www.padreeustaquio.com.br\/3o-domingo-do-advento-para-celebrar-em-familia\/"]}]},{"@type":"ImageObject","inLanguage":"en-US","@id":"https:\/\/www.padreeustaquio.com.br\/3o-domingo-do-advento-para-celebrar-em-familia\/#primaryimage","url":"https:\/\/www.padreeustaquio.com.br\/wp-content\/uploads\/2021\/12\/TERCEIRO-DOM-ADV.jpg","contentUrl":"https:\/\/www.padreeustaquio.com.br\/wp-content\/uploads\/2021\/12\/TERCEIRO-DOM-ADV.jpg","width":748,"height":394},{"@type":"BreadcrumbList","@id":"https:\/\/www.padreeustaquio.com.br\/3o-domingo-do-advento-para-celebrar-em-familia\/#breadcrumb","itemListElement":[{"@type":"ListItem","position":1,"name":"In\u00edcio","item":"https:\/\/www.padreeustaquio.com.br\/"},{"@type":"ListItem","position":2,"name":"3\u00ba Domingo do Advento para Celebrar em Fam\u00edlia"}]},{"@type":"WebSite","@id":"https:\/\/www.padreeustaquio.com.br\/#website","url":"https:\/\/www.padreeustaquio.com.br\/","name":"FATHER EUST\u00c1QUIO","description":"Health and Peace","publisher":{"@id":"https:\/\/www.padreeustaquio.com.br\/#organization"},"potentialAction":[{"@type":"SearchAction","target":{"@type":"EntryPoint","urlTemplate":"https:\/\/www.padreeustaquio.com.br\/?s={search_term_string}"},"query-input":{"@type":"PropertyValueSpecification","valueRequired":true,"valueName":"search_term_string"}}],"inLanguage":"en-US"},{"@type":"Organization","@id":"https:\/\/www.padreeustaquio.com.br\/#organization","name":"FATHER EUST\u00c1QUIO","url":"https:\/\/www.padreeustaquio.com.br\/","logo":{"@type":"ImageObject","inLanguage":"en-US","@id":"https:\/\/www.padreeustaquio.com.br\/#\/schema\/logo\/image\/","url":"https:\/\/www.padreeustaquio.com.br\/wp-content\/uploads\/2019\/08\/marca.png","contentUrl":"https:\/\/www.padreeustaquio.com.br\/wp-content\/uploads\/2019\/08\/marca.png","width":350,"height":400,"caption":"Padre Eust\u00e1quio"},"image":{"@id":"https:\/\/www.padreeustaquio.com.br\/#\/schema\/logo\/image\/"},"sameAs":["https:\/\/www.facebook.com\/beatopadreeustaquio\/","https:\/\/x.com\/beatopeustaquio","https:\/\/www.instagram.com\/beatopadreeustaquio\/","https:\/\/www.youtube.com\/channel\/UCRhw7vfabnajwLxb1ZXMeIw"]},{"@type":"Person","@id":"https:\/\/www.padreeustaquio.com.br\/#\/schema\/person\/a2a51db1d00f1a7af0204a0f1ddb1566","name":"@sscc","image":{"@type":"ImageObject","inLanguage":"en-US","@id":"https:\/\/secure.gravatar.com\/avatar\/68cfafa5f44617fea54071e215026e0ff06be366c3d54a8425f04fdcb86f8c5f?s=96&d=mm&r=g","url":"https:\/\/secure.gravatar.com\/avatar\/68cfafa5f44617fea54071e215026e0ff06be366c3d54a8425f04fdcb86f8c5f?s=96&d=mm&r=g","contentUrl":"https:\/\/secure.gravatar.com\/avatar\/68cfafa5f44617fea54071e215026e0ff06be366c3d54a8425f04fdcb86f8c5f?s=96&d=mm&r=g","caption":"@sscc"},"url":"https:\/\/www.padreeustaquio.com.br\/en\/author\/sscc\/"}]}},"_links":{"self":[{"href":"https:\/\/www.padreeustaquio.com.br\/en\/wp-json\/wp\/v2\/posts\/7704","targetHints":{"allow":["GET"]}}],"collection":[{"href":"https:\/\/www.padreeustaquio.com.br\/en\/wp-json\/wp\/v2\/posts"}],"about":[{"href":"https:\/\/www.padreeustaquio.com.br\/en\/wp-json\/wp\/v2\/types\/post"}],"author":[{"embeddable":true,"href":"https:\/\/www.padreeustaquio.com.br\/en\/wp-json\/wp\/v2\/users\/2"}],"replies":[{"embeddable":true,"href":"https:\/\/www.padreeustaquio.com.br\/en\/wp-json\/wp\/v2\/comments?post=7704"}],"version-history":[{"count":0,"href":"https:\/\/www.padreeustaquio.com.br\/en\/wp-json\/wp\/v2\/posts\/7704\/revisions"}],"wp:featuredmedia":[{"embeddable":true,"href":"https:\/\/www.padreeustaquio.com.br\/en\/wp-json\/wp\/v2\/media\/7705"}],"wp:attachment":[{"href":"https:\/\/www.padreeustaquio.com.br\/en\/wp-json\/wp\/v2\/media?parent=7704"}],"wp:term":[{"taxonomy":"category","embeddable":true,"href":"https:\/\/www.padreeustaquio.com.br\/en\/wp-json\/wp\/v2\/categories?post=7704"},{"taxonomy":"post_tag","embeddable":true,"href":"https:\/\/www.padreeustaquio.com.br\/en\/wp-json\/wp\/v2\/tags?post=7704"}],"curies":[{"name":"wp","href":"https:\/\/api.w.org\/{rel}","templated":true}]}}