{"id":7684,"date":"2021-12-10T06:07:00","date_gmt":"2021-12-10T09:07:00","guid":{"rendered":"https:\/\/www.padreeustaquio.com.br\/?p=7684"},"modified":"2021-12-06T13:18:34","modified_gmt":"2021-12-06T16:18:34","slug":"letters-show-father-eustaquios-close-relationship-with-the-parents-of-the-girl-odetinha","status":"publish","type":"post","link":"https:\/\/www.padreeustaquio.com.br\/en\/letters-show-father-eustaquios-close-relationship-with-the-parents-of-the-girl-odetinha\/","title":{"rendered":"Letters reveal Father Eust\u00e1quio&#039;s close relationship with the parents of the girl Odetinha."},"content":{"rendered":"<p>On November 25th of this year, Pope Francis recognized the Heroic Virtues of Odette Vidal Cardoso, the little girl Odetinha. With this decree, the Servant of God received the title of Venerable.<\/p>\n\n\n\n<p>Father Eust\u00e1quio held a special affection for little Odetinha. In the Blessed&#039;s collection of letters, researchers found several correspondences exchanged between the parents of the girl Odete, Alice Vidal Oliveira and Francisco Oliveira, and the Blessed Father Eust\u00e1quio in the early 1940s.<\/p>\n\n\n\n<p>The letters that have already been recovered by the team working on the restoration and cataloging of the collection and objects related to Father Eust\u00e1quio date from 1941, and were received by the Blessed or sent by him during his time in the city of Patroc\u00ednio, Minas Gerais.<\/p>\n\n\n\n<figure class=\"wp-block-gallery alignleft columns-1 is-cropped wp-block-gallery-1 is-layout-flex wp-block-gallery-is-layout-flex\"><ul class=\"blocks-gallery-grid\"><li class=\"blocks-gallery-item\"><figure><a href=\"https:\/\/www.padreeustaquio.com.br\/en\/?attachment_id=7688\"><img fetchpriority=\"high\" decoding=\"async\" width=\"758\" height=\"1024\" src=\"https:\/\/www.padreeustaquio.com.br\/wp-content\/uploads\/2021\/12\/carta-de-padre-eustaquio-a-odetinha-Odette-Vidal-2-758x1024.jpeg\" alt=\"\" data-id=\"7688\" data-full-url=\"https:\/\/www.padreeustaquio.com.br\/wp-content\/uploads\/2021\/12\/carta-de-padre-eustaquio-a-odetinha-Odette-Vidal-2.jpeg\" data-link=\"https:\/\/www.padreeustaquio.com.br\/?attachment_id=7688\" class=\"wp-image-7688\" srcset=\"https:\/\/www.padreeustaquio.com.br\/wp-content\/uploads\/2021\/12\/carta-de-padre-eustaquio-a-odetinha-Odette-Vidal-2-758x1024.jpeg 758w, https:\/\/www.padreeustaquio.com.br\/wp-content\/uploads\/2021\/12\/carta-de-padre-eustaquio-a-odetinha-Odette-Vidal-2-222x300.jpeg 222w, https:\/\/www.padreeustaquio.com.br\/wp-content\/uploads\/2021\/12\/carta-de-padre-eustaquio-a-odetinha-Odette-Vidal-2-768x1037.jpeg 768w, https:\/\/www.padreeustaquio.com.br\/wp-content\/uploads\/2021\/12\/carta-de-padre-eustaquio-a-odetinha-Odette-Vidal-2.jpeg 948w\" sizes=\"(max-width: 758px) 100vw, 758px\" \/><\/a><\/figure><\/li><\/ul><\/figure>\n\n\n\n<p>In an excerpt from one of the letters written by Father Eust\u00e1quio to Odetinha&#039;s parents, the priest recounts the enchantment he felt upon meeting Odetinha and how her life, even though short, helped him to catechize the children: <\/p>\n\n\n\n<p><strong><em>How is the family? Do we still live always revolving around Odetinha&#039;s milk, whose life so enchanted me and whose words I have so often pronounced in the presence of so many children? And as the day of the missions approaches, I remember Odete&#039;s beautiful words of offering: &quot;I offer you, O my Jesus, all my sufferings for the missions.&quot; From high heaven she will offer her bouquet of the pure lilies of purity and the fragrant roses of love to the Most Divine Heart of Jesus for the benefit of the missions of this vale of tears. Odetinha&#039;s tears have always accompanied me and have been for me not only a reminder of many virtues but also a comfort.<\/em><\/strong> This excerpt was taken from Father Eust\u00e1quio&#039;s letter to Odetinha&#039;s parents, Alice and Francisco, written by the Blessed in Patroc\u00ednio on October 13, 1941, and kept in the archives of the future Father Eust\u00e1quio Museum.<\/p>\n\n\n\n<p>Odetinha, a native of Rio de Janeiro, lived only 9 years (1930 to 1939) and died of typhoid fever. Like Father Eust\u00e1quio, she became known for her charitable spirit and care for others.<\/p>\n\n\n\n<p>During her illness, while suffering in bed, she would repeat, &quot;I offer you, O my Jesus, all my sufferings for the missions and for poor children.&quot;.<\/p>","protected":false},"excerpt":{"rendered":"<p>No dia 25 de novembro deste ano, o Papa Francisco reconheceu as Virtudes Heroicas de Odette Vidal Cardoso, a menina Odetinha. Com este decreto a Serva de Deus recebeu o t\u00edtulo de Vener\u00e1vel. Padre Eust\u00e1quio mantinha um carinho especial \u00e0 pequena Odetinha. No acervo de cartas do Beato os pesquisadores encontraram diversas correspond\u00eancias trocadas entre os pais da menina Odete, Alice Vidal Oliveira e Francisco Oliveira, e o Bem-aventurado Padre Eust\u00e1quio no in\u00edcio da d\u00e9cada de 1940. As cartas que j\u00e1 foram recuperadas pela equipe que trabalha na restaura\u00e7\u00e3o e cataloga\u00e7\u00e3o do acervo e dos objetos relacionados ao Padre Eust\u00e1quio, [&hellip;]<\/p>\n","protected":false},"author":2,"featured_media":7685,"comment_status":"open","ping_status":"closed","sticky":false,"template":"","format":"standard","meta":{"_acf_changed":false,"footnotes":""},"categories":[611],"tags":[],"class_list":["post-7684","post","type-post","status-publish","format-standard","has-post-thumbnail","hentry","category-noticias"],"acf":[],"yoast_head":"<!-- This site is optimized with the Yoast SEO plugin v27.2 - https:\/\/yoast.com\/product\/yoast-seo-wordpress\/ -->\n<title>Cartas mostram proximidade de Padre Eust\u00e1quio com pais da menina Odetinha<\/title>\n<meta name=\"description\" content=\"Padre Eust\u00e1quio mantinha um carinho especial \u00e0 pequena Odetinha. No acervo de cartas do Beato os pesquisadores encontraram diversas correspond\u00eancias trocadas entre os pais da menina Odete, Alice Vidal Oliveira e Francisco Oliveira, e o Bem-aventurado Padre Eust\u00e1quio no in\u00edcio da d\u00e9cada de 1940.\" \/>\n<meta name=\"robots\" content=\"index, follow, max-snippet:-1, max-image-preview:large, max-video-preview:-1\" \/>\n<link rel=\"canonical\" href=\"https:\/\/www.padreeustaquio.com.br\/en\/letters-show-father-eustaquios-close-relationship-with-the-parents-of-the-girl-odetinha\/\" \/>\n<meta property=\"og:locale\" content=\"en_US\" \/>\n<meta property=\"og:type\" content=\"article\" \/>\n<meta property=\"og:title\" content=\"Cartas mostram proximidade de Padre Eust\u00e1quio com pais da menina Odetinha\" \/>\n<meta property=\"og:description\" content=\"Padre Eust\u00e1quio mantinha um carinho especial \u00e0 pequena Odetinha. No acervo de cartas do Beato os pesquisadores encontraram diversas correspond\u00eancias trocadas entre os pais da menina Odete, Alice Vidal Oliveira e Francisco Oliveira, e o Bem-aventurado Padre Eust\u00e1quio no in\u00edcio da d\u00e9cada de 1940.\" \/>\n<meta property=\"og:url\" content=\"https:\/\/www.padreeustaquio.com.br\/en\/letters-show-father-eustaquios-close-relationship-with-the-parents-of-the-girl-odetinha\/\" \/>\n<meta property=\"og:site_name\" content=\"Padre Eust\u00e1quio\" \/>\n<meta property=\"article:publisher\" content=\"https:\/\/www.facebook.com\/beatopadreeustaquio\/\" \/>\n<meta property=\"article:published_time\" content=\"2021-12-10T09:07:00+00:00\" \/>\n<meta property=\"og:image\" content=\"https:\/\/www.padreeustaquio.com.br\/wp-content\/uploads\/2021\/12\/odetinha.jpg\" \/>\n\t<meta property=\"og:image:width\" content=\"748\" \/>\n\t<meta property=\"og:image:height\" content=\"394\" \/>\n\t<meta property=\"og:image:type\" content=\"image\/jpeg\" \/>\n<meta name=\"author\" content=\"@sscc\" \/>\n<meta name=\"twitter:card\" content=\"summary_large_image\" \/>\n<meta name=\"twitter:creator\" content=\"@beatopeustaquio\" \/>\n<meta name=\"twitter:site\" content=\"@beatopeustaquio\" \/>\n<meta name=\"twitter:label1\" content=\"Written by\" \/>\n\t<meta name=\"twitter:data1\" content=\"@sscc\" \/>\n\t<meta name=\"twitter:label2\" content=\"Est. reading time\" \/>\n\t<meta name=\"twitter:data2\" content=\"2 minutes\" \/>\n<script type=\"application\/ld+json\" class=\"yoast-schema-graph\">{\"@context\":\"https:\/\/schema.org\",\"@graph\":[{\"@type\":\"Article\",\"@id\":\"https:\/\/www.padreeustaquio.com.br\/cartas-mostram-proximidade-de-padre-eustaquio-com-pais-da-menina-odetinha\/#article\",\"isPartOf\":{\"@id\":\"https:\/\/www.padreeustaquio.com.br\/cartas-mostram-proximidade-de-padre-eustaquio-com-pais-da-menina-odetinha\/\"},\"author\":{\"name\":\"@sscc\",\"@id\":\"https:\/\/www.padreeustaquio.com.br\/#\/schema\/person\/a2a51db1d00f1a7af0204a0f1ddb1566\"},\"headline\":\"Cartas mostram proximidade de Padre Eust\u00e1quio com pais da menina Odetinha\",\"datePublished\":\"2021-12-10T09:07:00+00:00\",\"mainEntityOfPage\":{\"@id\":\"https:\/\/www.padreeustaquio.com.br\/cartas-mostram-proximidade-de-padre-eustaquio-com-pais-da-menina-odetinha\/\"},\"wordCount\":409,\"commentCount\":0,\"publisher\":{\"@id\":\"https:\/\/www.padreeustaquio.com.br\/#organization\"},\"image\":{\"@id\":\"https:\/\/www.padreeustaquio.com.br\/cartas-mostram-proximidade-de-padre-eustaquio-com-pais-da-menina-odetinha\/#primaryimage\"},\"thumbnailUrl\":\"https:\/\/www.padreeustaquio.com.br\/wp-content\/uploads\/2021\/12\/odetinha.jpg\",\"articleSection\":[\"Not\u00edcias\"],\"inLanguage\":\"en-US\",\"potentialAction\":[{\"@type\":\"CommentAction\",\"name\":\"Comment\",\"target\":[\"https:\/\/www.padreeustaquio.com.br\/cartas-mostram-proximidade-de-padre-eustaquio-com-pais-da-menina-odetinha\/#respond\"]}]},{\"@type\":\"WebPage\",\"@id\":\"https:\/\/www.padreeustaquio.com.br\/cartas-mostram-proximidade-de-padre-eustaquio-com-pais-da-menina-odetinha\/\",\"url\":\"https:\/\/www.padreeustaquio.com.br\/cartas-mostram-proximidade-de-padre-eustaquio-com-pais-da-menina-odetinha\/\",\"name\":\"Cartas mostram proximidade de Padre Eust\u00e1quio com pais da menina Odetinha\",\"isPartOf\":{\"@id\":\"https:\/\/www.padreeustaquio.com.br\/#website\"},\"primaryImageOfPage\":{\"@id\":\"https:\/\/www.padreeustaquio.com.br\/cartas-mostram-proximidade-de-padre-eustaquio-com-pais-da-menina-odetinha\/#primaryimage\"},\"image\":{\"@id\":\"https:\/\/www.padreeustaquio.com.br\/cartas-mostram-proximidade-de-padre-eustaquio-com-pais-da-menina-odetinha\/#primaryimage\"},\"thumbnailUrl\":\"https:\/\/www.padreeustaquio.com.br\/wp-content\/uploads\/2021\/12\/odetinha.jpg\",\"datePublished\":\"2021-12-10T09:07:00+00:00\",\"description\":\"Padre Eust\u00e1quio mantinha um carinho especial \u00e0 pequena Odetinha. No acervo de cartas do Beato os pesquisadores encontraram diversas correspond\u00eancias trocadas entre os pais da menina Odete, Alice Vidal Oliveira e Francisco Oliveira, e o Bem-aventurado Padre Eust\u00e1quio no in\u00edcio da d\u00e9cada de 1940.\",\"breadcrumb\":{\"@id\":\"https:\/\/www.padreeustaquio.com.br\/cartas-mostram-proximidade-de-padre-eustaquio-com-pais-da-menina-odetinha\/#breadcrumb\"},\"inLanguage\":\"en-US\",\"potentialAction\":[{\"@type\":\"ReadAction\",\"target\":[\"https:\/\/www.padreeustaquio.com.br\/cartas-mostram-proximidade-de-padre-eustaquio-com-pais-da-menina-odetinha\/\"]}]},{\"@type\":\"ImageObject\",\"inLanguage\":\"en-US\",\"@id\":\"https:\/\/www.padreeustaquio.com.br\/cartas-mostram-proximidade-de-padre-eustaquio-com-pais-da-menina-odetinha\/#primaryimage\",\"url\":\"https:\/\/www.padreeustaquio.com.br\/wp-content\/uploads\/2021\/12\/odetinha.jpg\",\"contentUrl\":\"https:\/\/www.padreeustaquio.com.br\/wp-content\/uploads\/2021\/12\/odetinha.jpg\",\"width\":748,\"height\":394},{\"@type\":\"BreadcrumbList\",\"@id\":\"https:\/\/www.padreeustaquio.com.br\/cartas-mostram-proximidade-de-padre-eustaquio-com-pais-da-menina-odetinha\/#breadcrumb\",\"itemListElement\":[{\"@type\":\"ListItem\",\"position\":1,\"name\":\"In\u00edcio\",\"item\":\"https:\/\/www.padreeustaquio.com.br\/\"},{\"@type\":\"ListItem\",\"position\":2,\"name\":\"Cartas mostram proximidade de Padre Eust\u00e1quio com pais da menina Odetinha\"}]},{\"@type\":\"WebSite\",\"@id\":\"https:\/\/www.padreeustaquio.com.br\/#website\",\"url\":\"https:\/\/www.padreeustaquio.com.br\/\",\"name\":\"Padre Eust\u00e1quio\",\"description\":\"Sa\u00fade e Paz\",\"publisher\":{\"@id\":\"https:\/\/www.padreeustaquio.com.br\/#organization\"},\"potentialAction\":[{\"@type\":\"SearchAction\",\"target\":{\"@type\":\"EntryPoint\",\"urlTemplate\":\"https:\/\/www.padreeustaquio.com.br\/?s={search_term_string}\"},\"query-input\":{\"@type\":\"PropertyValueSpecification\",\"valueRequired\":true,\"valueName\":\"search_term_string\"}}],\"inLanguage\":\"en-US\"},{\"@type\":\"Organization\",\"@id\":\"https:\/\/www.padreeustaquio.com.br\/#organization\",\"name\":\"Padre Eust\u00e1quio\",\"url\":\"https:\/\/www.padreeustaquio.com.br\/\",\"logo\":{\"@type\":\"ImageObject\",\"inLanguage\":\"en-US\",\"@id\":\"https:\/\/www.padreeustaquio.com.br\/#\/schema\/logo\/image\/\",\"url\":\"https:\/\/www.padreeustaquio.com.br\/wp-content\/uploads\/2019\/08\/marca.png\",\"contentUrl\":\"https:\/\/www.padreeustaquio.com.br\/wp-content\/uploads\/2019\/08\/marca.png\",\"width\":350,\"height\":400,\"caption\":\"Padre Eust\u00e1quio\"},\"image\":{\"@id\":\"https:\/\/www.padreeustaquio.com.br\/#\/schema\/logo\/image\/\"},\"sameAs\":[\"https:\/\/www.facebook.com\/beatopadreeustaquio\/\",\"https:\/\/x.com\/beatopeustaquio\",\"https:\/\/www.instagram.com\/beatopadreeustaquio\/\",\"https:\/\/www.youtube.com\/channel\/UCRhw7vfabnajwLxb1ZXMeIw\"]},{\"@type\":\"Person\",\"@id\":\"https:\/\/www.padreeustaquio.com.br\/#\/schema\/person\/a2a51db1d00f1a7af0204a0f1ddb1566\",\"name\":\"@sscc\",\"image\":{\"@type\":\"ImageObject\",\"inLanguage\":\"en-US\",\"@id\":\"https:\/\/secure.gravatar.com\/avatar\/68cfafa5f44617fea54071e215026e0ff06be366c3d54a8425f04fdcb86f8c5f?s=96&d=mm&r=g\",\"url\":\"https:\/\/secure.gravatar.com\/avatar\/68cfafa5f44617fea54071e215026e0ff06be366c3d54a8425f04fdcb86f8c5f?s=96&d=mm&r=g\",\"contentUrl\":\"https:\/\/secure.gravatar.com\/avatar\/68cfafa5f44617fea54071e215026e0ff06be366c3d54a8425f04fdcb86f8c5f?s=96&d=mm&r=g\",\"caption\":\"@sscc\"},\"url\":\"https:\/\/www.padreeustaquio.com.br\/en\/author\/sscc\/\"}]}<\/script>\n<!-- \/ Yoast SEO plugin. -->","yoast_head_json":{"title":"Letters reveal Father Eust\u00e1quio&#039;s close relationship with the parents of the girl Odetinha.","description":"Father Eust\u00e1quio held a special affection for little Odetinha. In the Blessed&#039;s collection of letters, researchers found several correspondences exchanged between the parents of the girl Odete, Alice Vidal Oliveira and Francisco Oliveira, and the Blessed Father Eust\u00e1quio in the early 1940s.","robots":{"index":"index","follow":"follow","max-snippet":"max-snippet:-1","max-image-preview":"max-image-preview:large","max-video-preview":"max-video-preview:-1"},"canonical":"https:\/\/www.padreeustaquio.com.br\/en\/letters-show-father-eustaquios-close-relationship-with-the-parents-of-the-girl-odetinha\/","og_locale":"en_US","og_type":"article","og_title":"Cartas mostram proximidade de Padre Eust\u00e1quio com pais da menina Odetinha","og_description":"Padre Eust\u00e1quio mantinha um carinho especial \u00e0 pequena Odetinha. No acervo de cartas do Beato os pesquisadores encontraram diversas correspond\u00eancias trocadas entre os pais da menina Odete, Alice Vidal Oliveira e Francisco Oliveira, e o Bem-aventurado Padre Eust\u00e1quio no in\u00edcio da d\u00e9cada de 1940.","og_url":"https:\/\/www.padreeustaquio.com.br\/en\/letters-show-father-eustaquios-close-relationship-with-the-parents-of-the-girl-odetinha\/","og_site_name":"Padre Eust\u00e1quio","article_publisher":"https:\/\/www.facebook.com\/beatopadreeustaquio\/","article_published_time":"2021-12-10T09:07:00+00:00","og_image":[{"width":748,"height":394,"url":"https:\/\/www.padreeustaquio.com.br\/wp-content\/uploads\/2021\/12\/odetinha.jpg","type":"image\/jpeg"}],"author":"@sscc","twitter_card":"summary_large_image","twitter_creator":"@beatopeustaquio","twitter_site":"@beatopeustaquio","twitter_misc":{"Written by":"@sscc","Est. reading time":"2 minutes"},"schema":{"@context":"https:\/\/schema.org","@graph":[{"@type":"Article","@id":"https:\/\/www.padreeustaquio.com.br\/cartas-mostram-proximidade-de-padre-eustaquio-com-pais-da-menina-odetinha\/#article","isPartOf":{"@id":"https:\/\/www.padreeustaquio.com.br\/cartas-mostram-proximidade-de-padre-eustaquio-com-pais-da-menina-odetinha\/"},"author":{"name":"@sscc","@id":"https:\/\/www.padreeustaquio.com.br\/#\/schema\/person\/a2a51db1d00f1a7af0204a0f1ddb1566"},"headline":"Cartas mostram proximidade de Padre Eust\u00e1quio com pais da menina Odetinha","datePublished":"2021-12-10T09:07:00+00:00","mainEntityOfPage":{"@id":"https:\/\/www.padreeustaquio.com.br\/cartas-mostram-proximidade-de-padre-eustaquio-com-pais-da-menina-odetinha\/"},"wordCount":409,"commentCount":0,"publisher":{"@id":"https:\/\/www.padreeustaquio.com.br\/#organization"},"image":{"@id":"https:\/\/www.padreeustaquio.com.br\/cartas-mostram-proximidade-de-padre-eustaquio-com-pais-da-menina-odetinha\/#primaryimage"},"thumbnailUrl":"https:\/\/www.padreeustaquio.com.br\/wp-content\/uploads\/2021\/12\/odetinha.jpg","articleSection":["Not\u00edcias"],"inLanguage":"en-US","potentialAction":[{"@type":"CommentAction","name":"Comment","target":["https:\/\/www.padreeustaquio.com.br\/cartas-mostram-proximidade-de-padre-eustaquio-com-pais-da-menina-odetinha\/#respond"]}]},{"@type":"WebPage","@id":"https:\/\/www.padreeustaquio.com.br\/cartas-mostram-proximidade-de-padre-eustaquio-com-pais-da-menina-odetinha\/","url":"https:\/\/www.padreeustaquio.com.br\/cartas-mostram-proximidade-de-padre-eustaquio-com-pais-da-menina-odetinha\/","name":"Letters reveal Father Eust\u00e1quio&#039;s close relationship with the parents of the girl Odetinha.","isPartOf":{"@id":"https:\/\/www.padreeustaquio.com.br\/#website"},"primaryImageOfPage":{"@id":"https:\/\/www.padreeustaquio.com.br\/cartas-mostram-proximidade-de-padre-eustaquio-com-pais-da-menina-odetinha\/#primaryimage"},"image":{"@id":"https:\/\/www.padreeustaquio.com.br\/cartas-mostram-proximidade-de-padre-eustaquio-com-pais-da-menina-odetinha\/#primaryimage"},"thumbnailUrl":"https:\/\/www.padreeustaquio.com.br\/wp-content\/uploads\/2021\/12\/odetinha.jpg","datePublished":"2021-12-10T09:07:00+00:00","description":"Father Eust\u00e1quio held a special affection for little Odetinha. In the Blessed&#039;s collection of letters, researchers found several correspondences exchanged between the parents of the girl Odete, Alice Vidal Oliveira and Francisco Oliveira, and the Blessed Father Eust\u00e1quio in the early 1940s.","breadcrumb":{"@id":"https:\/\/www.padreeustaquio.com.br\/cartas-mostram-proximidade-de-padre-eustaquio-com-pais-da-menina-odetinha\/#breadcrumb"},"inLanguage":"en-US","potentialAction":[{"@type":"ReadAction","target":["https:\/\/www.padreeustaquio.com.br\/cartas-mostram-proximidade-de-padre-eustaquio-com-pais-da-menina-odetinha\/"]}]},{"@type":"ImageObject","inLanguage":"en-US","@id":"https:\/\/www.padreeustaquio.com.br\/cartas-mostram-proximidade-de-padre-eustaquio-com-pais-da-menina-odetinha\/#primaryimage","url":"https:\/\/www.padreeustaquio.com.br\/wp-content\/uploads\/2021\/12\/odetinha.jpg","contentUrl":"https:\/\/www.padreeustaquio.com.br\/wp-content\/uploads\/2021\/12\/odetinha.jpg","width":748,"height":394},{"@type":"BreadcrumbList","@id":"https:\/\/www.padreeustaquio.com.br\/cartas-mostram-proximidade-de-padre-eustaquio-com-pais-da-menina-odetinha\/#breadcrumb","itemListElement":[{"@type":"ListItem","position":1,"name":"In\u00edcio","item":"https:\/\/www.padreeustaquio.com.br\/"},{"@type":"ListItem","position":2,"name":"Cartas mostram proximidade de Padre Eust\u00e1quio com pais da menina Odetinha"}]},{"@type":"WebSite","@id":"https:\/\/www.padreeustaquio.com.br\/#website","url":"https:\/\/www.padreeustaquio.com.br\/","name":"FATHER EUST\u00c1QUIO","description":"Health and Peace","publisher":{"@id":"https:\/\/www.padreeustaquio.com.br\/#organization"},"potentialAction":[{"@type":"SearchAction","target":{"@type":"EntryPoint","urlTemplate":"https:\/\/www.padreeustaquio.com.br\/?s={search_term_string}"},"query-input":{"@type":"PropertyValueSpecification","valueRequired":true,"valueName":"search_term_string"}}],"inLanguage":"en-US"},{"@type":"Organization","@id":"https:\/\/www.padreeustaquio.com.br\/#organization","name":"FATHER EUST\u00c1QUIO","url":"https:\/\/www.padreeustaquio.com.br\/","logo":{"@type":"ImageObject","inLanguage":"en-US","@id":"https:\/\/www.padreeustaquio.com.br\/#\/schema\/logo\/image\/","url":"https:\/\/www.padreeustaquio.com.br\/wp-content\/uploads\/2019\/08\/marca.png","contentUrl":"https:\/\/www.padreeustaquio.com.br\/wp-content\/uploads\/2019\/08\/marca.png","width":350,"height":400,"caption":"Padre Eust\u00e1quio"},"image":{"@id":"https:\/\/www.padreeustaquio.com.br\/#\/schema\/logo\/image\/"},"sameAs":["https:\/\/www.facebook.com\/beatopadreeustaquio\/","https:\/\/x.com\/beatopeustaquio","https:\/\/www.instagram.com\/beatopadreeustaquio\/","https:\/\/www.youtube.com\/channel\/UCRhw7vfabnajwLxb1ZXMeIw"]},{"@type":"Person","@id":"https:\/\/www.padreeustaquio.com.br\/#\/schema\/person\/a2a51db1d00f1a7af0204a0f1ddb1566","name":"@sscc","image":{"@type":"ImageObject","inLanguage":"en-US","@id":"https:\/\/secure.gravatar.com\/avatar\/68cfafa5f44617fea54071e215026e0ff06be366c3d54a8425f04fdcb86f8c5f?s=96&d=mm&r=g","url":"https:\/\/secure.gravatar.com\/avatar\/68cfafa5f44617fea54071e215026e0ff06be366c3d54a8425f04fdcb86f8c5f?s=96&d=mm&r=g","contentUrl":"https:\/\/secure.gravatar.com\/avatar\/68cfafa5f44617fea54071e215026e0ff06be366c3d54a8425f04fdcb86f8c5f?s=96&d=mm&r=g","caption":"@sscc"},"url":"https:\/\/www.padreeustaquio.com.br\/en\/author\/sscc\/"}]}},"_links":{"self":[{"href":"https:\/\/www.padreeustaquio.com.br\/en\/wp-json\/wp\/v2\/posts\/7684","targetHints":{"allow":["GET"]}}],"collection":[{"href":"https:\/\/www.padreeustaquio.com.br\/en\/wp-json\/wp\/v2\/posts"}],"about":[{"href":"https:\/\/www.padreeustaquio.com.br\/en\/wp-json\/wp\/v2\/types\/post"}],"author":[{"embeddable":true,"href":"https:\/\/www.padreeustaquio.com.br\/en\/wp-json\/wp\/v2\/users\/2"}],"replies":[{"embeddable":true,"href":"https:\/\/www.padreeustaquio.com.br\/en\/wp-json\/wp\/v2\/comments?post=7684"}],"version-history":[{"count":0,"href":"https:\/\/www.padreeustaquio.com.br\/en\/wp-json\/wp\/v2\/posts\/7684\/revisions"}],"wp:featuredmedia":[{"embeddable":true,"href":"https:\/\/www.padreeustaquio.com.br\/en\/wp-json\/wp\/v2\/media\/7685"}],"wp:attachment":[{"href":"https:\/\/www.padreeustaquio.com.br\/en\/wp-json\/wp\/v2\/media?parent=7684"}],"wp:term":[{"taxonomy":"category","embeddable":true,"href":"https:\/\/www.padreeustaquio.com.br\/en\/wp-json\/wp\/v2\/categories?post=7684"},{"taxonomy":"post_tag","embeddable":true,"href":"https:\/\/www.padreeustaquio.com.br\/en\/wp-json\/wp\/v2\/tags?post=7684"}],"curies":[{"name":"wp","href":"https:\/\/api.w.org\/{rel}","templated":true}]}}