{"id":7678,"date":"2021-12-08T06:17:00","date_gmt":"2021-12-08T09:17:00","guid":{"rendered":"https:\/\/www.padreeustaquio.com.br\/?p=7678"},"modified":"2021-12-07T22:40:35","modified_gmt":"2021-12-08T01:40:35","slug":"father-luis-erlin-celebrates-mass-and-signs-books-at-father-eustaquios-church-in-belo-horizonte","status":"publish","type":"post","link":"https:\/\/www.padreeustaquio.com.br\/en\/father-luis-erlin-celebrates-mass-and-signs-books-at-father-eustaquios-church-in-belo-horizonte\/","title":{"rendered":"Father Lu\u00eds Erlin celebrates Mass and signs books at the Church of Father Eust\u00e1quio in Belo Horizonte."},"content":{"rendered":"<p>Author of great works of religious literature, Father Lu\u00eds Erlin, CMF, presided over Holy Mass this Tuesday, December 7th, at the Church of Father Eust\u00e1quio in Belo Horizonte. Following the Mass, the priest signed copies of his books at the Community Center, next to the Father Eust\u00e1quio Store.<\/p>\n\n\n\n<p>During the celebration at the Sanctuary of Health and Peace, Father Lu\u00eds Erlin spoke of devotion to Mary, citing passages from the books he wrote about the Mother of Jesus. The priest also emphasized the importance of Saint Joseph in preparing for the coming of the Savior. At one point during the celebration, Erlin addressed the bereaved families at the Sanctuary, who were commemorating the 7th and 30th days since their passing, speaking about death and what it should represent in our lives. <\/p>\n\n\n\n<figure class=\"wp-block-gallery alignleft columns-1 is-cropped wp-block-gallery-1 is-layout-flex wp-block-gallery-is-layout-flex\"><ul class=\"blocks-gallery-grid\"><li class=\"blocks-gallery-item\"><figure><img fetchpriority=\"high\" decoding=\"async\" width=\"1024\" height=\"683\" src=\"https:\/\/www.padreeustaquio.com.br\/wp-content\/uploads\/2021\/12\/MG_4307-1-1024x683.jpg\" alt=\"\" data-id=\"7695\" data-full-url=\"https:\/\/www.padreeustaquio.com.br\/wp-content\/uploads\/2021\/12\/MG_4307-1-scaled.jpg\" data-link=\"https:\/\/www.padreeustaquio.com.br\/?attachment_id=7695\" class=\"wp-image-7695\" srcset=\"https:\/\/www.padreeustaquio.com.br\/wp-content\/uploads\/2021\/12\/MG_4307-1-1024x683.jpg 1024w, https:\/\/www.padreeustaquio.com.br\/wp-content\/uploads\/2021\/12\/MG_4307-1-300x200.jpg 300w, https:\/\/www.padreeustaquio.com.br\/wp-content\/uploads\/2021\/12\/MG_4307-1-768x512.jpg 768w, https:\/\/www.padreeustaquio.com.br\/wp-content\/uploads\/2021\/12\/MG_4307-1-1536x1024.jpg 1536w, https:\/\/www.padreeustaquio.com.br\/wp-content\/uploads\/2021\/12\/MG_4307-1-2048x1365.jpg 2048w\" sizes=\"(max-width: 1024px) 100vw, 1024px\" \/><\/figure><\/li><\/ul><\/figure>\n\n\n\n<p>Claretian missionary, Father Lu\u00eds Erlin is the author of several books, including &quot;9 Months with Mary,&quot; &quot;3 Months with Saint Joseph,&quot; and &quot;50 Days in the Cenacle with Mary,&quot; all published by [publisher name].\u00a0<a href=\"https:\/\/avemaria.com.br\/\" target=\"_blank\" rel=\"noreferrer noopener\">Ave Maria Publishing House<\/a>. The Holy Mass presided over by the Claretian priest was broadcast on the Padre Eust\u00e1quio YouTube Channel (watch it here). The celebration also included the presence of the faithful, with all necessary controls and sanitization measures in place at the church entrance. While inside the Sanctuary, all participants wore protective masks, in accordance with the required health protocols.<\/p>\n\n\n\n<p>After Holy Mass, the missionary went to the Community Center where he met with everyone individually, dedicating his books and taking photos with all who passed by. Father Lu\u00eds also recorded material for the Father Eust\u00e1quio Store, highlighting his works.<\/p>\n\n\n\n<p><strong><a href=\"https:\/\/www.padreluiserlin.com.br\/\" target=\"_blank\" rel=\"noreferrer noopener\">Father Lu\u00eds Erlin, CMF<\/a><\/strong><\/p>\n\n\n\n<p><strong>Fr. Lu\u00eds Erlin<\/strong>&nbsp;He is a Missionary Son of the Immaculate Heart of Mary (Claretian). He was born on December 3, 1973, in Camb\u00e9 (PR). He is the fourth child of Manoel Jo\u00e3o.&nbsp;<em>(in memoriam<\/em>) and Aparecida Guizilini (<em>in memoriam<\/em>He holds degrees in Philosophy, Theology, and Journalism, and a master&#039;s and doctorate in Social Communication. He is the CEO of Editora Ave-Maria and Revista Ave Maria, where he writes regularly.<\/p>","protected":false},"excerpt":{"rendered":"<p>Autor de grandes obras da literatura religiosa, Padre Lu\u00eds Erlin, CMF, presidiu nessa ter\u00e7a-feira, dia 07 de dezembro, a Santa Missa na Igreja do Padre Eust\u00e1quio, em Belo Horizonte. Em seguida, o sacerdote autografou seus livros no Centro Comunit\u00e1rio, ao lado da Loja do Padre Eust\u00e1quio. Durante a celebra\u00e7\u00e3o no Santu\u00e1rio da Sa\u00fade e Paz, Padre Lu\u00eds Erlin falou da devo\u00e7\u00e3o \u00e0 Maria, citando trechos dos livros que escreveu sobre a M\u00e3e de Jesus. O padre tamb\u00e9m ressaltou a import\u00e2ncia de S\u00e3o Jos\u00e9 na prepara\u00e7\u00e3o para a vinda do Salvador. Em um dos momentos da celebra\u00e7\u00e3o, Erlin se dirigiu \u00e0s [&hellip;]<\/p>\n","protected":false},"author":2,"featured_media":7692,"comment_status":"open","ping_status":"closed","sticky":false,"template":"","format":"standard","meta":{"_acf_changed":false,"footnotes":""},"categories":[611],"tags":[],"class_list":["post-7678","post","type-post","status-publish","format-standard","has-post-thumbnail","hentry","category-noticias"],"acf":[],"yoast_head":"<!-- This site is optimized with the Yoast SEO plugin v27.2 - https:\/\/yoast.com\/product\/yoast-seo-wordpress\/ -->\n<title>Padre Lu\u00eds Erlin celebra e autografa livros na Igreja do Padre Eust\u00e1quio em BH<\/title>\n<meta name=\"description\" content=\"Autor de grandes obras da literatura religiosa, Padre Lu\u00eds Erlin, CMF, presidiu nessa ter\u00e7a-feira, dia 07 de dezembro, a Santa Missa na Igreja do Padre Eust\u00e1quio, em Belo Horizonte. Em seguida, o sacerdote autografou seus livros na Loja do Padre Eust\u00e1quio.\" \/>\n<meta name=\"robots\" content=\"index, follow, max-snippet:-1, max-image-preview:large, max-video-preview:-1\" \/>\n<link rel=\"canonical\" href=\"https:\/\/www.padreeustaquio.com.br\/en\/father-luis-erlin-celebrates-mass-and-signs-books-at-father-eustaquios-church-in-belo-horizonte\/\" \/>\n<meta property=\"og:locale\" content=\"en_US\" \/>\n<meta property=\"og:type\" content=\"article\" \/>\n<meta property=\"og:title\" content=\"Padre Lu\u00eds Erlin celebra e autografa livros na Igreja do Padre Eust\u00e1quio em BH\" \/>\n<meta property=\"og:description\" content=\"Autor de grandes obras da literatura religiosa, Padre Lu\u00eds Erlin, CMF, presidiu nessa ter\u00e7a-feira, dia 07 de dezembro, a Santa Missa na Igreja do Padre Eust\u00e1quio, em Belo Horizonte. Em seguida, o sacerdote autografou seus livros na Loja do Padre Eust\u00e1quio.\" \/>\n<meta property=\"og:url\" content=\"https:\/\/www.padreeustaquio.com.br\/en\/father-luis-erlin-celebrates-mass-and-signs-books-at-father-eustaquios-church-in-belo-horizonte\/\" \/>\n<meta property=\"og:site_name\" content=\"Padre Eust\u00e1quio\" \/>\n<meta property=\"article:publisher\" content=\"https:\/\/www.facebook.com\/beatopadreeustaquio\/\" \/>\n<meta property=\"article:published_time\" content=\"2021-12-08T09:17:00+00:00\" \/>\n<meta property=\"og:image\" content=\"https:\/\/www.padreeustaquio.com.br\/wp-content\/uploads\/2021\/12\/MG_4257-scaled-e1638927597655.jpg\" \/>\n\t<meta property=\"og:image:width\" content=\"2560\" \/>\n\t<meta property=\"og:image:height\" content=\"1561\" \/>\n\t<meta property=\"og:image:type\" content=\"image\/jpeg\" \/>\n<meta name=\"author\" content=\"@sscc\" \/>\n<meta name=\"twitter:card\" content=\"summary_large_image\" \/>\n<meta name=\"twitter:creator\" content=\"@beatopeustaquio\" \/>\n<meta name=\"twitter:site\" content=\"@beatopeustaquio\" \/>\n<meta name=\"twitter:label1\" content=\"Written by\" \/>\n\t<meta name=\"twitter:data1\" content=\"@sscc\" \/>\n\t<meta name=\"twitter:label2\" content=\"Est. reading time\" \/>\n\t<meta name=\"twitter:data2\" content=\"2 minutes\" \/>\n<script type=\"application\/ld+json\" class=\"yoast-schema-graph\">{\"@context\":\"https:\/\/schema.org\",\"@graph\":[{\"@type\":\"Article\",\"@id\":\"https:\/\/www.padreeustaquio.com.br\/padre-luis-erlin-celebra-e-autografa-livros-na-igreja-do-padre-eustaquio-em-bh\/#article\",\"isPartOf\":{\"@id\":\"https:\/\/www.padreeustaquio.com.br\/padre-luis-erlin-celebra-e-autografa-livros-na-igreja-do-padre-eustaquio-em-bh\/\"},\"author\":{\"name\":\"@sscc\",\"@id\":\"https:\/\/www.padreeustaquio.com.br\/#\/schema\/person\/a2a51db1d00f1a7af0204a0f1ddb1566\"},\"headline\":\"Padre Lu\u00eds Erlin celebra e autografa livros na Igreja do Padre Eust\u00e1quio em BH\",\"datePublished\":\"2021-12-08T09:17:00+00:00\",\"mainEntityOfPage\":{\"@id\":\"https:\/\/www.padreeustaquio.com.br\/padre-luis-erlin-celebra-e-autografa-livros-na-igreja-do-padre-eustaquio-em-bh\/\"},\"wordCount\":370,\"commentCount\":0,\"publisher\":{\"@id\":\"https:\/\/www.padreeustaquio.com.br\/#organization\"},\"image\":{\"@id\":\"https:\/\/www.padreeustaquio.com.br\/padre-luis-erlin-celebra-e-autografa-livros-na-igreja-do-padre-eustaquio-em-bh\/#primaryimage\"},\"thumbnailUrl\":\"https:\/\/www.padreeustaquio.com.br\/wp-content\/uploads\/2021\/12\/MG_4257-scaled-e1638927597655.jpg\",\"articleSection\":[\"Not\u00edcias\"],\"inLanguage\":\"en-US\",\"potentialAction\":[{\"@type\":\"CommentAction\",\"name\":\"Comment\",\"target\":[\"https:\/\/www.padreeustaquio.com.br\/padre-luis-erlin-celebra-e-autografa-livros-na-igreja-do-padre-eustaquio-em-bh\/#respond\"]}]},{\"@type\":\"WebPage\",\"@id\":\"https:\/\/www.padreeustaquio.com.br\/padre-luis-erlin-celebra-e-autografa-livros-na-igreja-do-padre-eustaquio-em-bh\/\",\"url\":\"https:\/\/www.padreeustaquio.com.br\/padre-luis-erlin-celebra-e-autografa-livros-na-igreja-do-padre-eustaquio-em-bh\/\",\"name\":\"Padre Lu\u00eds Erlin celebra e autografa livros na Igreja do Padre Eust\u00e1quio em BH\",\"isPartOf\":{\"@id\":\"https:\/\/www.padreeustaquio.com.br\/#website\"},\"primaryImageOfPage\":{\"@id\":\"https:\/\/www.padreeustaquio.com.br\/padre-luis-erlin-celebra-e-autografa-livros-na-igreja-do-padre-eustaquio-em-bh\/#primaryimage\"},\"image\":{\"@id\":\"https:\/\/www.padreeustaquio.com.br\/padre-luis-erlin-celebra-e-autografa-livros-na-igreja-do-padre-eustaquio-em-bh\/#primaryimage\"},\"thumbnailUrl\":\"https:\/\/www.padreeustaquio.com.br\/wp-content\/uploads\/2021\/12\/MG_4257-scaled-e1638927597655.jpg\",\"datePublished\":\"2021-12-08T09:17:00+00:00\",\"description\":\"Autor de grandes obras da literatura religiosa, Padre Lu\u00eds Erlin, CMF, presidiu nessa ter\u00e7a-feira, dia 07 de dezembro, a Santa Missa na Igreja do Padre Eust\u00e1quio, em Belo Horizonte. Em seguida, o sacerdote autografou seus livros na Loja do Padre Eust\u00e1quio.\",\"breadcrumb\":{\"@id\":\"https:\/\/www.padreeustaquio.com.br\/padre-luis-erlin-celebra-e-autografa-livros-na-igreja-do-padre-eustaquio-em-bh\/#breadcrumb\"},\"inLanguage\":\"en-US\",\"potentialAction\":[{\"@type\":\"ReadAction\",\"target\":[\"https:\/\/www.padreeustaquio.com.br\/padre-luis-erlin-celebra-e-autografa-livros-na-igreja-do-padre-eustaquio-em-bh\/\"]}]},{\"@type\":\"ImageObject\",\"inLanguage\":\"en-US\",\"@id\":\"https:\/\/www.padreeustaquio.com.br\/padre-luis-erlin-celebra-e-autografa-livros-na-igreja-do-padre-eustaquio-em-bh\/#primaryimage\",\"url\":\"https:\/\/www.padreeustaquio.com.br\/wp-content\/uploads\/2021\/12\/MG_4257-scaled-e1638927597655.jpg\",\"contentUrl\":\"https:\/\/www.padreeustaquio.com.br\/wp-content\/uploads\/2021\/12\/MG_4257-scaled-e1638927597655.jpg\",\"width\":2560,\"height\":1561},{\"@type\":\"BreadcrumbList\",\"@id\":\"https:\/\/www.padreeustaquio.com.br\/padre-luis-erlin-celebra-e-autografa-livros-na-igreja-do-padre-eustaquio-em-bh\/#breadcrumb\",\"itemListElement\":[{\"@type\":\"ListItem\",\"position\":1,\"name\":\"In\u00edcio\",\"item\":\"https:\/\/www.padreeustaquio.com.br\/\"},{\"@type\":\"ListItem\",\"position\":2,\"name\":\"Padre Lu\u00eds Erlin celebra e autografa livros na Igreja do Padre Eust\u00e1quio em BH\"}]},{\"@type\":\"WebSite\",\"@id\":\"https:\/\/www.padreeustaquio.com.br\/#website\",\"url\":\"https:\/\/www.padreeustaquio.com.br\/\",\"name\":\"Padre Eust\u00e1quio\",\"description\":\"Sa\u00fade e Paz\",\"publisher\":{\"@id\":\"https:\/\/www.padreeustaquio.com.br\/#organization\"},\"potentialAction\":[{\"@type\":\"SearchAction\",\"target\":{\"@type\":\"EntryPoint\",\"urlTemplate\":\"https:\/\/www.padreeustaquio.com.br\/?s={search_term_string}\"},\"query-input\":{\"@type\":\"PropertyValueSpecification\",\"valueRequired\":true,\"valueName\":\"search_term_string\"}}],\"inLanguage\":\"en-US\"},{\"@type\":\"Organization\",\"@id\":\"https:\/\/www.padreeustaquio.com.br\/#organization\",\"name\":\"Padre Eust\u00e1quio\",\"url\":\"https:\/\/www.padreeustaquio.com.br\/\",\"logo\":{\"@type\":\"ImageObject\",\"inLanguage\":\"en-US\",\"@id\":\"https:\/\/www.padreeustaquio.com.br\/#\/schema\/logo\/image\/\",\"url\":\"https:\/\/www.padreeustaquio.com.br\/wp-content\/uploads\/2019\/08\/marca.png\",\"contentUrl\":\"https:\/\/www.padreeustaquio.com.br\/wp-content\/uploads\/2019\/08\/marca.png\",\"width\":350,\"height\":400,\"caption\":\"Padre Eust\u00e1quio\"},\"image\":{\"@id\":\"https:\/\/www.padreeustaquio.com.br\/#\/schema\/logo\/image\/\"},\"sameAs\":[\"https:\/\/www.facebook.com\/beatopadreeustaquio\/\",\"https:\/\/x.com\/beatopeustaquio\",\"https:\/\/www.instagram.com\/beatopadreeustaquio\/\",\"https:\/\/www.youtube.com\/channel\/UCRhw7vfabnajwLxb1ZXMeIw\"]},{\"@type\":\"Person\",\"@id\":\"https:\/\/www.padreeustaquio.com.br\/#\/schema\/person\/a2a51db1d00f1a7af0204a0f1ddb1566\",\"name\":\"@sscc\",\"image\":{\"@type\":\"ImageObject\",\"inLanguage\":\"en-US\",\"@id\":\"https:\/\/secure.gravatar.com\/avatar\/68cfafa5f44617fea54071e215026e0ff06be366c3d54a8425f04fdcb86f8c5f?s=96&d=mm&r=g\",\"url\":\"https:\/\/secure.gravatar.com\/avatar\/68cfafa5f44617fea54071e215026e0ff06be366c3d54a8425f04fdcb86f8c5f?s=96&d=mm&r=g\",\"contentUrl\":\"https:\/\/secure.gravatar.com\/avatar\/68cfafa5f44617fea54071e215026e0ff06be366c3d54a8425f04fdcb86f8c5f?s=96&d=mm&r=g\",\"caption\":\"@sscc\"},\"url\":\"https:\/\/www.padreeustaquio.com.br\/en\/author\/sscc\/\"}]}<\/script>\n<!-- \/ Yoast SEO plugin. -->","yoast_head_json":{"title":"Father Lu\u00eds Erlin celebrates Mass and signs books at the Church of Father Eust\u00e1quio in Belo Horizonte.","description":"Author of great works of religious literature, Father Lu\u00eds Erlin, CMF, presided over Holy Mass this Tuesday, December 7th, at the Church of Father Eust\u00e1quio in Belo Horizonte. Afterwards, the priest signed copies of his books at the Father Eust\u00e1quio Bookstore.","robots":{"index":"index","follow":"follow","max-snippet":"max-snippet:-1","max-image-preview":"max-image-preview:large","max-video-preview":"max-video-preview:-1"},"canonical":"https:\/\/www.padreeustaquio.com.br\/en\/father-luis-erlin-celebrates-mass-and-signs-books-at-father-eustaquios-church-in-belo-horizonte\/","og_locale":"en_US","og_type":"article","og_title":"Padre Lu\u00eds Erlin celebra e autografa livros na Igreja do Padre Eust\u00e1quio em BH","og_description":"Autor de grandes obras da literatura religiosa, Padre Lu\u00eds Erlin, CMF, presidiu nessa ter\u00e7a-feira, dia 07 de dezembro, a Santa Missa na Igreja do Padre Eust\u00e1quio, em Belo Horizonte. Em seguida, o sacerdote autografou seus livros na Loja do Padre Eust\u00e1quio.","og_url":"https:\/\/www.padreeustaquio.com.br\/en\/father-luis-erlin-celebrates-mass-and-signs-books-at-father-eustaquios-church-in-belo-horizonte\/","og_site_name":"Padre Eust\u00e1quio","article_publisher":"https:\/\/www.facebook.com\/beatopadreeustaquio\/","article_published_time":"2021-12-08T09:17:00+00:00","og_image":[{"width":2560,"height":1561,"url":"https:\/\/www.padreeustaquio.com.br\/wp-content\/uploads\/2021\/12\/MG_4257-scaled-e1638927597655.jpg","type":"image\/jpeg"}],"author":"@sscc","twitter_card":"summary_large_image","twitter_creator":"@beatopeustaquio","twitter_site":"@beatopeustaquio","twitter_misc":{"Written by":"@sscc","Est. reading time":"2 minutes"},"schema":{"@context":"https:\/\/schema.org","@graph":[{"@type":"Article","@id":"https:\/\/www.padreeustaquio.com.br\/padre-luis-erlin-celebra-e-autografa-livros-na-igreja-do-padre-eustaquio-em-bh\/#article","isPartOf":{"@id":"https:\/\/www.padreeustaquio.com.br\/padre-luis-erlin-celebra-e-autografa-livros-na-igreja-do-padre-eustaquio-em-bh\/"},"author":{"name":"@sscc","@id":"https:\/\/www.padreeustaquio.com.br\/#\/schema\/person\/a2a51db1d00f1a7af0204a0f1ddb1566"},"headline":"Padre Lu\u00eds Erlin celebra e autografa livros na Igreja do Padre Eust\u00e1quio em BH","datePublished":"2021-12-08T09:17:00+00:00","mainEntityOfPage":{"@id":"https:\/\/www.padreeustaquio.com.br\/padre-luis-erlin-celebra-e-autografa-livros-na-igreja-do-padre-eustaquio-em-bh\/"},"wordCount":370,"commentCount":0,"publisher":{"@id":"https:\/\/www.padreeustaquio.com.br\/#organization"},"image":{"@id":"https:\/\/www.padreeustaquio.com.br\/padre-luis-erlin-celebra-e-autografa-livros-na-igreja-do-padre-eustaquio-em-bh\/#primaryimage"},"thumbnailUrl":"https:\/\/www.padreeustaquio.com.br\/wp-content\/uploads\/2021\/12\/MG_4257-scaled-e1638927597655.jpg","articleSection":["Not\u00edcias"],"inLanguage":"en-US","potentialAction":[{"@type":"CommentAction","name":"Comment","target":["https:\/\/www.padreeustaquio.com.br\/padre-luis-erlin-celebra-e-autografa-livros-na-igreja-do-padre-eustaquio-em-bh\/#respond"]}]},{"@type":"WebPage","@id":"https:\/\/www.padreeustaquio.com.br\/padre-luis-erlin-celebra-e-autografa-livros-na-igreja-do-padre-eustaquio-em-bh\/","url":"https:\/\/www.padreeustaquio.com.br\/padre-luis-erlin-celebra-e-autografa-livros-na-igreja-do-padre-eustaquio-em-bh\/","name":"Father Lu\u00eds Erlin celebrates Mass and signs books at the Church of Father Eust\u00e1quio in Belo Horizonte.","isPartOf":{"@id":"https:\/\/www.padreeustaquio.com.br\/#website"},"primaryImageOfPage":{"@id":"https:\/\/www.padreeustaquio.com.br\/padre-luis-erlin-celebra-e-autografa-livros-na-igreja-do-padre-eustaquio-em-bh\/#primaryimage"},"image":{"@id":"https:\/\/www.padreeustaquio.com.br\/padre-luis-erlin-celebra-e-autografa-livros-na-igreja-do-padre-eustaquio-em-bh\/#primaryimage"},"thumbnailUrl":"https:\/\/www.padreeustaquio.com.br\/wp-content\/uploads\/2021\/12\/MG_4257-scaled-e1638927597655.jpg","datePublished":"2021-12-08T09:17:00+00:00","description":"Author of great works of religious literature, Father Lu\u00eds Erlin, CMF, presided over Holy Mass this Tuesday, December 7th, at the Church of Father Eust\u00e1quio in Belo Horizonte. Afterwards, the priest signed copies of his books at the Father Eust\u00e1quio Bookstore.","breadcrumb":{"@id":"https:\/\/www.padreeustaquio.com.br\/padre-luis-erlin-celebra-e-autografa-livros-na-igreja-do-padre-eustaquio-em-bh\/#breadcrumb"},"inLanguage":"en-US","potentialAction":[{"@type":"ReadAction","target":["https:\/\/www.padreeustaquio.com.br\/padre-luis-erlin-celebra-e-autografa-livros-na-igreja-do-padre-eustaquio-em-bh\/"]}]},{"@type":"ImageObject","inLanguage":"en-US","@id":"https:\/\/www.padreeustaquio.com.br\/padre-luis-erlin-celebra-e-autografa-livros-na-igreja-do-padre-eustaquio-em-bh\/#primaryimage","url":"https:\/\/www.padreeustaquio.com.br\/wp-content\/uploads\/2021\/12\/MG_4257-scaled-e1638927597655.jpg","contentUrl":"https:\/\/www.padreeustaquio.com.br\/wp-content\/uploads\/2021\/12\/MG_4257-scaled-e1638927597655.jpg","width":2560,"height":1561},{"@type":"BreadcrumbList","@id":"https:\/\/www.padreeustaquio.com.br\/padre-luis-erlin-celebra-e-autografa-livros-na-igreja-do-padre-eustaquio-em-bh\/#breadcrumb","itemListElement":[{"@type":"ListItem","position":1,"name":"In\u00edcio","item":"https:\/\/www.padreeustaquio.com.br\/"},{"@type":"ListItem","position":2,"name":"Padre Lu\u00eds Erlin celebra e autografa livros na Igreja do Padre Eust\u00e1quio em BH"}]},{"@type":"WebSite","@id":"https:\/\/www.padreeustaquio.com.br\/#website","url":"https:\/\/www.padreeustaquio.com.br\/","name":"FATHER EUST\u00c1QUIO","description":"Health and Peace","publisher":{"@id":"https:\/\/www.padreeustaquio.com.br\/#organization"},"potentialAction":[{"@type":"SearchAction","target":{"@type":"EntryPoint","urlTemplate":"https:\/\/www.padreeustaquio.com.br\/?s={search_term_string}"},"query-input":{"@type":"PropertyValueSpecification","valueRequired":true,"valueName":"search_term_string"}}],"inLanguage":"en-US"},{"@type":"Organization","@id":"https:\/\/www.padreeustaquio.com.br\/#organization","name":"FATHER EUST\u00c1QUIO","url":"https:\/\/www.padreeustaquio.com.br\/","logo":{"@type":"ImageObject","inLanguage":"en-US","@id":"https:\/\/www.padreeustaquio.com.br\/#\/schema\/logo\/image\/","url":"https:\/\/www.padreeustaquio.com.br\/wp-content\/uploads\/2019\/08\/marca.png","contentUrl":"https:\/\/www.padreeustaquio.com.br\/wp-content\/uploads\/2019\/08\/marca.png","width":350,"height":400,"caption":"Padre Eust\u00e1quio"},"image":{"@id":"https:\/\/www.padreeustaquio.com.br\/#\/schema\/logo\/image\/"},"sameAs":["https:\/\/www.facebook.com\/beatopadreeustaquio\/","https:\/\/x.com\/beatopeustaquio","https:\/\/www.instagram.com\/beatopadreeustaquio\/","https:\/\/www.youtube.com\/channel\/UCRhw7vfabnajwLxb1ZXMeIw"]},{"@type":"Person","@id":"https:\/\/www.padreeustaquio.com.br\/#\/schema\/person\/a2a51db1d00f1a7af0204a0f1ddb1566","name":"@sscc","image":{"@type":"ImageObject","inLanguage":"en-US","@id":"https:\/\/secure.gravatar.com\/avatar\/68cfafa5f44617fea54071e215026e0ff06be366c3d54a8425f04fdcb86f8c5f?s=96&d=mm&r=g","url":"https:\/\/secure.gravatar.com\/avatar\/68cfafa5f44617fea54071e215026e0ff06be366c3d54a8425f04fdcb86f8c5f?s=96&d=mm&r=g","contentUrl":"https:\/\/secure.gravatar.com\/avatar\/68cfafa5f44617fea54071e215026e0ff06be366c3d54a8425f04fdcb86f8c5f?s=96&d=mm&r=g","caption":"@sscc"},"url":"https:\/\/www.padreeustaquio.com.br\/en\/author\/sscc\/"}]}},"_links":{"self":[{"href":"https:\/\/www.padreeustaquio.com.br\/en\/wp-json\/wp\/v2\/posts\/7678","targetHints":{"allow":["GET"]}}],"collection":[{"href":"https:\/\/www.padreeustaquio.com.br\/en\/wp-json\/wp\/v2\/posts"}],"about":[{"href":"https:\/\/www.padreeustaquio.com.br\/en\/wp-json\/wp\/v2\/types\/post"}],"author":[{"embeddable":true,"href":"https:\/\/www.padreeustaquio.com.br\/en\/wp-json\/wp\/v2\/users\/2"}],"replies":[{"embeddable":true,"href":"https:\/\/www.padreeustaquio.com.br\/en\/wp-json\/wp\/v2\/comments?post=7678"}],"version-history":[{"count":0,"href":"https:\/\/www.padreeustaquio.com.br\/en\/wp-json\/wp\/v2\/posts\/7678\/revisions"}],"wp:featuredmedia":[{"embeddable":true,"href":"https:\/\/www.padreeustaquio.com.br\/en\/wp-json\/wp\/v2\/media\/7692"}],"wp:attachment":[{"href":"https:\/\/www.padreeustaquio.com.br\/en\/wp-json\/wp\/v2\/media?parent=7678"}],"wp:term":[{"taxonomy":"category","embeddable":true,"href":"https:\/\/www.padreeustaquio.com.br\/en\/wp-json\/wp\/v2\/categories?post=7678"},{"taxonomy":"post_tag","embeddable":true,"href":"https:\/\/www.padreeustaquio.com.br\/en\/wp-json\/wp\/v2\/tags?post=7678"}],"curies":[{"name":"wp","href":"https:\/\/api.w.org\/{rel}","templated":true}]}}