{"id":7673,"date":"2021-12-07T05:58:00","date_gmt":"2021-12-07T08:58:00","guid":{"rendered":"https:\/\/www.padreeustaquio.com.br\/?p=7673"},"modified":"2021-12-06T10:12:40","modified_gmt":"2021-12-06T13:12:40","slug":"father-eustaquios-church-in-belo-horizonte-will-have-three-masses-on-the-holiday","status":"publish","type":"post","link":"https:\/\/www.padreeustaquio.com.br\/en\/father-eustaquios-church-in-belo-horizonte-will-have-three-masses-on-the-holiday\/","title":{"rendered":"Father Eust\u00e1quio&#039;s Church in Belo Horizonte will hold three masses on the holiday."},"content":{"rendered":"<p>Next Wednesday, December 8th, the Church celebrates the Solemnity of the Immaculate Conception. A holy day of obligation, in which we must not forget that we are part of a priestly people, devoted to divine worship. To celebrate the date, the Sanctuary of Health and Peace will hold three masses on this day: at 7 am, 10 am, and 7 pm.<\/p>\n\n\n\n<p>Two of these masses will be broadcast by <a href=\"https:\/\/www.youtube.com\/channel\/UCRhw7vfabnajwLxb1ZXMeIw\" target=\"_blank\" rel=\"noreferrer noopener\">Padre Eust\u00e1quio Channel<\/a>, On YouTube: the 10 am and 7 pm services. Those attending the Padre Eust\u00e1quio Church for one of the three masses will need to follow health and safety protocols, sanitizing their shoes and hands upon entering the church, and wearing a mask at all times while inside. <\/p>\n\n\n\n<p><strong>Feast of the Immaculate Conception of Our Lady<\/strong><\/p>\n\n\n\n<p>We are in the Advent season, and the Solemnity of the Immaculate Conception is part of the mystery of the coming of the eternal Son who became Man in the virginal womb of Mary. We celebrate the Solemnity of the Immaculate Conception of Mary and adore the mystery of the preparation for the coming of the Lord. Yes, if Advent is a time of preparation for Christmas, the Immaculate Conception signifies that God prepared a &quot;Woman&quot; to be the first home, the first dwelling place of the Lord.<\/p>\n\n\n\n<p>The doctrine of the dogma of the Immaculate Conception is expressed in the Bull of proclamation of Pope Pius IX, \u201cIneffabilis Deus\u201d of December 8, 1854:\u201c<em>For the honor of the holy and undivided Trinity, for the adornment and ornament of the Virgin Goddess\u2026 with the authority of our Lord Jesus Christ, of the blessed apostles Peter and Paul and ours,\u00a0<u>we declare, proclaim and define<\/u>The doctrine that holds that the Blessed Virgin Mary, in the first instant of her conception, by a singular grace and privilege of Almighty God,\u00a0<u>in view of the merits of Jesus Christ, Savior of humankind.<\/u>, He has been preserved immune from all stain of original sin, it is revealed by God and therefore must be believed firmly and constantly by all believers.<\/em>\u201d (DENZINGER-H\u00dcNERMAN, Compendium of symbols, definitions and declarations of faith and morals, 2803).<\/p>\n\n\n\n<p>The Solemnity of the Immaculate Conception is the feast of the pure principle, of that reality that brings into existence and which, in Mary, is the principle of life, of the fullness of grace. It is the full, absolute principle, not emptiness, nothingness, but a personal reality, indeed, a Trinity of Persons who, being principle, is also end, for in the principle is already contained the end, an end of fullness in which every man and every woman is involved. And this principle was revealed in Jesus Christ, the complete manifestation and involvement of the principle with created reality. To understand the Immaculate Conception, we must understand that this principle is also ours. Therefore, it is our feast, as we are all included in God&#039;s plan to be holy and immaculate because of the revelation of the principle that occurred in Jesus Christ (cf. Eph 1:4).<\/p>\n\n\n\n<p><\/p>\n\n\n\n<p><strong><em>**With information from <a href=\"https:\/\/www.cnbb.org.br\/imaculada-conceicao-o-puro-principio\/\" target=\"_blank\" rel=\"noreferrer noopener\">cnbb.org.br <\/a>(article by Dom Jaime Vieira Rocha, Archbishop of Natal-RN)<\/em><\/strong><\/p>\n\n\n\n<p><\/p>","protected":false},"excerpt":{"rendered":"<p>Na pr\u00f3xima quarta-feira, 8 de dezembro, a Igreja celebra a Solenidade da Imaculada Concei\u00e7\u00e3o. Um dia santo de guarda, em que n\u00e3o se pode esquecer de que fazemos parte de um povo sacerdotal, devotado ao culto divino. Para celebrar a data, o Santu\u00e1rio da Sa\u00fade e Paz, ter\u00e1 tr\u00eas missas neste dia: \u00e0s 7h, \u00e0s 10h e \u00e0s 19h. Duas destas missas ser\u00e3o transmitidas pelo Canal Padre Eust\u00e1quio, no YouTube: a celebra\u00e7\u00e3o das 10h e a das 19h. Quem for \u00e0 Igreja do Padre Eust\u00e1quio em uma das tr\u00eas missas precisar\u00e1 seguir os protocolos de seguran\u00e7a sanit\u00e1ria, higienizando os cal\u00e7ados [&hellip;]<\/p>\n","protected":false},"author":2,"featured_media":7674,"comment_status":"open","ping_status":"closed","sticky":false,"template":"","format":"standard","meta":{"_acf_changed":false,"footnotes":""},"categories":[611],"tags":[],"class_list":["post-7673","post","type-post","status-publish","format-standard","has-post-thumbnail","hentry","category-noticias"],"acf":[],"yoast_head":"<!-- This site is optimized with the Yoast SEO plugin v27.2 - https:\/\/yoast.com\/product\/yoast-seo-wordpress\/ -->\n<title>Igreja do Padre Eust\u00e1quio em BH ter\u00e1 tr\u00eas missas no feriado<\/title>\n<meta name=\"description\" content=\"Na pr\u00f3xima quarta-feira, 8 de dezembro, a Igreja celebra a Solenidade da Imaculada Concei\u00e7\u00e3o. Um dia santo de guarda, em que n\u00e3o se pode esquecer de que fazemos parte de um povo sacerdotal, devotado ao culto divino. Para celebrar a data, o Santu\u00e1rio da Sa\u00fade e Paz, ter\u00e1 tr\u00eas missas neste dia: \u00e0s 7h, \u00e0s 10h e \u00e0s 19h.\" \/>\n<meta name=\"robots\" content=\"index, follow, max-snippet:-1, max-image-preview:large, max-video-preview:-1\" \/>\n<link rel=\"canonical\" href=\"https:\/\/www.padreeustaquio.com.br\/en\/father-eustaquios-church-in-belo-horizonte-will-have-three-masses-on-the-holiday\/\" \/>\n<meta property=\"og:locale\" content=\"en_US\" \/>\n<meta property=\"og:type\" content=\"article\" \/>\n<meta property=\"og:title\" content=\"Igreja do Padre Eust\u00e1quio em BH ter\u00e1 tr\u00eas missas no feriado\" \/>\n<meta property=\"og:description\" content=\"Na pr\u00f3xima quarta-feira, 8 de dezembro, a Igreja celebra a Solenidade da Imaculada Concei\u00e7\u00e3o. Um dia santo de guarda, em que n\u00e3o se pode esquecer de que fazemos parte de um povo sacerdotal, devotado ao culto divino. Para celebrar a data, o Santu\u00e1rio da Sa\u00fade e Paz, ter\u00e1 tr\u00eas missas neste dia: \u00e0s 7h, \u00e0s 10h e \u00e0s 19h.\" \/>\n<meta property=\"og:url\" content=\"https:\/\/www.padreeustaquio.com.br\/en\/father-eustaquios-church-in-belo-horizonte-will-have-three-masses-on-the-holiday\/\" \/>\n<meta property=\"og:site_name\" content=\"Padre Eust\u00e1quio\" \/>\n<meta property=\"article:publisher\" content=\"https:\/\/www.facebook.com\/beatopadreeustaquio\/\" \/>\n<meta property=\"article:published_time\" content=\"2021-12-07T08:58:00+00:00\" \/>\n<meta property=\"og:image\" content=\"https:\/\/www.padreeustaquio.com.br\/wp-content\/uploads\/2021\/12\/imaculada-conceicao.jpg\" \/>\n\t<meta property=\"og:image:width\" content=\"748\" \/>\n\t<meta property=\"og:image:height\" content=\"394\" \/>\n\t<meta property=\"og:image:type\" content=\"image\/jpeg\" \/>\n<meta name=\"author\" content=\"@sscc\" \/>\n<meta name=\"twitter:card\" content=\"summary_large_image\" \/>\n<meta name=\"twitter:creator\" content=\"@beatopeustaquio\" \/>\n<meta name=\"twitter:site\" content=\"@beatopeustaquio\" \/>\n<meta name=\"twitter:label1\" content=\"Written by\" \/>\n\t<meta name=\"twitter:data1\" content=\"@sscc\" \/>\n\t<meta name=\"twitter:label2\" content=\"Est. reading time\" \/>\n\t<meta name=\"twitter:data2\" content=\"3 minutes\" \/>\n<script type=\"application\/ld+json\" class=\"yoast-schema-graph\">{\"@context\":\"https:\/\/schema.org\",\"@graph\":[{\"@type\":\"Article\",\"@id\":\"https:\/\/www.padreeustaquio.com.br\/igreja-do-padre-eustaquio-em-bh-tera-tres-missas-no-feriado\/#article\",\"isPartOf\":{\"@id\":\"https:\/\/www.padreeustaquio.com.br\/igreja-do-padre-eustaquio-em-bh-tera-tres-missas-no-feriado\/\"},\"author\":{\"name\":\"@sscc\",\"@id\":\"https:\/\/www.padreeustaquio.com.br\/#\/schema\/person\/a2a51db1d00f1a7af0204a0f1ddb1566\"},\"headline\":\"Igreja do Padre Eust\u00e1quio em BH ter\u00e1 tr\u00eas missas no feriado\",\"datePublished\":\"2021-12-07T08:58:00+00:00\",\"mainEntityOfPage\":{\"@id\":\"https:\/\/www.padreeustaquio.com.br\/igreja-do-padre-eustaquio-em-bh-tera-tres-missas-no-feriado\/\"},\"wordCount\":553,\"commentCount\":0,\"publisher\":{\"@id\":\"https:\/\/www.padreeustaquio.com.br\/#organization\"},\"image\":{\"@id\":\"https:\/\/www.padreeustaquio.com.br\/igreja-do-padre-eustaquio-em-bh-tera-tres-missas-no-feriado\/#primaryimage\"},\"thumbnailUrl\":\"https:\/\/www.padreeustaquio.com.br\/wp-content\/uploads\/2021\/12\/imaculada-conceicao.jpg\",\"articleSection\":[\"Not\u00edcias\"],\"inLanguage\":\"en-US\",\"potentialAction\":[{\"@type\":\"CommentAction\",\"name\":\"Comment\",\"target\":[\"https:\/\/www.padreeustaquio.com.br\/igreja-do-padre-eustaquio-em-bh-tera-tres-missas-no-feriado\/#respond\"]}]},{\"@type\":\"WebPage\",\"@id\":\"https:\/\/www.padreeustaquio.com.br\/igreja-do-padre-eustaquio-em-bh-tera-tres-missas-no-feriado\/\",\"url\":\"https:\/\/www.padreeustaquio.com.br\/igreja-do-padre-eustaquio-em-bh-tera-tres-missas-no-feriado\/\",\"name\":\"Igreja do Padre Eust\u00e1quio em BH ter\u00e1 tr\u00eas missas no feriado\",\"isPartOf\":{\"@id\":\"https:\/\/www.padreeustaquio.com.br\/#website\"},\"primaryImageOfPage\":{\"@id\":\"https:\/\/www.padreeustaquio.com.br\/igreja-do-padre-eustaquio-em-bh-tera-tres-missas-no-feriado\/#primaryimage\"},\"image\":{\"@id\":\"https:\/\/www.padreeustaquio.com.br\/igreja-do-padre-eustaquio-em-bh-tera-tres-missas-no-feriado\/#primaryimage\"},\"thumbnailUrl\":\"https:\/\/www.padreeustaquio.com.br\/wp-content\/uploads\/2021\/12\/imaculada-conceicao.jpg\",\"datePublished\":\"2021-12-07T08:58:00+00:00\",\"description\":\"Na pr\u00f3xima quarta-feira, 8 de dezembro, a Igreja celebra a Solenidade da Imaculada Concei\u00e7\u00e3o. Um dia santo de guarda, em que n\u00e3o se pode esquecer de que fazemos parte de um povo sacerdotal, devotado ao culto divino. Para celebrar a data, o Santu\u00e1rio da Sa\u00fade e Paz, ter\u00e1 tr\u00eas missas neste dia: \u00e0s 7h, \u00e0s 10h e \u00e0s 19h.\",\"breadcrumb\":{\"@id\":\"https:\/\/www.padreeustaquio.com.br\/igreja-do-padre-eustaquio-em-bh-tera-tres-missas-no-feriado\/#breadcrumb\"},\"inLanguage\":\"en-US\",\"potentialAction\":[{\"@type\":\"ReadAction\",\"target\":[\"https:\/\/www.padreeustaquio.com.br\/igreja-do-padre-eustaquio-em-bh-tera-tres-missas-no-feriado\/\"]}]},{\"@type\":\"ImageObject\",\"inLanguage\":\"en-US\",\"@id\":\"https:\/\/www.padreeustaquio.com.br\/igreja-do-padre-eustaquio-em-bh-tera-tres-missas-no-feriado\/#primaryimage\",\"url\":\"https:\/\/www.padreeustaquio.com.br\/wp-content\/uploads\/2021\/12\/imaculada-conceicao.jpg\",\"contentUrl\":\"https:\/\/www.padreeustaquio.com.br\/wp-content\/uploads\/2021\/12\/imaculada-conceicao.jpg\",\"width\":748,\"height\":394},{\"@type\":\"BreadcrumbList\",\"@id\":\"https:\/\/www.padreeustaquio.com.br\/igreja-do-padre-eustaquio-em-bh-tera-tres-missas-no-feriado\/#breadcrumb\",\"itemListElement\":[{\"@type\":\"ListItem\",\"position\":1,\"name\":\"In\u00edcio\",\"item\":\"https:\/\/www.padreeustaquio.com.br\/\"},{\"@type\":\"ListItem\",\"position\":2,\"name\":\"Igreja do Padre Eust\u00e1quio em BH ter\u00e1 tr\u00eas missas no feriado\"}]},{\"@type\":\"WebSite\",\"@id\":\"https:\/\/www.padreeustaquio.com.br\/#website\",\"url\":\"https:\/\/www.padreeustaquio.com.br\/\",\"name\":\"Padre Eust\u00e1quio\",\"description\":\"Sa\u00fade e Paz\",\"publisher\":{\"@id\":\"https:\/\/www.padreeustaquio.com.br\/#organization\"},\"potentialAction\":[{\"@type\":\"SearchAction\",\"target\":{\"@type\":\"EntryPoint\",\"urlTemplate\":\"https:\/\/www.padreeustaquio.com.br\/?s={search_term_string}\"},\"query-input\":{\"@type\":\"PropertyValueSpecification\",\"valueRequired\":true,\"valueName\":\"search_term_string\"}}],\"inLanguage\":\"en-US\"},{\"@type\":\"Organization\",\"@id\":\"https:\/\/www.padreeustaquio.com.br\/#organization\",\"name\":\"Padre Eust\u00e1quio\",\"url\":\"https:\/\/www.padreeustaquio.com.br\/\",\"logo\":{\"@type\":\"ImageObject\",\"inLanguage\":\"en-US\",\"@id\":\"https:\/\/www.padreeustaquio.com.br\/#\/schema\/logo\/image\/\",\"url\":\"https:\/\/www.padreeustaquio.com.br\/wp-content\/uploads\/2019\/08\/marca.png\",\"contentUrl\":\"https:\/\/www.padreeustaquio.com.br\/wp-content\/uploads\/2019\/08\/marca.png\",\"width\":350,\"height\":400,\"caption\":\"Padre Eust\u00e1quio\"},\"image\":{\"@id\":\"https:\/\/www.padreeustaquio.com.br\/#\/schema\/logo\/image\/\"},\"sameAs\":[\"https:\/\/www.facebook.com\/beatopadreeustaquio\/\",\"https:\/\/x.com\/beatopeustaquio\",\"https:\/\/www.instagram.com\/beatopadreeustaquio\/\",\"https:\/\/www.youtube.com\/channel\/UCRhw7vfabnajwLxb1ZXMeIw\"]},{\"@type\":\"Person\",\"@id\":\"https:\/\/www.padreeustaquio.com.br\/#\/schema\/person\/a2a51db1d00f1a7af0204a0f1ddb1566\",\"name\":\"@sscc\",\"image\":{\"@type\":\"ImageObject\",\"inLanguage\":\"en-US\",\"@id\":\"https:\/\/secure.gravatar.com\/avatar\/68cfafa5f44617fea54071e215026e0ff06be366c3d54a8425f04fdcb86f8c5f?s=96&d=mm&r=g\",\"url\":\"https:\/\/secure.gravatar.com\/avatar\/68cfafa5f44617fea54071e215026e0ff06be366c3d54a8425f04fdcb86f8c5f?s=96&d=mm&r=g\",\"contentUrl\":\"https:\/\/secure.gravatar.com\/avatar\/68cfafa5f44617fea54071e215026e0ff06be366c3d54a8425f04fdcb86f8c5f?s=96&d=mm&r=g\",\"caption\":\"@sscc\"},\"url\":\"https:\/\/www.padreeustaquio.com.br\/en\/author\/sscc\/\"}]}<\/script>\n<!-- \/ Yoast SEO plugin. -->","yoast_head_json":{"title":"Father Eust\u00e1quio&#039;s Church in Belo Horizonte will hold three masses on the holiday.","description":"Next Wednesday, December 8th, the Church celebrates the Solemnity of the Immaculate Conception. A holy day of obligation, in which we must not forget that we are part of a priestly people, devoted to divine worship. To celebrate the date, the Sanctuary of Health and Peace will hold three masses on this day: at 7 am, 10 am, and 7 pm.","robots":{"index":"index","follow":"follow","max-snippet":"max-snippet:-1","max-image-preview":"max-image-preview:large","max-video-preview":"max-video-preview:-1"},"canonical":"https:\/\/www.padreeustaquio.com.br\/en\/father-eustaquios-church-in-belo-horizonte-will-have-three-masses-on-the-holiday\/","og_locale":"en_US","og_type":"article","og_title":"Igreja do Padre Eust\u00e1quio em BH ter\u00e1 tr\u00eas missas no feriado","og_description":"Na pr\u00f3xima quarta-feira, 8 de dezembro, a Igreja celebra a Solenidade da Imaculada Concei\u00e7\u00e3o. Um dia santo de guarda, em que n\u00e3o se pode esquecer de que fazemos parte de um povo sacerdotal, devotado ao culto divino. Para celebrar a data, o Santu\u00e1rio da Sa\u00fade e Paz, ter\u00e1 tr\u00eas missas neste dia: \u00e0s 7h, \u00e0s 10h e \u00e0s 19h.","og_url":"https:\/\/www.padreeustaquio.com.br\/en\/father-eustaquios-church-in-belo-horizonte-will-have-three-masses-on-the-holiday\/","og_site_name":"Padre Eust\u00e1quio","article_publisher":"https:\/\/www.facebook.com\/beatopadreeustaquio\/","article_published_time":"2021-12-07T08:58:00+00:00","og_image":[{"width":748,"height":394,"url":"https:\/\/www.padreeustaquio.com.br\/wp-content\/uploads\/2021\/12\/imaculada-conceicao.jpg","type":"image\/jpeg"}],"author":"@sscc","twitter_card":"summary_large_image","twitter_creator":"@beatopeustaquio","twitter_site":"@beatopeustaquio","twitter_misc":{"Written by":"@sscc","Est. reading time":"3 minutes"},"schema":{"@context":"https:\/\/schema.org","@graph":[{"@type":"Article","@id":"https:\/\/www.padreeustaquio.com.br\/igreja-do-padre-eustaquio-em-bh-tera-tres-missas-no-feriado\/#article","isPartOf":{"@id":"https:\/\/www.padreeustaquio.com.br\/igreja-do-padre-eustaquio-em-bh-tera-tres-missas-no-feriado\/"},"author":{"name":"@sscc","@id":"https:\/\/www.padreeustaquio.com.br\/#\/schema\/person\/a2a51db1d00f1a7af0204a0f1ddb1566"},"headline":"Igreja do Padre Eust\u00e1quio em BH ter\u00e1 tr\u00eas missas no feriado","datePublished":"2021-12-07T08:58:00+00:00","mainEntityOfPage":{"@id":"https:\/\/www.padreeustaquio.com.br\/igreja-do-padre-eustaquio-em-bh-tera-tres-missas-no-feriado\/"},"wordCount":553,"commentCount":0,"publisher":{"@id":"https:\/\/www.padreeustaquio.com.br\/#organization"},"image":{"@id":"https:\/\/www.padreeustaquio.com.br\/igreja-do-padre-eustaquio-em-bh-tera-tres-missas-no-feriado\/#primaryimage"},"thumbnailUrl":"https:\/\/www.padreeustaquio.com.br\/wp-content\/uploads\/2021\/12\/imaculada-conceicao.jpg","articleSection":["Not\u00edcias"],"inLanguage":"en-US","potentialAction":[{"@type":"CommentAction","name":"Comment","target":["https:\/\/www.padreeustaquio.com.br\/igreja-do-padre-eustaquio-em-bh-tera-tres-missas-no-feriado\/#respond"]}]},{"@type":"WebPage","@id":"https:\/\/www.padreeustaquio.com.br\/igreja-do-padre-eustaquio-em-bh-tera-tres-missas-no-feriado\/","url":"https:\/\/www.padreeustaquio.com.br\/igreja-do-padre-eustaquio-em-bh-tera-tres-missas-no-feriado\/","name":"Father Eust\u00e1quio&#039;s Church in Belo Horizonte will hold three masses on the holiday.","isPartOf":{"@id":"https:\/\/www.padreeustaquio.com.br\/#website"},"primaryImageOfPage":{"@id":"https:\/\/www.padreeustaquio.com.br\/igreja-do-padre-eustaquio-em-bh-tera-tres-missas-no-feriado\/#primaryimage"},"image":{"@id":"https:\/\/www.padreeustaquio.com.br\/igreja-do-padre-eustaquio-em-bh-tera-tres-missas-no-feriado\/#primaryimage"},"thumbnailUrl":"https:\/\/www.padreeustaquio.com.br\/wp-content\/uploads\/2021\/12\/imaculada-conceicao.jpg","datePublished":"2021-12-07T08:58:00+00:00","description":"Next Wednesday, December 8th, the Church celebrates the Solemnity of the Immaculate Conception. A holy day of obligation, in which we must not forget that we are part of a priestly people, devoted to divine worship. To celebrate the date, the Sanctuary of Health and Peace will hold three masses on this day: at 7 am, 10 am, and 7 pm.","breadcrumb":{"@id":"https:\/\/www.padreeustaquio.com.br\/igreja-do-padre-eustaquio-em-bh-tera-tres-missas-no-feriado\/#breadcrumb"},"inLanguage":"en-US","potentialAction":[{"@type":"ReadAction","target":["https:\/\/www.padreeustaquio.com.br\/igreja-do-padre-eustaquio-em-bh-tera-tres-missas-no-feriado\/"]}]},{"@type":"ImageObject","inLanguage":"en-US","@id":"https:\/\/www.padreeustaquio.com.br\/igreja-do-padre-eustaquio-em-bh-tera-tres-missas-no-feriado\/#primaryimage","url":"https:\/\/www.padreeustaquio.com.br\/wp-content\/uploads\/2021\/12\/imaculada-conceicao.jpg","contentUrl":"https:\/\/www.padreeustaquio.com.br\/wp-content\/uploads\/2021\/12\/imaculada-conceicao.jpg","width":748,"height":394},{"@type":"BreadcrumbList","@id":"https:\/\/www.padreeustaquio.com.br\/igreja-do-padre-eustaquio-em-bh-tera-tres-missas-no-feriado\/#breadcrumb","itemListElement":[{"@type":"ListItem","position":1,"name":"In\u00edcio","item":"https:\/\/www.padreeustaquio.com.br\/"},{"@type":"ListItem","position":2,"name":"Igreja do Padre Eust\u00e1quio em BH ter\u00e1 tr\u00eas missas no feriado"}]},{"@type":"WebSite","@id":"https:\/\/www.padreeustaquio.com.br\/#website","url":"https:\/\/www.padreeustaquio.com.br\/","name":"FATHER EUST\u00c1QUIO","description":"Health and Peace","publisher":{"@id":"https:\/\/www.padreeustaquio.com.br\/#organization"},"potentialAction":[{"@type":"SearchAction","target":{"@type":"EntryPoint","urlTemplate":"https:\/\/www.padreeustaquio.com.br\/?s={search_term_string}"},"query-input":{"@type":"PropertyValueSpecification","valueRequired":true,"valueName":"search_term_string"}}],"inLanguage":"en-US"},{"@type":"Organization","@id":"https:\/\/www.padreeustaquio.com.br\/#organization","name":"FATHER EUST\u00c1QUIO","url":"https:\/\/www.padreeustaquio.com.br\/","logo":{"@type":"ImageObject","inLanguage":"en-US","@id":"https:\/\/www.padreeustaquio.com.br\/#\/schema\/logo\/image\/","url":"https:\/\/www.padreeustaquio.com.br\/wp-content\/uploads\/2019\/08\/marca.png","contentUrl":"https:\/\/www.padreeustaquio.com.br\/wp-content\/uploads\/2019\/08\/marca.png","width":350,"height":400,"caption":"Padre Eust\u00e1quio"},"image":{"@id":"https:\/\/www.padreeustaquio.com.br\/#\/schema\/logo\/image\/"},"sameAs":["https:\/\/www.facebook.com\/beatopadreeustaquio\/","https:\/\/x.com\/beatopeustaquio","https:\/\/www.instagram.com\/beatopadreeustaquio\/","https:\/\/www.youtube.com\/channel\/UCRhw7vfabnajwLxb1ZXMeIw"]},{"@type":"Person","@id":"https:\/\/www.padreeustaquio.com.br\/#\/schema\/person\/a2a51db1d00f1a7af0204a0f1ddb1566","name":"@sscc","image":{"@type":"ImageObject","inLanguage":"en-US","@id":"https:\/\/secure.gravatar.com\/avatar\/68cfafa5f44617fea54071e215026e0ff06be366c3d54a8425f04fdcb86f8c5f?s=96&d=mm&r=g","url":"https:\/\/secure.gravatar.com\/avatar\/68cfafa5f44617fea54071e215026e0ff06be366c3d54a8425f04fdcb86f8c5f?s=96&d=mm&r=g","contentUrl":"https:\/\/secure.gravatar.com\/avatar\/68cfafa5f44617fea54071e215026e0ff06be366c3d54a8425f04fdcb86f8c5f?s=96&d=mm&r=g","caption":"@sscc"},"url":"https:\/\/www.padreeustaquio.com.br\/en\/author\/sscc\/"}]}},"_links":{"self":[{"href":"https:\/\/www.padreeustaquio.com.br\/en\/wp-json\/wp\/v2\/posts\/7673","targetHints":{"allow":["GET"]}}],"collection":[{"href":"https:\/\/www.padreeustaquio.com.br\/en\/wp-json\/wp\/v2\/posts"}],"about":[{"href":"https:\/\/www.padreeustaquio.com.br\/en\/wp-json\/wp\/v2\/types\/post"}],"author":[{"embeddable":true,"href":"https:\/\/www.padreeustaquio.com.br\/en\/wp-json\/wp\/v2\/users\/2"}],"replies":[{"embeddable":true,"href":"https:\/\/www.padreeustaquio.com.br\/en\/wp-json\/wp\/v2\/comments?post=7673"}],"version-history":[{"count":0,"href":"https:\/\/www.padreeustaquio.com.br\/en\/wp-json\/wp\/v2\/posts\/7673\/revisions"}],"wp:featuredmedia":[{"embeddable":true,"href":"https:\/\/www.padreeustaquio.com.br\/en\/wp-json\/wp\/v2\/media\/7674"}],"wp:attachment":[{"href":"https:\/\/www.padreeustaquio.com.br\/en\/wp-json\/wp\/v2\/media?parent=7673"}],"wp:term":[{"taxonomy":"category","embeddable":true,"href":"https:\/\/www.padreeustaquio.com.br\/en\/wp-json\/wp\/v2\/categories?post=7673"},{"taxonomy":"post_tag","embeddable":true,"href":"https:\/\/www.padreeustaquio.com.br\/en\/wp-json\/wp\/v2\/tags?post=7673"}],"curies":[{"name":"wp","href":"https:\/\/api.w.org\/{rel}","templated":true}]}}