{"id":7669,"date":"2021-12-13T05:42:00","date_gmt":"2021-12-13T08:42:00","guid":{"rendered":"https:\/\/www.padreeustaquio.com.br\/?p=7669"},"modified":"2021-12-06T10:58:50","modified_gmt":"2021-12-06T13:58:50","slug":"christmas-symbols-the-nativity-scene","status":"publish","type":"post","link":"https:\/\/www.padreeustaquio.com.br\/en\/christmas-symbols-the-nativity-scene\/","title":{"rendered":"Christmas Symbols: The Nativity Scene"},"content":{"rendered":"<p>One of the main symbols of the Christian Christmas, the Nativity scene, was first assembled by Saint Francis of Assisi in 1223. Saint Francis wanted to show the peasants of Creccio, a town near Rome, what the night of Jesus&#039; birth had been like.<\/p>\n\n\n\n<p>Using clay, the Saint assembled Mary, Joseph, the baby Jesus, shepherds and animals, the Three Wise Men, and the star. With the nativity scene assembled, he was able to convey the Christmas night to the peasants in a clearer way.<\/p>\n\n\n\n<p>After that day, the tradition of the nativity scene spread throughout the world. In Brazil, the first nativity scene dates back to the 17th century, when the religious figure Gaspar de Santo Agostinho set up his version in Olinda, Pernambuco.<\/p>\n\n\n\n<p>Nowadays, almost all Catholic families set up their nativity scene as Christmas approaches. There are many different models available today, and each home decorates the representation in its own way, passing down from generation to generation this symbolic act that marks our anticipation of the arrival of the Christ Child.<\/p>\n\n\n\n<p>Haven&#039;t you set up your nativity scene yet?<\/p>\n\n\n\n<p>At Padre Eust\u00e1quio&#039;s store you will find a wide variety of nativity scenes and images to assemble in your home to represent the birth of the baby Jesus.<\/p>\n\n\n\n<p>Visit the store, attached to the Health and Peace Sanctuary in Belo Horizonte, or contact us by... <a href=\"https:\/\/api.whatsapp.com\/send?phone=553135670314\" target=\"_blank\" rel=\"noreferrer noopener\">WhatsApp (31) 3567-0314<\/a>. Padre Eust\u00e1quio&#039;s store ships products throughout Brazil; simply check the shipping cost with one of the salespeople.<\/p>\n\n\n\n<p>Take advantage and follow us on Instagram. <a href=\"https:\/\/www.instagram.com\/lojapadreeustaquio\/\" target=\"_blank\" rel=\"noreferrer noopener\">@lojapadreeustaquio<\/a> to stay up to date with all the available news.<\/p>","protected":false},"excerpt":{"rendered":"<p>Um dos principais s\u00edmbolos do Natal crist\u00e3o, o pres\u00e9pio, foi montado pela primeira vez por S\u00e3o Francisco de Assis, em 1223. S\u00e3o Francisco queria mostrar aos camponeses de Creccio, cidade perto de Roma, como tinha sido a noite do nascimento de Jesus. Usando argila, o Santo montou Maria, Jos\u00e9, o menino Jesus, pastores e animais, os reis magos e a estrela. Com o pres\u00e9pio montado, ele conseguiu transmitir para os camponeses, de forma mais clara, a noite do Natal. Depois desse dia, a tradi\u00e7\u00e3o do pres\u00e9pio ganhou o mundo. No Brasil, a primeira montagem data do s\u00e9culo XVII, quando o [&hellip;]<\/p>\n","protected":false},"author":2,"featured_media":7670,"comment_status":"open","ping_status":"closed","sticky":false,"template":"","format":"standard","meta":{"_acf_changed":false,"footnotes":""},"categories":[611],"tags":[],"class_list":["post-7669","post","type-post","status-publish","format-standard","has-post-thumbnail","hentry","category-noticias"],"acf":[],"yoast_head":"<!-- This site is optimized with the Yoast SEO plugin v27.2 - https:\/\/yoast.com\/product\/yoast-seo-wordpress\/ -->\n<title>S\u00edmbolos do Natal: O Pres\u00e9pio<\/title>\n<meta name=\"description\" content=\"Um dos principais s\u00edmbolos do Natal crist\u00e3o, o pres\u00e9pio, foi montado pela primeira vez por S\u00e3o Francisco de Assis, em 1223. S\u00e3o Francisco queria mostrar aos camponeses de Creccio, cidade perto de Roma, como tinha sido a noite do nascimento de Jesus.\" \/>\n<meta name=\"robots\" content=\"index, follow, max-snippet:-1, max-image-preview:large, max-video-preview:-1\" \/>\n<link rel=\"canonical\" href=\"https:\/\/www.padreeustaquio.com.br\/en\/christmas-symbols-the-nativity-scene\/\" \/>\n<meta property=\"og:locale\" content=\"en_US\" \/>\n<meta property=\"og:type\" content=\"article\" \/>\n<meta property=\"og:title\" content=\"S\u00edmbolos do Natal: O Pres\u00e9pio\" \/>\n<meta property=\"og:description\" content=\"Um dos principais s\u00edmbolos do Natal crist\u00e3o, o pres\u00e9pio, foi montado pela primeira vez por S\u00e3o Francisco de Assis, em 1223. S\u00e3o Francisco queria mostrar aos camponeses de Creccio, cidade perto de Roma, como tinha sido a noite do nascimento de Jesus.\" \/>\n<meta property=\"og:url\" content=\"https:\/\/www.padreeustaquio.com.br\/en\/christmas-symbols-the-nativity-scene\/\" \/>\n<meta property=\"og:site_name\" content=\"Padre Eust\u00e1quio\" \/>\n<meta property=\"article:publisher\" content=\"https:\/\/www.facebook.com\/beatopadreeustaquio\/\" \/>\n<meta property=\"article:published_time\" content=\"2021-12-13T08:42:00+00:00\" \/>\n<meta property=\"og:image\" content=\"https:\/\/www.padreeustaquio.com.br\/wp-content\/uploads\/2021\/12\/presepio.jpg\" \/>\n\t<meta property=\"og:image:width\" content=\"748\" \/>\n\t<meta property=\"og:image:height\" content=\"394\" \/>\n\t<meta property=\"og:image:type\" content=\"image\/jpeg\" \/>\n<meta name=\"author\" content=\"@sscc\" \/>\n<meta name=\"twitter:card\" content=\"summary_large_image\" \/>\n<meta name=\"twitter:creator\" content=\"@beatopeustaquio\" \/>\n<meta name=\"twitter:site\" content=\"@beatopeustaquio\" \/>\n<meta name=\"twitter:label1\" content=\"Written by\" \/>\n\t<meta name=\"twitter:data1\" content=\"@sscc\" \/>\n\t<meta name=\"twitter:label2\" content=\"Est. reading time\" \/>\n\t<meta name=\"twitter:data2\" content=\"2 minutes\" \/>\n<script type=\"application\/ld+json\" class=\"yoast-schema-graph\">{\"@context\":\"https:\/\/schema.org\",\"@graph\":[{\"@type\":\"Article\",\"@id\":\"https:\/\/www.padreeustaquio.com.br\/simbolos-do-natal-o-presepio\/#article\",\"isPartOf\":{\"@id\":\"https:\/\/www.padreeustaquio.com.br\/simbolos-do-natal-o-presepio\/\"},\"author\":{\"name\":\"@sscc\",\"@id\":\"https:\/\/www.padreeustaquio.com.br\/#\/schema\/person\/a2a51db1d00f1a7af0204a0f1ddb1566\"},\"headline\":\"S\u00edmbolos do Natal: O Pres\u00e9pio\",\"datePublished\":\"2021-12-13T08:42:00+00:00\",\"mainEntityOfPage\":{\"@id\":\"https:\/\/www.padreeustaquio.com.br\/simbolos-do-natal-o-presepio\/\"},\"wordCount\":282,\"commentCount\":0,\"publisher\":{\"@id\":\"https:\/\/www.padreeustaquio.com.br\/#organization\"},\"image\":{\"@id\":\"https:\/\/www.padreeustaquio.com.br\/simbolos-do-natal-o-presepio\/#primaryimage\"},\"thumbnailUrl\":\"https:\/\/www.padreeustaquio.com.br\/wp-content\/uploads\/2021\/12\/presepio.jpg\",\"articleSection\":[\"Not\u00edcias\"],\"inLanguage\":\"en-US\",\"potentialAction\":[{\"@type\":\"CommentAction\",\"name\":\"Comment\",\"target\":[\"https:\/\/www.padreeustaquio.com.br\/simbolos-do-natal-o-presepio\/#respond\"]}]},{\"@type\":\"WebPage\",\"@id\":\"https:\/\/www.padreeustaquio.com.br\/simbolos-do-natal-o-presepio\/\",\"url\":\"https:\/\/www.padreeustaquio.com.br\/simbolos-do-natal-o-presepio\/\",\"name\":\"S\u00edmbolos do Natal: O Pres\u00e9pio\",\"isPartOf\":{\"@id\":\"https:\/\/www.padreeustaquio.com.br\/#website\"},\"primaryImageOfPage\":{\"@id\":\"https:\/\/www.padreeustaquio.com.br\/simbolos-do-natal-o-presepio\/#primaryimage\"},\"image\":{\"@id\":\"https:\/\/www.padreeustaquio.com.br\/simbolos-do-natal-o-presepio\/#primaryimage\"},\"thumbnailUrl\":\"https:\/\/www.padreeustaquio.com.br\/wp-content\/uploads\/2021\/12\/presepio.jpg\",\"datePublished\":\"2021-12-13T08:42:00+00:00\",\"description\":\"Um dos principais s\u00edmbolos do Natal crist\u00e3o, o pres\u00e9pio, foi montado pela primeira vez por S\u00e3o Francisco de Assis, em 1223. S\u00e3o Francisco queria mostrar aos camponeses de Creccio, cidade perto de Roma, como tinha sido a noite do nascimento de Jesus.\",\"breadcrumb\":{\"@id\":\"https:\/\/www.padreeustaquio.com.br\/simbolos-do-natal-o-presepio\/#breadcrumb\"},\"inLanguage\":\"en-US\",\"potentialAction\":[{\"@type\":\"ReadAction\",\"target\":[\"https:\/\/www.padreeustaquio.com.br\/simbolos-do-natal-o-presepio\/\"]}]},{\"@type\":\"ImageObject\",\"inLanguage\":\"en-US\",\"@id\":\"https:\/\/www.padreeustaquio.com.br\/simbolos-do-natal-o-presepio\/#primaryimage\",\"url\":\"https:\/\/www.padreeustaquio.com.br\/wp-content\/uploads\/2021\/12\/presepio.jpg\",\"contentUrl\":\"https:\/\/www.padreeustaquio.com.br\/wp-content\/uploads\/2021\/12\/presepio.jpg\",\"width\":748,\"height\":394},{\"@type\":\"BreadcrumbList\",\"@id\":\"https:\/\/www.padreeustaquio.com.br\/simbolos-do-natal-o-presepio\/#breadcrumb\",\"itemListElement\":[{\"@type\":\"ListItem\",\"position\":1,\"name\":\"In\u00edcio\",\"item\":\"https:\/\/www.padreeustaquio.com.br\/\"},{\"@type\":\"ListItem\",\"position\":2,\"name\":\"S\u00edmbolos do Natal: O Pres\u00e9pio\"}]},{\"@type\":\"WebSite\",\"@id\":\"https:\/\/www.padreeustaquio.com.br\/#website\",\"url\":\"https:\/\/www.padreeustaquio.com.br\/\",\"name\":\"Padre Eust\u00e1quio\",\"description\":\"Sa\u00fade e Paz\",\"publisher\":{\"@id\":\"https:\/\/www.padreeustaquio.com.br\/#organization\"},\"potentialAction\":[{\"@type\":\"SearchAction\",\"target\":{\"@type\":\"EntryPoint\",\"urlTemplate\":\"https:\/\/www.padreeustaquio.com.br\/?s={search_term_string}\"},\"query-input\":{\"@type\":\"PropertyValueSpecification\",\"valueRequired\":true,\"valueName\":\"search_term_string\"}}],\"inLanguage\":\"en-US\"},{\"@type\":\"Organization\",\"@id\":\"https:\/\/www.padreeustaquio.com.br\/#organization\",\"name\":\"Padre Eust\u00e1quio\",\"url\":\"https:\/\/www.padreeustaquio.com.br\/\",\"logo\":{\"@type\":\"ImageObject\",\"inLanguage\":\"en-US\",\"@id\":\"https:\/\/www.padreeustaquio.com.br\/#\/schema\/logo\/image\/\",\"url\":\"https:\/\/www.padreeustaquio.com.br\/wp-content\/uploads\/2019\/08\/marca.png\",\"contentUrl\":\"https:\/\/www.padreeustaquio.com.br\/wp-content\/uploads\/2019\/08\/marca.png\",\"width\":350,\"height\":400,\"caption\":\"Padre Eust\u00e1quio\"},\"image\":{\"@id\":\"https:\/\/www.padreeustaquio.com.br\/#\/schema\/logo\/image\/\"},\"sameAs\":[\"https:\/\/www.facebook.com\/beatopadreeustaquio\/\",\"https:\/\/x.com\/beatopeustaquio\",\"https:\/\/www.instagram.com\/beatopadreeustaquio\/\",\"https:\/\/www.youtube.com\/channel\/UCRhw7vfabnajwLxb1ZXMeIw\"]},{\"@type\":\"Person\",\"@id\":\"https:\/\/www.padreeustaquio.com.br\/#\/schema\/person\/a2a51db1d00f1a7af0204a0f1ddb1566\",\"name\":\"@sscc\",\"image\":{\"@type\":\"ImageObject\",\"inLanguage\":\"en-US\",\"@id\":\"https:\/\/secure.gravatar.com\/avatar\/68cfafa5f44617fea54071e215026e0ff06be366c3d54a8425f04fdcb86f8c5f?s=96&d=mm&r=g\",\"url\":\"https:\/\/secure.gravatar.com\/avatar\/68cfafa5f44617fea54071e215026e0ff06be366c3d54a8425f04fdcb86f8c5f?s=96&d=mm&r=g\",\"contentUrl\":\"https:\/\/secure.gravatar.com\/avatar\/68cfafa5f44617fea54071e215026e0ff06be366c3d54a8425f04fdcb86f8c5f?s=96&d=mm&r=g\",\"caption\":\"@sscc\"},\"url\":\"https:\/\/www.padreeustaquio.com.br\/en\/author\/sscc\/\"}]}<\/script>\n<!-- \/ Yoast SEO plugin. -->","yoast_head_json":{"title":"Christmas Symbols: The Nativity Scene","description":"One of the main symbols of the Christian Christmas, the Nativity scene, was first assembled by Saint Francis of Assisi in 1223. Saint Francis wanted to show the peasants of Creccio, a town near Rome, what the night of Jesus&#039; birth had been like.","robots":{"index":"index","follow":"follow","max-snippet":"max-snippet:-1","max-image-preview":"max-image-preview:large","max-video-preview":"max-video-preview:-1"},"canonical":"https:\/\/www.padreeustaquio.com.br\/en\/christmas-symbols-the-nativity-scene\/","og_locale":"en_US","og_type":"article","og_title":"S\u00edmbolos do Natal: O Pres\u00e9pio","og_description":"Um dos principais s\u00edmbolos do Natal crist\u00e3o, o pres\u00e9pio, foi montado pela primeira vez por S\u00e3o Francisco de Assis, em 1223. S\u00e3o Francisco queria mostrar aos camponeses de Creccio, cidade perto de Roma, como tinha sido a noite do nascimento de Jesus.","og_url":"https:\/\/www.padreeustaquio.com.br\/en\/christmas-symbols-the-nativity-scene\/","og_site_name":"Padre Eust\u00e1quio","article_publisher":"https:\/\/www.facebook.com\/beatopadreeustaquio\/","article_published_time":"2021-12-13T08:42:00+00:00","og_image":[{"width":748,"height":394,"url":"https:\/\/www.padreeustaquio.com.br\/wp-content\/uploads\/2021\/12\/presepio.jpg","type":"image\/jpeg"}],"author":"@sscc","twitter_card":"summary_large_image","twitter_creator":"@beatopeustaquio","twitter_site":"@beatopeustaquio","twitter_misc":{"Written by":"@sscc","Est. reading time":"2 minutes"},"schema":{"@context":"https:\/\/schema.org","@graph":[{"@type":"Article","@id":"https:\/\/www.padreeustaquio.com.br\/simbolos-do-natal-o-presepio\/#article","isPartOf":{"@id":"https:\/\/www.padreeustaquio.com.br\/simbolos-do-natal-o-presepio\/"},"author":{"name":"@sscc","@id":"https:\/\/www.padreeustaquio.com.br\/#\/schema\/person\/a2a51db1d00f1a7af0204a0f1ddb1566"},"headline":"S\u00edmbolos do Natal: O Pres\u00e9pio","datePublished":"2021-12-13T08:42:00+00:00","mainEntityOfPage":{"@id":"https:\/\/www.padreeustaquio.com.br\/simbolos-do-natal-o-presepio\/"},"wordCount":282,"commentCount":0,"publisher":{"@id":"https:\/\/www.padreeustaquio.com.br\/#organization"},"image":{"@id":"https:\/\/www.padreeustaquio.com.br\/simbolos-do-natal-o-presepio\/#primaryimage"},"thumbnailUrl":"https:\/\/www.padreeustaquio.com.br\/wp-content\/uploads\/2021\/12\/presepio.jpg","articleSection":["Not\u00edcias"],"inLanguage":"en-US","potentialAction":[{"@type":"CommentAction","name":"Comment","target":["https:\/\/www.padreeustaquio.com.br\/simbolos-do-natal-o-presepio\/#respond"]}]},{"@type":"WebPage","@id":"https:\/\/www.padreeustaquio.com.br\/simbolos-do-natal-o-presepio\/","url":"https:\/\/www.padreeustaquio.com.br\/simbolos-do-natal-o-presepio\/","name":"Christmas Symbols: The Nativity Scene","isPartOf":{"@id":"https:\/\/www.padreeustaquio.com.br\/#website"},"primaryImageOfPage":{"@id":"https:\/\/www.padreeustaquio.com.br\/simbolos-do-natal-o-presepio\/#primaryimage"},"image":{"@id":"https:\/\/www.padreeustaquio.com.br\/simbolos-do-natal-o-presepio\/#primaryimage"},"thumbnailUrl":"https:\/\/www.padreeustaquio.com.br\/wp-content\/uploads\/2021\/12\/presepio.jpg","datePublished":"2021-12-13T08:42:00+00:00","description":"One of the main symbols of the Christian Christmas, the Nativity scene, was first assembled by Saint Francis of Assisi in 1223. Saint Francis wanted to show the peasants of Creccio, a town near Rome, what the night of Jesus&#039; birth had been like.","breadcrumb":{"@id":"https:\/\/www.padreeustaquio.com.br\/simbolos-do-natal-o-presepio\/#breadcrumb"},"inLanguage":"en-US","potentialAction":[{"@type":"ReadAction","target":["https:\/\/www.padreeustaquio.com.br\/simbolos-do-natal-o-presepio\/"]}]},{"@type":"ImageObject","inLanguage":"en-US","@id":"https:\/\/www.padreeustaquio.com.br\/simbolos-do-natal-o-presepio\/#primaryimage","url":"https:\/\/www.padreeustaquio.com.br\/wp-content\/uploads\/2021\/12\/presepio.jpg","contentUrl":"https:\/\/www.padreeustaquio.com.br\/wp-content\/uploads\/2021\/12\/presepio.jpg","width":748,"height":394},{"@type":"BreadcrumbList","@id":"https:\/\/www.padreeustaquio.com.br\/simbolos-do-natal-o-presepio\/#breadcrumb","itemListElement":[{"@type":"ListItem","position":1,"name":"In\u00edcio","item":"https:\/\/www.padreeustaquio.com.br\/"},{"@type":"ListItem","position":2,"name":"S\u00edmbolos do Natal: O Pres\u00e9pio"}]},{"@type":"WebSite","@id":"https:\/\/www.padreeustaquio.com.br\/#website","url":"https:\/\/www.padreeustaquio.com.br\/","name":"FATHER EUST\u00c1QUIO","description":"Health and Peace","publisher":{"@id":"https:\/\/www.padreeustaquio.com.br\/#organization"},"potentialAction":[{"@type":"SearchAction","target":{"@type":"EntryPoint","urlTemplate":"https:\/\/www.padreeustaquio.com.br\/?s={search_term_string}"},"query-input":{"@type":"PropertyValueSpecification","valueRequired":true,"valueName":"search_term_string"}}],"inLanguage":"en-US"},{"@type":"Organization","@id":"https:\/\/www.padreeustaquio.com.br\/#organization","name":"FATHER EUST\u00c1QUIO","url":"https:\/\/www.padreeustaquio.com.br\/","logo":{"@type":"ImageObject","inLanguage":"en-US","@id":"https:\/\/www.padreeustaquio.com.br\/#\/schema\/logo\/image\/","url":"https:\/\/www.padreeustaquio.com.br\/wp-content\/uploads\/2019\/08\/marca.png","contentUrl":"https:\/\/www.padreeustaquio.com.br\/wp-content\/uploads\/2019\/08\/marca.png","width":350,"height":400,"caption":"Padre Eust\u00e1quio"},"image":{"@id":"https:\/\/www.padreeustaquio.com.br\/#\/schema\/logo\/image\/"},"sameAs":["https:\/\/www.facebook.com\/beatopadreeustaquio\/","https:\/\/x.com\/beatopeustaquio","https:\/\/www.instagram.com\/beatopadreeustaquio\/","https:\/\/www.youtube.com\/channel\/UCRhw7vfabnajwLxb1ZXMeIw"]},{"@type":"Person","@id":"https:\/\/www.padreeustaquio.com.br\/#\/schema\/person\/a2a51db1d00f1a7af0204a0f1ddb1566","name":"@sscc","image":{"@type":"ImageObject","inLanguage":"en-US","@id":"https:\/\/secure.gravatar.com\/avatar\/68cfafa5f44617fea54071e215026e0ff06be366c3d54a8425f04fdcb86f8c5f?s=96&d=mm&r=g","url":"https:\/\/secure.gravatar.com\/avatar\/68cfafa5f44617fea54071e215026e0ff06be366c3d54a8425f04fdcb86f8c5f?s=96&d=mm&r=g","contentUrl":"https:\/\/secure.gravatar.com\/avatar\/68cfafa5f44617fea54071e215026e0ff06be366c3d54a8425f04fdcb86f8c5f?s=96&d=mm&r=g","caption":"@sscc"},"url":"https:\/\/www.padreeustaquio.com.br\/en\/author\/sscc\/"}]}},"_links":{"self":[{"href":"https:\/\/www.padreeustaquio.com.br\/en\/wp-json\/wp\/v2\/posts\/7669","targetHints":{"allow":["GET"]}}],"collection":[{"href":"https:\/\/www.padreeustaquio.com.br\/en\/wp-json\/wp\/v2\/posts"}],"about":[{"href":"https:\/\/www.padreeustaquio.com.br\/en\/wp-json\/wp\/v2\/types\/post"}],"author":[{"embeddable":true,"href":"https:\/\/www.padreeustaquio.com.br\/en\/wp-json\/wp\/v2\/users\/2"}],"replies":[{"embeddable":true,"href":"https:\/\/www.padreeustaquio.com.br\/en\/wp-json\/wp\/v2\/comments?post=7669"}],"version-history":[{"count":0,"href":"https:\/\/www.padreeustaquio.com.br\/en\/wp-json\/wp\/v2\/posts\/7669\/revisions"}],"wp:featuredmedia":[{"embeddable":true,"href":"https:\/\/www.padreeustaquio.com.br\/en\/wp-json\/wp\/v2\/media\/7670"}],"wp:attachment":[{"href":"https:\/\/www.padreeustaquio.com.br\/en\/wp-json\/wp\/v2\/media?parent=7669"}],"wp:term":[{"taxonomy":"category","embeddable":true,"href":"https:\/\/www.padreeustaquio.com.br\/en\/wp-json\/wp\/v2\/categories?post=7669"},{"taxonomy":"post_tag","embeddable":true,"href":"https:\/\/www.padreeustaquio.com.br\/en\/wp-json\/wp\/v2\/tags?post=7669"}],"curies":[{"name":"wp","href":"https:\/\/api.w.org\/{rel}","templated":true}]}}