{"id":7652,"date":"2021-12-03T06:19:00","date_gmt":"2021-12-03T09:19:00","guid":{"rendered":"https:\/\/www.padreeustaquio.com.br\/?p=7652"},"modified":"2021-12-02T13:14:31","modified_gmt":"2021-12-02T16:14:31","slug":"the-author-of-9-months-with-mary-celebrated-at-the-sanctuary-of-health-and-peace","status":"publish","type":"post","link":"https:\/\/www.padreeustaquio.com.br\/en\/the-author-of-9-months-with-mary-celebrated-at-the-sanctuary-of-health-and-peace\/","title":{"rendered":"Author of 9 Months with Maria will celebrate at the Sanctuary of Health and Peace."},"content":{"rendered":"<p>Father Lu\u00eds Erlim, CMF, will celebrate Holy Mass at the Church of Father Eust\u00e1quio next Tuesday, December 7th. Immediately after the Mass, the priest will be signing copies of books he has written at the Father Eust\u00e1quio Shop.<\/p>\n\n\n\n<p>The priest, a Claretian missionary, is the author of several books, including &quot;9 Months with Mary,&quot; &quot;3 Months with Saint Joseph,&quot; and &quot;50 Days in the Cenacle with Mary,&quot; all published by [publisher name]. <a href=\"https:\/\/avemaria.com.br\/\" target=\"_blank\" rel=\"noreferrer noopener\">Ave Maria Publishing House<\/a>. Father Lu\u00eds Erlin, CMF, will come to Belo Horizonte and will preside over the Holy Mass on Tuesday at 7 pm at the Sanctuary. As soon as the Mass ends, the priest will go to the Padre Eust\u00e1quio Store to greet the devotees and autograph his works.<\/p>\n\n\n\n<p>The Holy Mass will be broadcast on the Padre Eust\u00e1quio YouTube Channel and will also be open to the public. All hygiene and sanitization measures will be in place at the church entrance. While inside the church, all participants must wear protective masks and maintain social distancing.<\/p>\n\n\n\n<p><strong><a href=\"https:\/\/www.padreluiserlin.com.br\/\" target=\"_blank\" rel=\"noreferrer noopener\">Father Lu\u00eds Erlin, CMF<\/a><\/strong><\/p>\n\n\n\n<p><strong>Fr. Lu\u00eds Erlin<\/strong>\u00a0He is a Missionary Son of the Immaculate Heart of Mary (Claretian). He was born on December 3, 1973, in Camb\u00e9 (PR). He is the fourth child of Manoel Jo\u00e3o.\u00a0<em>(in memoriam<\/em>) and Aparecida Guizilini (<em>in memoriam<\/em>He holds degrees in Philosophy, Theology, and Journalism, and a master&#039;s and doctorate in Social Communication. He is the CEO of Editora Ave-Maria and Revista Ave Maria, where he writes regularly.<\/p>\n\n\n\n<p><\/p>","protected":false},"excerpt":{"rendered":"<p>O Pe. Lu\u00eds Erlim, CMF ir\u00e1 celebrar a Santa Missa na Igreja do Padre Eust\u00e1quio na pr\u00f3xima ter\u00e7a-feira, dia 7 de dezembro. Logo ap\u00f3s a celebra\u00e7\u00e3o, o padre far\u00e1 dedicat\u00f3rias nos livros escritos por ele na Loja do Padre Eust\u00e1quio. O padre, mission\u00e1rio Claretiano, \u00e9 autor de v\u00e1rios livros, dentre eles &#8220;9 meses com Maria&#8221;, &#8220;3 meses com S\u00e3o Jos\u00e9&#8221; e 50 dias no Cen\u00e1culo com Maria&#8221; todos publicados pela Editora Ave Maria. Pe. Lu\u00eds Erlin, CMF vir\u00e1 a Belo Horizonte e ir\u00e1 presidir a Santa Missa de ter\u00e7a-feira, \u00e0s 19h, no Santu\u00e1rio. Assim que a Missa acabar, o padre [&hellip;]<\/p>\n","protected":false},"author":2,"featured_media":7653,"comment_status":"open","ping_status":"closed","sticky":false,"template":"","format":"standard","meta":{"_acf_changed":false,"footnotes":""},"categories":[611],"tags":[],"class_list":["post-7652","post","type-post","status-publish","format-standard","has-post-thumbnail","hentry","category-noticias"],"acf":[],"yoast_head":"<!-- This site is optimized with the Yoast SEO plugin v27.2 - https:\/\/yoast.com\/product\/yoast-seo-wordpress\/ -->\n<title>Autor de 9 meses com Maria celebrar\u00e1 no Santu\u00e1rio da Sa\u00fade e da Paz<\/title>\n<meta name=\"description\" content=\"O Pe. Lu\u00eds Erlim, CMF ir\u00e1 celebrar a Santa Missa na Igreja do Padre Eust\u00e1quio na pr\u00f3xima ter\u00e7a-feira, dia 7 de dezembro. Logo ap\u00f3s a celebra\u00e7\u00e3o, o padre far\u00e1 dedicat\u00f3rias nos livros escritos por ele na Loja do Padre Eust\u00e1quio.\" \/>\n<meta name=\"robots\" content=\"index, follow, max-snippet:-1, max-image-preview:large, max-video-preview:-1\" \/>\n<link rel=\"canonical\" href=\"https:\/\/www.padreeustaquio.com.br\/en\/the-author-of-9-months-with-mary-celebrated-at-the-sanctuary-of-health-and-peace\/\" \/>\n<meta property=\"og:locale\" content=\"en_US\" \/>\n<meta property=\"og:type\" content=\"article\" \/>\n<meta property=\"og:title\" content=\"Autor de 9 meses com Maria celebrar\u00e1 no Santu\u00e1rio da Sa\u00fade e da Paz\" \/>\n<meta property=\"og:description\" content=\"O Pe. Lu\u00eds Erlim, CMF ir\u00e1 celebrar a Santa Missa na Igreja do Padre Eust\u00e1quio na pr\u00f3xima ter\u00e7a-feira, dia 7 de dezembro. Logo ap\u00f3s a celebra\u00e7\u00e3o, o padre far\u00e1 dedicat\u00f3rias nos livros escritos por ele na Loja do Padre Eust\u00e1quio.\" \/>\n<meta property=\"og:url\" content=\"https:\/\/www.padreeustaquio.com.br\/en\/the-author-of-9-months-with-mary-celebrated-at-the-sanctuary-of-health-and-peace\/\" \/>\n<meta property=\"og:site_name\" content=\"Padre Eust\u00e1quio\" \/>\n<meta property=\"article:publisher\" content=\"https:\/\/www.facebook.com\/beatopadreeustaquio\/\" \/>\n<meta property=\"article:published_time\" content=\"2021-12-03T09:19:00+00:00\" \/>\n<meta property=\"og:image\" content=\"https:\/\/www.padreeustaquio.com.br\/wp-content\/uploads\/2021\/12\/padre-luis-erlin-Ave-Maria-Divulgacao.jpg\" \/>\n\t<meta property=\"og:image:width\" content=\"1280\" \/>\n\t<meta property=\"og:image:height\" content=\"720\" \/>\n\t<meta property=\"og:image:type\" content=\"image\/jpeg\" \/>\n<meta name=\"author\" content=\"@sscc\" \/>\n<meta name=\"twitter:card\" content=\"summary_large_image\" \/>\n<meta name=\"twitter:creator\" content=\"@beatopeustaquio\" \/>\n<meta name=\"twitter:site\" content=\"@beatopeustaquio\" \/>\n<meta name=\"twitter:label1\" content=\"Written by\" \/>\n\t<meta name=\"twitter:data1\" content=\"@sscc\" \/>\n\t<meta name=\"twitter:label2\" content=\"Est. reading time\" \/>\n\t<meta name=\"twitter:data2\" content=\"1 minute\" \/>\n<script type=\"application\/ld+json\" class=\"yoast-schema-graph\">{\"@context\":\"https:\/\/schema.org\",\"@graph\":[{\"@type\":\"Article\",\"@id\":\"https:\/\/www.padreeustaquio.com.br\/autor-de-9-meses-com-maria-celebrara-no-santuario-da-saude-e-da-paz\/#article\",\"isPartOf\":{\"@id\":\"https:\/\/www.padreeustaquio.com.br\/autor-de-9-meses-com-maria-celebrara-no-santuario-da-saude-e-da-paz\/\"},\"author\":{\"name\":\"@sscc\",\"@id\":\"https:\/\/www.padreeustaquio.com.br\/#\/schema\/person\/a2a51db1d00f1a7af0204a0f1ddb1566\"},\"headline\":\"Autor de 9 meses com Maria celebrar\u00e1 no Santu\u00e1rio da Sa\u00fade e da Paz\",\"datePublished\":\"2021-12-03T09:19:00+00:00\",\"mainEntityOfPage\":{\"@id\":\"https:\/\/www.padreeustaquio.com.br\/autor-de-9-meses-com-maria-celebrara-no-santuario-da-saude-e-da-paz\/\"},\"wordCount\":261,\"commentCount\":0,\"publisher\":{\"@id\":\"https:\/\/www.padreeustaquio.com.br\/#organization\"},\"image\":{\"@id\":\"https:\/\/www.padreeustaquio.com.br\/autor-de-9-meses-com-maria-celebrara-no-santuario-da-saude-e-da-paz\/#primaryimage\"},\"thumbnailUrl\":\"https:\/\/www.padreeustaquio.com.br\/wp-content\/uploads\/2021\/12\/padre-luis-erlin-Ave-Maria-Divulgacao.jpg\",\"articleSection\":[\"Not\u00edcias\"],\"inLanguage\":\"en-US\",\"potentialAction\":[{\"@type\":\"CommentAction\",\"name\":\"Comment\",\"target\":[\"https:\/\/www.padreeustaquio.com.br\/autor-de-9-meses-com-maria-celebrara-no-santuario-da-saude-e-da-paz\/#respond\"]}]},{\"@type\":\"WebPage\",\"@id\":\"https:\/\/www.padreeustaquio.com.br\/autor-de-9-meses-com-maria-celebrara-no-santuario-da-saude-e-da-paz\/\",\"url\":\"https:\/\/www.padreeustaquio.com.br\/autor-de-9-meses-com-maria-celebrara-no-santuario-da-saude-e-da-paz\/\",\"name\":\"Autor de 9 meses com Maria celebrar\u00e1 no Santu\u00e1rio da Sa\u00fade e da Paz\",\"isPartOf\":{\"@id\":\"https:\/\/www.padreeustaquio.com.br\/#website\"},\"primaryImageOfPage\":{\"@id\":\"https:\/\/www.padreeustaquio.com.br\/autor-de-9-meses-com-maria-celebrara-no-santuario-da-saude-e-da-paz\/#primaryimage\"},\"image\":{\"@id\":\"https:\/\/www.padreeustaquio.com.br\/autor-de-9-meses-com-maria-celebrara-no-santuario-da-saude-e-da-paz\/#primaryimage\"},\"thumbnailUrl\":\"https:\/\/www.padreeustaquio.com.br\/wp-content\/uploads\/2021\/12\/padre-luis-erlin-Ave-Maria-Divulgacao.jpg\",\"datePublished\":\"2021-12-03T09:19:00+00:00\",\"description\":\"O Pe. Lu\u00eds Erlim, CMF ir\u00e1 celebrar a Santa Missa na Igreja do Padre Eust\u00e1quio na pr\u00f3xima ter\u00e7a-feira, dia 7 de dezembro. Logo ap\u00f3s a celebra\u00e7\u00e3o, o padre far\u00e1 dedicat\u00f3rias nos livros escritos por ele na Loja do Padre Eust\u00e1quio.\",\"breadcrumb\":{\"@id\":\"https:\/\/www.padreeustaquio.com.br\/autor-de-9-meses-com-maria-celebrara-no-santuario-da-saude-e-da-paz\/#breadcrumb\"},\"inLanguage\":\"en-US\",\"potentialAction\":[{\"@type\":\"ReadAction\",\"target\":[\"https:\/\/www.padreeustaquio.com.br\/autor-de-9-meses-com-maria-celebrara-no-santuario-da-saude-e-da-paz\/\"]}]},{\"@type\":\"ImageObject\",\"inLanguage\":\"en-US\",\"@id\":\"https:\/\/www.padreeustaquio.com.br\/autor-de-9-meses-com-maria-celebrara-no-santuario-da-saude-e-da-paz\/#primaryimage\",\"url\":\"https:\/\/www.padreeustaquio.com.br\/wp-content\/uploads\/2021\/12\/padre-luis-erlin-Ave-Maria-Divulgacao.jpg\",\"contentUrl\":\"https:\/\/www.padreeustaquio.com.br\/wp-content\/uploads\/2021\/12\/padre-luis-erlin-Ave-Maria-Divulgacao.jpg\",\"width\":1280,\"height\":720},{\"@type\":\"BreadcrumbList\",\"@id\":\"https:\/\/www.padreeustaquio.com.br\/autor-de-9-meses-com-maria-celebrara-no-santuario-da-saude-e-da-paz\/#breadcrumb\",\"itemListElement\":[{\"@type\":\"ListItem\",\"position\":1,\"name\":\"In\u00edcio\",\"item\":\"https:\/\/www.padreeustaquio.com.br\/\"},{\"@type\":\"ListItem\",\"position\":2,\"name\":\"Autor de 9 meses com Maria celebrar\u00e1 no Santu\u00e1rio da Sa\u00fade e da Paz\"}]},{\"@type\":\"WebSite\",\"@id\":\"https:\/\/www.padreeustaquio.com.br\/#website\",\"url\":\"https:\/\/www.padreeustaquio.com.br\/\",\"name\":\"Padre Eust\u00e1quio\",\"description\":\"Sa\u00fade e Paz\",\"publisher\":{\"@id\":\"https:\/\/www.padreeustaquio.com.br\/#organization\"},\"potentialAction\":[{\"@type\":\"SearchAction\",\"target\":{\"@type\":\"EntryPoint\",\"urlTemplate\":\"https:\/\/www.padreeustaquio.com.br\/?s={search_term_string}\"},\"query-input\":{\"@type\":\"PropertyValueSpecification\",\"valueRequired\":true,\"valueName\":\"search_term_string\"}}],\"inLanguage\":\"en-US\"},{\"@type\":\"Organization\",\"@id\":\"https:\/\/www.padreeustaquio.com.br\/#organization\",\"name\":\"Padre Eust\u00e1quio\",\"url\":\"https:\/\/www.padreeustaquio.com.br\/\",\"logo\":{\"@type\":\"ImageObject\",\"inLanguage\":\"en-US\",\"@id\":\"https:\/\/www.padreeustaquio.com.br\/#\/schema\/logo\/image\/\",\"url\":\"https:\/\/www.padreeustaquio.com.br\/wp-content\/uploads\/2019\/08\/marca.png\",\"contentUrl\":\"https:\/\/www.padreeustaquio.com.br\/wp-content\/uploads\/2019\/08\/marca.png\",\"width\":350,\"height\":400,\"caption\":\"Padre Eust\u00e1quio\"},\"image\":{\"@id\":\"https:\/\/www.padreeustaquio.com.br\/#\/schema\/logo\/image\/\"},\"sameAs\":[\"https:\/\/www.facebook.com\/beatopadreeustaquio\/\",\"https:\/\/x.com\/beatopeustaquio\",\"https:\/\/www.instagram.com\/beatopadreeustaquio\/\",\"https:\/\/www.youtube.com\/channel\/UCRhw7vfabnajwLxb1ZXMeIw\"]},{\"@type\":\"Person\",\"@id\":\"https:\/\/www.padreeustaquio.com.br\/#\/schema\/person\/a2a51db1d00f1a7af0204a0f1ddb1566\",\"name\":\"@sscc\",\"image\":{\"@type\":\"ImageObject\",\"inLanguage\":\"en-US\",\"@id\":\"https:\/\/secure.gravatar.com\/avatar\/68cfafa5f44617fea54071e215026e0ff06be366c3d54a8425f04fdcb86f8c5f?s=96&d=mm&r=g\",\"url\":\"https:\/\/secure.gravatar.com\/avatar\/68cfafa5f44617fea54071e215026e0ff06be366c3d54a8425f04fdcb86f8c5f?s=96&d=mm&r=g\",\"contentUrl\":\"https:\/\/secure.gravatar.com\/avatar\/68cfafa5f44617fea54071e215026e0ff06be366c3d54a8425f04fdcb86f8c5f?s=96&d=mm&r=g\",\"caption\":\"@sscc\"},\"url\":\"https:\/\/www.padreeustaquio.com.br\/en\/author\/sscc\/\"}]}<\/script>\n<!-- \/ Yoast SEO plugin. -->","yoast_head_json":{"title":"Author of 9 Months with Maria will celebrate at the Sanctuary of Health and Peace.","description":"Father Lu\u00eds Erlim, CMF, will celebrate Holy Mass at the Church of Father Eust\u00e1quio next Tuesday, December 7th. Immediately after the Mass, the priest will be signing copies of books he has written at the Father Eust\u00e1quio Shop.","robots":{"index":"index","follow":"follow","max-snippet":"max-snippet:-1","max-image-preview":"max-image-preview:large","max-video-preview":"max-video-preview:-1"},"canonical":"https:\/\/www.padreeustaquio.com.br\/en\/the-author-of-9-months-with-mary-celebrated-at-the-sanctuary-of-health-and-peace\/","og_locale":"en_US","og_type":"article","og_title":"Autor de 9 meses com Maria celebrar\u00e1 no Santu\u00e1rio da Sa\u00fade e da Paz","og_description":"O Pe. Lu\u00eds Erlim, CMF ir\u00e1 celebrar a Santa Missa na Igreja do Padre Eust\u00e1quio na pr\u00f3xima ter\u00e7a-feira, dia 7 de dezembro. Logo ap\u00f3s a celebra\u00e7\u00e3o, o padre far\u00e1 dedicat\u00f3rias nos livros escritos por ele na Loja do Padre Eust\u00e1quio.","og_url":"https:\/\/www.padreeustaquio.com.br\/en\/the-author-of-9-months-with-mary-celebrated-at-the-sanctuary-of-health-and-peace\/","og_site_name":"Padre Eust\u00e1quio","article_publisher":"https:\/\/www.facebook.com\/beatopadreeustaquio\/","article_published_time":"2021-12-03T09:19:00+00:00","og_image":[{"width":1280,"height":720,"url":"https:\/\/www.padreeustaquio.com.br\/wp-content\/uploads\/2021\/12\/padre-luis-erlin-Ave-Maria-Divulgacao.jpg","type":"image\/jpeg"}],"author":"@sscc","twitter_card":"summary_large_image","twitter_creator":"@beatopeustaquio","twitter_site":"@beatopeustaquio","twitter_misc":{"Written by":"@sscc","Est. reading time":"1 minute"},"schema":{"@context":"https:\/\/schema.org","@graph":[{"@type":"Article","@id":"https:\/\/www.padreeustaquio.com.br\/autor-de-9-meses-com-maria-celebrara-no-santuario-da-saude-e-da-paz\/#article","isPartOf":{"@id":"https:\/\/www.padreeustaquio.com.br\/autor-de-9-meses-com-maria-celebrara-no-santuario-da-saude-e-da-paz\/"},"author":{"name":"@sscc","@id":"https:\/\/www.padreeustaquio.com.br\/#\/schema\/person\/a2a51db1d00f1a7af0204a0f1ddb1566"},"headline":"Autor de 9 meses com Maria celebrar\u00e1 no Santu\u00e1rio da Sa\u00fade e da Paz","datePublished":"2021-12-03T09:19:00+00:00","mainEntityOfPage":{"@id":"https:\/\/www.padreeustaquio.com.br\/autor-de-9-meses-com-maria-celebrara-no-santuario-da-saude-e-da-paz\/"},"wordCount":261,"commentCount":0,"publisher":{"@id":"https:\/\/www.padreeustaquio.com.br\/#organization"},"image":{"@id":"https:\/\/www.padreeustaquio.com.br\/autor-de-9-meses-com-maria-celebrara-no-santuario-da-saude-e-da-paz\/#primaryimage"},"thumbnailUrl":"https:\/\/www.padreeustaquio.com.br\/wp-content\/uploads\/2021\/12\/padre-luis-erlin-Ave-Maria-Divulgacao.jpg","articleSection":["Not\u00edcias"],"inLanguage":"en-US","potentialAction":[{"@type":"CommentAction","name":"Comment","target":["https:\/\/www.padreeustaquio.com.br\/autor-de-9-meses-com-maria-celebrara-no-santuario-da-saude-e-da-paz\/#respond"]}]},{"@type":"WebPage","@id":"https:\/\/www.padreeustaquio.com.br\/autor-de-9-meses-com-maria-celebrara-no-santuario-da-saude-e-da-paz\/","url":"https:\/\/www.padreeustaquio.com.br\/autor-de-9-meses-com-maria-celebrara-no-santuario-da-saude-e-da-paz\/","name":"Author of 9 Months with Maria will celebrate at the Sanctuary of Health and Peace.","isPartOf":{"@id":"https:\/\/www.padreeustaquio.com.br\/#website"},"primaryImageOfPage":{"@id":"https:\/\/www.padreeustaquio.com.br\/autor-de-9-meses-com-maria-celebrara-no-santuario-da-saude-e-da-paz\/#primaryimage"},"image":{"@id":"https:\/\/www.padreeustaquio.com.br\/autor-de-9-meses-com-maria-celebrara-no-santuario-da-saude-e-da-paz\/#primaryimage"},"thumbnailUrl":"https:\/\/www.padreeustaquio.com.br\/wp-content\/uploads\/2021\/12\/padre-luis-erlin-Ave-Maria-Divulgacao.jpg","datePublished":"2021-12-03T09:19:00+00:00","description":"Father Lu\u00eds Erlim, CMF, will celebrate Holy Mass at the Church of Father Eust\u00e1quio next Tuesday, December 7th. Immediately after the Mass, the priest will be signing copies of books he has written at the Father Eust\u00e1quio Shop.","breadcrumb":{"@id":"https:\/\/www.padreeustaquio.com.br\/autor-de-9-meses-com-maria-celebrara-no-santuario-da-saude-e-da-paz\/#breadcrumb"},"inLanguage":"en-US","potentialAction":[{"@type":"ReadAction","target":["https:\/\/www.padreeustaquio.com.br\/autor-de-9-meses-com-maria-celebrara-no-santuario-da-saude-e-da-paz\/"]}]},{"@type":"ImageObject","inLanguage":"en-US","@id":"https:\/\/www.padreeustaquio.com.br\/autor-de-9-meses-com-maria-celebrara-no-santuario-da-saude-e-da-paz\/#primaryimage","url":"https:\/\/www.padreeustaquio.com.br\/wp-content\/uploads\/2021\/12\/padre-luis-erlin-Ave-Maria-Divulgacao.jpg","contentUrl":"https:\/\/www.padreeustaquio.com.br\/wp-content\/uploads\/2021\/12\/padre-luis-erlin-Ave-Maria-Divulgacao.jpg","width":1280,"height":720},{"@type":"BreadcrumbList","@id":"https:\/\/www.padreeustaquio.com.br\/autor-de-9-meses-com-maria-celebrara-no-santuario-da-saude-e-da-paz\/#breadcrumb","itemListElement":[{"@type":"ListItem","position":1,"name":"In\u00edcio","item":"https:\/\/www.padreeustaquio.com.br\/"},{"@type":"ListItem","position":2,"name":"Autor de 9 meses com Maria celebrar\u00e1 no Santu\u00e1rio da Sa\u00fade e da Paz"}]},{"@type":"WebSite","@id":"https:\/\/www.padreeustaquio.com.br\/#website","url":"https:\/\/www.padreeustaquio.com.br\/","name":"FATHER EUST\u00c1QUIO","description":"Health and Peace","publisher":{"@id":"https:\/\/www.padreeustaquio.com.br\/#organization"},"potentialAction":[{"@type":"SearchAction","target":{"@type":"EntryPoint","urlTemplate":"https:\/\/www.padreeustaquio.com.br\/?s={search_term_string}"},"query-input":{"@type":"PropertyValueSpecification","valueRequired":true,"valueName":"search_term_string"}}],"inLanguage":"en-US"},{"@type":"Organization","@id":"https:\/\/www.padreeustaquio.com.br\/#organization","name":"FATHER EUST\u00c1QUIO","url":"https:\/\/www.padreeustaquio.com.br\/","logo":{"@type":"ImageObject","inLanguage":"en-US","@id":"https:\/\/www.padreeustaquio.com.br\/#\/schema\/logo\/image\/","url":"https:\/\/www.padreeustaquio.com.br\/wp-content\/uploads\/2019\/08\/marca.png","contentUrl":"https:\/\/www.padreeustaquio.com.br\/wp-content\/uploads\/2019\/08\/marca.png","width":350,"height":400,"caption":"Padre Eust\u00e1quio"},"image":{"@id":"https:\/\/www.padreeustaquio.com.br\/#\/schema\/logo\/image\/"},"sameAs":["https:\/\/www.facebook.com\/beatopadreeustaquio\/","https:\/\/x.com\/beatopeustaquio","https:\/\/www.instagram.com\/beatopadreeustaquio\/","https:\/\/www.youtube.com\/channel\/UCRhw7vfabnajwLxb1ZXMeIw"]},{"@type":"Person","@id":"https:\/\/www.padreeustaquio.com.br\/#\/schema\/person\/a2a51db1d00f1a7af0204a0f1ddb1566","name":"@sscc","image":{"@type":"ImageObject","inLanguage":"en-US","@id":"https:\/\/secure.gravatar.com\/avatar\/68cfafa5f44617fea54071e215026e0ff06be366c3d54a8425f04fdcb86f8c5f?s=96&d=mm&r=g","url":"https:\/\/secure.gravatar.com\/avatar\/68cfafa5f44617fea54071e215026e0ff06be366c3d54a8425f04fdcb86f8c5f?s=96&d=mm&r=g","contentUrl":"https:\/\/secure.gravatar.com\/avatar\/68cfafa5f44617fea54071e215026e0ff06be366c3d54a8425f04fdcb86f8c5f?s=96&d=mm&r=g","caption":"@sscc"},"url":"https:\/\/www.padreeustaquio.com.br\/en\/author\/sscc\/"}]}},"_links":{"self":[{"href":"https:\/\/www.padreeustaquio.com.br\/en\/wp-json\/wp\/v2\/posts\/7652","targetHints":{"allow":["GET"]}}],"collection":[{"href":"https:\/\/www.padreeustaquio.com.br\/en\/wp-json\/wp\/v2\/posts"}],"about":[{"href":"https:\/\/www.padreeustaquio.com.br\/en\/wp-json\/wp\/v2\/types\/post"}],"author":[{"embeddable":true,"href":"https:\/\/www.padreeustaquio.com.br\/en\/wp-json\/wp\/v2\/users\/2"}],"replies":[{"embeddable":true,"href":"https:\/\/www.padreeustaquio.com.br\/en\/wp-json\/wp\/v2\/comments?post=7652"}],"version-history":[{"count":0,"href":"https:\/\/www.padreeustaquio.com.br\/en\/wp-json\/wp\/v2\/posts\/7652\/revisions"}],"wp:featuredmedia":[{"embeddable":true,"href":"https:\/\/www.padreeustaquio.com.br\/en\/wp-json\/wp\/v2\/media\/7653"}],"wp:attachment":[{"href":"https:\/\/www.padreeustaquio.com.br\/en\/wp-json\/wp\/v2\/media?parent=7652"}],"wp:term":[{"taxonomy":"category","embeddable":true,"href":"https:\/\/www.padreeustaquio.com.br\/en\/wp-json\/wp\/v2\/categories?post=7652"},{"taxonomy":"post_tag","embeddable":true,"href":"https:\/\/www.padreeustaquio.com.br\/en\/wp-json\/wp\/v2\/tags?post=7652"}],"curies":[{"name":"wp","href":"https:\/\/api.w.org\/{rel}","templated":true}]}}