{"id":7635,"date":"2021-12-02T06:15:00","date_gmt":"2021-12-02T09:15:00","guid":{"rendered":"https:\/\/www.padreeustaquio.com.br\/?p=7635"},"modified":"2021-12-02T12:25:20","modified_gmt":"2021-12-02T15:25:20","slug":"devotees-of-father-eustaquio-participate-in-a-program-on-cancao-nova-tv","status":"publish","type":"post","link":"https:\/\/www.padreeustaquio.com.br\/en\/devotees-of-father-eustaquio-participate-in-a-program-on-cancao-nova-tv\/","title":{"rendered":"Devotees of Father Eust\u00e1quio participate in a program on Can\u00e7\u00e3o Nova TV."},"content":{"rendered":"<p>The &quot;Together We Are More&quot; program on TV Can\u00e7\u00e3o Nova had very special guests this Wednesday, the 1st. The Divine Providence Rosary segment featured a virtual audience, made up of devotees of the Blessed One.<\/p>\n\n\n\n<p>Presented by Cristiane Silva, Andr\u00e9 Flor\u00eancio, and L\u00facio Dom\u00edcio, all from the Can\u00e7\u00e3o Nova Community, this Wednesday&#039;s &quot;Together We Are More&quot; program discussed the actions carried out by the evangelizing partners of the Catholic community and asked Divine Providence to continue evangelizing through the media. At one point in the program, there was a meditation on the Rosary of Divine Providence, a moment in which several devotees of Father Eust\u00e1quio participated in the prayer, among them Dom Luiz Mancilha Vilela, Archbishop Emeritus of Vit\u00f3ria in Esp\u00edrito Santo. <\/p>\n\n\n\n<p>The program also featured the special participation of the representative of the Cause for the Canonization of Father Eust\u00e1quio here in Brazil, Fr. Vin\u00edcius Maciel, ss.cc, and the nephew of the Dutch priest, Will van den Boomen, who participated in the program directly from the Netherlands. <\/p>\n\n\n\n<p>Other brothers and devotees of Father Eust\u00e1quio also participated in the program, both from Minas Gerais and other states, and even from outside the country, such as the United States and Mexico. Watch the program. <a href=\"https:\/\/www.youtube.com\/watch?v=tznpxO0MIsw&amp;list=PLgzp587mOb1nToBV-yDWqXt66z-8FiH_R\" target=\"_blank\" rel=\"noreferrer noopener\">CLICK HERE<\/a>.<\/p>\n\n\n\n<p><strong>Together We Are Stronger<\/strong><\/p>\n\n\n\n<p>The Can\u00e7\u00e3o Nova TV program is considered an inspiration that embodies the values of the Kingdom of God, such as sharing, love, giving of time and life, generosity, and service for the salvation of souls. Its purpose is to bring the people of God closer to the members of Can\u00e7\u00e3o Nova who, through their testimonies, convey the power of this evangelization that reaches people&#039;s hearts in various life situations.&nbsp;<\/p>\n\n\n\n<p>The show reaches viewers through TV Can\u00e7\u00e3o Nova every Monday, Wednesday, and Friday at 2 PM, live from the headquarters of the Can\u00e7\u00e3o Nova Community in Cachoeira Paulista (SP), and on Tuesdays live from the capital of Belo Horizonte (MG). On Saturdays and Sundays at 10:30 AM, the program gets even closer to the members to thank those who go to the Santa Cruz farm, having the grace to participate in the events or showing a little of the house, the Can\u00e7\u00e3o Nova Community, and the behind-the-scenes of the Jo\u00e3o Paulo II Foundation.<\/p>\n\n\n\n<p><\/p>","protected":false},"excerpt":{"rendered":"<p>O Programa &#8220;Juntos Somos Mais&#8221; da TV Can\u00e7\u00e3o Nova teve participa\u00e7\u00f5es muito especiais nessa quarta-feira, dia 1\u00ba. O momento do Ter\u00e7o da Divina Provid\u00eancia contou com uma plateia virtual, formada por devotos do Bem-Aventurado. Apresentado por Cristiane Silva, Andr\u00e9 Flor\u00eancio e L\u00facio Dom\u00edcio, todos da Comunidade Can\u00e7\u00e3o Nova, o Juntos Somos Mais dessa quarta-feira, falou das a\u00e7\u00f5es realizadas pelos s\u00f3cios evangelizadores da comunidade cat\u00f3lica e pediu a Provid\u00eancia Divina para continuar evangelizando pelos meios de comunica\u00e7\u00e3o. Em um dos momentos do programa houve a medita\u00e7\u00e3o do Ter\u00e7o da Divina Provid\u00eancia, momento em que v\u00e1rios devotos de Padre Eust\u00e1quio participaram da [&hellip;]<\/p>\n","protected":false},"author":2,"featured_media":7642,"comment_status":"open","ping_status":"closed","sticky":false,"template":"","format":"standard","meta":{"_acf_changed":false,"footnotes":""},"categories":[611],"tags":[],"class_list":["post-7635","post","type-post","status-publish","format-standard","has-post-thumbnail","hentry","category-noticias"],"acf":[],"yoast_head":"<!-- This site is optimized with the Yoast SEO plugin v27.2 - https:\/\/yoast.com\/product\/yoast-seo-wordpress\/ -->\n<title>Devotos de Padre Eust\u00e1quio participam de programa da TV Can\u00e7\u00e3o Nova<\/title>\n<meta name=\"description\" content=\"O Programa &quot;Juntos Somos Mais&quot; da TV Can\u00e7\u00e3o Nova teve uma participa\u00e7\u00e3o muito especial nessa quarta-feira. O momento do Ter\u00e7o da Divina Provid\u00eancia uma plateia virtual, formada por devotos do Bem-Aventurado, ajudou a compor o cen\u00e1rio do programa.\" \/>\n<meta name=\"robots\" content=\"index, follow, max-snippet:-1, max-image-preview:large, max-video-preview:-1\" \/>\n<link rel=\"canonical\" href=\"https:\/\/www.padreeustaquio.com.br\/en\/devotees-of-father-eustaquio-participate-in-a-program-on-cancao-nova-tv\/\" \/>\n<meta property=\"og:locale\" content=\"en_US\" \/>\n<meta property=\"og:type\" content=\"article\" \/>\n<meta property=\"og:title\" content=\"Devotos de Padre Eust\u00e1quio participam de programa da TV Can\u00e7\u00e3o Nova\" \/>\n<meta property=\"og:description\" content=\"O Programa &quot;Juntos Somos Mais&quot; da TV Can\u00e7\u00e3o Nova teve uma participa\u00e7\u00e3o muito especial nessa quarta-feira. O momento do Ter\u00e7o da Divina Provid\u00eancia uma plateia virtual, formada por devotos do Bem-Aventurado, ajudou a compor o cen\u00e1rio do programa.\" \/>\n<meta property=\"og:url\" content=\"https:\/\/www.padreeustaquio.com.br\/en\/devotees-of-father-eustaquio-participate-in-a-program-on-cancao-nova-tv\/\" \/>\n<meta property=\"og:site_name\" content=\"Padre Eust\u00e1quio\" \/>\n<meta property=\"article:publisher\" content=\"https:\/\/www.facebook.com\/beatopadreeustaquio\/\" \/>\n<meta property=\"article:published_time\" content=\"2021-12-02T09:15:00+00:00\" \/>\n<meta property=\"article:modified_time\" content=\"2021-12-02T15:25:20+00:00\" \/>\n<meta property=\"og:image\" content=\"https:\/\/www.padreeustaquio.com.br\/wp-content\/uploads\/2021\/12\/juntos-somos-mais.png\" \/>\n\t<meta property=\"og:image:width\" content=\"1366\" \/>\n\t<meta property=\"og:image:height\" content=\"768\" \/>\n\t<meta property=\"og:image:type\" content=\"image\/png\" \/>\n<meta name=\"author\" content=\"@sscc\" \/>\n<meta name=\"twitter:card\" content=\"summary_large_image\" \/>\n<meta name=\"twitter:creator\" content=\"@beatopeustaquio\" \/>\n<meta name=\"twitter:site\" content=\"@beatopeustaquio\" \/>\n<meta name=\"twitter:label1\" content=\"Written by\" \/>\n\t<meta name=\"twitter:data1\" content=\"@sscc\" \/>\n\t<meta name=\"twitter:label2\" content=\"Est. reading time\" \/>\n\t<meta name=\"twitter:data2\" content=\"2 minutes\" \/>\n<script type=\"application\/ld+json\" class=\"yoast-schema-graph\">{\"@context\":\"https:\/\/schema.org\",\"@graph\":[{\"@type\":\"Article\",\"@id\":\"https:\/\/www.padreeustaquio.com.br\/devotos-de-padre-eustaquio-participam-de-programa-da-tv-cancao-nova\/#article\",\"isPartOf\":{\"@id\":\"https:\/\/www.padreeustaquio.com.br\/devotos-de-padre-eustaquio-participam-de-programa-da-tv-cancao-nova\/\"},\"author\":{\"name\":\"@sscc\",\"@id\":\"https:\/\/www.padreeustaquio.com.br\/#\/schema\/person\/a2a51db1d00f1a7af0204a0f1ddb1566\"},\"headline\":\"Devotos de Padre Eust\u00e1quio participam de programa da TV Can\u00e7\u00e3o Nova\",\"datePublished\":\"2021-12-02T09:15:00+00:00\",\"dateModified\":\"2021-12-02T15:25:20+00:00\",\"mainEntityOfPage\":{\"@id\":\"https:\/\/www.padreeustaquio.com.br\/devotos-de-padre-eustaquio-participam-de-programa-da-tv-cancao-nova\/\"},\"wordCount\":432,\"commentCount\":0,\"publisher\":{\"@id\":\"https:\/\/www.padreeustaquio.com.br\/#organization\"},\"image\":{\"@id\":\"https:\/\/www.padreeustaquio.com.br\/devotos-de-padre-eustaquio-participam-de-programa-da-tv-cancao-nova\/#primaryimage\"},\"thumbnailUrl\":\"https:\/\/www.padreeustaquio.com.br\/wp-content\/uploads\/2021\/12\/juntos-somos-mais.png\",\"articleSection\":[\"Not\u00edcias\"],\"inLanguage\":\"en-US\",\"potentialAction\":[{\"@type\":\"CommentAction\",\"name\":\"Comment\",\"target\":[\"https:\/\/www.padreeustaquio.com.br\/devotos-de-padre-eustaquio-participam-de-programa-da-tv-cancao-nova\/#respond\"]}]},{\"@type\":\"WebPage\",\"@id\":\"https:\/\/www.padreeustaquio.com.br\/devotos-de-padre-eustaquio-participam-de-programa-da-tv-cancao-nova\/\",\"url\":\"https:\/\/www.padreeustaquio.com.br\/devotos-de-padre-eustaquio-participam-de-programa-da-tv-cancao-nova\/\",\"name\":\"Devotos de Padre Eust\u00e1quio participam de programa da TV Can\u00e7\u00e3o Nova\",\"isPartOf\":{\"@id\":\"https:\/\/www.padreeustaquio.com.br\/#website\"},\"primaryImageOfPage\":{\"@id\":\"https:\/\/www.padreeustaquio.com.br\/devotos-de-padre-eustaquio-participam-de-programa-da-tv-cancao-nova\/#primaryimage\"},\"image\":{\"@id\":\"https:\/\/www.padreeustaquio.com.br\/devotos-de-padre-eustaquio-participam-de-programa-da-tv-cancao-nova\/#primaryimage\"},\"thumbnailUrl\":\"https:\/\/www.padreeustaquio.com.br\/wp-content\/uploads\/2021\/12\/juntos-somos-mais.png\",\"datePublished\":\"2021-12-02T09:15:00+00:00\",\"dateModified\":\"2021-12-02T15:25:20+00:00\",\"description\":\"O Programa \\\"Juntos Somos Mais\\\" da TV Can\u00e7\u00e3o Nova teve uma participa\u00e7\u00e3o muito especial nessa quarta-feira. O momento do Ter\u00e7o da Divina Provid\u00eancia uma plateia virtual, formada por devotos do Bem-Aventurado, ajudou a compor o cen\u00e1rio do programa.\",\"breadcrumb\":{\"@id\":\"https:\/\/www.padreeustaquio.com.br\/devotos-de-padre-eustaquio-participam-de-programa-da-tv-cancao-nova\/#breadcrumb\"},\"inLanguage\":\"en-US\",\"potentialAction\":[{\"@type\":\"ReadAction\",\"target\":[\"https:\/\/www.padreeustaquio.com.br\/devotos-de-padre-eustaquio-participam-de-programa-da-tv-cancao-nova\/\"]}]},{\"@type\":\"ImageObject\",\"inLanguage\":\"en-US\",\"@id\":\"https:\/\/www.padreeustaquio.com.br\/devotos-de-padre-eustaquio-participam-de-programa-da-tv-cancao-nova\/#primaryimage\",\"url\":\"https:\/\/www.padreeustaquio.com.br\/wp-content\/uploads\/2021\/12\/juntos-somos-mais.png\",\"contentUrl\":\"https:\/\/www.padreeustaquio.com.br\/wp-content\/uploads\/2021\/12\/juntos-somos-mais.png\",\"width\":1366,\"height\":768},{\"@type\":\"BreadcrumbList\",\"@id\":\"https:\/\/www.padreeustaquio.com.br\/devotos-de-padre-eustaquio-participam-de-programa-da-tv-cancao-nova\/#breadcrumb\",\"itemListElement\":[{\"@type\":\"ListItem\",\"position\":1,\"name\":\"In\u00edcio\",\"item\":\"https:\/\/www.padreeustaquio.com.br\/\"},{\"@type\":\"ListItem\",\"position\":2,\"name\":\"Devotos de Padre Eust\u00e1quio participam de programa da TV Can\u00e7\u00e3o Nova\"}]},{\"@type\":\"WebSite\",\"@id\":\"https:\/\/www.padreeustaquio.com.br\/#website\",\"url\":\"https:\/\/www.padreeustaquio.com.br\/\",\"name\":\"Padre Eust\u00e1quio\",\"description\":\"Sa\u00fade e Paz\",\"publisher\":{\"@id\":\"https:\/\/www.padreeustaquio.com.br\/#organization\"},\"potentialAction\":[{\"@type\":\"SearchAction\",\"target\":{\"@type\":\"EntryPoint\",\"urlTemplate\":\"https:\/\/www.padreeustaquio.com.br\/?s={search_term_string}\"},\"query-input\":{\"@type\":\"PropertyValueSpecification\",\"valueRequired\":true,\"valueName\":\"search_term_string\"}}],\"inLanguage\":\"en-US\"},{\"@type\":\"Organization\",\"@id\":\"https:\/\/www.padreeustaquio.com.br\/#organization\",\"name\":\"Padre Eust\u00e1quio\",\"url\":\"https:\/\/www.padreeustaquio.com.br\/\",\"logo\":{\"@type\":\"ImageObject\",\"inLanguage\":\"en-US\",\"@id\":\"https:\/\/www.padreeustaquio.com.br\/#\/schema\/logo\/image\/\",\"url\":\"https:\/\/www.padreeustaquio.com.br\/wp-content\/uploads\/2019\/08\/marca.png\",\"contentUrl\":\"https:\/\/www.padreeustaquio.com.br\/wp-content\/uploads\/2019\/08\/marca.png\",\"width\":350,\"height\":400,\"caption\":\"Padre Eust\u00e1quio\"},\"image\":{\"@id\":\"https:\/\/www.padreeustaquio.com.br\/#\/schema\/logo\/image\/\"},\"sameAs\":[\"https:\/\/www.facebook.com\/beatopadreeustaquio\/\",\"https:\/\/x.com\/beatopeustaquio\",\"https:\/\/www.instagram.com\/beatopadreeustaquio\/\",\"https:\/\/www.youtube.com\/channel\/UCRhw7vfabnajwLxb1ZXMeIw\"]},{\"@type\":\"Person\",\"@id\":\"https:\/\/www.padreeustaquio.com.br\/#\/schema\/person\/a2a51db1d00f1a7af0204a0f1ddb1566\",\"name\":\"@sscc\",\"image\":{\"@type\":\"ImageObject\",\"inLanguage\":\"en-US\",\"@id\":\"https:\/\/secure.gravatar.com\/avatar\/68cfafa5f44617fea54071e215026e0ff06be366c3d54a8425f04fdcb86f8c5f?s=96&d=mm&r=g\",\"url\":\"https:\/\/secure.gravatar.com\/avatar\/68cfafa5f44617fea54071e215026e0ff06be366c3d54a8425f04fdcb86f8c5f?s=96&d=mm&r=g\",\"contentUrl\":\"https:\/\/secure.gravatar.com\/avatar\/68cfafa5f44617fea54071e215026e0ff06be366c3d54a8425f04fdcb86f8c5f?s=96&d=mm&r=g\",\"caption\":\"@sscc\"},\"url\":\"https:\/\/www.padreeustaquio.com.br\/en\/author\/sscc\/\"}]}<\/script>\n<!-- \/ Yoast SEO plugin. -->","yoast_head_json":{"title":"Devotees of Father Eust\u00e1quio participate in a program on Can\u00e7\u00e3o Nova TV.","description":"The &quot;Together We Are More&quot; program on TV Can\u00e7\u00e3o Nova had a very special participation this Wednesday. During the Divine Providence Rosary, a virtual audience, made up of devotees of the Blessed One, helped to compose the program&#039;s setting.","robots":{"index":"index","follow":"follow","max-snippet":"max-snippet:-1","max-image-preview":"max-image-preview:large","max-video-preview":"max-video-preview:-1"},"canonical":"https:\/\/www.padreeustaquio.com.br\/en\/devotees-of-father-eustaquio-participate-in-a-program-on-cancao-nova-tv\/","og_locale":"en_US","og_type":"article","og_title":"Devotos de Padre Eust\u00e1quio participam de programa da TV Can\u00e7\u00e3o Nova","og_description":"O Programa \"Juntos Somos Mais\" da TV Can\u00e7\u00e3o Nova teve uma participa\u00e7\u00e3o muito especial nessa quarta-feira. O momento do Ter\u00e7o da Divina Provid\u00eancia uma plateia virtual, formada por devotos do Bem-Aventurado, ajudou a compor o cen\u00e1rio do programa.","og_url":"https:\/\/www.padreeustaquio.com.br\/en\/devotees-of-father-eustaquio-participate-in-a-program-on-cancao-nova-tv\/","og_site_name":"Padre Eust\u00e1quio","article_publisher":"https:\/\/www.facebook.com\/beatopadreeustaquio\/","article_published_time":"2021-12-02T09:15:00+00:00","article_modified_time":"2021-12-02T15:25:20+00:00","og_image":[{"width":1366,"height":768,"url":"https:\/\/www.padreeustaquio.com.br\/wp-content\/uploads\/2021\/12\/juntos-somos-mais.png","type":"image\/png"}],"author":"@sscc","twitter_card":"summary_large_image","twitter_creator":"@beatopeustaquio","twitter_site":"@beatopeustaquio","twitter_misc":{"Written by":"@sscc","Est. reading time":"2 minutes"},"schema":{"@context":"https:\/\/schema.org","@graph":[{"@type":"Article","@id":"https:\/\/www.padreeustaquio.com.br\/devotos-de-padre-eustaquio-participam-de-programa-da-tv-cancao-nova\/#article","isPartOf":{"@id":"https:\/\/www.padreeustaquio.com.br\/devotos-de-padre-eustaquio-participam-de-programa-da-tv-cancao-nova\/"},"author":{"name":"@sscc","@id":"https:\/\/www.padreeustaquio.com.br\/#\/schema\/person\/a2a51db1d00f1a7af0204a0f1ddb1566"},"headline":"Devotos de Padre Eust\u00e1quio participam de programa da TV Can\u00e7\u00e3o Nova","datePublished":"2021-12-02T09:15:00+00:00","dateModified":"2021-12-02T15:25:20+00:00","mainEntityOfPage":{"@id":"https:\/\/www.padreeustaquio.com.br\/devotos-de-padre-eustaquio-participam-de-programa-da-tv-cancao-nova\/"},"wordCount":432,"commentCount":0,"publisher":{"@id":"https:\/\/www.padreeustaquio.com.br\/#organization"},"image":{"@id":"https:\/\/www.padreeustaquio.com.br\/devotos-de-padre-eustaquio-participam-de-programa-da-tv-cancao-nova\/#primaryimage"},"thumbnailUrl":"https:\/\/www.padreeustaquio.com.br\/wp-content\/uploads\/2021\/12\/juntos-somos-mais.png","articleSection":["Not\u00edcias"],"inLanguage":"en-US","potentialAction":[{"@type":"CommentAction","name":"Comment","target":["https:\/\/www.padreeustaquio.com.br\/devotos-de-padre-eustaquio-participam-de-programa-da-tv-cancao-nova\/#respond"]}]},{"@type":"WebPage","@id":"https:\/\/www.padreeustaquio.com.br\/devotos-de-padre-eustaquio-participam-de-programa-da-tv-cancao-nova\/","url":"https:\/\/www.padreeustaquio.com.br\/devotos-de-padre-eustaquio-participam-de-programa-da-tv-cancao-nova\/","name":"Devotees of Father Eust\u00e1quio participate in a program on Can\u00e7\u00e3o Nova TV.","isPartOf":{"@id":"https:\/\/www.padreeustaquio.com.br\/#website"},"primaryImageOfPage":{"@id":"https:\/\/www.padreeustaquio.com.br\/devotos-de-padre-eustaquio-participam-de-programa-da-tv-cancao-nova\/#primaryimage"},"image":{"@id":"https:\/\/www.padreeustaquio.com.br\/devotos-de-padre-eustaquio-participam-de-programa-da-tv-cancao-nova\/#primaryimage"},"thumbnailUrl":"https:\/\/www.padreeustaquio.com.br\/wp-content\/uploads\/2021\/12\/juntos-somos-mais.png","datePublished":"2021-12-02T09:15:00+00:00","dateModified":"2021-12-02T15:25:20+00:00","description":"The &quot;Together We Are More&quot; program on TV Can\u00e7\u00e3o Nova had a very special participation this Wednesday. During the Divine Providence Rosary, a virtual audience, made up of devotees of the Blessed One, helped to compose the program&#039;s setting.","breadcrumb":{"@id":"https:\/\/www.padreeustaquio.com.br\/devotos-de-padre-eustaquio-participam-de-programa-da-tv-cancao-nova\/#breadcrumb"},"inLanguage":"en-US","potentialAction":[{"@type":"ReadAction","target":["https:\/\/www.padreeustaquio.com.br\/devotos-de-padre-eustaquio-participam-de-programa-da-tv-cancao-nova\/"]}]},{"@type":"ImageObject","inLanguage":"en-US","@id":"https:\/\/www.padreeustaquio.com.br\/devotos-de-padre-eustaquio-participam-de-programa-da-tv-cancao-nova\/#primaryimage","url":"https:\/\/www.padreeustaquio.com.br\/wp-content\/uploads\/2021\/12\/juntos-somos-mais.png","contentUrl":"https:\/\/www.padreeustaquio.com.br\/wp-content\/uploads\/2021\/12\/juntos-somos-mais.png","width":1366,"height":768},{"@type":"BreadcrumbList","@id":"https:\/\/www.padreeustaquio.com.br\/devotos-de-padre-eustaquio-participam-de-programa-da-tv-cancao-nova\/#breadcrumb","itemListElement":[{"@type":"ListItem","position":1,"name":"In\u00edcio","item":"https:\/\/www.padreeustaquio.com.br\/"},{"@type":"ListItem","position":2,"name":"Devotos de Padre Eust\u00e1quio participam de programa da TV Can\u00e7\u00e3o Nova"}]},{"@type":"WebSite","@id":"https:\/\/www.padreeustaquio.com.br\/#website","url":"https:\/\/www.padreeustaquio.com.br\/","name":"FATHER EUST\u00c1QUIO","description":"Health and Peace","publisher":{"@id":"https:\/\/www.padreeustaquio.com.br\/#organization"},"potentialAction":[{"@type":"SearchAction","target":{"@type":"EntryPoint","urlTemplate":"https:\/\/www.padreeustaquio.com.br\/?s={search_term_string}"},"query-input":{"@type":"PropertyValueSpecification","valueRequired":true,"valueName":"search_term_string"}}],"inLanguage":"en-US"},{"@type":"Organization","@id":"https:\/\/www.padreeustaquio.com.br\/#organization","name":"FATHER EUST\u00c1QUIO","url":"https:\/\/www.padreeustaquio.com.br\/","logo":{"@type":"ImageObject","inLanguage":"en-US","@id":"https:\/\/www.padreeustaquio.com.br\/#\/schema\/logo\/image\/","url":"https:\/\/www.padreeustaquio.com.br\/wp-content\/uploads\/2019\/08\/marca.png","contentUrl":"https:\/\/www.padreeustaquio.com.br\/wp-content\/uploads\/2019\/08\/marca.png","width":350,"height":400,"caption":"Padre Eust\u00e1quio"},"image":{"@id":"https:\/\/www.padreeustaquio.com.br\/#\/schema\/logo\/image\/"},"sameAs":["https:\/\/www.facebook.com\/beatopadreeustaquio\/","https:\/\/x.com\/beatopeustaquio","https:\/\/www.instagram.com\/beatopadreeustaquio\/","https:\/\/www.youtube.com\/channel\/UCRhw7vfabnajwLxb1ZXMeIw"]},{"@type":"Person","@id":"https:\/\/www.padreeustaquio.com.br\/#\/schema\/person\/a2a51db1d00f1a7af0204a0f1ddb1566","name":"@sscc","image":{"@type":"ImageObject","inLanguage":"en-US","@id":"https:\/\/secure.gravatar.com\/avatar\/68cfafa5f44617fea54071e215026e0ff06be366c3d54a8425f04fdcb86f8c5f?s=96&d=mm&r=g","url":"https:\/\/secure.gravatar.com\/avatar\/68cfafa5f44617fea54071e215026e0ff06be366c3d54a8425f04fdcb86f8c5f?s=96&d=mm&r=g","contentUrl":"https:\/\/secure.gravatar.com\/avatar\/68cfafa5f44617fea54071e215026e0ff06be366c3d54a8425f04fdcb86f8c5f?s=96&d=mm&r=g","caption":"@sscc"},"url":"https:\/\/www.padreeustaquio.com.br\/en\/author\/sscc\/"}]}},"_links":{"self":[{"href":"https:\/\/www.padreeustaquio.com.br\/en\/wp-json\/wp\/v2\/posts\/7635","targetHints":{"allow":["GET"]}}],"collection":[{"href":"https:\/\/www.padreeustaquio.com.br\/en\/wp-json\/wp\/v2\/posts"}],"about":[{"href":"https:\/\/www.padreeustaquio.com.br\/en\/wp-json\/wp\/v2\/types\/post"}],"author":[{"embeddable":true,"href":"https:\/\/www.padreeustaquio.com.br\/en\/wp-json\/wp\/v2\/users\/2"}],"replies":[{"embeddable":true,"href":"https:\/\/www.padreeustaquio.com.br\/en\/wp-json\/wp\/v2\/comments?post=7635"}],"version-history":[{"count":0,"href":"https:\/\/www.padreeustaquio.com.br\/en\/wp-json\/wp\/v2\/posts\/7635\/revisions"}],"wp:featuredmedia":[{"embeddable":true,"href":"https:\/\/www.padreeustaquio.com.br\/en\/wp-json\/wp\/v2\/media\/7642"}],"wp:attachment":[{"href":"https:\/\/www.padreeustaquio.com.br\/en\/wp-json\/wp\/v2\/media?parent=7635"}],"wp:term":[{"taxonomy":"category","embeddable":true,"href":"https:\/\/www.padreeustaquio.com.br\/en\/wp-json\/wp\/v2\/categories?post=7635"},{"taxonomy":"post_tag","embeddable":true,"href":"https:\/\/www.padreeustaquio.com.br\/en\/wp-json\/wp\/v2\/tags?post=7635"}],"curies":[{"name":"wp","href":"https:\/\/api.w.org\/{rel}","templated":true}]}}