{"id":7631,"date":"2021-12-01T06:20:00","date_gmt":"2021-12-01T09:20:00","guid":{"rendered":"https:\/\/www.padreeustaquio.com.br\/?p=7631"},"modified":"2021-11-30T13:50:35","modified_gmt":"2021-11-30T16:50:35","slug":"midday-masses-resume-at-the-sanctuary-of-health-and-peace-in-belo-horizonte","status":"publish","type":"post","link":"https:\/\/www.padreeustaquio.com.br\/en\/midday-masses-resume-at-the-sanctuary-of-health-and-peace-in-belo-horizonte\/","title":{"rendered":"Midday masses are once again being held at the Sanctuary of Health and Peace in Belo Horizonte."},"content":{"rendered":"<p>This Tuesday, the Sanctuary of Health and Peace, the Church of Father Eust\u00e1quio, resumed holding Holy Mass at 12 pm. The celebration had been suspended since the beginning of social restrictions due to the Coronavirus pandemic.<\/p>\n\n\n\n<p>Since yesterday, November 30th, the church has been holding three masses from Tuesday to Friday, at 7 am, 12 pm, and 7 pm. On the first day of the return of the midday celebration, many people who work near the Sanctuary or visitors passing by the temple took advantage of the moment to pray. The Holy Mass, presided over by Father Alexandre Campos Leite, ss.cc., commemorated the martyr of the day, Saint Andrew, and also celebrated Father Eust\u00e1quio because of the 30th. It is worth remembering that on Mondays there will be neither the 7 am nor the 12 pm celebration, with only one mass remaining on that day, the 7 pm mass.<\/p>\n\n\n\n<p>Starting this week, the Padre Eust\u00e1quio Church will have new Mass times, allowing more people to attend services in person. See the new schedule for Masses celebrated at the Sanctuary of Health and Peace:<\/p>\n\n\n\n<p><strong>Sunday: <\/strong>7am, 8:30am, 10am, 5pm and 7pm<br><strong>Monday:<\/strong> 7pm<br><strong>Tuesday to Friday:<\/strong> 7am, 12pm, 7pm<br><strong>Saturday:<\/strong> 5pm<\/p>\n\n\n\n<p>Due to the new schedule, the church will now be open all day, from 7:00 AM, when the first Mass of the day is celebrated, until 8:00 PM, when the last Mass of the day ends. Both Father Eust\u00e1quio&#039;s shop and the Parish Office will no longer close during lunchtime.<\/p>\n\n\n\n<p>For more information, call: (31) <a href=\"https:\/\/www.google.com.br\/search?q=santuario+da+saude+e+da+paz&amp;sxsrf=AOaemvKZECkqsgRXB20L7vLFEQ_E4a-mfw%3A1638290745447&amp;ei=OVWmYdnKGubQ5OUPifCNmAw&amp;oq=santu&amp;gs_lcp=Cgdnd3Mtd2l6EAEYADIHCCMQsAMQJzIHCCMQsAMQJzIHCCMQsAMQJzIHCAAQsAMQQzIHCAAQsAMQQzIKCAAQsQMQsAMQQzIHCAAQsAMQQzIHCAAQsAMQQzIHCAAQsAMQQzIKCC4QyAMQsAMQQzIKCC4QyAMQsAMQQzIOCC4QgAQQsQMQyAMQsAMyCgguEMgDELADEEMyCgguEMgDELADEEMyCgguEMgDELADEENKBAhBGAFQAFgAYLYGaAFwAHgAgAEAiAEAkgEAmAEAyAEPwAEB&amp;sclient=gws-wiz#\">3462-6557<\/a>.<\/p>\n\n\n\n<p><\/p>","protected":false},"excerpt":{"rendered":"<p>Nessa ter\u00e7a-feira, o Santu\u00e1rio da Sa\u00fade e da Paz, a Igreja do Padre Eust\u00e1quio, voltou a realizar a Santa Missa \u00e0s 12h. A celebra\u00e7\u00e3o estava suspensa desde o in\u00edcio da restri\u00e7\u00e3o social por causa da pandemia provocada pelo Coronav\u00edrus. Desde ontem, dia 30 de novembro, a igreja passa a contar com tr\u00eas missas de Ter\u00e7a a Sexta, \u00e0s 7h, \u00e0s 12h e \u00e0s 19h. No primeiro dia de retorno da celebra\u00e7\u00e3o ao meio dia, muitas pessoas que trabalham pr\u00f3ximo ao Santu\u00e1rio ou visitantes que passavam pelo templo aproveitaram o momento para rezar. A Santa Missa, presidida pelo Padre Alexandre Campos [&hellip;]<\/p>\n","protected":false},"author":2,"featured_media":7632,"comment_status":"open","ping_status":"closed","sticky":false,"template":"","format":"standard","meta":{"_acf_changed":false,"footnotes":""},"categories":[611],"tags":[],"class_list":["post-7631","post","type-post","status-publish","format-standard","has-post-thumbnail","hentry","category-noticias"],"acf":[],"yoast_head":"<!-- This site is optimized with the Yoast SEO plugin v27.2 - https:\/\/yoast.com\/product\/yoast-seo-wordpress\/ -->\n<title>Missas ao meio dia voltam a acontecer no Santu\u00e1rio da Sa\u00fade e da Paz, em BH<\/title>\n<meta name=\"description\" content=\"Nessa ter\u00e7a-feira, o Santu\u00e1rio da Sa\u00fade e da Paz, a Igreja do Padre Eust\u00e1quio, voltou a realizar a Santa Missa \u00e0s 12h. A celebra\u00e7\u00e3o estava suspensa desde o in\u00edcio da restri\u00e7\u00e3o social por causa da pandemia provocada pelo Coronav\u00edrus.\" \/>\n<meta name=\"robots\" content=\"index, follow, max-snippet:-1, max-image-preview:large, max-video-preview:-1\" \/>\n<link rel=\"canonical\" href=\"https:\/\/www.padreeustaquio.com.br\/en\/midday-masses-resume-at-the-sanctuary-of-health-and-peace-in-belo-horizonte\/\" \/>\n<meta property=\"og:locale\" content=\"en_US\" \/>\n<meta property=\"og:type\" content=\"article\" \/>\n<meta property=\"og:title\" content=\"Missas ao meio dia voltam a acontecer no Santu\u00e1rio da Sa\u00fade e da Paz, em BH\" \/>\n<meta property=\"og:description\" content=\"Nessa ter\u00e7a-feira, o Santu\u00e1rio da Sa\u00fade e da Paz, a Igreja do Padre Eust\u00e1quio, voltou a realizar a Santa Missa \u00e0s 12h. A celebra\u00e7\u00e3o estava suspensa desde o in\u00edcio da restri\u00e7\u00e3o social por causa da pandemia provocada pelo Coronav\u00edrus.\" \/>\n<meta property=\"og:url\" content=\"https:\/\/www.padreeustaquio.com.br\/en\/midday-masses-resume-at-the-sanctuary-of-health-and-peace-in-belo-horizonte\/\" \/>\n<meta property=\"og:site_name\" content=\"Padre Eust\u00e1quio\" \/>\n<meta property=\"article:publisher\" content=\"https:\/\/www.facebook.com\/beatopadreeustaquio\/\" \/>\n<meta property=\"article:published_time\" content=\"2021-12-01T09:20:00+00:00\" \/>\n<meta property=\"og:image\" content=\"https:\/\/www.padreeustaquio.com.br\/wp-content\/uploads\/2021\/11\/WhatsApp-Image-2021-11-30-at-12.15.20.jpeg\" \/>\n\t<meta property=\"og:image:width\" content=\"1600\" \/>\n\t<meta property=\"og:image:height\" content=\"1200\" \/>\n\t<meta property=\"og:image:type\" content=\"image\/jpeg\" \/>\n<meta name=\"author\" content=\"@sscc\" \/>\n<meta name=\"twitter:card\" content=\"summary_large_image\" \/>\n<meta name=\"twitter:creator\" content=\"@beatopeustaquio\" \/>\n<meta name=\"twitter:site\" content=\"@beatopeustaquio\" \/>\n<meta name=\"twitter:label1\" content=\"Written by\" \/>\n\t<meta name=\"twitter:data1\" content=\"@sscc\" \/>\n\t<meta name=\"twitter:label2\" content=\"Est. reading time\" \/>\n\t<meta name=\"twitter:data2\" content=\"2 minutes\" \/>\n<script type=\"application\/ld+json\" class=\"yoast-schema-graph\">{\"@context\":\"https:\/\/schema.org\",\"@graph\":[{\"@type\":\"Article\",\"@id\":\"https:\/\/www.padreeustaquio.com.br\/missas-ao-meio-dia-voltam-a-acontecer-no-santuario-da-saude-e-da-paz-em-bh\/#article\",\"isPartOf\":{\"@id\":\"https:\/\/www.padreeustaquio.com.br\/missas-ao-meio-dia-voltam-a-acontecer-no-santuario-da-saude-e-da-paz-em-bh\/\"},\"author\":{\"name\":\"@sscc\",\"@id\":\"https:\/\/www.padreeustaquio.com.br\/#\/schema\/person\/a2a51db1d00f1a7af0204a0f1ddb1566\"},\"headline\":\"Missas ao meio dia voltam a acontecer no Santu\u00e1rio da Sa\u00fade e da Paz, em BH\",\"datePublished\":\"2021-12-01T09:20:00+00:00\",\"mainEntityOfPage\":{\"@id\":\"https:\/\/www.padreeustaquio.com.br\/missas-ao-meio-dia-voltam-a-acontecer-no-santuario-da-saude-e-da-paz-em-bh\/\"},\"wordCount\":318,\"commentCount\":0,\"publisher\":{\"@id\":\"https:\/\/www.padreeustaquio.com.br\/#organization\"},\"image\":{\"@id\":\"https:\/\/www.padreeustaquio.com.br\/missas-ao-meio-dia-voltam-a-acontecer-no-santuario-da-saude-e-da-paz-em-bh\/#primaryimage\"},\"thumbnailUrl\":\"https:\/\/www.padreeustaquio.com.br\/wp-content\/uploads\/2021\/11\/WhatsApp-Image-2021-11-30-at-12.15.20.jpeg\",\"articleSection\":[\"Not\u00edcias\"],\"inLanguage\":\"en-US\",\"potentialAction\":[{\"@type\":\"CommentAction\",\"name\":\"Comment\",\"target\":[\"https:\/\/www.padreeustaquio.com.br\/missas-ao-meio-dia-voltam-a-acontecer-no-santuario-da-saude-e-da-paz-em-bh\/#respond\"]}]},{\"@type\":\"WebPage\",\"@id\":\"https:\/\/www.padreeustaquio.com.br\/missas-ao-meio-dia-voltam-a-acontecer-no-santuario-da-saude-e-da-paz-em-bh\/\",\"url\":\"https:\/\/www.padreeustaquio.com.br\/missas-ao-meio-dia-voltam-a-acontecer-no-santuario-da-saude-e-da-paz-em-bh\/\",\"name\":\"Missas ao meio dia voltam a acontecer no Santu\u00e1rio da Sa\u00fade e da Paz, em BH\",\"isPartOf\":{\"@id\":\"https:\/\/www.padreeustaquio.com.br\/#website\"},\"primaryImageOfPage\":{\"@id\":\"https:\/\/www.padreeustaquio.com.br\/missas-ao-meio-dia-voltam-a-acontecer-no-santuario-da-saude-e-da-paz-em-bh\/#primaryimage\"},\"image\":{\"@id\":\"https:\/\/www.padreeustaquio.com.br\/missas-ao-meio-dia-voltam-a-acontecer-no-santuario-da-saude-e-da-paz-em-bh\/#primaryimage\"},\"thumbnailUrl\":\"https:\/\/www.padreeustaquio.com.br\/wp-content\/uploads\/2021\/11\/WhatsApp-Image-2021-11-30-at-12.15.20.jpeg\",\"datePublished\":\"2021-12-01T09:20:00+00:00\",\"description\":\"Nessa ter\u00e7a-feira, o Santu\u00e1rio da Sa\u00fade e da Paz, a Igreja do Padre Eust\u00e1quio, voltou a realizar a Santa Missa \u00e0s 12h. A celebra\u00e7\u00e3o estava suspensa desde o in\u00edcio da restri\u00e7\u00e3o social por causa da pandemia provocada pelo Coronav\u00edrus.\",\"breadcrumb\":{\"@id\":\"https:\/\/www.padreeustaquio.com.br\/missas-ao-meio-dia-voltam-a-acontecer-no-santuario-da-saude-e-da-paz-em-bh\/#breadcrumb\"},\"inLanguage\":\"en-US\",\"potentialAction\":[{\"@type\":\"ReadAction\",\"target\":[\"https:\/\/www.padreeustaquio.com.br\/missas-ao-meio-dia-voltam-a-acontecer-no-santuario-da-saude-e-da-paz-em-bh\/\"]}]},{\"@type\":\"ImageObject\",\"inLanguage\":\"en-US\",\"@id\":\"https:\/\/www.padreeustaquio.com.br\/missas-ao-meio-dia-voltam-a-acontecer-no-santuario-da-saude-e-da-paz-em-bh\/#primaryimage\",\"url\":\"https:\/\/www.padreeustaquio.com.br\/wp-content\/uploads\/2021\/11\/WhatsApp-Image-2021-11-30-at-12.15.20.jpeg\",\"contentUrl\":\"https:\/\/www.padreeustaquio.com.br\/wp-content\/uploads\/2021\/11\/WhatsApp-Image-2021-11-30-at-12.15.20.jpeg\",\"width\":1600,\"height\":1200},{\"@type\":\"BreadcrumbList\",\"@id\":\"https:\/\/www.padreeustaquio.com.br\/missas-ao-meio-dia-voltam-a-acontecer-no-santuario-da-saude-e-da-paz-em-bh\/#breadcrumb\",\"itemListElement\":[{\"@type\":\"ListItem\",\"position\":1,\"name\":\"In\u00edcio\",\"item\":\"https:\/\/www.padreeustaquio.com.br\/\"},{\"@type\":\"ListItem\",\"position\":2,\"name\":\"Missas ao meio dia voltam a acontecer no Santu\u00e1rio da Sa\u00fade e da Paz, em BH\"}]},{\"@type\":\"WebSite\",\"@id\":\"https:\/\/www.padreeustaquio.com.br\/#website\",\"url\":\"https:\/\/www.padreeustaquio.com.br\/\",\"name\":\"Padre Eust\u00e1quio\",\"description\":\"Sa\u00fade e Paz\",\"publisher\":{\"@id\":\"https:\/\/www.padreeustaquio.com.br\/#organization\"},\"potentialAction\":[{\"@type\":\"SearchAction\",\"target\":{\"@type\":\"EntryPoint\",\"urlTemplate\":\"https:\/\/www.padreeustaquio.com.br\/?s={search_term_string}\"},\"query-input\":{\"@type\":\"PropertyValueSpecification\",\"valueRequired\":true,\"valueName\":\"search_term_string\"}}],\"inLanguage\":\"en-US\"},{\"@type\":\"Organization\",\"@id\":\"https:\/\/www.padreeustaquio.com.br\/#organization\",\"name\":\"Padre Eust\u00e1quio\",\"url\":\"https:\/\/www.padreeustaquio.com.br\/\",\"logo\":{\"@type\":\"ImageObject\",\"inLanguage\":\"en-US\",\"@id\":\"https:\/\/www.padreeustaquio.com.br\/#\/schema\/logo\/image\/\",\"url\":\"https:\/\/www.padreeustaquio.com.br\/wp-content\/uploads\/2019\/08\/marca.png\",\"contentUrl\":\"https:\/\/www.padreeustaquio.com.br\/wp-content\/uploads\/2019\/08\/marca.png\",\"width\":350,\"height\":400,\"caption\":\"Padre Eust\u00e1quio\"},\"image\":{\"@id\":\"https:\/\/www.padreeustaquio.com.br\/#\/schema\/logo\/image\/\"},\"sameAs\":[\"https:\/\/www.facebook.com\/beatopadreeustaquio\/\",\"https:\/\/x.com\/beatopeustaquio\",\"https:\/\/www.instagram.com\/beatopadreeustaquio\/\",\"https:\/\/www.youtube.com\/channel\/UCRhw7vfabnajwLxb1ZXMeIw\"]},{\"@type\":\"Person\",\"@id\":\"https:\/\/www.padreeustaquio.com.br\/#\/schema\/person\/a2a51db1d00f1a7af0204a0f1ddb1566\",\"name\":\"@sscc\",\"image\":{\"@type\":\"ImageObject\",\"inLanguage\":\"en-US\",\"@id\":\"https:\/\/secure.gravatar.com\/avatar\/68cfafa5f44617fea54071e215026e0ff06be366c3d54a8425f04fdcb86f8c5f?s=96&d=mm&r=g\",\"url\":\"https:\/\/secure.gravatar.com\/avatar\/68cfafa5f44617fea54071e215026e0ff06be366c3d54a8425f04fdcb86f8c5f?s=96&d=mm&r=g\",\"contentUrl\":\"https:\/\/secure.gravatar.com\/avatar\/68cfafa5f44617fea54071e215026e0ff06be366c3d54a8425f04fdcb86f8c5f?s=96&d=mm&r=g\",\"caption\":\"@sscc\"},\"url\":\"https:\/\/www.padreeustaquio.com.br\/en\/author\/sscc\/\"}]}<\/script>\n<!-- \/ Yoast SEO plugin. -->","yoast_head_json":{"title":"Midday masses are once again being held at the Sanctuary of Health and Peace in Belo Horizonte.","description":"This Tuesday, the Sanctuary of Health and Peace, the Church of Father Eust\u00e1quio, resumed holding Holy Mass at 12 pm. The celebration had been suspended since the beginning of social restrictions due to the Coronavirus pandemic.","robots":{"index":"index","follow":"follow","max-snippet":"max-snippet:-1","max-image-preview":"max-image-preview:large","max-video-preview":"max-video-preview:-1"},"canonical":"https:\/\/www.padreeustaquio.com.br\/en\/midday-masses-resume-at-the-sanctuary-of-health-and-peace-in-belo-horizonte\/","og_locale":"en_US","og_type":"article","og_title":"Missas ao meio dia voltam a acontecer no Santu\u00e1rio da Sa\u00fade e da Paz, em BH","og_description":"Nessa ter\u00e7a-feira, o Santu\u00e1rio da Sa\u00fade e da Paz, a Igreja do Padre Eust\u00e1quio, voltou a realizar a Santa Missa \u00e0s 12h. A celebra\u00e7\u00e3o estava suspensa desde o in\u00edcio da restri\u00e7\u00e3o social por causa da pandemia provocada pelo Coronav\u00edrus.","og_url":"https:\/\/www.padreeustaquio.com.br\/en\/midday-masses-resume-at-the-sanctuary-of-health-and-peace-in-belo-horizonte\/","og_site_name":"Padre Eust\u00e1quio","article_publisher":"https:\/\/www.facebook.com\/beatopadreeustaquio\/","article_published_time":"2021-12-01T09:20:00+00:00","og_image":[{"width":1600,"height":1200,"url":"https:\/\/www.padreeustaquio.com.br\/wp-content\/uploads\/2021\/11\/WhatsApp-Image-2021-11-30-at-12.15.20.jpeg","type":"image\/jpeg"}],"author":"@sscc","twitter_card":"summary_large_image","twitter_creator":"@beatopeustaquio","twitter_site":"@beatopeustaquio","twitter_misc":{"Written by":"@sscc","Est. reading time":"2 minutes"},"schema":{"@context":"https:\/\/schema.org","@graph":[{"@type":"Article","@id":"https:\/\/www.padreeustaquio.com.br\/missas-ao-meio-dia-voltam-a-acontecer-no-santuario-da-saude-e-da-paz-em-bh\/#article","isPartOf":{"@id":"https:\/\/www.padreeustaquio.com.br\/missas-ao-meio-dia-voltam-a-acontecer-no-santuario-da-saude-e-da-paz-em-bh\/"},"author":{"name":"@sscc","@id":"https:\/\/www.padreeustaquio.com.br\/#\/schema\/person\/a2a51db1d00f1a7af0204a0f1ddb1566"},"headline":"Missas ao meio dia voltam a acontecer no Santu\u00e1rio da Sa\u00fade e da Paz, em BH","datePublished":"2021-12-01T09:20:00+00:00","mainEntityOfPage":{"@id":"https:\/\/www.padreeustaquio.com.br\/missas-ao-meio-dia-voltam-a-acontecer-no-santuario-da-saude-e-da-paz-em-bh\/"},"wordCount":318,"commentCount":0,"publisher":{"@id":"https:\/\/www.padreeustaquio.com.br\/#organization"},"image":{"@id":"https:\/\/www.padreeustaquio.com.br\/missas-ao-meio-dia-voltam-a-acontecer-no-santuario-da-saude-e-da-paz-em-bh\/#primaryimage"},"thumbnailUrl":"https:\/\/www.padreeustaquio.com.br\/wp-content\/uploads\/2021\/11\/WhatsApp-Image-2021-11-30-at-12.15.20.jpeg","articleSection":["Not\u00edcias"],"inLanguage":"en-US","potentialAction":[{"@type":"CommentAction","name":"Comment","target":["https:\/\/www.padreeustaquio.com.br\/missas-ao-meio-dia-voltam-a-acontecer-no-santuario-da-saude-e-da-paz-em-bh\/#respond"]}]},{"@type":"WebPage","@id":"https:\/\/www.padreeustaquio.com.br\/missas-ao-meio-dia-voltam-a-acontecer-no-santuario-da-saude-e-da-paz-em-bh\/","url":"https:\/\/www.padreeustaquio.com.br\/missas-ao-meio-dia-voltam-a-acontecer-no-santuario-da-saude-e-da-paz-em-bh\/","name":"Midday masses are once again being held at the Sanctuary of Health and Peace in Belo Horizonte.","isPartOf":{"@id":"https:\/\/www.padreeustaquio.com.br\/#website"},"primaryImageOfPage":{"@id":"https:\/\/www.padreeustaquio.com.br\/missas-ao-meio-dia-voltam-a-acontecer-no-santuario-da-saude-e-da-paz-em-bh\/#primaryimage"},"image":{"@id":"https:\/\/www.padreeustaquio.com.br\/missas-ao-meio-dia-voltam-a-acontecer-no-santuario-da-saude-e-da-paz-em-bh\/#primaryimage"},"thumbnailUrl":"https:\/\/www.padreeustaquio.com.br\/wp-content\/uploads\/2021\/11\/WhatsApp-Image-2021-11-30-at-12.15.20.jpeg","datePublished":"2021-12-01T09:20:00+00:00","description":"This Tuesday, the Sanctuary of Health and Peace, the Church of Father Eust\u00e1quio, resumed holding Holy Mass at 12 pm. The celebration had been suspended since the beginning of social restrictions due to the Coronavirus pandemic.","breadcrumb":{"@id":"https:\/\/www.padreeustaquio.com.br\/missas-ao-meio-dia-voltam-a-acontecer-no-santuario-da-saude-e-da-paz-em-bh\/#breadcrumb"},"inLanguage":"en-US","potentialAction":[{"@type":"ReadAction","target":["https:\/\/www.padreeustaquio.com.br\/missas-ao-meio-dia-voltam-a-acontecer-no-santuario-da-saude-e-da-paz-em-bh\/"]}]},{"@type":"ImageObject","inLanguage":"en-US","@id":"https:\/\/www.padreeustaquio.com.br\/missas-ao-meio-dia-voltam-a-acontecer-no-santuario-da-saude-e-da-paz-em-bh\/#primaryimage","url":"https:\/\/www.padreeustaquio.com.br\/wp-content\/uploads\/2021\/11\/WhatsApp-Image-2021-11-30-at-12.15.20.jpeg","contentUrl":"https:\/\/www.padreeustaquio.com.br\/wp-content\/uploads\/2021\/11\/WhatsApp-Image-2021-11-30-at-12.15.20.jpeg","width":1600,"height":1200},{"@type":"BreadcrumbList","@id":"https:\/\/www.padreeustaquio.com.br\/missas-ao-meio-dia-voltam-a-acontecer-no-santuario-da-saude-e-da-paz-em-bh\/#breadcrumb","itemListElement":[{"@type":"ListItem","position":1,"name":"In\u00edcio","item":"https:\/\/www.padreeustaquio.com.br\/"},{"@type":"ListItem","position":2,"name":"Missas ao meio dia voltam a acontecer no Santu\u00e1rio da Sa\u00fade e da Paz, em BH"}]},{"@type":"WebSite","@id":"https:\/\/www.padreeustaquio.com.br\/#website","url":"https:\/\/www.padreeustaquio.com.br\/","name":"FATHER EUST\u00c1QUIO","description":"Health and Peace","publisher":{"@id":"https:\/\/www.padreeustaquio.com.br\/#organization"},"potentialAction":[{"@type":"SearchAction","target":{"@type":"EntryPoint","urlTemplate":"https:\/\/www.padreeustaquio.com.br\/?s={search_term_string}"},"query-input":{"@type":"PropertyValueSpecification","valueRequired":true,"valueName":"search_term_string"}}],"inLanguage":"en-US"},{"@type":"Organization","@id":"https:\/\/www.padreeustaquio.com.br\/#organization","name":"FATHER EUST\u00c1QUIO","url":"https:\/\/www.padreeustaquio.com.br\/","logo":{"@type":"ImageObject","inLanguage":"en-US","@id":"https:\/\/www.padreeustaquio.com.br\/#\/schema\/logo\/image\/","url":"https:\/\/www.padreeustaquio.com.br\/wp-content\/uploads\/2019\/08\/marca.png","contentUrl":"https:\/\/www.padreeustaquio.com.br\/wp-content\/uploads\/2019\/08\/marca.png","width":350,"height":400,"caption":"Padre Eust\u00e1quio"},"image":{"@id":"https:\/\/www.padreeustaquio.com.br\/#\/schema\/logo\/image\/"},"sameAs":["https:\/\/www.facebook.com\/beatopadreeustaquio\/","https:\/\/x.com\/beatopeustaquio","https:\/\/www.instagram.com\/beatopadreeustaquio\/","https:\/\/www.youtube.com\/channel\/UCRhw7vfabnajwLxb1ZXMeIw"]},{"@type":"Person","@id":"https:\/\/www.padreeustaquio.com.br\/#\/schema\/person\/a2a51db1d00f1a7af0204a0f1ddb1566","name":"@sscc","image":{"@type":"ImageObject","inLanguage":"en-US","@id":"https:\/\/secure.gravatar.com\/avatar\/68cfafa5f44617fea54071e215026e0ff06be366c3d54a8425f04fdcb86f8c5f?s=96&d=mm&r=g","url":"https:\/\/secure.gravatar.com\/avatar\/68cfafa5f44617fea54071e215026e0ff06be366c3d54a8425f04fdcb86f8c5f?s=96&d=mm&r=g","contentUrl":"https:\/\/secure.gravatar.com\/avatar\/68cfafa5f44617fea54071e215026e0ff06be366c3d54a8425f04fdcb86f8c5f?s=96&d=mm&r=g","caption":"@sscc"},"url":"https:\/\/www.padreeustaquio.com.br\/en\/author\/sscc\/"}]}},"_links":{"self":[{"href":"https:\/\/www.padreeustaquio.com.br\/en\/wp-json\/wp\/v2\/posts\/7631","targetHints":{"allow":["GET"]}}],"collection":[{"href":"https:\/\/www.padreeustaquio.com.br\/en\/wp-json\/wp\/v2\/posts"}],"about":[{"href":"https:\/\/www.padreeustaquio.com.br\/en\/wp-json\/wp\/v2\/types\/post"}],"author":[{"embeddable":true,"href":"https:\/\/www.padreeustaquio.com.br\/en\/wp-json\/wp\/v2\/users\/2"}],"replies":[{"embeddable":true,"href":"https:\/\/www.padreeustaquio.com.br\/en\/wp-json\/wp\/v2\/comments?post=7631"}],"version-history":[{"count":0,"href":"https:\/\/www.padreeustaquio.com.br\/en\/wp-json\/wp\/v2\/posts\/7631\/revisions"}],"wp:featuredmedia":[{"embeddable":true,"href":"https:\/\/www.padreeustaquio.com.br\/en\/wp-json\/wp\/v2\/media\/7632"}],"wp:attachment":[{"href":"https:\/\/www.padreeustaquio.com.br\/en\/wp-json\/wp\/v2\/media?parent=7631"}],"wp:term":[{"taxonomy":"category","embeddable":true,"href":"https:\/\/www.padreeustaquio.com.br\/en\/wp-json\/wp\/v2\/categories?post=7631"},{"taxonomy":"post_tag","embeddable":true,"href":"https:\/\/www.padreeustaquio.com.br\/en\/wp-json\/wp\/v2\/tags?post=7631"}],"curies":[{"name":"wp","href":"https:\/\/api.w.org\/{rel}","templated":true}]}}