{"id":7621,"date":"2021-11-30T05:35:00","date_gmt":"2021-11-30T08:35:00","guid":{"rendered":"https:\/\/www.padreeustaquio.com.br\/?p=7621"},"modified":"2021-11-29T15:44:24","modified_gmt":"2021-11-29T18:44:24","slug":"lets-prepare-for-the-lords-christmas","status":"publish","type":"post","link":"https:\/\/www.padreeustaquio.com.br\/en\/lets-prepare-for-the-lords-christmas\/","title":{"rendered":"Let us prepare for the Lord&#039;s Christmas."},"content":{"rendered":"<p>The National Secretariat for the Cause of Canonization of Blessed Father Eustace is presenting, starting this first Sunday of Advent, reflections on preparing for the arrival of the Child Jesus.<\/p>\n\n\n\n<p>The meditations are approximately 10 minutes long and are led by the vice-postulator of the Cause of Canonization of Blessed Father Eust\u00e1quio, Father Vin\u00edcius Maciel, SSCC, and recorded at the Sanctuary of Health and Peace. To help people better experience this time, Ros\u00e2ngela Aparecida, a volunteer musician at the Sanctuary, provides Advent hymns during the reflection.<\/p>\n\n\n\n<p>The content is shown on the Padre Eust\u00e1quio YouTube Channel and each Sunday features a different reflection on Advent, with readings specific to each week and a meditation by Blessed Father Eust\u00e1quio.<\/p>\n\n\n\n<p>Get ready for the Lord&#039;s arrival with us! <a href=\"https:\/\/www.youtube.com\/watch?v=TS4--Usiwxo\" target=\"_blank\" rel=\"noreferrer noopener\">Click here <\/a>And watch the first program, shown this Sunday, November 28th, the First of Advent.<\/p>\n\n\n\n<p><\/p>","protected":false},"excerpt":{"rendered":"<p>O Secretariado Nacional para a Causa de Canoniza\u00e7\u00e3o do Beato Padre Eust\u00e1quio exibe a partir desse primeiro Domingo do Advento, reflex\u00f5es sobre a prepara\u00e7\u00e3o para a chegada do Menino Deus. As medita\u00e7\u00f5es t\u00eam cerca de 10 minutos e s\u00e3o dirigidas pelo vice-postulador da Causa de Canoniza\u00e7\u00e3o do Beato Padre Eust\u00e1quio, Padre Vin\u00edcius Maciel, SSCC, e gravadas no Santu\u00e1rio da Sa\u00fade e da Paz. Para ajudar a viver melhor este tempo, Ros\u00e2ngela Aparecida, musicista volunt\u00e1ria do Santu\u00e1rio traz cantos pr\u00f3prios do advento durante o momento de reflex\u00e3o. A exibi\u00e7\u00e3o do conte\u00fado \u00e9 realizada no YouTube Canal Padre Eust\u00e1quio e a cada [&hellip;]<\/p>\n","protected":false},"author":2,"featured_media":7622,"comment_status":"open","ping_status":"closed","sticky":false,"template":"","format":"standard","meta":{"_acf_changed":false,"footnotes":""},"categories":[611],"tags":[],"class_list":["post-7621","post","type-post","status-publish","format-standard","has-post-thumbnail","hentry","category-noticias"],"acf":[],"yoast_head":"<!-- This site is optimized with the Yoast SEO plugin v27.2 - https:\/\/yoast.com\/product\/yoast-seo-wordpress\/ -->\n<title>Preparemos para o Natal do Senhor<\/title>\n<meta name=\"description\" content=\"O Secretariado Nacional para a Causa de Canoniza\u00e7\u00e3o do Beato Padre Eust\u00e1quio exibe a partir desse primeiro Domingo do Advento, reflex\u00f5es sobre a prepara\u00e7\u00e3o para a chegada do Menino Deus.\" \/>\n<meta name=\"robots\" content=\"index, follow, max-snippet:-1, max-image-preview:large, max-video-preview:-1\" \/>\n<link rel=\"canonical\" href=\"https:\/\/www.padreeustaquio.com.br\/en\/lets-prepare-for-the-lords-christmas\/\" \/>\n<meta property=\"og:locale\" content=\"en_US\" \/>\n<meta property=\"og:type\" content=\"article\" \/>\n<meta property=\"og:title\" content=\"Preparemos para o Natal do Senhor\" \/>\n<meta property=\"og:description\" content=\"O Secretariado Nacional para a Causa de Canoniza\u00e7\u00e3o do Beato Padre Eust\u00e1quio exibe a partir desse primeiro Domingo do Advento, reflex\u00f5es sobre a prepara\u00e7\u00e3o para a chegada do Menino Deus.\" \/>\n<meta property=\"og:url\" content=\"https:\/\/www.padreeustaquio.com.br\/en\/lets-prepare-for-the-lords-christmas\/\" \/>\n<meta property=\"og:site_name\" content=\"Padre Eust\u00e1quio\" \/>\n<meta property=\"article:publisher\" content=\"https:\/\/www.facebook.com\/beatopadreeustaquio\/\" \/>\n<meta property=\"article:published_time\" content=\"2021-11-30T08:35:00+00:00\" \/>\n<meta property=\"og:image\" content=\"https:\/\/www.padreeustaquio.com.br\/wp-content\/uploads\/2021\/11\/WhatsApp-Image-2021-11-28-at-13.14.31.jpeg\" \/>\n\t<meta property=\"og:image:width\" content=\"1600\" \/>\n\t<meta property=\"og:image:height\" content=\"900\" \/>\n\t<meta property=\"og:image:type\" content=\"image\/jpeg\" \/>\n<meta name=\"author\" content=\"@sscc\" \/>\n<meta name=\"twitter:card\" content=\"summary_large_image\" \/>\n<meta name=\"twitter:creator\" content=\"@beatopeustaquio\" \/>\n<meta name=\"twitter:site\" content=\"@beatopeustaquio\" \/>\n<meta name=\"twitter:label1\" content=\"Written by\" \/>\n\t<meta name=\"twitter:data1\" content=\"@sscc\" \/>\n\t<meta name=\"twitter:label2\" content=\"Est. reading time\" \/>\n\t<meta name=\"twitter:data2\" content=\"1 minute\" \/>\n<script type=\"application\/ld+json\" class=\"yoast-schema-graph\">{\"@context\":\"https:\/\/schema.org\",\"@graph\":[{\"@type\":\"Article\",\"@id\":\"https:\/\/www.padreeustaquio.com.br\/preparemos-para-o-natal-do-senhor\/#article\",\"isPartOf\":{\"@id\":\"https:\/\/www.padreeustaquio.com.br\/preparemos-para-o-natal-do-senhor\/\"},\"author\":{\"name\":\"@sscc\",\"@id\":\"https:\/\/www.padreeustaquio.com.br\/#\/schema\/person\/a2a51db1d00f1a7af0204a0f1ddb1566\"},\"headline\":\"Preparemos para o Natal do Senhor\",\"datePublished\":\"2021-11-30T08:35:00+00:00\",\"mainEntityOfPage\":{\"@id\":\"https:\/\/www.padreeustaquio.com.br\/preparemos-para-o-natal-do-senhor\/\"},\"wordCount\":176,\"commentCount\":0,\"publisher\":{\"@id\":\"https:\/\/www.padreeustaquio.com.br\/#organization\"},\"image\":{\"@id\":\"https:\/\/www.padreeustaquio.com.br\/preparemos-para-o-natal-do-senhor\/#primaryimage\"},\"thumbnailUrl\":\"https:\/\/www.padreeustaquio.com.br\/wp-content\/uploads\/2021\/11\/WhatsApp-Image-2021-11-28-at-13.14.31.jpeg\",\"articleSection\":[\"Not\u00edcias\"],\"inLanguage\":\"en-US\",\"potentialAction\":[{\"@type\":\"CommentAction\",\"name\":\"Comment\",\"target\":[\"https:\/\/www.padreeustaquio.com.br\/preparemos-para-o-natal-do-senhor\/#respond\"]}]},{\"@type\":\"WebPage\",\"@id\":\"https:\/\/www.padreeustaquio.com.br\/preparemos-para-o-natal-do-senhor\/\",\"url\":\"https:\/\/www.padreeustaquio.com.br\/preparemos-para-o-natal-do-senhor\/\",\"name\":\"Preparemos para o Natal do Senhor\",\"isPartOf\":{\"@id\":\"https:\/\/www.padreeustaquio.com.br\/#website\"},\"primaryImageOfPage\":{\"@id\":\"https:\/\/www.padreeustaquio.com.br\/preparemos-para-o-natal-do-senhor\/#primaryimage\"},\"image\":{\"@id\":\"https:\/\/www.padreeustaquio.com.br\/preparemos-para-o-natal-do-senhor\/#primaryimage\"},\"thumbnailUrl\":\"https:\/\/www.padreeustaquio.com.br\/wp-content\/uploads\/2021\/11\/WhatsApp-Image-2021-11-28-at-13.14.31.jpeg\",\"datePublished\":\"2021-11-30T08:35:00+00:00\",\"description\":\"O Secretariado Nacional para a Causa de Canoniza\u00e7\u00e3o do Beato Padre Eust\u00e1quio exibe a partir desse primeiro Domingo do Advento, reflex\u00f5es sobre a prepara\u00e7\u00e3o para a chegada do Menino Deus.\",\"breadcrumb\":{\"@id\":\"https:\/\/www.padreeustaquio.com.br\/preparemos-para-o-natal-do-senhor\/#breadcrumb\"},\"inLanguage\":\"en-US\",\"potentialAction\":[{\"@type\":\"ReadAction\",\"target\":[\"https:\/\/www.padreeustaquio.com.br\/preparemos-para-o-natal-do-senhor\/\"]}]},{\"@type\":\"ImageObject\",\"inLanguage\":\"en-US\",\"@id\":\"https:\/\/www.padreeustaquio.com.br\/preparemos-para-o-natal-do-senhor\/#primaryimage\",\"url\":\"https:\/\/www.padreeustaquio.com.br\/wp-content\/uploads\/2021\/11\/WhatsApp-Image-2021-11-28-at-13.14.31.jpeg\",\"contentUrl\":\"https:\/\/www.padreeustaquio.com.br\/wp-content\/uploads\/2021\/11\/WhatsApp-Image-2021-11-28-at-13.14.31.jpeg\",\"width\":1600,\"height\":900},{\"@type\":\"BreadcrumbList\",\"@id\":\"https:\/\/www.padreeustaquio.com.br\/preparemos-para-o-natal-do-senhor\/#breadcrumb\",\"itemListElement\":[{\"@type\":\"ListItem\",\"position\":1,\"name\":\"In\u00edcio\",\"item\":\"https:\/\/www.padreeustaquio.com.br\/\"},{\"@type\":\"ListItem\",\"position\":2,\"name\":\"Preparemos para o Natal do Senhor\"}]},{\"@type\":\"WebSite\",\"@id\":\"https:\/\/www.padreeustaquio.com.br\/#website\",\"url\":\"https:\/\/www.padreeustaquio.com.br\/\",\"name\":\"Padre Eust\u00e1quio\",\"description\":\"Sa\u00fade e Paz\",\"publisher\":{\"@id\":\"https:\/\/www.padreeustaquio.com.br\/#organization\"},\"potentialAction\":[{\"@type\":\"SearchAction\",\"target\":{\"@type\":\"EntryPoint\",\"urlTemplate\":\"https:\/\/www.padreeustaquio.com.br\/?s={search_term_string}\"},\"query-input\":{\"@type\":\"PropertyValueSpecification\",\"valueRequired\":true,\"valueName\":\"search_term_string\"}}],\"inLanguage\":\"en-US\"},{\"@type\":\"Organization\",\"@id\":\"https:\/\/www.padreeustaquio.com.br\/#organization\",\"name\":\"Padre Eust\u00e1quio\",\"url\":\"https:\/\/www.padreeustaquio.com.br\/\",\"logo\":{\"@type\":\"ImageObject\",\"inLanguage\":\"en-US\",\"@id\":\"https:\/\/www.padreeustaquio.com.br\/#\/schema\/logo\/image\/\",\"url\":\"https:\/\/www.padreeustaquio.com.br\/wp-content\/uploads\/2019\/08\/marca.png\",\"contentUrl\":\"https:\/\/www.padreeustaquio.com.br\/wp-content\/uploads\/2019\/08\/marca.png\",\"width\":350,\"height\":400,\"caption\":\"Padre Eust\u00e1quio\"},\"image\":{\"@id\":\"https:\/\/www.padreeustaquio.com.br\/#\/schema\/logo\/image\/\"},\"sameAs\":[\"https:\/\/www.facebook.com\/beatopadreeustaquio\/\",\"https:\/\/x.com\/beatopeustaquio\",\"https:\/\/www.instagram.com\/beatopadreeustaquio\/\",\"https:\/\/www.youtube.com\/channel\/UCRhw7vfabnajwLxb1ZXMeIw\"]},{\"@type\":\"Person\",\"@id\":\"https:\/\/www.padreeustaquio.com.br\/#\/schema\/person\/a2a51db1d00f1a7af0204a0f1ddb1566\",\"name\":\"@sscc\",\"image\":{\"@type\":\"ImageObject\",\"inLanguage\":\"en-US\",\"@id\":\"https:\/\/secure.gravatar.com\/avatar\/68cfafa5f44617fea54071e215026e0ff06be366c3d54a8425f04fdcb86f8c5f?s=96&d=mm&r=g\",\"url\":\"https:\/\/secure.gravatar.com\/avatar\/68cfafa5f44617fea54071e215026e0ff06be366c3d54a8425f04fdcb86f8c5f?s=96&d=mm&r=g\",\"contentUrl\":\"https:\/\/secure.gravatar.com\/avatar\/68cfafa5f44617fea54071e215026e0ff06be366c3d54a8425f04fdcb86f8c5f?s=96&d=mm&r=g\",\"caption\":\"@sscc\"},\"url\":\"https:\/\/www.padreeustaquio.com.br\/en\/author\/sscc\/\"}]}<\/script>\n<!-- \/ Yoast SEO plugin. -->","yoast_head_json":{"title":"Let us prepare for the Lord&#039;s Christmas.","description":"The National Secretariat for the Cause of Canonization of Blessed Father Eustace is presenting, starting this first Sunday of Advent, reflections on preparing for the arrival of the Child Jesus.","robots":{"index":"index","follow":"follow","max-snippet":"max-snippet:-1","max-image-preview":"max-image-preview:large","max-video-preview":"max-video-preview:-1"},"canonical":"https:\/\/www.padreeustaquio.com.br\/en\/lets-prepare-for-the-lords-christmas\/","og_locale":"en_US","og_type":"article","og_title":"Preparemos para o Natal do Senhor","og_description":"O Secretariado Nacional para a Causa de Canoniza\u00e7\u00e3o do Beato Padre Eust\u00e1quio exibe a partir desse primeiro Domingo do Advento, reflex\u00f5es sobre a prepara\u00e7\u00e3o para a chegada do Menino Deus.","og_url":"https:\/\/www.padreeustaquio.com.br\/en\/lets-prepare-for-the-lords-christmas\/","og_site_name":"Padre Eust\u00e1quio","article_publisher":"https:\/\/www.facebook.com\/beatopadreeustaquio\/","article_published_time":"2021-11-30T08:35:00+00:00","og_image":[{"width":1600,"height":900,"url":"https:\/\/www.padreeustaquio.com.br\/wp-content\/uploads\/2021\/11\/WhatsApp-Image-2021-11-28-at-13.14.31.jpeg","type":"image\/jpeg"}],"author":"@sscc","twitter_card":"summary_large_image","twitter_creator":"@beatopeustaquio","twitter_site":"@beatopeustaquio","twitter_misc":{"Written by":"@sscc","Est. reading time":"1 minute"},"schema":{"@context":"https:\/\/schema.org","@graph":[{"@type":"Article","@id":"https:\/\/www.padreeustaquio.com.br\/preparemos-para-o-natal-do-senhor\/#article","isPartOf":{"@id":"https:\/\/www.padreeustaquio.com.br\/preparemos-para-o-natal-do-senhor\/"},"author":{"name":"@sscc","@id":"https:\/\/www.padreeustaquio.com.br\/#\/schema\/person\/a2a51db1d00f1a7af0204a0f1ddb1566"},"headline":"Preparemos para o Natal do Senhor","datePublished":"2021-11-30T08:35:00+00:00","mainEntityOfPage":{"@id":"https:\/\/www.padreeustaquio.com.br\/preparemos-para-o-natal-do-senhor\/"},"wordCount":176,"commentCount":0,"publisher":{"@id":"https:\/\/www.padreeustaquio.com.br\/#organization"},"image":{"@id":"https:\/\/www.padreeustaquio.com.br\/preparemos-para-o-natal-do-senhor\/#primaryimage"},"thumbnailUrl":"https:\/\/www.padreeustaquio.com.br\/wp-content\/uploads\/2021\/11\/WhatsApp-Image-2021-11-28-at-13.14.31.jpeg","articleSection":["Not\u00edcias"],"inLanguage":"en-US","potentialAction":[{"@type":"CommentAction","name":"Comment","target":["https:\/\/www.padreeustaquio.com.br\/preparemos-para-o-natal-do-senhor\/#respond"]}]},{"@type":"WebPage","@id":"https:\/\/www.padreeustaquio.com.br\/preparemos-para-o-natal-do-senhor\/","url":"https:\/\/www.padreeustaquio.com.br\/preparemos-para-o-natal-do-senhor\/","name":"Let us prepare for the Lord&#039;s Christmas.","isPartOf":{"@id":"https:\/\/www.padreeustaquio.com.br\/#website"},"primaryImageOfPage":{"@id":"https:\/\/www.padreeustaquio.com.br\/preparemos-para-o-natal-do-senhor\/#primaryimage"},"image":{"@id":"https:\/\/www.padreeustaquio.com.br\/preparemos-para-o-natal-do-senhor\/#primaryimage"},"thumbnailUrl":"https:\/\/www.padreeustaquio.com.br\/wp-content\/uploads\/2021\/11\/WhatsApp-Image-2021-11-28-at-13.14.31.jpeg","datePublished":"2021-11-30T08:35:00+00:00","description":"The National Secretariat for the Cause of Canonization of Blessed Father Eustace is presenting, starting this first Sunday of Advent, reflections on preparing for the arrival of the Child Jesus.","breadcrumb":{"@id":"https:\/\/www.padreeustaquio.com.br\/preparemos-para-o-natal-do-senhor\/#breadcrumb"},"inLanguage":"en-US","potentialAction":[{"@type":"ReadAction","target":["https:\/\/www.padreeustaquio.com.br\/preparemos-para-o-natal-do-senhor\/"]}]},{"@type":"ImageObject","inLanguage":"en-US","@id":"https:\/\/www.padreeustaquio.com.br\/preparemos-para-o-natal-do-senhor\/#primaryimage","url":"https:\/\/www.padreeustaquio.com.br\/wp-content\/uploads\/2021\/11\/WhatsApp-Image-2021-11-28-at-13.14.31.jpeg","contentUrl":"https:\/\/www.padreeustaquio.com.br\/wp-content\/uploads\/2021\/11\/WhatsApp-Image-2021-11-28-at-13.14.31.jpeg","width":1600,"height":900},{"@type":"BreadcrumbList","@id":"https:\/\/www.padreeustaquio.com.br\/preparemos-para-o-natal-do-senhor\/#breadcrumb","itemListElement":[{"@type":"ListItem","position":1,"name":"In\u00edcio","item":"https:\/\/www.padreeustaquio.com.br\/"},{"@type":"ListItem","position":2,"name":"Preparemos para o Natal do Senhor"}]},{"@type":"WebSite","@id":"https:\/\/www.padreeustaquio.com.br\/#website","url":"https:\/\/www.padreeustaquio.com.br\/","name":"FATHER EUST\u00c1QUIO","description":"Health and Peace","publisher":{"@id":"https:\/\/www.padreeustaquio.com.br\/#organization"},"potentialAction":[{"@type":"SearchAction","target":{"@type":"EntryPoint","urlTemplate":"https:\/\/www.padreeustaquio.com.br\/?s={search_term_string}"},"query-input":{"@type":"PropertyValueSpecification","valueRequired":true,"valueName":"search_term_string"}}],"inLanguage":"en-US"},{"@type":"Organization","@id":"https:\/\/www.padreeustaquio.com.br\/#organization","name":"FATHER EUST\u00c1QUIO","url":"https:\/\/www.padreeustaquio.com.br\/","logo":{"@type":"ImageObject","inLanguage":"en-US","@id":"https:\/\/www.padreeustaquio.com.br\/#\/schema\/logo\/image\/","url":"https:\/\/www.padreeustaquio.com.br\/wp-content\/uploads\/2019\/08\/marca.png","contentUrl":"https:\/\/www.padreeustaquio.com.br\/wp-content\/uploads\/2019\/08\/marca.png","width":350,"height":400,"caption":"Padre Eust\u00e1quio"},"image":{"@id":"https:\/\/www.padreeustaquio.com.br\/#\/schema\/logo\/image\/"},"sameAs":["https:\/\/www.facebook.com\/beatopadreeustaquio\/","https:\/\/x.com\/beatopeustaquio","https:\/\/www.instagram.com\/beatopadreeustaquio\/","https:\/\/www.youtube.com\/channel\/UCRhw7vfabnajwLxb1ZXMeIw"]},{"@type":"Person","@id":"https:\/\/www.padreeustaquio.com.br\/#\/schema\/person\/a2a51db1d00f1a7af0204a0f1ddb1566","name":"@sscc","image":{"@type":"ImageObject","inLanguage":"en-US","@id":"https:\/\/secure.gravatar.com\/avatar\/68cfafa5f44617fea54071e215026e0ff06be366c3d54a8425f04fdcb86f8c5f?s=96&d=mm&r=g","url":"https:\/\/secure.gravatar.com\/avatar\/68cfafa5f44617fea54071e215026e0ff06be366c3d54a8425f04fdcb86f8c5f?s=96&d=mm&r=g","contentUrl":"https:\/\/secure.gravatar.com\/avatar\/68cfafa5f44617fea54071e215026e0ff06be366c3d54a8425f04fdcb86f8c5f?s=96&d=mm&r=g","caption":"@sscc"},"url":"https:\/\/www.padreeustaquio.com.br\/en\/author\/sscc\/"}]}},"_links":{"self":[{"href":"https:\/\/www.padreeustaquio.com.br\/en\/wp-json\/wp\/v2\/posts\/7621","targetHints":{"allow":["GET"]}}],"collection":[{"href":"https:\/\/www.padreeustaquio.com.br\/en\/wp-json\/wp\/v2\/posts"}],"about":[{"href":"https:\/\/www.padreeustaquio.com.br\/en\/wp-json\/wp\/v2\/types\/post"}],"author":[{"embeddable":true,"href":"https:\/\/www.padreeustaquio.com.br\/en\/wp-json\/wp\/v2\/users\/2"}],"replies":[{"embeddable":true,"href":"https:\/\/www.padreeustaquio.com.br\/en\/wp-json\/wp\/v2\/comments?post=7621"}],"version-history":[{"count":0,"href":"https:\/\/www.padreeustaquio.com.br\/en\/wp-json\/wp\/v2\/posts\/7621\/revisions"}],"wp:featuredmedia":[{"embeddable":true,"href":"https:\/\/www.padreeustaquio.com.br\/en\/wp-json\/wp\/v2\/media\/7622"}],"wp:attachment":[{"href":"https:\/\/www.padreeustaquio.com.br\/en\/wp-json\/wp\/v2\/media?parent=7621"}],"wp:term":[{"taxonomy":"category","embeddable":true,"href":"https:\/\/www.padreeustaquio.com.br\/en\/wp-json\/wp\/v2\/categories?post=7621"},{"taxonomy":"post_tag","embeddable":true,"href":"https:\/\/www.padreeustaquio.com.br\/en\/wp-json\/wp\/v2\/tags?post=7621"}],"curies":[{"name":"wp","href":"https:\/\/api.w.org\/{rel}","templated":true}]}}