{"id":7614,"date":"2021-11-29T06:10:00","date_gmt":"2021-11-29T09:10:00","guid":{"rendered":"https:\/\/www.padreeustaquio.com.br\/?p=7614"},"modified":"2021-11-28T12:57:03","modified_gmt":"2021-11-28T15:57:03","slug":"in-paraguay-deacon-gustavo-van-humbeeck-ss-cc-and-ordained","status":"publish","type":"post","link":"https:\/\/www.padreeustaquio.com.br\/en\/in-paraguay-deacon-gustavo-van-humbeeck-ss-cc-and-ordained\/","title":{"rendered":"In Paraguay, Deacon Gustavo van Humbeeck, ss.cc. is ordained."},"content":{"rendered":"<p>Brother Gustavo van Humbeeck Benegas, ss.cc., was ordained a deacon last week. The ceremony, presided over by Bishop Guillermo Steckling, omi, of the Diocese of Ciudad del Este, Paraguay, took place on Tuesday the 23rd, at Our Lady of Fatima Parish in the city of Presidente Franco.<\/p>\n\n\n\n<p>The Holy Mass was attended by the faithful, but was also followed on the parish&#039;s social media channels.\u00a0<a href=\"https:\/\/www.facebook.com\/Parroquia-Nuestra-Se%C3%B1ora-Virgen-de-F%C3%A1tima-de-Pte-Franco-593480000687760\" target=\"_blank\" rel=\"noreferrer noopener\">Facebook<\/a>. The broadcast was made by the local communications team and also simultaneously retransmitted by...\u00a0<a href=\"https:\/\/www.youtube.com\/watch?v=ql5-ypB3WYk\" target=\"_blank\" rel=\"noreferrer noopener\">Padre Eust\u00e1quio Channel (review here)<\/a>. The entire celebration was conducted in Spanish.<\/p>\n\n\n\n<p>Gustavo Rafael Arnaldo Van Humbeeck Benegas was born on March 14, 1989, in Asunci\u00f3n, the capital of Paraguay. He is the son of Rafael Adolfo Van Humbeeck Busto and N\u00e9lida Benegas Viveros. He is the third of four children.<\/p>\n\n\n\n<p>He began his Christian initiation at the Parish of Saint Catherine of Siena in the city of Fernando de la Mora. He became acquainted with the Congregation of the Sacred Hearts from a very young age through the brothers who carry out their apostolate there. He then joined the Congregation in 2012 and, in the same year, began his philosophical studies at the Jesuit Institute of Humanistic and Philosophical Studies in Asunci\u00f3n.<\/p>\n\n\n\n<p>He entered the novitiate in 2015 in Cerrillos de Curacav\u00ed, Chile, carrying out his pastoral work in the Sacred Hearts Community in that location.<\/p>\n\n\n\n<p>He professed his temporary vows on January 15, 2016, at the Santa Catarina de Sena Parish, the place where he grew up in his Christian life. He made his perpetual profession at the Nossa Senhora de F\u00e1tima Parish, in the city of Presidente Franco, on November 23, 2020, the community where he currently serves.<\/p>\n\n\n\n<p>Between 2016 and 2019, he pursued his theological studies at the Pontifical Catholic University of Chile and carried out his pastoral work at the Parish of Saint Peter and Saint Paul, accompanying the youth and sick of the communities: Father Esteban Gumucio and Maria da Esperan\u00e7a. In addition, he underwent a formative experience at the Sanctuary of Health and Peace in Belo Horizonte, Minas Gerais, Brazil, in 2020.<\/p>\n\n\n\n<p><\/p>","protected":false},"excerpt":{"rendered":"<p>O Irm\u00e3o Gustavo van Humbeeck Benegas, ss.cc., foi ordenado di\u00e1cono, na \u00faltima semana. A cerim\u00f4nia presidida por Dom Guillermo Steckling, omi, bispo da Diocese de Ciudad del Este, no Paraguai, foi realizada na ter\u00e7a-feira, dia 23, na Par\u00f3quia Nossa Senhora de F\u00e1tima, cidade de Presidente Franco. A Santa Missa contou com a presen\u00e7a de fi\u00e9is, mas tamb\u00e9m foi acompanhada pelas redes sociais da par\u00f3quia no\u00a0Facebook. A transmiss\u00e3o foi feita pela equipe de comunica\u00e7\u00e3o local e tamb\u00e9m retransmitida simultaneamente pelo\u00a0Canal Padre Eust\u00e1quio (reveja aqui). A celebra\u00e7\u00e3o foi toda realizada em l\u00edngua espanhola. Gustavo Rafael Arnaldo Van Humbeeck Benegas, nasceu em 14 [&hellip;]<\/p>\n","protected":false},"author":2,"featured_media":7615,"comment_status":"open","ping_status":"closed","sticky":false,"template":"","format":"standard","meta":{"_acf_changed":false,"footnotes":""},"categories":[611],"tags":[],"class_list":["post-7614","post","type-post","status-publish","format-standard","has-post-thumbnail","hentry","category-noticias"],"acf":[],"yoast_head":"<!-- This site is optimized with the Yoast SEO plugin v27.2 - https:\/\/yoast.com\/product\/yoast-seo-wordpress\/ -->\n<title>No Paraguai, Di\u00e1cono Gustavo van Humbeeck, ss.cc. \u00e9 ordenado<\/title>\n<meta name=\"description\" content=\"O Irm\u00e3o Gustavo van Humbeeck Benegas, ss.cc., foi ordenado di\u00e1cono, na \u00faltima semana. A cerim\u00f4nia presidida por Dom Guillermo Steckling, omi, bispo da Diocese de Ciudad del Este, no Paraguai, foi realizada na ter\u00e7a-feira, dia 23, na Par\u00f3quia Nossa Senhora de F\u00e1tima, cidade de Presidente Franco.\" \/>\n<meta name=\"robots\" content=\"index, follow, max-snippet:-1, max-image-preview:large, max-video-preview:-1\" \/>\n<link rel=\"canonical\" href=\"https:\/\/www.padreeustaquio.com.br\/en\/in-paraguay-deacon-gustavo-van-humbeeck-ss-cc-and-ordained\/\" \/>\n<meta property=\"og:locale\" content=\"en_US\" \/>\n<meta property=\"og:type\" content=\"article\" \/>\n<meta property=\"og:title\" content=\"No Paraguai, Di\u00e1cono Gustavo van Humbeeck, ss.cc. \u00e9 ordenado\" \/>\n<meta property=\"og:description\" content=\"O Irm\u00e3o Gustavo van Humbeeck Benegas, ss.cc., foi ordenado di\u00e1cono, na \u00faltima semana. A cerim\u00f4nia presidida por Dom Guillermo Steckling, omi, bispo da Diocese de Ciudad del Este, no Paraguai, foi realizada na ter\u00e7a-feira, dia 23, na Par\u00f3quia Nossa Senhora de F\u00e1tima, cidade de Presidente Franco.\" \/>\n<meta property=\"og:url\" content=\"https:\/\/www.padreeustaquio.com.br\/en\/in-paraguay-deacon-gustavo-van-humbeeck-ss-cc-and-ordained\/\" \/>\n<meta property=\"og:site_name\" content=\"Padre Eust\u00e1quio\" \/>\n<meta property=\"article:publisher\" content=\"https:\/\/www.facebook.com\/beatopadreeustaquio\/\" \/>\n<meta property=\"article:published_time\" content=\"2021-11-29T09:10:00+00:00\" \/>\n<meta property=\"og:image\" content=\"https:\/\/www.padreeustaquio.com.br\/wp-content\/uploads\/2021\/11\/ir-gustavo-e1638114882644.png\" \/>\n\t<meta property=\"og:image:width\" content=\"1910\" \/>\n\t<meta property=\"og:image:height\" content=\"1080\" \/>\n\t<meta property=\"og:image:type\" content=\"image\/png\" \/>\n<meta name=\"author\" content=\"@sscc\" \/>\n<meta name=\"twitter:card\" content=\"summary_large_image\" \/>\n<meta name=\"twitter:creator\" content=\"@beatopeustaquio\" \/>\n<meta name=\"twitter:site\" content=\"@beatopeustaquio\" \/>\n<meta name=\"twitter:label1\" content=\"Written by\" \/>\n\t<meta name=\"twitter:data1\" content=\"@sscc\" \/>\n\t<meta name=\"twitter:label2\" content=\"Est. reading time\" \/>\n\t<meta name=\"twitter:data2\" content=\"2 minutes\" \/>\n<script type=\"application\/ld+json\" class=\"yoast-schema-graph\">{\"@context\":\"https:\/\/schema.org\",\"@graph\":[{\"@type\":\"Article\",\"@id\":\"https:\/\/www.padreeustaquio.com.br\/no-paraguai-diacono-gustavo-van-humbeeck-ss-cc-e-ordenado\/#article\",\"isPartOf\":{\"@id\":\"https:\/\/www.padreeustaquio.com.br\/no-paraguai-diacono-gustavo-van-humbeeck-ss-cc-e-ordenado\/\"},\"author\":{\"name\":\"@sscc\",\"@id\":\"https:\/\/www.padreeustaquio.com.br\/#\/schema\/person\/a2a51db1d00f1a7af0204a0f1ddb1566\"},\"headline\":\"No Paraguai, Di\u00e1cono Gustavo van Humbeeck, ss.cc. \u00e9 ordenado\",\"datePublished\":\"2021-11-29T09:10:00+00:00\",\"mainEntityOfPage\":{\"@id\":\"https:\/\/www.padreeustaquio.com.br\/no-paraguai-diacono-gustavo-van-humbeeck-ss-cc-e-ordenado\/\"},\"wordCount\":375,\"commentCount\":0,\"publisher\":{\"@id\":\"https:\/\/www.padreeustaquio.com.br\/#organization\"},\"image\":{\"@id\":\"https:\/\/www.padreeustaquio.com.br\/no-paraguai-diacono-gustavo-van-humbeeck-ss-cc-e-ordenado\/#primaryimage\"},\"thumbnailUrl\":\"https:\/\/www.padreeustaquio.com.br\/wp-content\/uploads\/2021\/11\/ir-gustavo-e1638114882644.png\",\"articleSection\":[\"Not\u00edcias\"],\"inLanguage\":\"en-US\",\"potentialAction\":[{\"@type\":\"CommentAction\",\"name\":\"Comment\",\"target\":[\"https:\/\/www.padreeustaquio.com.br\/no-paraguai-diacono-gustavo-van-humbeeck-ss-cc-e-ordenado\/#respond\"]}]},{\"@type\":\"WebPage\",\"@id\":\"https:\/\/www.padreeustaquio.com.br\/no-paraguai-diacono-gustavo-van-humbeeck-ss-cc-e-ordenado\/\",\"url\":\"https:\/\/www.padreeustaquio.com.br\/no-paraguai-diacono-gustavo-van-humbeeck-ss-cc-e-ordenado\/\",\"name\":\"No Paraguai, Di\u00e1cono Gustavo van Humbeeck, ss.cc. \u00e9 ordenado\",\"isPartOf\":{\"@id\":\"https:\/\/www.padreeustaquio.com.br\/#website\"},\"primaryImageOfPage\":{\"@id\":\"https:\/\/www.padreeustaquio.com.br\/no-paraguai-diacono-gustavo-van-humbeeck-ss-cc-e-ordenado\/#primaryimage\"},\"image\":{\"@id\":\"https:\/\/www.padreeustaquio.com.br\/no-paraguai-diacono-gustavo-van-humbeeck-ss-cc-e-ordenado\/#primaryimage\"},\"thumbnailUrl\":\"https:\/\/www.padreeustaquio.com.br\/wp-content\/uploads\/2021\/11\/ir-gustavo-e1638114882644.png\",\"datePublished\":\"2021-11-29T09:10:00+00:00\",\"description\":\"O Irm\u00e3o Gustavo van Humbeeck Benegas, ss.cc., foi ordenado di\u00e1cono, na \u00faltima semana. A cerim\u00f4nia presidida por Dom Guillermo Steckling, omi, bispo da Diocese de Ciudad del Este, no Paraguai, foi realizada na ter\u00e7a-feira, dia 23, na Par\u00f3quia Nossa Senhora de F\u00e1tima, cidade de Presidente Franco.\",\"breadcrumb\":{\"@id\":\"https:\/\/www.padreeustaquio.com.br\/no-paraguai-diacono-gustavo-van-humbeeck-ss-cc-e-ordenado\/#breadcrumb\"},\"inLanguage\":\"en-US\",\"potentialAction\":[{\"@type\":\"ReadAction\",\"target\":[\"https:\/\/www.padreeustaquio.com.br\/no-paraguai-diacono-gustavo-van-humbeeck-ss-cc-e-ordenado\/\"]}]},{\"@type\":\"ImageObject\",\"inLanguage\":\"en-US\",\"@id\":\"https:\/\/www.padreeustaquio.com.br\/no-paraguai-diacono-gustavo-van-humbeeck-ss-cc-e-ordenado\/#primaryimage\",\"url\":\"https:\/\/www.padreeustaquio.com.br\/wp-content\/uploads\/2021\/11\/ir-gustavo-e1638114882644.png\",\"contentUrl\":\"https:\/\/www.padreeustaquio.com.br\/wp-content\/uploads\/2021\/11\/ir-gustavo-e1638114882644.png\",\"width\":1910,\"height\":1080},{\"@type\":\"BreadcrumbList\",\"@id\":\"https:\/\/www.padreeustaquio.com.br\/no-paraguai-diacono-gustavo-van-humbeeck-ss-cc-e-ordenado\/#breadcrumb\",\"itemListElement\":[{\"@type\":\"ListItem\",\"position\":1,\"name\":\"In\u00edcio\",\"item\":\"https:\/\/www.padreeustaquio.com.br\/\"},{\"@type\":\"ListItem\",\"position\":2,\"name\":\"No Paraguai, Di\u00e1cono Gustavo van Humbeeck, ss.cc. \u00e9 ordenado\"}]},{\"@type\":\"WebSite\",\"@id\":\"https:\/\/www.padreeustaquio.com.br\/#website\",\"url\":\"https:\/\/www.padreeustaquio.com.br\/\",\"name\":\"Padre Eust\u00e1quio\",\"description\":\"Sa\u00fade e Paz\",\"publisher\":{\"@id\":\"https:\/\/www.padreeustaquio.com.br\/#organization\"},\"potentialAction\":[{\"@type\":\"SearchAction\",\"target\":{\"@type\":\"EntryPoint\",\"urlTemplate\":\"https:\/\/www.padreeustaquio.com.br\/?s={search_term_string}\"},\"query-input\":{\"@type\":\"PropertyValueSpecification\",\"valueRequired\":true,\"valueName\":\"search_term_string\"}}],\"inLanguage\":\"en-US\"},{\"@type\":\"Organization\",\"@id\":\"https:\/\/www.padreeustaquio.com.br\/#organization\",\"name\":\"Padre Eust\u00e1quio\",\"url\":\"https:\/\/www.padreeustaquio.com.br\/\",\"logo\":{\"@type\":\"ImageObject\",\"inLanguage\":\"en-US\",\"@id\":\"https:\/\/www.padreeustaquio.com.br\/#\/schema\/logo\/image\/\",\"url\":\"https:\/\/www.padreeustaquio.com.br\/wp-content\/uploads\/2019\/08\/marca.png\",\"contentUrl\":\"https:\/\/www.padreeustaquio.com.br\/wp-content\/uploads\/2019\/08\/marca.png\",\"width\":350,\"height\":400,\"caption\":\"Padre Eust\u00e1quio\"},\"image\":{\"@id\":\"https:\/\/www.padreeustaquio.com.br\/#\/schema\/logo\/image\/\"},\"sameAs\":[\"https:\/\/www.facebook.com\/beatopadreeustaquio\/\",\"https:\/\/x.com\/beatopeustaquio\",\"https:\/\/www.instagram.com\/beatopadreeustaquio\/\",\"https:\/\/www.youtube.com\/channel\/UCRhw7vfabnajwLxb1ZXMeIw\"]},{\"@type\":\"Person\",\"@id\":\"https:\/\/www.padreeustaquio.com.br\/#\/schema\/person\/a2a51db1d00f1a7af0204a0f1ddb1566\",\"name\":\"@sscc\",\"image\":{\"@type\":\"ImageObject\",\"inLanguage\":\"en-US\",\"@id\":\"https:\/\/secure.gravatar.com\/avatar\/68cfafa5f44617fea54071e215026e0ff06be366c3d54a8425f04fdcb86f8c5f?s=96&d=mm&r=g\",\"url\":\"https:\/\/secure.gravatar.com\/avatar\/68cfafa5f44617fea54071e215026e0ff06be366c3d54a8425f04fdcb86f8c5f?s=96&d=mm&r=g\",\"contentUrl\":\"https:\/\/secure.gravatar.com\/avatar\/68cfafa5f44617fea54071e215026e0ff06be366c3d54a8425f04fdcb86f8c5f?s=96&d=mm&r=g\",\"caption\":\"@sscc\"},\"url\":\"https:\/\/www.padreeustaquio.com.br\/en\/author\/sscc\/\"}]}<\/script>\n<!-- \/ Yoast SEO plugin. -->","yoast_head_json":{"title":"In Paraguay, Deacon Gustavo van Humbeeck, ss.cc. is ordained.","description":"Brother Gustavo van Humbeeck Benegas, ss.cc., was ordained a deacon last week. The ceremony, presided over by Bishop Guillermo Steckling, omi, of the Diocese of Ciudad del Este, Paraguay, took place on Tuesday the 23rd, at Our Lady of Fatima Parish in the city of Presidente Franco.","robots":{"index":"index","follow":"follow","max-snippet":"max-snippet:-1","max-image-preview":"max-image-preview:large","max-video-preview":"max-video-preview:-1"},"canonical":"https:\/\/www.padreeustaquio.com.br\/en\/in-paraguay-deacon-gustavo-van-humbeeck-ss-cc-and-ordained\/","og_locale":"en_US","og_type":"article","og_title":"No Paraguai, Di\u00e1cono Gustavo van Humbeeck, ss.cc. \u00e9 ordenado","og_description":"O Irm\u00e3o Gustavo van Humbeeck Benegas, ss.cc., foi ordenado di\u00e1cono, na \u00faltima semana. A cerim\u00f4nia presidida por Dom Guillermo Steckling, omi, bispo da Diocese de Ciudad del Este, no Paraguai, foi realizada na ter\u00e7a-feira, dia 23, na Par\u00f3quia Nossa Senhora de F\u00e1tima, cidade de Presidente Franco.","og_url":"https:\/\/www.padreeustaquio.com.br\/en\/in-paraguay-deacon-gustavo-van-humbeeck-ss-cc-and-ordained\/","og_site_name":"Padre Eust\u00e1quio","article_publisher":"https:\/\/www.facebook.com\/beatopadreeustaquio\/","article_published_time":"2021-11-29T09:10:00+00:00","og_image":[{"width":1910,"height":1080,"url":"https:\/\/www.padreeustaquio.com.br\/wp-content\/uploads\/2021\/11\/ir-gustavo-e1638114882644.png","type":"image\/png"}],"author":"@sscc","twitter_card":"summary_large_image","twitter_creator":"@beatopeustaquio","twitter_site":"@beatopeustaquio","twitter_misc":{"Written by":"@sscc","Est. reading time":"2 minutes"},"schema":{"@context":"https:\/\/schema.org","@graph":[{"@type":"Article","@id":"https:\/\/www.padreeustaquio.com.br\/no-paraguai-diacono-gustavo-van-humbeeck-ss-cc-e-ordenado\/#article","isPartOf":{"@id":"https:\/\/www.padreeustaquio.com.br\/no-paraguai-diacono-gustavo-van-humbeeck-ss-cc-e-ordenado\/"},"author":{"name":"@sscc","@id":"https:\/\/www.padreeustaquio.com.br\/#\/schema\/person\/a2a51db1d00f1a7af0204a0f1ddb1566"},"headline":"No Paraguai, Di\u00e1cono Gustavo van Humbeeck, ss.cc. \u00e9 ordenado","datePublished":"2021-11-29T09:10:00+00:00","mainEntityOfPage":{"@id":"https:\/\/www.padreeustaquio.com.br\/no-paraguai-diacono-gustavo-van-humbeeck-ss-cc-e-ordenado\/"},"wordCount":375,"commentCount":0,"publisher":{"@id":"https:\/\/www.padreeustaquio.com.br\/#organization"},"image":{"@id":"https:\/\/www.padreeustaquio.com.br\/no-paraguai-diacono-gustavo-van-humbeeck-ss-cc-e-ordenado\/#primaryimage"},"thumbnailUrl":"https:\/\/www.padreeustaquio.com.br\/wp-content\/uploads\/2021\/11\/ir-gustavo-e1638114882644.png","articleSection":["Not\u00edcias"],"inLanguage":"en-US","potentialAction":[{"@type":"CommentAction","name":"Comment","target":["https:\/\/www.padreeustaquio.com.br\/no-paraguai-diacono-gustavo-van-humbeeck-ss-cc-e-ordenado\/#respond"]}]},{"@type":"WebPage","@id":"https:\/\/www.padreeustaquio.com.br\/no-paraguai-diacono-gustavo-van-humbeeck-ss-cc-e-ordenado\/","url":"https:\/\/www.padreeustaquio.com.br\/no-paraguai-diacono-gustavo-van-humbeeck-ss-cc-e-ordenado\/","name":"In Paraguay, Deacon Gustavo van Humbeeck, ss.cc. is ordained.","isPartOf":{"@id":"https:\/\/www.padreeustaquio.com.br\/#website"},"primaryImageOfPage":{"@id":"https:\/\/www.padreeustaquio.com.br\/no-paraguai-diacono-gustavo-van-humbeeck-ss-cc-e-ordenado\/#primaryimage"},"image":{"@id":"https:\/\/www.padreeustaquio.com.br\/no-paraguai-diacono-gustavo-van-humbeeck-ss-cc-e-ordenado\/#primaryimage"},"thumbnailUrl":"https:\/\/www.padreeustaquio.com.br\/wp-content\/uploads\/2021\/11\/ir-gustavo-e1638114882644.png","datePublished":"2021-11-29T09:10:00+00:00","description":"Brother Gustavo van Humbeeck Benegas, ss.cc., was ordained a deacon last week. The ceremony, presided over by Bishop Guillermo Steckling, omi, of the Diocese of Ciudad del Este, Paraguay, took place on Tuesday the 23rd, at Our Lady of Fatima Parish in the city of Presidente Franco.","breadcrumb":{"@id":"https:\/\/www.padreeustaquio.com.br\/no-paraguai-diacono-gustavo-van-humbeeck-ss-cc-e-ordenado\/#breadcrumb"},"inLanguage":"en-US","potentialAction":[{"@type":"ReadAction","target":["https:\/\/www.padreeustaquio.com.br\/no-paraguai-diacono-gustavo-van-humbeeck-ss-cc-e-ordenado\/"]}]},{"@type":"ImageObject","inLanguage":"en-US","@id":"https:\/\/www.padreeustaquio.com.br\/no-paraguai-diacono-gustavo-van-humbeeck-ss-cc-e-ordenado\/#primaryimage","url":"https:\/\/www.padreeustaquio.com.br\/wp-content\/uploads\/2021\/11\/ir-gustavo-e1638114882644.png","contentUrl":"https:\/\/www.padreeustaquio.com.br\/wp-content\/uploads\/2021\/11\/ir-gustavo-e1638114882644.png","width":1910,"height":1080},{"@type":"BreadcrumbList","@id":"https:\/\/www.padreeustaquio.com.br\/no-paraguai-diacono-gustavo-van-humbeeck-ss-cc-e-ordenado\/#breadcrumb","itemListElement":[{"@type":"ListItem","position":1,"name":"In\u00edcio","item":"https:\/\/www.padreeustaquio.com.br\/"},{"@type":"ListItem","position":2,"name":"No Paraguai, Di\u00e1cono Gustavo van Humbeeck, ss.cc. \u00e9 ordenado"}]},{"@type":"WebSite","@id":"https:\/\/www.padreeustaquio.com.br\/#website","url":"https:\/\/www.padreeustaquio.com.br\/","name":"FATHER EUST\u00c1QUIO","description":"Health and Peace","publisher":{"@id":"https:\/\/www.padreeustaquio.com.br\/#organization"},"potentialAction":[{"@type":"SearchAction","target":{"@type":"EntryPoint","urlTemplate":"https:\/\/www.padreeustaquio.com.br\/?s={search_term_string}"},"query-input":{"@type":"PropertyValueSpecification","valueRequired":true,"valueName":"search_term_string"}}],"inLanguage":"en-US"},{"@type":"Organization","@id":"https:\/\/www.padreeustaquio.com.br\/#organization","name":"FATHER EUST\u00c1QUIO","url":"https:\/\/www.padreeustaquio.com.br\/","logo":{"@type":"ImageObject","inLanguage":"en-US","@id":"https:\/\/www.padreeustaquio.com.br\/#\/schema\/logo\/image\/","url":"https:\/\/www.padreeustaquio.com.br\/wp-content\/uploads\/2019\/08\/marca.png","contentUrl":"https:\/\/www.padreeustaquio.com.br\/wp-content\/uploads\/2019\/08\/marca.png","width":350,"height":400,"caption":"Padre Eust\u00e1quio"},"image":{"@id":"https:\/\/www.padreeustaquio.com.br\/#\/schema\/logo\/image\/"},"sameAs":["https:\/\/www.facebook.com\/beatopadreeustaquio\/","https:\/\/x.com\/beatopeustaquio","https:\/\/www.instagram.com\/beatopadreeustaquio\/","https:\/\/www.youtube.com\/channel\/UCRhw7vfabnajwLxb1ZXMeIw"]},{"@type":"Person","@id":"https:\/\/www.padreeustaquio.com.br\/#\/schema\/person\/a2a51db1d00f1a7af0204a0f1ddb1566","name":"@sscc","image":{"@type":"ImageObject","inLanguage":"en-US","@id":"https:\/\/secure.gravatar.com\/avatar\/68cfafa5f44617fea54071e215026e0ff06be366c3d54a8425f04fdcb86f8c5f?s=96&d=mm&r=g","url":"https:\/\/secure.gravatar.com\/avatar\/68cfafa5f44617fea54071e215026e0ff06be366c3d54a8425f04fdcb86f8c5f?s=96&d=mm&r=g","contentUrl":"https:\/\/secure.gravatar.com\/avatar\/68cfafa5f44617fea54071e215026e0ff06be366c3d54a8425f04fdcb86f8c5f?s=96&d=mm&r=g","caption":"@sscc"},"url":"https:\/\/www.padreeustaquio.com.br\/en\/author\/sscc\/"}]}},"_links":{"self":[{"href":"https:\/\/www.padreeustaquio.com.br\/en\/wp-json\/wp\/v2\/posts\/7614","targetHints":{"allow":["GET"]}}],"collection":[{"href":"https:\/\/www.padreeustaquio.com.br\/en\/wp-json\/wp\/v2\/posts"}],"about":[{"href":"https:\/\/www.padreeustaquio.com.br\/en\/wp-json\/wp\/v2\/types\/post"}],"author":[{"embeddable":true,"href":"https:\/\/www.padreeustaquio.com.br\/en\/wp-json\/wp\/v2\/users\/2"}],"replies":[{"embeddable":true,"href":"https:\/\/www.padreeustaquio.com.br\/en\/wp-json\/wp\/v2\/comments?post=7614"}],"version-history":[{"count":0,"href":"https:\/\/www.padreeustaquio.com.br\/en\/wp-json\/wp\/v2\/posts\/7614\/revisions"}],"wp:featuredmedia":[{"embeddable":true,"href":"https:\/\/www.padreeustaquio.com.br\/en\/wp-json\/wp\/v2\/media\/7615"}],"wp:attachment":[{"href":"https:\/\/www.padreeustaquio.com.br\/en\/wp-json\/wp\/v2\/media?parent=7614"}],"wp:term":[{"taxonomy":"category","embeddable":true,"href":"https:\/\/www.padreeustaquio.com.br\/en\/wp-json\/wp\/v2\/categories?post=7614"},{"taxonomy":"post_tag","embeddable":true,"href":"https:\/\/www.padreeustaquio.com.br\/en\/wp-json\/wp\/v2\/tags?post=7614"}],"curies":[{"name":"wp","href":"https:\/\/api.w.org\/{rel}","templated":true}]}}