{"id":7595,"date":"2021-11-26T06:10:00","date_gmt":"2021-11-26T09:10:00","guid":{"rendered":"https:\/\/www.padreeustaquio.com.br\/?p=7595"},"modified":"2021-11-23T21:57:23","modified_gmt":"2021-11-24T00:57:23","slug":"father-jorge-celebrates-mass-at-the-sanctuary-of-health-and-peace-in-belo-horizonte","status":"publish","type":"post","link":"https:\/\/www.padreeustaquio.com.br\/en\/father-jorge-celebrates-mass-at-the-sanctuary-of-health-and-peace-in-belo-horizonte\/","title":{"rendered":"Father Jorge celebrates Mass at the Sanctuary of Health and Peace in Belo Horizonte."},"content":{"rendered":"<p>Father Jorge Oliveira, ss.cc., will celebrate his first Mass at the Sanctuary of Health and Peace, the church of Blessed Father Eust\u00e1quio, next Sunday, November 28th, at 7 pm. The celebration, which will be broadcast on the Padre Eust\u00e1quio YouTube Channel, will be open to the public.<\/p>\n\n\n\n<p>Father Jorge received the sacrament on October 2nd, in a ceremony presided over by Cardinal Dom Orani Jo\u00e3o Tempesta, Metropolitan Archbishop of Rio de Janeiro, at the parish where he was born (Our Lady of the Conception), in the Santa Cruz neighborhood of Rio.<\/p>\n\n\n\n<p>About Father Jorge<\/p>\n\n\n\n<p>Father Jorge Felipe de Oliveira Campos joined the Congregation of the Sacred Hearts in July 2009. He completed his Novitiate in 2012 in Chile and professed his first vows on January 6, 2013, at the Parish of Our Lady of Exile in Campo Grande, Rio de Janeiro. In 2015, he lived in the religious community of Catuji-MG, where he served his pastoral year. In 2016, he was sent to the Sanctuary of Health and Peace in Belo Horizonte, and on August 15, 2017, he professed his perpetual vows.<\/p>\n\n\n\n<p>In December 2019 he completed his Theology studies and, the following year, was sent to Paraguay, to the community of Fernando de la Mora. On November 12, 2020, he was ordained a deacon, returning to Brazil five months later to serve at the Nossa Senhora do Desterro Parish in Campo Grande, Rio de Janeiro.<\/p>\n\n\n\n<p><\/p>","protected":false},"excerpt":{"rendered":"<p>O Padre Jorge Oliveira, ss.cc., celebrar\u00e1 sua primeira missa no Santu\u00e1rio da Sa\u00fade e da Paz, a igreja do Beato Padre Eust\u00e1quio, no pr\u00f3ximo domingo, 28 de novembro, \u00e0s 19h. A celebra\u00e7\u00e3o, que ser\u00e1 transmitida pelo YouTube Canal Padre Eust\u00e1quio, ser\u00e1 aberta ao p\u00fablico. Padre Jorge recebeu o sacramento no dia 02 de outubro, em uma cerim\u00f4nia presidida pelo Cardeal Dom Orani Jo\u00e3o Tempesta, arcebispo metropolitano do Rio de Janeiro, na par\u00f3quia onde nasceu (Nossa Senhora da Concei\u00e7\u00e3o), no bairro Santa Cruz, no Rio. Sobre Padre Jorge Padre Jorge Felipe de Oliveira Campos ingressou na Congrega\u00e7\u00e3o dos Sagrados Cora\u00e7\u00f5es em [&hellip;]<\/p>\n","protected":false},"author":2,"featured_media":7596,"comment_status":"open","ping_status":"closed","sticky":false,"template":"","format":"standard","meta":{"_acf_changed":false,"footnotes":""},"categories":[611],"tags":[],"class_list":["post-7595","post","type-post","status-publish","format-standard","has-post-thumbnail","hentry","category-noticias"],"acf":[],"yoast_head":"<!-- This site is optimized with the Yoast SEO plugin v27.2 - https:\/\/yoast.com\/product\/yoast-seo-wordpress\/ -->\n<title>Padre Jorge celebra missa no Santu\u00e1rio da Sa\u00fade e da Paz, em BH<\/title>\n<meta name=\"description\" content=\"O Padre Jorge Oliveira, ss.cc., celebrar\u00e1 sua primeira missa no Santu\u00e1rio da Sa\u00fade e da Paz, a igreja do Beato Padre Eust\u00e1quio, no pr\u00f3ximo domingo, 28 de novembro, \u00e0s 19h. A celebra\u00e7\u00e3o, que ser\u00e1 transmitida pelo YouTube Canal Padre Eust\u00e1quio, ser\u00e1 aberta ao p\u00fablico.\" \/>\n<meta name=\"robots\" content=\"index, follow, max-snippet:-1, max-image-preview:large, max-video-preview:-1\" \/>\n<link rel=\"canonical\" href=\"https:\/\/www.padreeustaquio.com.br\/en\/father-jorge-celebrates-mass-at-the-sanctuary-of-health-and-peace-in-belo-horizonte\/\" \/>\n<meta property=\"og:locale\" content=\"en_US\" \/>\n<meta property=\"og:type\" content=\"article\" \/>\n<meta property=\"og:title\" content=\"Padre Jorge celebra missa no Santu\u00e1rio da Sa\u00fade e da Paz, em BH\" \/>\n<meta property=\"og:description\" content=\"O Padre Jorge Oliveira, ss.cc., celebrar\u00e1 sua primeira missa no Santu\u00e1rio da Sa\u00fade e da Paz, a igreja do Beato Padre Eust\u00e1quio, no pr\u00f3ximo domingo, 28 de novembro, \u00e0s 19h. A celebra\u00e7\u00e3o, que ser\u00e1 transmitida pelo YouTube Canal Padre Eust\u00e1quio, ser\u00e1 aberta ao p\u00fablico.\" \/>\n<meta property=\"og:url\" content=\"https:\/\/www.padreeustaquio.com.br\/en\/father-jorge-celebrates-mass-at-the-sanctuary-of-health-and-peace-in-belo-horizonte\/\" \/>\n<meta property=\"og:site_name\" content=\"Padre Eust\u00e1quio\" \/>\n<meta property=\"article:publisher\" content=\"https:\/\/www.facebook.com\/beatopadreeustaquio\/\" \/>\n<meta property=\"article:published_time\" content=\"2021-11-26T09:10:00+00:00\" \/>\n<meta property=\"og:image\" content=\"https:\/\/www.padreeustaquio.com.br\/wp-content\/uploads\/2021\/11\/PADRE-JORGE.jpg\" \/>\n\t<meta property=\"og:image:width\" content=\"748\" \/>\n\t<meta property=\"og:image:height\" content=\"394\" \/>\n\t<meta property=\"og:image:type\" content=\"image\/jpeg\" \/>\n<meta name=\"author\" content=\"@sscc\" \/>\n<meta name=\"twitter:card\" content=\"summary_large_image\" \/>\n<meta name=\"twitter:creator\" content=\"@beatopeustaquio\" \/>\n<meta name=\"twitter:site\" content=\"@beatopeustaquio\" \/>\n<meta name=\"twitter:label1\" content=\"Written by\" \/>\n\t<meta name=\"twitter:data1\" content=\"@sscc\" \/>\n\t<meta name=\"twitter:label2\" content=\"Est. reading time\" \/>\n\t<meta name=\"twitter:data2\" content=\"2 minutes\" \/>\n<script type=\"application\/ld+json\" class=\"yoast-schema-graph\">{\"@context\":\"https:\/\/schema.org\",\"@graph\":[{\"@type\":\"Article\",\"@id\":\"https:\/\/www.padreeustaquio.com.br\/padre-jorge-celebra-missa-no-santuario-da-saude-e-da-paz-em-bh\/#article\",\"isPartOf\":{\"@id\":\"https:\/\/www.padreeustaquio.com.br\/padre-jorge-celebra-missa-no-santuario-da-saude-e-da-paz-em-bh\/\"},\"author\":{\"name\":\"@sscc\",\"@id\":\"https:\/\/www.padreeustaquio.com.br\/#\/schema\/person\/a2a51db1d00f1a7af0204a0f1ddb1566\"},\"headline\":\"Padre Jorge celebra missa no Santu\u00e1rio da Sa\u00fade e da Paz, em BH\",\"datePublished\":\"2021-11-26T09:10:00+00:00\",\"mainEntityOfPage\":{\"@id\":\"https:\/\/www.padreeustaquio.com.br\/padre-jorge-celebra-missa-no-santuario-da-saude-e-da-paz-em-bh\/\"},\"wordCount\":251,\"commentCount\":0,\"publisher\":{\"@id\":\"https:\/\/www.padreeustaquio.com.br\/#organization\"},\"image\":{\"@id\":\"https:\/\/www.padreeustaquio.com.br\/padre-jorge-celebra-missa-no-santuario-da-saude-e-da-paz-em-bh\/#primaryimage\"},\"thumbnailUrl\":\"https:\/\/www.padreeustaquio.com.br\/wp-content\/uploads\/2021\/11\/PADRE-JORGE.jpg\",\"articleSection\":[\"Not\u00edcias\"],\"inLanguage\":\"en-US\",\"potentialAction\":[{\"@type\":\"CommentAction\",\"name\":\"Comment\",\"target\":[\"https:\/\/www.padreeustaquio.com.br\/padre-jorge-celebra-missa-no-santuario-da-saude-e-da-paz-em-bh\/#respond\"]}]},{\"@type\":\"WebPage\",\"@id\":\"https:\/\/www.padreeustaquio.com.br\/padre-jorge-celebra-missa-no-santuario-da-saude-e-da-paz-em-bh\/\",\"url\":\"https:\/\/www.padreeustaquio.com.br\/padre-jorge-celebra-missa-no-santuario-da-saude-e-da-paz-em-bh\/\",\"name\":\"Padre Jorge celebra missa no Santu\u00e1rio da Sa\u00fade e da Paz, em BH\",\"isPartOf\":{\"@id\":\"https:\/\/www.padreeustaquio.com.br\/#website\"},\"primaryImageOfPage\":{\"@id\":\"https:\/\/www.padreeustaquio.com.br\/padre-jorge-celebra-missa-no-santuario-da-saude-e-da-paz-em-bh\/#primaryimage\"},\"image\":{\"@id\":\"https:\/\/www.padreeustaquio.com.br\/padre-jorge-celebra-missa-no-santuario-da-saude-e-da-paz-em-bh\/#primaryimage\"},\"thumbnailUrl\":\"https:\/\/www.padreeustaquio.com.br\/wp-content\/uploads\/2021\/11\/PADRE-JORGE.jpg\",\"datePublished\":\"2021-11-26T09:10:00+00:00\",\"description\":\"O Padre Jorge Oliveira, ss.cc., celebrar\u00e1 sua primeira missa no Santu\u00e1rio da Sa\u00fade e da Paz, a igreja do Beato Padre Eust\u00e1quio, no pr\u00f3ximo domingo, 28 de novembro, \u00e0s 19h. A celebra\u00e7\u00e3o, que ser\u00e1 transmitida pelo YouTube Canal Padre Eust\u00e1quio, ser\u00e1 aberta ao p\u00fablico.\",\"breadcrumb\":{\"@id\":\"https:\/\/www.padreeustaquio.com.br\/padre-jorge-celebra-missa-no-santuario-da-saude-e-da-paz-em-bh\/#breadcrumb\"},\"inLanguage\":\"en-US\",\"potentialAction\":[{\"@type\":\"ReadAction\",\"target\":[\"https:\/\/www.padreeustaquio.com.br\/padre-jorge-celebra-missa-no-santuario-da-saude-e-da-paz-em-bh\/\"]}]},{\"@type\":\"ImageObject\",\"inLanguage\":\"en-US\",\"@id\":\"https:\/\/www.padreeustaquio.com.br\/padre-jorge-celebra-missa-no-santuario-da-saude-e-da-paz-em-bh\/#primaryimage\",\"url\":\"https:\/\/www.padreeustaquio.com.br\/wp-content\/uploads\/2021\/11\/PADRE-JORGE.jpg\",\"contentUrl\":\"https:\/\/www.padreeustaquio.com.br\/wp-content\/uploads\/2021\/11\/PADRE-JORGE.jpg\",\"width\":748,\"height\":394},{\"@type\":\"BreadcrumbList\",\"@id\":\"https:\/\/www.padreeustaquio.com.br\/padre-jorge-celebra-missa-no-santuario-da-saude-e-da-paz-em-bh\/#breadcrumb\",\"itemListElement\":[{\"@type\":\"ListItem\",\"position\":1,\"name\":\"In\u00edcio\",\"item\":\"https:\/\/www.padreeustaquio.com.br\/\"},{\"@type\":\"ListItem\",\"position\":2,\"name\":\"Padre Jorge celebra missa no Santu\u00e1rio da Sa\u00fade e da Paz, em BH\"}]},{\"@type\":\"WebSite\",\"@id\":\"https:\/\/www.padreeustaquio.com.br\/#website\",\"url\":\"https:\/\/www.padreeustaquio.com.br\/\",\"name\":\"Padre Eust\u00e1quio\",\"description\":\"Sa\u00fade e Paz\",\"publisher\":{\"@id\":\"https:\/\/www.padreeustaquio.com.br\/#organization\"},\"potentialAction\":[{\"@type\":\"SearchAction\",\"target\":{\"@type\":\"EntryPoint\",\"urlTemplate\":\"https:\/\/www.padreeustaquio.com.br\/?s={search_term_string}\"},\"query-input\":{\"@type\":\"PropertyValueSpecification\",\"valueRequired\":true,\"valueName\":\"search_term_string\"}}],\"inLanguage\":\"en-US\"},{\"@type\":\"Organization\",\"@id\":\"https:\/\/www.padreeustaquio.com.br\/#organization\",\"name\":\"Padre Eust\u00e1quio\",\"url\":\"https:\/\/www.padreeustaquio.com.br\/\",\"logo\":{\"@type\":\"ImageObject\",\"inLanguage\":\"en-US\",\"@id\":\"https:\/\/www.padreeustaquio.com.br\/#\/schema\/logo\/image\/\",\"url\":\"https:\/\/www.padreeustaquio.com.br\/wp-content\/uploads\/2019\/08\/marca.png\",\"contentUrl\":\"https:\/\/www.padreeustaquio.com.br\/wp-content\/uploads\/2019\/08\/marca.png\",\"width\":350,\"height\":400,\"caption\":\"Padre Eust\u00e1quio\"},\"image\":{\"@id\":\"https:\/\/www.padreeustaquio.com.br\/#\/schema\/logo\/image\/\"},\"sameAs\":[\"https:\/\/www.facebook.com\/beatopadreeustaquio\/\",\"https:\/\/x.com\/beatopeustaquio\",\"https:\/\/www.instagram.com\/beatopadreeustaquio\/\",\"https:\/\/www.youtube.com\/channel\/UCRhw7vfabnajwLxb1ZXMeIw\"]},{\"@type\":\"Person\",\"@id\":\"https:\/\/www.padreeustaquio.com.br\/#\/schema\/person\/a2a51db1d00f1a7af0204a0f1ddb1566\",\"name\":\"@sscc\",\"image\":{\"@type\":\"ImageObject\",\"inLanguage\":\"en-US\",\"@id\":\"https:\/\/secure.gravatar.com\/avatar\/68cfafa5f44617fea54071e215026e0ff06be366c3d54a8425f04fdcb86f8c5f?s=96&d=mm&r=g\",\"url\":\"https:\/\/secure.gravatar.com\/avatar\/68cfafa5f44617fea54071e215026e0ff06be366c3d54a8425f04fdcb86f8c5f?s=96&d=mm&r=g\",\"contentUrl\":\"https:\/\/secure.gravatar.com\/avatar\/68cfafa5f44617fea54071e215026e0ff06be366c3d54a8425f04fdcb86f8c5f?s=96&d=mm&r=g\",\"caption\":\"@sscc\"},\"url\":\"https:\/\/www.padreeustaquio.com.br\/en\/author\/sscc\/\"}]}<\/script>\n<!-- \/ Yoast SEO plugin. -->","yoast_head_json":{"title":"Father Jorge celebrates Mass at the Sanctuary of Health and Peace in Belo Horizonte.","description":"Father Jorge Oliveira, ss.cc., will celebrate his first Mass at the Sanctuary of Health and Peace, the church of Blessed Father Eust\u00e1quio, next Sunday, November 28th, at 7 pm. The celebration, which will be broadcast on the Padre Eust\u00e1quio YouTube Channel, will be open to the public.","robots":{"index":"index","follow":"follow","max-snippet":"max-snippet:-1","max-image-preview":"max-image-preview:large","max-video-preview":"max-video-preview:-1"},"canonical":"https:\/\/www.padreeustaquio.com.br\/en\/father-jorge-celebrates-mass-at-the-sanctuary-of-health-and-peace-in-belo-horizonte\/","og_locale":"en_US","og_type":"article","og_title":"Padre Jorge celebra missa no Santu\u00e1rio da Sa\u00fade e da Paz, em BH","og_description":"O Padre Jorge Oliveira, ss.cc., celebrar\u00e1 sua primeira missa no Santu\u00e1rio da Sa\u00fade e da Paz, a igreja do Beato Padre Eust\u00e1quio, no pr\u00f3ximo domingo, 28 de novembro, \u00e0s 19h. A celebra\u00e7\u00e3o, que ser\u00e1 transmitida pelo YouTube Canal Padre Eust\u00e1quio, ser\u00e1 aberta ao p\u00fablico.","og_url":"https:\/\/www.padreeustaquio.com.br\/en\/father-jorge-celebrates-mass-at-the-sanctuary-of-health-and-peace-in-belo-horizonte\/","og_site_name":"Padre Eust\u00e1quio","article_publisher":"https:\/\/www.facebook.com\/beatopadreeustaquio\/","article_published_time":"2021-11-26T09:10:00+00:00","og_image":[{"width":748,"height":394,"url":"https:\/\/www.padreeustaquio.com.br\/wp-content\/uploads\/2021\/11\/PADRE-JORGE.jpg","type":"image\/jpeg"}],"author":"@sscc","twitter_card":"summary_large_image","twitter_creator":"@beatopeustaquio","twitter_site":"@beatopeustaquio","twitter_misc":{"Written by":"@sscc","Est. reading time":"2 minutes"},"schema":{"@context":"https:\/\/schema.org","@graph":[{"@type":"Article","@id":"https:\/\/www.padreeustaquio.com.br\/padre-jorge-celebra-missa-no-santuario-da-saude-e-da-paz-em-bh\/#article","isPartOf":{"@id":"https:\/\/www.padreeustaquio.com.br\/padre-jorge-celebra-missa-no-santuario-da-saude-e-da-paz-em-bh\/"},"author":{"name":"@sscc","@id":"https:\/\/www.padreeustaquio.com.br\/#\/schema\/person\/a2a51db1d00f1a7af0204a0f1ddb1566"},"headline":"Padre Jorge celebra missa no Santu\u00e1rio da Sa\u00fade e da Paz, em BH","datePublished":"2021-11-26T09:10:00+00:00","mainEntityOfPage":{"@id":"https:\/\/www.padreeustaquio.com.br\/padre-jorge-celebra-missa-no-santuario-da-saude-e-da-paz-em-bh\/"},"wordCount":251,"commentCount":0,"publisher":{"@id":"https:\/\/www.padreeustaquio.com.br\/#organization"},"image":{"@id":"https:\/\/www.padreeustaquio.com.br\/padre-jorge-celebra-missa-no-santuario-da-saude-e-da-paz-em-bh\/#primaryimage"},"thumbnailUrl":"https:\/\/www.padreeustaquio.com.br\/wp-content\/uploads\/2021\/11\/PADRE-JORGE.jpg","articleSection":["Not\u00edcias"],"inLanguage":"en-US","potentialAction":[{"@type":"CommentAction","name":"Comment","target":["https:\/\/www.padreeustaquio.com.br\/padre-jorge-celebra-missa-no-santuario-da-saude-e-da-paz-em-bh\/#respond"]}]},{"@type":"WebPage","@id":"https:\/\/www.padreeustaquio.com.br\/padre-jorge-celebra-missa-no-santuario-da-saude-e-da-paz-em-bh\/","url":"https:\/\/www.padreeustaquio.com.br\/padre-jorge-celebra-missa-no-santuario-da-saude-e-da-paz-em-bh\/","name":"Father Jorge celebrates Mass at the Sanctuary of Health and Peace in Belo Horizonte.","isPartOf":{"@id":"https:\/\/www.padreeustaquio.com.br\/#website"},"primaryImageOfPage":{"@id":"https:\/\/www.padreeustaquio.com.br\/padre-jorge-celebra-missa-no-santuario-da-saude-e-da-paz-em-bh\/#primaryimage"},"image":{"@id":"https:\/\/www.padreeustaquio.com.br\/padre-jorge-celebra-missa-no-santuario-da-saude-e-da-paz-em-bh\/#primaryimage"},"thumbnailUrl":"https:\/\/www.padreeustaquio.com.br\/wp-content\/uploads\/2021\/11\/PADRE-JORGE.jpg","datePublished":"2021-11-26T09:10:00+00:00","description":"Father Jorge Oliveira, ss.cc., will celebrate his first Mass at the Sanctuary of Health and Peace, the church of Blessed Father Eust\u00e1quio, next Sunday, November 28th, at 7 pm. The celebration, which will be broadcast on the Padre Eust\u00e1quio YouTube Channel, will be open to the public.","breadcrumb":{"@id":"https:\/\/www.padreeustaquio.com.br\/padre-jorge-celebra-missa-no-santuario-da-saude-e-da-paz-em-bh\/#breadcrumb"},"inLanguage":"en-US","potentialAction":[{"@type":"ReadAction","target":["https:\/\/www.padreeustaquio.com.br\/padre-jorge-celebra-missa-no-santuario-da-saude-e-da-paz-em-bh\/"]}]},{"@type":"ImageObject","inLanguage":"en-US","@id":"https:\/\/www.padreeustaquio.com.br\/padre-jorge-celebra-missa-no-santuario-da-saude-e-da-paz-em-bh\/#primaryimage","url":"https:\/\/www.padreeustaquio.com.br\/wp-content\/uploads\/2021\/11\/PADRE-JORGE.jpg","contentUrl":"https:\/\/www.padreeustaquio.com.br\/wp-content\/uploads\/2021\/11\/PADRE-JORGE.jpg","width":748,"height":394},{"@type":"BreadcrumbList","@id":"https:\/\/www.padreeustaquio.com.br\/padre-jorge-celebra-missa-no-santuario-da-saude-e-da-paz-em-bh\/#breadcrumb","itemListElement":[{"@type":"ListItem","position":1,"name":"In\u00edcio","item":"https:\/\/www.padreeustaquio.com.br\/"},{"@type":"ListItem","position":2,"name":"Padre Jorge celebra missa no Santu\u00e1rio da Sa\u00fade e da Paz, em BH"}]},{"@type":"WebSite","@id":"https:\/\/www.padreeustaquio.com.br\/#website","url":"https:\/\/www.padreeustaquio.com.br\/","name":"FATHER EUST\u00c1QUIO","description":"Health and Peace","publisher":{"@id":"https:\/\/www.padreeustaquio.com.br\/#organization"},"potentialAction":[{"@type":"SearchAction","target":{"@type":"EntryPoint","urlTemplate":"https:\/\/www.padreeustaquio.com.br\/?s={search_term_string}"},"query-input":{"@type":"PropertyValueSpecification","valueRequired":true,"valueName":"search_term_string"}}],"inLanguage":"en-US"},{"@type":"Organization","@id":"https:\/\/www.padreeustaquio.com.br\/#organization","name":"FATHER EUST\u00c1QUIO","url":"https:\/\/www.padreeustaquio.com.br\/","logo":{"@type":"ImageObject","inLanguage":"en-US","@id":"https:\/\/www.padreeustaquio.com.br\/#\/schema\/logo\/image\/","url":"https:\/\/www.padreeustaquio.com.br\/wp-content\/uploads\/2019\/08\/marca.png","contentUrl":"https:\/\/www.padreeustaquio.com.br\/wp-content\/uploads\/2019\/08\/marca.png","width":350,"height":400,"caption":"Padre Eust\u00e1quio"},"image":{"@id":"https:\/\/www.padreeustaquio.com.br\/#\/schema\/logo\/image\/"},"sameAs":["https:\/\/www.facebook.com\/beatopadreeustaquio\/","https:\/\/x.com\/beatopeustaquio","https:\/\/www.instagram.com\/beatopadreeustaquio\/","https:\/\/www.youtube.com\/channel\/UCRhw7vfabnajwLxb1ZXMeIw"]},{"@type":"Person","@id":"https:\/\/www.padreeustaquio.com.br\/#\/schema\/person\/a2a51db1d00f1a7af0204a0f1ddb1566","name":"@sscc","image":{"@type":"ImageObject","inLanguage":"en-US","@id":"https:\/\/secure.gravatar.com\/avatar\/68cfafa5f44617fea54071e215026e0ff06be366c3d54a8425f04fdcb86f8c5f?s=96&d=mm&r=g","url":"https:\/\/secure.gravatar.com\/avatar\/68cfafa5f44617fea54071e215026e0ff06be366c3d54a8425f04fdcb86f8c5f?s=96&d=mm&r=g","contentUrl":"https:\/\/secure.gravatar.com\/avatar\/68cfafa5f44617fea54071e215026e0ff06be366c3d54a8425f04fdcb86f8c5f?s=96&d=mm&r=g","caption":"@sscc"},"url":"https:\/\/www.padreeustaquio.com.br\/en\/author\/sscc\/"}]}},"_links":{"self":[{"href":"https:\/\/www.padreeustaquio.com.br\/en\/wp-json\/wp\/v2\/posts\/7595","targetHints":{"allow":["GET"]}}],"collection":[{"href":"https:\/\/www.padreeustaquio.com.br\/en\/wp-json\/wp\/v2\/posts"}],"about":[{"href":"https:\/\/www.padreeustaquio.com.br\/en\/wp-json\/wp\/v2\/types\/post"}],"author":[{"embeddable":true,"href":"https:\/\/www.padreeustaquio.com.br\/en\/wp-json\/wp\/v2\/users\/2"}],"replies":[{"embeddable":true,"href":"https:\/\/www.padreeustaquio.com.br\/en\/wp-json\/wp\/v2\/comments?post=7595"}],"version-history":[{"count":0,"href":"https:\/\/www.padreeustaquio.com.br\/en\/wp-json\/wp\/v2\/posts\/7595\/revisions"}],"wp:featuredmedia":[{"embeddable":true,"href":"https:\/\/www.padreeustaquio.com.br\/en\/wp-json\/wp\/v2\/media\/7596"}],"wp:attachment":[{"href":"https:\/\/www.padreeustaquio.com.br\/en\/wp-json\/wp\/v2\/media?parent=7595"}],"wp:term":[{"taxonomy":"category","embeddable":true,"href":"https:\/\/www.padreeustaquio.com.br\/en\/wp-json\/wp\/v2\/categories?post=7595"},{"taxonomy":"post_tag","embeddable":true,"href":"https:\/\/www.padreeustaquio.com.br\/en\/wp-json\/wp\/v2\/tags?post=7595"}],"curies":[{"name":"wp","href":"https:\/\/api.w.org\/{rel}","templated":true}]}}