{"id":7572,"date":"2021-11-23T06:20:00","date_gmt":"2021-11-23T09:20:00","guid":{"rendered":"https:\/\/www.padreeustaquio.com.br\/?p=7572"},"modified":"2021-11-22T23:15:16","modified_gmt":"2021-11-23T02:15:16","slug":"ir-gustavo-van-humbeeck-ss-cc-will-be-ordained-deacon-in-paraguay","status":"publish","type":"post","link":"https:\/\/www.padreeustaquio.com.br\/en\/ir-gustavo-van-humbeeck-ss-cc-will-be-ordained-deacon-in-paraguay\/","title":{"rendered":"Brother Gustavo van Humbeeck, ss.cc. will be ordained Deacon in Paraguay"},"content":{"rendered":"<p>Today, November 23rd, Brother Gustavo van Humbeeck Benegas, ss.cc., will be ordained a deacon. The ceremony will be presided over by Bishop Guillermo Steckling, omi, of the Diocese of Ciudad del Este, Paraguay, at 7:00 PM, at Our Lady of Fatima Parish, in the city of Presidente Franco.<\/p>\n\n\n\n<p>The Holy Mass will be open to the public, but can also be followed on the parish&#039;s social media channels. <a href=\"https:\/\/www.facebook.com\/Parroquia-Nuestra-Se%C3%B1ora-Virgen-de-F%C3%A1tima-de-Pte-Franco-593480000687760\" target=\"_blank\" rel=\"noreferrer noopener\">Facebook<\/a>. The broadcast will be done by the local communications team and will also be simultaneously rebroadcast by...&nbsp;<a href=\"https:\/\/www.youtube.com\/channel\/UCRhw7vfabnajwLxb1ZXMeIw\" target=\"_blank\" rel=\"noreferrer noopener\">Padre Eust\u00e1quio Channel<\/a>, Therefore, this Tuesday, there will be Holy Mass at the Sanctuary of Health and Peace at 7 pm as usual, but it will not be broadcast due to the Ordination of Brother Gustavo, which will be shown at that time. The celebration will be in Spanish.<\/p>\n\n\n\n<p>Gustavo Rafael Arnaldo Van Humbeeck Benegas was born on March 14, 1989, in Asunci\u00f3n, the capital of Paraguay. He is the son of Rafael Adolfo Van Humbeeck Busto and N\u00e9lida Benegas Viveros. He is the third of four children.<\/p>\n\n\n\n<p>He began his Christian initiation at the Parish of Saint Catherine of Siena in the city of Fernando de la Mora. He became acquainted with the Congregation of the Sacred Hearts from a very young age through the brothers who carry out their apostolate there. He then joined the Congregation in 2012 and, in the same year, began his philosophical studies at the Jesuit Institute of Humanistic and Philosophical Studies in Asunci\u00f3n.<\/p>\n\n\n\n<p>He entered the novitiate in 2015 in Cerrillos de Curacav\u00ed, Chile, carrying out his pastoral work in the Sacred Hearts Community in that location.<\/p>\n\n\n\n<p>He professed his temporary vows on January 15, 2016, at the Santa Catarina de Sena Parish, the place where he grew up in his Christian life. He made his perpetual profession at the Nossa Senhora de F\u00e1tima Parish, in the city of Presidente Franco, on November 23, 2020, the community where he currently serves.<\/p>\n\n\n\n<p>Between 2016 and 2019, he pursued his theological studies at the Pontifical Catholic University of Chile and carried out his pastoral work at the Parish of Saint Peter and Saint Paul, accompanying the youth and sick of the communities: Father Esteban Gumucio and Maria da Esperan\u00e7a. In addition, he underwent a formative experience at the Sanctuary of Health and Peace in Belo Horizonte, Minas Gerais, Brazil, in 2020.<\/p>\n\n\n\n<p><\/p>","protected":false},"excerpt":{"rendered":"<p>Hoje, dia 23 de novembro, o irm\u00e3o Gustavo van Humbeeck Benegas, ss.cc., ser\u00e1 ordenado di\u00e1cono. A cerim\u00f4nia ser\u00e1 presidida por Dom Guillermo Steckling, omi, bispo da Diocese de Ciudad del Este, no Paraguai, \u00e0s 19h, na Par\u00f3quia Nossa Senhora de F\u00e1tima, cidade de Presidente Franco. A Santa Missa ter\u00e1 a presen\u00e7a de fi\u00e9is, mas tamb\u00e9m poder\u00e1 ser acompanhada pelas redes sociais da par\u00f3quia no Facebook. A transmiss\u00e3o ser\u00e1 feita pela equipe de comunica\u00e7\u00e3o local e tamb\u00e9m ser\u00e1 retransmitida simultaneamente pelo&nbsp;Canal Padre Eust\u00e1quio, por isso, nesta ter\u00e7a-feira, haver\u00e1 a Santa Missa no Santu\u00e1rio da Sa\u00fade e da Paz, \u00e0s 19h, normalmente, [&hellip;]<\/p>\n","protected":false},"author":2,"featured_media":7573,"comment_status":"open","ping_status":"closed","sticky":false,"template":"","format":"standard","meta":{"_acf_changed":false,"footnotes":""},"categories":[611],"tags":[],"class_list":["post-7572","post","type-post","status-publish","format-standard","has-post-thumbnail","hentry","category-noticias"],"acf":[],"yoast_head":"<!-- This site is optimized with the Yoast SEO plugin v27.2 - https:\/\/yoast.com\/product\/yoast-seo-wordpress\/ -->\n<title>Ir. Gustavo van Humbeeck, ss.cc. ser\u00e1 ordenado Di\u00e1cono no Paraguai<\/title>\n<meta name=\"description\" content=\"Nesta ter\u00e7a-feira, dia 23 de novembro, o irm\u00e3o Gustavo van Humbeeck Benegas, ss.cc., ser\u00e1 ordenado di\u00e1cono. A cerim\u00f4nia ser\u00e1 presidida por Dom Guillermo Steckling, omi, bispo da Diocese de Ciudad del Este, no Paraguai, \u00e0s 19h, na Par\u00f3quia Nossa Senhora de F\u00e1tima, cidade de Presidente Franco.\" \/>\n<meta name=\"robots\" content=\"index, follow, max-snippet:-1, max-image-preview:large, max-video-preview:-1\" \/>\n<link rel=\"canonical\" href=\"https:\/\/www.padreeustaquio.com.br\/en\/ir-gustavo-van-humbeeck-ss-cc-will-be-ordained-deacon-in-paraguay\/\" \/>\n<meta property=\"og:locale\" content=\"en_US\" \/>\n<meta property=\"og:type\" content=\"article\" \/>\n<meta property=\"og:title\" content=\"Ir. Gustavo van Humbeeck, ss.cc. ser\u00e1 ordenado Di\u00e1cono no Paraguai\" \/>\n<meta property=\"og:description\" content=\"Nesta ter\u00e7a-feira, dia 23 de novembro, o irm\u00e3o Gustavo van Humbeeck Benegas, ss.cc., ser\u00e1 ordenado di\u00e1cono. A cerim\u00f4nia ser\u00e1 presidida por Dom Guillermo Steckling, omi, bispo da Diocese de Ciudad del Este, no Paraguai, \u00e0s 19h, na Par\u00f3quia Nossa Senhora de F\u00e1tima, cidade de Presidente Franco.\" \/>\n<meta property=\"og:url\" content=\"https:\/\/www.padreeustaquio.com.br\/en\/ir-gustavo-van-humbeeck-ss-cc-will-be-ordained-deacon-in-paraguay\/\" \/>\n<meta property=\"og:site_name\" content=\"Padre Eust\u00e1quio\" \/>\n<meta property=\"article:publisher\" content=\"https:\/\/www.facebook.com\/beatopadreeustaquio\/\" \/>\n<meta property=\"article:published_time\" content=\"2021-11-23T09:20:00+00:00\" \/>\n<meta property=\"og:image\" content=\"https:\/\/www.padreeustaquio.com.br\/wp-content\/uploads\/2021\/11\/irmao-gustavo.jpg\" \/>\n\t<meta property=\"og:image:width\" content=\"748\" \/>\n\t<meta property=\"og:image:height\" content=\"394\" \/>\n\t<meta property=\"og:image:type\" content=\"image\/jpeg\" \/>\n<meta name=\"author\" content=\"@sscc\" \/>\n<meta name=\"twitter:card\" content=\"summary_large_image\" \/>\n<meta name=\"twitter:creator\" content=\"@beatopeustaquio\" \/>\n<meta name=\"twitter:site\" content=\"@beatopeustaquio\" \/>\n<meta name=\"twitter:label1\" content=\"Written by\" \/>\n\t<meta name=\"twitter:data1\" content=\"@sscc\" \/>\n\t<meta name=\"twitter:label2\" content=\"Est. reading time\" \/>\n\t<meta name=\"twitter:data2\" content=\"2 minutes\" \/>\n<script type=\"application\/ld+json\" class=\"yoast-schema-graph\">{\"@context\":\"https:\/\/schema.org\",\"@graph\":[{\"@type\":\"Article\",\"@id\":\"https:\/\/www.padreeustaquio.com.br\/ir-gustavo-van-humbeeck-ss-cc-sera-ordenado-diacono-no-paraguai\/#article\",\"isPartOf\":{\"@id\":\"https:\/\/www.padreeustaquio.com.br\/ir-gustavo-van-humbeeck-ss-cc-sera-ordenado-diacono-no-paraguai\/\"},\"author\":{\"name\":\"@sscc\",\"@id\":\"https:\/\/www.padreeustaquio.com.br\/#\/schema\/person\/a2a51db1d00f1a7af0204a0f1ddb1566\"},\"headline\":\"Ir. Gustavo van Humbeeck, ss.cc. ser\u00e1 ordenado Di\u00e1cono no Paraguai\",\"datePublished\":\"2021-11-23T09:20:00+00:00\",\"mainEntityOfPage\":{\"@id\":\"https:\/\/www.padreeustaquio.com.br\/ir-gustavo-van-humbeeck-ss-cc-sera-ordenado-diacono-no-paraguai\/\"},\"wordCount\":415,\"commentCount\":0,\"publisher\":{\"@id\":\"https:\/\/www.padreeustaquio.com.br\/#organization\"},\"image\":{\"@id\":\"https:\/\/www.padreeustaquio.com.br\/ir-gustavo-van-humbeeck-ss-cc-sera-ordenado-diacono-no-paraguai\/#primaryimage\"},\"thumbnailUrl\":\"https:\/\/www.padreeustaquio.com.br\/wp-content\/uploads\/2021\/11\/irmao-gustavo.jpg\",\"articleSection\":[\"Not\u00edcias\"],\"inLanguage\":\"en-US\",\"potentialAction\":[{\"@type\":\"CommentAction\",\"name\":\"Comment\",\"target\":[\"https:\/\/www.padreeustaquio.com.br\/ir-gustavo-van-humbeeck-ss-cc-sera-ordenado-diacono-no-paraguai\/#respond\"]}]},{\"@type\":\"WebPage\",\"@id\":\"https:\/\/www.padreeustaquio.com.br\/ir-gustavo-van-humbeeck-ss-cc-sera-ordenado-diacono-no-paraguai\/\",\"url\":\"https:\/\/www.padreeustaquio.com.br\/ir-gustavo-van-humbeeck-ss-cc-sera-ordenado-diacono-no-paraguai\/\",\"name\":\"Ir. Gustavo van Humbeeck, ss.cc. ser\u00e1 ordenado Di\u00e1cono no Paraguai\",\"isPartOf\":{\"@id\":\"https:\/\/www.padreeustaquio.com.br\/#website\"},\"primaryImageOfPage\":{\"@id\":\"https:\/\/www.padreeustaquio.com.br\/ir-gustavo-van-humbeeck-ss-cc-sera-ordenado-diacono-no-paraguai\/#primaryimage\"},\"image\":{\"@id\":\"https:\/\/www.padreeustaquio.com.br\/ir-gustavo-van-humbeeck-ss-cc-sera-ordenado-diacono-no-paraguai\/#primaryimage\"},\"thumbnailUrl\":\"https:\/\/www.padreeustaquio.com.br\/wp-content\/uploads\/2021\/11\/irmao-gustavo.jpg\",\"datePublished\":\"2021-11-23T09:20:00+00:00\",\"description\":\"Nesta ter\u00e7a-feira, dia 23 de novembro, o irm\u00e3o Gustavo van Humbeeck Benegas, ss.cc., ser\u00e1 ordenado di\u00e1cono. A cerim\u00f4nia ser\u00e1 presidida por Dom Guillermo Steckling, omi, bispo da Diocese de Ciudad del Este, no Paraguai, \u00e0s 19h, na Par\u00f3quia Nossa Senhora de F\u00e1tima, cidade de Presidente Franco.\",\"breadcrumb\":{\"@id\":\"https:\/\/www.padreeustaquio.com.br\/ir-gustavo-van-humbeeck-ss-cc-sera-ordenado-diacono-no-paraguai\/#breadcrumb\"},\"inLanguage\":\"en-US\",\"potentialAction\":[{\"@type\":\"ReadAction\",\"target\":[\"https:\/\/www.padreeustaquio.com.br\/ir-gustavo-van-humbeeck-ss-cc-sera-ordenado-diacono-no-paraguai\/\"]}]},{\"@type\":\"ImageObject\",\"inLanguage\":\"en-US\",\"@id\":\"https:\/\/www.padreeustaquio.com.br\/ir-gustavo-van-humbeeck-ss-cc-sera-ordenado-diacono-no-paraguai\/#primaryimage\",\"url\":\"https:\/\/www.padreeustaquio.com.br\/wp-content\/uploads\/2021\/11\/irmao-gustavo.jpg\",\"contentUrl\":\"https:\/\/www.padreeustaquio.com.br\/wp-content\/uploads\/2021\/11\/irmao-gustavo.jpg\",\"width\":748,\"height\":394},{\"@type\":\"BreadcrumbList\",\"@id\":\"https:\/\/www.padreeustaquio.com.br\/ir-gustavo-van-humbeeck-ss-cc-sera-ordenado-diacono-no-paraguai\/#breadcrumb\",\"itemListElement\":[{\"@type\":\"ListItem\",\"position\":1,\"name\":\"In\u00edcio\",\"item\":\"https:\/\/www.padreeustaquio.com.br\/\"},{\"@type\":\"ListItem\",\"position\":2,\"name\":\"Ir. Gustavo van Humbeeck, ss.cc. ser\u00e1 ordenado Di\u00e1cono no Paraguai\"}]},{\"@type\":\"WebSite\",\"@id\":\"https:\/\/www.padreeustaquio.com.br\/#website\",\"url\":\"https:\/\/www.padreeustaquio.com.br\/\",\"name\":\"Padre Eust\u00e1quio\",\"description\":\"Sa\u00fade e Paz\",\"publisher\":{\"@id\":\"https:\/\/www.padreeustaquio.com.br\/#organization\"},\"potentialAction\":[{\"@type\":\"SearchAction\",\"target\":{\"@type\":\"EntryPoint\",\"urlTemplate\":\"https:\/\/www.padreeustaquio.com.br\/?s={search_term_string}\"},\"query-input\":{\"@type\":\"PropertyValueSpecification\",\"valueRequired\":true,\"valueName\":\"search_term_string\"}}],\"inLanguage\":\"en-US\"},{\"@type\":\"Organization\",\"@id\":\"https:\/\/www.padreeustaquio.com.br\/#organization\",\"name\":\"Padre Eust\u00e1quio\",\"url\":\"https:\/\/www.padreeustaquio.com.br\/\",\"logo\":{\"@type\":\"ImageObject\",\"inLanguage\":\"en-US\",\"@id\":\"https:\/\/www.padreeustaquio.com.br\/#\/schema\/logo\/image\/\",\"url\":\"https:\/\/www.padreeustaquio.com.br\/wp-content\/uploads\/2019\/08\/marca.png\",\"contentUrl\":\"https:\/\/www.padreeustaquio.com.br\/wp-content\/uploads\/2019\/08\/marca.png\",\"width\":350,\"height\":400,\"caption\":\"Padre Eust\u00e1quio\"},\"image\":{\"@id\":\"https:\/\/www.padreeustaquio.com.br\/#\/schema\/logo\/image\/\"},\"sameAs\":[\"https:\/\/www.facebook.com\/beatopadreeustaquio\/\",\"https:\/\/x.com\/beatopeustaquio\",\"https:\/\/www.instagram.com\/beatopadreeustaquio\/\",\"https:\/\/www.youtube.com\/channel\/UCRhw7vfabnajwLxb1ZXMeIw\"]},{\"@type\":\"Person\",\"@id\":\"https:\/\/www.padreeustaquio.com.br\/#\/schema\/person\/a2a51db1d00f1a7af0204a0f1ddb1566\",\"name\":\"@sscc\",\"image\":{\"@type\":\"ImageObject\",\"inLanguage\":\"en-US\",\"@id\":\"https:\/\/secure.gravatar.com\/avatar\/68cfafa5f44617fea54071e215026e0ff06be366c3d54a8425f04fdcb86f8c5f?s=96&d=mm&r=g\",\"url\":\"https:\/\/secure.gravatar.com\/avatar\/68cfafa5f44617fea54071e215026e0ff06be366c3d54a8425f04fdcb86f8c5f?s=96&d=mm&r=g\",\"contentUrl\":\"https:\/\/secure.gravatar.com\/avatar\/68cfafa5f44617fea54071e215026e0ff06be366c3d54a8425f04fdcb86f8c5f?s=96&d=mm&r=g\",\"caption\":\"@sscc\"},\"url\":\"https:\/\/www.padreeustaquio.com.br\/en\/author\/sscc\/\"}]}<\/script>\n<!-- \/ Yoast SEO plugin. -->","yoast_head_json":{"title":"Brother Gustavo van Humbeeck, ss.cc. will be ordained Deacon in Paraguay","description":"This Tuesday, November 23rd, Brother Gustavo van Humbeeck Benegas, ss.cc., will be ordained a deacon. The ceremony will be presided over by Bishop Guillermo Steckling, omi, of the Diocese of Ciudad del Este, Paraguay, at 7:00 PM, at Our Lady of Fatima Parish, in the city of Presidente Franco.","robots":{"index":"index","follow":"follow","max-snippet":"max-snippet:-1","max-image-preview":"max-image-preview:large","max-video-preview":"max-video-preview:-1"},"canonical":"https:\/\/www.padreeustaquio.com.br\/en\/ir-gustavo-van-humbeeck-ss-cc-will-be-ordained-deacon-in-paraguay\/","og_locale":"en_US","og_type":"article","og_title":"Ir. Gustavo van Humbeeck, ss.cc. ser\u00e1 ordenado Di\u00e1cono no Paraguai","og_description":"Nesta ter\u00e7a-feira, dia 23 de novembro, o irm\u00e3o Gustavo van Humbeeck Benegas, ss.cc., ser\u00e1 ordenado di\u00e1cono. A cerim\u00f4nia ser\u00e1 presidida por Dom Guillermo Steckling, omi, bispo da Diocese de Ciudad del Este, no Paraguai, \u00e0s 19h, na Par\u00f3quia Nossa Senhora de F\u00e1tima, cidade de Presidente Franco.","og_url":"https:\/\/www.padreeustaquio.com.br\/en\/ir-gustavo-van-humbeeck-ss-cc-will-be-ordained-deacon-in-paraguay\/","og_site_name":"Padre Eust\u00e1quio","article_publisher":"https:\/\/www.facebook.com\/beatopadreeustaquio\/","article_published_time":"2021-11-23T09:20:00+00:00","og_image":[{"width":748,"height":394,"url":"https:\/\/www.padreeustaquio.com.br\/wp-content\/uploads\/2021\/11\/irmao-gustavo.jpg","type":"image\/jpeg"}],"author":"@sscc","twitter_card":"summary_large_image","twitter_creator":"@beatopeustaquio","twitter_site":"@beatopeustaquio","twitter_misc":{"Written by":"@sscc","Est. reading time":"2 minutes"},"schema":{"@context":"https:\/\/schema.org","@graph":[{"@type":"Article","@id":"https:\/\/www.padreeustaquio.com.br\/ir-gustavo-van-humbeeck-ss-cc-sera-ordenado-diacono-no-paraguai\/#article","isPartOf":{"@id":"https:\/\/www.padreeustaquio.com.br\/ir-gustavo-van-humbeeck-ss-cc-sera-ordenado-diacono-no-paraguai\/"},"author":{"name":"@sscc","@id":"https:\/\/www.padreeustaquio.com.br\/#\/schema\/person\/a2a51db1d00f1a7af0204a0f1ddb1566"},"headline":"Ir. Gustavo van Humbeeck, ss.cc. ser\u00e1 ordenado Di\u00e1cono no Paraguai","datePublished":"2021-11-23T09:20:00+00:00","mainEntityOfPage":{"@id":"https:\/\/www.padreeustaquio.com.br\/ir-gustavo-van-humbeeck-ss-cc-sera-ordenado-diacono-no-paraguai\/"},"wordCount":415,"commentCount":0,"publisher":{"@id":"https:\/\/www.padreeustaquio.com.br\/#organization"},"image":{"@id":"https:\/\/www.padreeustaquio.com.br\/ir-gustavo-van-humbeeck-ss-cc-sera-ordenado-diacono-no-paraguai\/#primaryimage"},"thumbnailUrl":"https:\/\/www.padreeustaquio.com.br\/wp-content\/uploads\/2021\/11\/irmao-gustavo.jpg","articleSection":["Not\u00edcias"],"inLanguage":"en-US","potentialAction":[{"@type":"CommentAction","name":"Comment","target":["https:\/\/www.padreeustaquio.com.br\/ir-gustavo-van-humbeeck-ss-cc-sera-ordenado-diacono-no-paraguai\/#respond"]}]},{"@type":"WebPage","@id":"https:\/\/www.padreeustaquio.com.br\/ir-gustavo-van-humbeeck-ss-cc-sera-ordenado-diacono-no-paraguai\/","url":"https:\/\/www.padreeustaquio.com.br\/ir-gustavo-van-humbeeck-ss-cc-sera-ordenado-diacono-no-paraguai\/","name":"Brother Gustavo van Humbeeck, ss.cc. will be ordained Deacon in Paraguay","isPartOf":{"@id":"https:\/\/www.padreeustaquio.com.br\/#website"},"primaryImageOfPage":{"@id":"https:\/\/www.padreeustaquio.com.br\/ir-gustavo-van-humbeeck-ss-cc-sera-ordenado-diacono-no-paraguai\/#primaryimage"},"image":{"@id":"https:\/\/www.padreeustaquio.com.br\/ir-gustavo-van-humbeeck-ss-cc-sera-ordenado-diacono-no-paraguai\/#primaryimage"},"thumbnailUrl":"https:\/\/www.padreeustaquio.com.br\/wp-content\/uploads\/2021\/11\/irmao-gustavo.jpg","datePublished":"2021-11-23T09:20:00+00:00","description":"This Tuesday, November 23rd, Brother Gustavo van Humbeeck Benegas, ss.cc., will be ordained a deacon. The ceremony will be presided over by Bishop Guillermo Steckling, omi, of the Diocese of Ciudad del Este, Paraguay, at 7:00 PM, at Our Lady of Fatima Parish, in the city of Presidente Franco.","breadcrumb":{"@id":"https:\/\/www.padreeustaquio.com.br\/ir-gustavo-van-humbeeck-ss-cc-sera-ordenado-diacono-no-paraguai\/#breadcrumb"},"inLanguage":"en-US","potentialAction":[{"@type":"ReadAction","target":["https:\/\/www.padreeustaquio.com.br\/ir-gustavo-van-humbeeck-ss-cc-sera-ordenado-diacono-no-paraguai\/"]}]},{"@type":"ImageObject","inLanguage":"en-US","@id":"https:\/\/www.padreeustaquio.com.br\/ir-gustavo-van-humbeeck-ss-cc-sera-ordenado-diacono-no-paraguai\/#primaryimage","url":"https:\/\/www.padreeustaquio.com.br\/wp-content\/uploads\/2021\/11\/irmao-gustavo.jpg","contentUrl":"https:\/\/www.padreeustaquio.com.br\/wp-content\/uploads\/2021\/11\/irmao-gustavo.jpg","width":748,"height":394},{"@type":"BreadcrumbList","@id":"https:\/\/www.padreeustaquio.com.br\/ir-gustavo-van-humbeeck-ss-cc-sera-ordenado-diacono-no-paraguai\/#breadcrumb","itemListElement":[{"@type":"ListItem","position":1,"name":"In\u00edcio","item":"https:\/\/www.padreeustaquio.com.br\/"},{"@type":"ListItem","position":2,"name":"Ir. Gustavo van Humbeeck, ss.cc. ser\u00e1 ordenado Di\u00e1cono no Paraguai"}]},{"@type":"WebSite","@id":"https:\/\/www.padreeustaquio.com.br\/#website","url":"https:\/\/www.padreeustaquio.com.br\/","name":"FATHER EUST\u00c1QUIO","description":"Health and Peace","publisher":{"@id":"https:\/\/www.padreeustaquio.com.br\/#organization"},"potentialAction":[{"@type":"SearchAction","target":{"@type":"EntryPoint","urlTemplate":"https:\/\/www.padreeustaquio.com.br\/?s={search_term_string}"},"query-input":{"@type":"PropertyValueSpecification","valueRequired":true,"valueName":"search_term_string"}}],"inLanguage":"en-US"},{"@type":"Organization","@id":"https:\/\/www.padreeustaquio.com.br\/#organization","name":"FATHER EUST\u00c1QUIO","url":"https:\/\/www.padreeustaquio.com.br\/","logo":{"@type":"ImageObject","inLanguage":"en-US","@id":"https:\/\/www.padreeustaquio.com.br\/#\/schema\/logo\/image\/","url":"https:\/\/www.padreeustaquio.com.br\/wp-content\/uploads\/2019\/08\/marca.png","contentUrl":"https:\/\/www.padreeustaquio.com.br\/wp-content\/uploads\/2019\/08\/marca.png","width":350,"height":400,"caption":"Padre Eust\u00e1quio"},"image":{"@id":"https:\/\/www.padreeustaquio.com.br\/#\/schema\/logo\/image\/"},"sameAs":["https:\/\/www.facebook.com\/beatopadreeustaquio\/","https:\/\/x.com\/beatopeustaquio","https:\/\/www.instagram.com\/beatopadreeustaquio\/","https:\/\/www.youtube.com\/channel\/UCRhw7vfabnajwLxb1ZXMeIw"]},{"@type":"Person","@id":"https:\/\/www.padreeustaquio.com.br\/#\/schema\/person\/a2a51db1d00f1a7af0204a0f1ddb1566","name":"@sscc","image":{"@type":"ImageObject","inLanguage":"en-US","@id":"https:\/\/secure.gravatar.com\/avatar\/68cfafa5f44617fea54071e215026e0ff06be366c3d54a8425f04fdcb86f8c5f?s=96&d=mm&r=g","url":"https:\/\/secure.gravatar.com\/avatar\/68cfafa5f44617fea54071e215026e0ff06be366c3d54a8425f04fdcb86f8c5f?s=96&d=mm&r=g","contentUrl":"https:\/\/secure.gravatar.com\/avatar\/68cfafa5f44617fea54071e215026e0ff06be366c3d54a8425f04fdcb86f8c5f?s=96&d=mm&r=g","caption":"@sscc"},"url":"https:\/\/www.padreeustaquio.com.br\/en\/author\/sscc\/"}]}},"_links":{"self":[{"href":"https:\/\/www.padreeustaquio.com.br\/en\/wp-json\/wp\/v2\/posts\/7572","targetHints":{"allow":["GET"]}}],"collection":[{"href":"https:\/\/www.padreeustaquio.com.br\/en\/wp-json\/wp\/v2\/posts"}],"about":[{"href":"https:\/\/www.padreeustaquio.com.br\/en\/wp-json\/wp\/v2\/types\/post"}],"author":[{"embeddable":true,"href":"https:\/\/www.padreeustaquio.com.br\/en\/wp-json\/wp\/v2\/users\/2"}],"replies":[{"embeddable":true,"href":"https:\/\/www.padreeustaquio.com.br\/en\/wp-json\/wp\/v2\/comments?post=7572"}],"version-history":[{"count":0,"href":"https:\/\/www.padreeustaquio.com.br\/en\/wp-json\/wp\/v2\/posts\/7572\/revisions"}],"wp:featuredmedia":[{"embeddable":true,"href":"https:\/\/www.padreeustaquio.com.br\/en\/wp-json\/wp\/v2\/media\/7573"}],"wp:attachment":[{"href":"https:\/\/www.padreeustaquio.com.br\/en\/wp-json\/wp\/v2\/media?parent=7572"}],"wp:term":[{"taxonomy":"category","embeddable":true,"href":"https:\/\/www.padreeustaquio.com.br\/en\/wp-json\/wp\/v2\/categories?post=7572"},{"taxonomy":"post_tag","embeddable":true,"href":"https:\/\/www.padreeustaquio.com.br\/en\/wp-json\/wp\/v2\/tags?post=7572"}],"curies":[{"name":"wp","href":"https:\/\/api.w.org\/{rel}","templated":true}]}}