{"id":7562,"date":"2021-11-20T07:52:35","date_gmt":"2021-11-20T10:52:35","guid":{"rendered":"https:\/\/www.padreeustaquio.com.br\/?p=7562"},"modified":"2021-11-20T07:52:37","modified_gmt":"2021-11-20T10:52:37","slug":"christ-the-king-of-the-universe-follow-the-celebrations-through-the-celebratory-itinerary","status":"publish","type":"post","link":"https:\/\/www.padreeustaquio.com.br\/en\/christ-the-king-of-the-universe-follow-the-celebrations-through-the-celebratory-itinerary\/","title":{"rendered":"Christ the King of the Universe \u2013 follow the celebrations through the celebratory itinerary."},"content":{"rendered":"<p>The Church concludes another liturgical year this weekend. This moment is marked by the celebration of the Solemnity of Our Lord Jesus Christ, King of the Universe. To help families and small groups from missionary ecclesial communities experience this together with the whole Church, the Episcopal Pastoral Commission for Liturgy of the National Conference of Bishops of Brazil (CNBB) offers the guide &quot;Celebrate as a Family&quot;.<\/p>\n\n\n\n<p>At the Health and Peace Sanctuary, there are three times when masses are broadcast via...\u00a0<a href=\"https:\/\/www.youtube.com\/channel\/UCRhw7vfabnajwLxb1ZXMeIw\">Padre Eust\u00e1quio Channel<\/a>\u00a0(Saturday at 6 pm and Sunday at 10 am and 6 pm) which we can attend, but living the dignity of the priestly people that our baptism conferred upon us. We can not only attend, but celebrate the Lord&#039;s Day with our families.<\/p>\n\n\n\n<p>Families are advised to choose a suitable place in their homes to celebrate and pray together.&nbsp;<em>\u201c&quot;Prepare your Bible with the text to be proclaimed, a vase with flowers, a crucifix, an image or icon of Our Lady, and a candle to be lit during the celebration.&quot;\u201d<\/em>, proposes the Commission for the Liturgy.<\/p>\n\n\n\n<p>Each family can adapt the format to their needs, according to the script. The songs are suggestions and can be replaced with others, taking into account the Liturgical Season we are experiencing.<\/p>\n\n\n\n<p><\/p>\n\n\n\n<p><a href=\"https:\/\/www.cnbb.org.br\/wp-content\/uploads\/2021\/11\/63-Celebrar-em-Familia-Cristo-Rei.pdf\">Download the script for the Solemnity of Our Lord Jesus Christ, King of the Universe.<\/a><\/p>\n\n\n\n<p><\/p>","protected":false},"excerpt":{"rendered":"<p>A Igreja conclui, neste fim de semana, mais um ano lit\u00fargico. Marca este momento a celebra\u00e7\u00e3o da Solenidade de Nosso Senhor Jesus Cristo, Rei do Universo. Para as fam\u00edlias e pequenos grupos das comunidades eclesiais mission\u00e1rias vivenciarem junto com toda a Igreja, a Comiss\u00e3o Episcopal Pastoral para a Liturgia da Confer\u00eancia Nacional dos Bispos do Brasil (CNBB) oferece o roteiro Celebrar em Fam\u00edlia. No Santu\u00e1rio Sa\u00fade e Paz s\u00e3o tr\u00eas hor\u00e1rios de transmiss\u00e3o de missas pelo\u00a0Canal Padre Eust\u00e1quio\u00a0(s\u00e1bado, \u00e0s 18h e domingo, \u00e0s 10h e \u00e0s 18h) que podemos acompanhar, mas vivendo a dignidade de povo sacerdotal que nosso batismo [&hellip;]<\/p>\n","protected":false},"author":2,"featured_media":7563,"comment_status":"open","ping_status":"closed","sticky":false,"template":"","format":"standard","meta":{"_acf_changed":false,"footnotes":""},"categories":[611],"tags":[],"class_list":["post-7562","post","type-post","status-publish","format-standard","has-post-thumbnail","hentry","category-noticias"],"acf":[],"yoast_head":"<!-- This site is optimized with the Yoast SEO plugin v27.2 - https:\/\/yoast.com\/product\/yoast-seo-wordpress\/ -->\n<title>Cristo Rei do Universo - acompanhe as celebra\u00e7\u00f5es pelo roteiro celebrativo<\/title>\n<meta name=\"description\" content=\"A Igreja conclui, neste fim de semana, mais um ano lit\u00fargico. Marca este momento a celebra\u00e7\u00e3o da Solenidade de Nosso Senhor Jesus Cristo, Rei do Universo.\" \/>\n<meta name=\"robots\" content=\"index, follow, max-snippet:-1, max-image-preview:large, max-video-preview:-1\" \/>\n<link rel=\"canonical\" href=\"https:\/\/www.padreeustaquio.com.br\/en\/christ-the-king-of-the-universe-follow-the-celebrations-through-the-celebratory-itinerary\/\" \/>\n<meta property=\"og:locale\" content=\"en_US\" \/>\n<meta property=\"og:type\" content=\"article\" \/>\n<meta property=\"og:title\" content=\"Cristo Rei do Universo - acompanhe as celebra\u00e7\u00f5es pelo roteiro celebrativo\" \/>\n<meta property=\"og:description\" content=\"A Igreja conclui, neste fim de semana, mais um ano lit\u00fargico. Marca este momento a celebra\u00e7\u00e3o da Solenidade de Nosso Senhor Jesus Cristo, Rei do Universo.\" \/>\n<meta property=\"og:url\" content=\"https:\/\/www.padreeustaquio.com.br\/en\/christ-the-king-of-the-universe-follow-the-celebrations-through-the-celebratory-itinerary\/\" \/>\n<meta property=\"og:site_name\" content=\"Padre Eust\u00e1quio\" \/>\n<meta property=\"article:publisher\" content=\"https:\/\/www.facebook.com\/beatopadreeustaquio\/\" \/>\n<meta property=\"article:published_time\" content=\"2021-11-20T10:52:35+00:00\" \/>\n<meta property=\"article:modified_time\" content=\"2021-11-20T10:52:37+00:00\" \/>\n<meta property=\"og:image\" content=\"https:\/\/www.padreeustaquio.com.br\/wp-content\/uploads\/2021\/11\/Cristo-rei.jpg\" \/>\n\t<meta property=\"og:image:width\" content=\"748\" \/>\n\t<meta property=\"og:image:height\" content=\"394\" \/>\n\t<meta property=\"og:image:type\" content=\"image\/jpeg\" \/>\n<meta name=\"author\" content=\"@sscc\" \/>\n<meta name=\"twitter:card\" content=\"summary_large_image\" \/>\n<meta name=\"twitter:creator\" content=\"@beatopeustaquio\" \/>\n<meta name=\"twitter:site\" content=\"@beatopeustaquio\" \/>\n<meta name=\"twitter:label1\" content=\"Written by\" \/>\n\t<meta name=\"twitter:data1\" content=\"@sscc\" \/>\n\t<meta name=\"twitter:label2\" content=\"Est. reading time\" \/>\n\t<meta name=\"twitter:data2\" content=\"1 minute\" \/>\n<script type=\"application\/ld+json\" class=\"yoast-schema-graph\">{\"@context\":\"https:\/\/schema.org\",\"@graph\":[{\"@type\":\"Article\",\"@id\":\"https:\/\/www.padreeustaquio.com.br\/cristo-rei-do-universo-acompanhe-as-celebracoes-pelo-roteiro-celebrativo\/#article\",\"isPartOf\":{\"@id\":\"https:\/\/www.padreeustaquio.com.br\/cristo-rei-do-universo-acompanhe-as-celebracoes-pelo-roteiro-celebrativo\/\"},\"author\":{\"name\":\"@sscc\",\"@id\":\"https:\/\/www.padreeustaquio.com.br\/#\/schema\/person\/a2a51db1d00f1a7af0204a0f1ddb1566\"},\"headline\":\"Cristo Rei do Universo &#8211; acompanhe as celebra\u00e7\u00f5es pelo roteiro celebrativo\",\"datePublished\":\"2021-11-20T10:52:35+00:00\",\"dateModified\":\"2021-11-20T10:52:37+00:00\",\"mainEntityOfPage\":{\"@id\":\"https:\/\/www.padreeustaquio.com.br\/cristo-rei-do-universo-acompanhe-as-celebracoes-pelo-roteiro-celebrativo\/\"},\"wordCount\":260,\"commentCount\":0,\"publisher\":{\"@id\":\"https:\/\/www.padreeustaquio.com.br\/#organization\"},\"image\":{\"@id\":\"https:\/\/www.padreeustaquio.com.br\/cristo-rei-do-universo-acompanhe-as-celebracoes-pelo-roteiro-celebrativo\/#primaryimage\"},\"thumbnailUrl\":\"https:\/\/www.padreeustaquio.com.br\/wp-content\/uploads\/2021\/11\/Cristo-rei.jpg\",\"articleSection\":[\"Not\u00edcias\"],\"inLanguage\":\"en-US\",\"potentialAction\":[{\"@type\":\"CommentAction\",\"name\":\"Comment\",\"target\":[\"https:\/\/www.padreeustaquio.com.br\/cristo-rei-do-universo-acompanhe-as-celebracoes-pelo-roteiro-celebrativo\/#respond\"]}]},{\"@type\":\"WebPage\",\"@id\":\"https:\/\/www.padreeustaquio.com.br\/cristo-rei-do-universo-acompanhe-as-celebracoes-pelo-roteiro-celebrativo\/\",\"url\":\"https:\/\/www.padreeustaquio.com.br\/cristo-rei-do-universo-acompanhe-as-celebracoes-pelo-roteiro-celebrativo\/\",\"name\":\"Cristo Rei do Universo - acompanhe as celebra\u00e7\u00f5es pelo roteiro celebrativo\",\"isPartOf\":{\"@id\":\"https:\/\/www.padreeustaquio.com.br\/#website\"},\"primaryImageOfPage\":{\"@id\":\"https:\/\/www.padreeustaquio.com.br\/cristo-rei-do-universo-acompanhe-as-celebracoes-pelo-roteiro-celebrativo\/#primaryimage\"},\"image\":{\"@id\":\"https:\/\/www.padreeustaquio.com.br\/cristo-rei-do-universo-acompanhe-as-celebracoes-pelo-roteiro-celebrativo\/#primaryimage\"},\"thumbnailUrl\":\"https:\/\/www.padreeustaquio.com.br\/wp-content\/uploads\/2021\/11\/Cristo-rei.jpg\",\"datePublished\":\"2021-11-20T10:52:35+00:00\",\"dateModified\":\"2021-11-20T10:52:37+00:00\",\"description\":\"A Igreja conclui, neste fim de semana, mais um ano lit\u00fargico. Marca este momento a celebra\u00e7\u00e3o da Solenidade de Nosso Senhor Jesus Cristo, Rei do Universo.\",\"breadcrumb\":{\"@id\":\"https:\/\/www.padreeustaquio.com.br\/cristo-rei-do-universo-acompanhe-as-celebracoes-pelo-roteiro-celebrativo\/#breadcrumb\"},\"inLanguage\":\"en-US\",\"potentialAction\":[{\"@type\":\"ReadAction\",\"target\":[\"https:\/\/www.padreeustaquio.com.br\/cristo-rei-do-universo-acompanhe-as-celebracoes-pelo-roteiro-celebrativo\/\"]}]},{\"@type\":\"ImageObject\",\"inLanguage\":\"en-US\",\"@id\":\"https:\/\/www.padreeustaquio.com.br\/cristo-rei-do-universo-acompanhe-as-celebracoes-pelo-roteiro-celebrativo\/#primaryimage\",\"url\":\"https:\/\/www.padreeustaquio.com.br\/wp-content\/uploads\/2021\/11\/Cristo-rei.jpg\",\"contentUrl\":\"https:\/\/www.padreeustaquio.com.br\/wp-content\/uploads\/2021\/11\/Cristo-rei.jpg\",\"width\":748,\"height\":394},{\"@type\":\"BreadcrumbList\",\"@id\":\"https:\/\/www.padreeustaquio.com.br\/cristo-rei-do-universo-acompanhe-as-celebracoes-pelo-roteiro-celebrativo\/#breadcrumb\",\"itemListElement\":[{\"@type\":\"ListItem\",\"position\":1,\"name\":\"In\u00edcio\",\"item\":\"https:\/\/www.padreeustaquio.com.br\/\"},{\"@type\":\"ListItem\",\"position\":2,\"name\":\"Cristo Rei do Universo &#8211; acompanhe as celebra\u00e7\u00f5es pelo roteiro celebrativo\"}]},{\"@type\":\"WebSite\",\"@id\":\"https:\/\/www.padreeustaquio.com.br\/#website\",\"url\":\"https:\/\/www.padreeustaquio.com.br\/\",\"name\":\"Padre Eust\u00e1quio\",\"description\":\"Sa\u00fade e Paz\",\"publisher\":{\"@id\":\"https:\/\/www.padreeustaquio.com.br\/#organization\"},\"potentialAction\":[{\"@type\":\"SearchAction\",\"target\":{\"@type\":\"EntryPoint\",\"urlTemplate\":\"https:\/\/www.padreeustaquio.com.br\/?s={search_term_string}\"},\"query-input\":{\"@type\":\"PropertyValueSpecification\",\"valueRequired\":true,\"valueName\":\"search_term_string\"}}],\"inLanguage\":\"en-US\"},{\"@type\":\"Organization\",\"@id\":\"https:\/\/www.padreeustaquio.com.br\/#organization\",\"name\":\"Padre Eust\u00e1quio\",\"url\":\"https:\/\/www.padreeustaquio.com.br\/\",\"logo\":{\"@type\":\"ImageObject\",\"inLanguage\":\"en-US\",\"@id\":\"https:\/\/www.padreeustaquio.com.br\/#\/schema\/logo\/image\/\",\"url\":\"https:\/\/www.padreeustaquio.com.br\/wp-content\/uploads\/2019\/08\/marca.png\",\"contentUrl\":\"https:\/\/www.padreeustaquio.com.br\/wp-content\/uploads\/2019\/08\/marca.png\",\"width\":350,\"height\":400,\"caption\":\"Padre Eust\u00e1quio\"},\"image\":{\"@id\":\"https:\/\/www.padreeustaquio.com.br\/#\/schema\/logo\/image\/\"},\"sameAs\":[\"https:\/\/www.facebook.com\/beatopadreeustaquio\/\",\"https:\/\/x.com\/beatopeustaquio\",\"https:\/\/www.instagram.com\/beatopadreeustaquio\/\",\"https:\/\/www.youtube.com\/channel\/UCRhw7vfabnajwLxb1ZXMeIw\"]},{\"@type\":\"Person\",\"@id\":\"https:\/\/www.padreeustaquio.com.br\/#\/schema\/person\/a2a51db1d00f1a7af0204a0f1ddb1566\",\"name\":\"@sscc\",\"image\":{\"@type\":\"ImageObject\",\"inLanguage\":\"en-US\",\"@id\":\"https:\/\/secure.gravatar.com\/avatar\/68cfafa5f44617fea54071e215026e0ff06be366c3d54a8425f04fdcb86f8c5f?s=96&d=mm&r=g\",\"url\":\"https:\/\/secure.gravatar.com\/avatar\/68cfafa5f44617fea54071e215026e0ff06be366c3d54a8425f04fdcb86f8c5f?s=96&d=mm&r=g\",\"contentUrl\":\"https:\/\/secure.gravatar.com\/avatar\/68cfafa5f44617fea54071e215026e0ff06be366c3d54a8425f04fdcb86f8c5f?s=96&d=mm&r=g\",\"caption\":\"@sscc\"},\"url\":\"https:\/\/www.padreeustaquio.com.br\/en\/author\/sscc\/\"}]}<\/script>\n<!-- \/ Yoast SEO plugin. -->","yoast_head_json":{"title":"Christ the King of the Universe - follow the celebrations through the celebratory itinerary.","description":"The Church concludes another liturgical year this weekend. This moment is marked by the celebration of the Solemnity of Our Lord Jesus Christ, King of the Universe.","robots":{"index":"index","follow":"follow","max-snippet":"max-snippet:-1","max-image-preview":"max-image-preview:large","max-video-preview":"max-video-preview:-1"},"canonical":"https:\/\/www.padreeustaquio.com.br\/en\/christ-the-king-of-the-universe-follow-the-celebrations-through-the-celebratory-itinerary\/","og_locale":"en_US","og_type":"article","og_title":"Cristo Rei do Universo - acompanhe as celebra\u00e7\u00f5es pelo roteiro celebrativo","og_description":"A Igreja conclui, neste fim de semana, mais um ano lit\u00fargico. Marca este momento a celebra\u00e7\u00e3o da Solenidade de Nosso Senhor Jesus Cristo, Rei do Universo.","og_url":"https:\/\/www.padreeustaquio.com.br\/en\/christ-the-king-of-the-universe-follow-the-celebrations-through-the-celebratory-itinerary\/","og_site_name":"Padre Eust\u00e1quio","article_publisher":"https:\/\/www.facebook.com\/beatopadreeustaquio\/","article_published_time":"2021-11-20T10:52:35+00:00","article_modified_time":"2021-11-20T10:52:37+00:00","og_image":[{"width":748,"height":394,"url":"https:\/\/www.padreeustaquio.com.br\/wp-content\/uploads\/2021\/11\/Cristo-rei.jpg","type":"image\/jpeg"}],"author":"@sscc","twitter_card":"summary_large_image","twitter_creator":"@beatopeustaquio","twitter_site":"@beatopeustaquio","twitter_misc":{"Written by":"@sscc","Est. reading time":"1 minute"},"schema":{"@context":"https:\/\/schema.org","@graph":[{"@type":"Article","@id":"https:\/\/www.padreeustaquio.com.br\/cristo-rei-do-universo-acompanhe-as-celebracoes-pelo-roteiro-celebrativo\/#article","isPartOf":{"@id":"https:\/\/www.padreeustaquio.com.br\/cristo-rei-do-universo-acompanhe-as-celebracoes-pelo-roteiro-celebrativo\/"},"author":{"name":"@sscc","@id":"https:\/\/www.padreeustaquio.com.br\/#\/schema\/person\/a2a51db1d00f1a7af0204a0f1ddb1566"},"headline":"Cristo Rei do Universo &#8211; acompanhe as celebra\u00e7\u00f5es pelo roteiro celebrativo","datePublished":"2021-11-20T10:52:35+00:00","dateModified":"2021-11-20T10:52:37+00:00","mainEntityOfPage":{"@id":"https:\/\/www.padreeustaquio.com.br\/cristo-rei-do-universo-acompanhe-as-celebracoes-pelo-roteiro-celebrativo\/"},"wordCount":260,"commentCount":0,"publisher":{"@id":"https:\/\/www.padreeustaquio.com.br\/#organization"},"image":{"@id":"https:\/\/www.padreeustaquio.com.br\/cristo-rei-do-universo-acompanhe-as-celebracoes-pelo-roteiro-celebrativo\/#primaryimage"},"thumbnailUrl":"https:\/\/www.padreeustaquio.com.br\/wp-content\/uploads\/2021\/11\/Cristo-rei.jpg","articleSection":["Not\u00edcias"],"inLanguage":"en-US","potentialAction":[{"@type":"CommentAction","name":"Comment","target":["https:\/\/www.padreeustaquio.com.br\/cristo-rei-do-universo-acompanhe-as-celebracoes-pelo-roteiro-celebrativo\/#respond"]}]},{"@type":"WebPage","@id":"https:\/\/www.padreeustaquio.com.br\/cristo-rei-do-universo-acompanhe-as-celebracoes-pelo-roteiro-celebrativo\/","url":"https:\/\/www.padreeustaquio.com.br\/cristo-rei-do-universo-acompanhe-as-celebracoes-pelo-roteiro-celebrativo\/","name":"Christ the King of the Universe - follow the celebrations through the celebratory itinerary.","isPartOf":{"@id":"https:\/\/www.padreeustaquio.com.br\/#website"},"primaryImageOfPage":{"@id":"https:\/\/www.padreeustaquio.com.br\/cristo-rei-do-universo-acompanhe-as-celebracoes-pelo-roteiro-celebrativo\/#primaryimage"},"image":{"@id":"https:\/\/www.padreeustaquio.com.br\/cristo-rei-do-universo-acompanhe-as-celebracoes-pelo-roteiro-celebrativo\/#primaryimage"},"thumbnailUrl":"https:\/\/www.padreeustaquio.com.br\/wp-content\/uploads\/2021\/11\/Cristo-rei.jpg","datePublished":"2021-11-20T10:52:35+00:00","dateModified":"2021-11-20T10:52:37+00:00","description":"The Church concludes another liturgical year this weekend. This moment is marked by the celebration of the Solemnity of Our Lord Jesus Christ, King of the Universe.","breadcrumb":{"@id":"https:\/\/www.padreeustaquio.com.br\/cristo-rei-do-universo-acompanhe-as-celebracoes-pelo-roteiro-celebrativo\/#breadcrumb"},"inLanguage":"en-US","potentialAction":[{"@type":"ReadAction","target":["https:\/\/www.padreeustaquio.com.br\/cristo-rei-do-universo-acompanhe-as-celebracoes-pelo-roteiro-celebrativo\/"]}]},{"@type":"ImageObject","inLanguage":"en-US","@id":"https:\/\/www.padreeustaquio.com.br\/cristo-rei-do-universo-acompanhe-as-celebracoes-pelo-roteiro-celebrativo\/#primaryimage","url":"https:\/\/www.padreeustaquio.com.br\/wp-content\/uploads\/2021\/11\/Cristo-rei.jpg","contentUrl":"https:\/\/www.padreeustaquio.com.br\/wp-content\/uploads\/2021\/11\/Cristo-rei.jpg","width":748,"height":394},{"@type":"BreadcrumbList","@id":"https:\/\/www.padreeustaquio.com.br\/cristo-rei-do-universo-acompanhe-as-celebracoes-pelo-roteiro-celebrativo\/#breadcrumb","itemListElement":[{"@type":"ListItem","position":1,"name":"In\u00edcio","item":"https:\/\/www.padreeustaquio.com.br\/"},{"@type":"ListItem","position":2,"name":"Cristo Rei do Universo &#8211; acompanhe as celebra\u00e7\u00f5es pelo roteiro celebrativo"}]},{"@type":"WebSite","@id":"https:\/\/www.padreeustaquio.com.br\/#website","url":"https:\/\/www.padreeustaquio.com.br\/","name":"FATHER EUST\u00c1QUIO","description":"Health and Peace","publisher":{"@id":"https:\/\/www.padreeustaquio.com.br\/#organization"},"potentialAction":[{"@type":"SearchAction","target":{"@type":"EntryPoint","urlTemplate":"https:\/\/www.padreeustaquio.com.br\/?s={search_term_string}"},"query-input":{"@type":"PropertyValueSpecification","valueRequired":true,"valueName":"search_term_string"}}],"inLanguage":"en-US"},{"@type":"Organization","@id":"https:\/\/www.padreeustaquio.com.br\/#organization","name":"FATHER EUST\u00c1QUIO","url":"https:\/\/www.padreeustaquio.com.br\/","logo":{"@type":"ImageObject","inLanguage":"en-US","@id":"https:\/\/www.padreeustaquio.com.br\/#\/schema\/logo\/image\/","url":"https:\/\/www.padreeustaquio.com.br\/wp-content\/uploads\/2019\/08\/marca.png","contentUrl":"https:\/\/www.padreeustaquio.com.br\/wp-content\/uploads\/2019\/08\/marca.png","width":350,"height":400,"caption":"Padre Eust\u00e1quio"},"image":{"@id":"https:\/\/www.padreeustaquio.com.br\/#\/schema\/logo\/image\/"},"sameAs":["https:\/\/www.facebook.com\/beatopadreeustaquio\/","https:\/\/x.com\/beatopeustaquio","https:\/\/www.instagram.com\/beatopadreeustaquio\/","https:\/\/www.youtube.com\/channel\/UCRhw7vfabnajwLxb1ZXMeIw"]},{"@type":"Person","@id":"https:\/\/www.padreeustaquio.com.br\/#\/schema\/person\/a2a51db1d00f1a7af0204a0f1ddb1566","name":"@sscc","image":{"@type":"ImageObject","inLanguage":"en-US","@id":"https:\/\/secure.gravatar.com\/avatar\/68cfafa5f44617fea54071e215026e0ff06be366c3d54a8425f04fdcb86f8c5f?s=96&d=mm&r=g","url":"https:\/\/secure.gravatar.com\/avatar\/68cfafa5f44617fea54071e215026e0ff06be366c3d54a8425f04fdcb86f8c5f?s=96&d=mm&r=g","contentUrl":"https:\/\/secure.gravatar.com\/avatar\/68cfafa5f44617fea54071e215026e0ff06be366c3d54a8425f04fdcb86f8c5f?s=96&d=mm&r=g","caption":"@sscc"},"url":"https:\/\/www.padreeustaquio.com.br\/en\/author\/sscc\/"}]}},"_links":{"self":[{"href":"https:\/\/www.padreeustaquio.com.br\/en\/wp-json\/wp\/v2\/posts\/7562","targetHints":{"allow":["GET"]}}],"collection":[{"href":"https:\/\/www.padreeustaquio.com.br\/en\/wp-json\/wp\/v2\/posts"}],"about":[{"href":"https:\/\/www.padreeustaquio.com.br\/en\/wp-json\/wp\/v2\/types\/post"}],"author":[{"embeddable":true,"href":"https:\/\/www.padreeustaquio.com.br\/en\/wp-json\/wp\/v2\/users\/2"}],"replies":[{"embeddable":true,"href":"https:\/\/www.padreeustaquio.com.br\/en\/wp-json\/wp\/v2\/comments?post=7562"}],"version-history":[{"count":0,"href":"https:\/\/www.padreeustaquio.com.br\/en\/wp-json\/wp\/v2\/posts\/7562\/revisions"}],"wp:featuredmedia":[{"embeddable":true,"href":"https:\/\/www.padreeustaquio.com.br\/en\/wp-json\/wp\/v2\/media\/7563"}],"wp:attachment":[{"href":"https:\/\/www.padreeustaquio.com.br\/en\/wp-json\/wp\/v2\/media?parent=7562"}],"wp:term":[{"taxonomy":"category","embeddable":true,"href":"https:\/\/www.padreeustaquio.com.br\/en\/wp-json\/wp\/v2\/categories?post=7562"},{"taxonomy":"post_tag","embeddable":true,"href":"https:\/\/www.padreeustaquio.com.br\/en\/wp-json\/wp\/v2\/tags?post=7562"}],"curies":[{"name":"wp","href":"https:\/\/api.w.org\/{rel}","templated":true}]}}