{"id":7552,"date":"2021-11-17T09:24:34","date_gmt":"2021-11-17T12:24:34","guid":{"rendered":"https:\/\/www.padreeustaquio.com.br\/?p=7552"},"modified":"2021-11-17T09:24:37","modified_gmt":"2021-11-17T12:24:37","slug":"why-did-father-eustace-choose-this-name-when-he-became-a-religious","status":"publish","type":"post","link":"https:\/\/www.padreeustaquio.com.br\/en\/why-did-father-eustace-choose-this-name-when-he-became-a-religious\/","title":{"rendered":"Why did Father Eust\u00e1quio choose this name when he became a religious?"},"content":{"rendered":"<p>At birth, Blessed Father Eustace was baptized by his parents with the name Hubertus van Lieshout. However, upon entering the Novitiate, the young man chose to use the name Eustace, a common gesture among religious who &quot;became a new person&quot; upon entering this new life.<\/p>\n\n\n\n<p>The name that Father Eust\u00e1quio chose refers to Saint Eust\u00e1quio of Rome, a Christian martyr from the early centuries. In one of the prayer books of the Missionary of Health and Peace, there is an insert with the Litany of Saint Eust\u00e1quio, indicating the Blessed&#039;s devotion to him.<\/p>\n\n\n\n<p><strong>Saint Eustace of Rome<\/strong><\/p>\n\n\n\n<p>Saint Eustace is a Christian martyr and military saint who lived in the late 1st and early 2nd centuries AD. Before his conversion to Christianity, Eustace was a Roman general named Placidus, serving Emperor Trajan.<\/p>\n\n\n\n<p>While hunting near Rome, Placidus had a vision of Jesus among the angels. After seeing the apparition several times, he converted and was baptized, also baptizing his entire family. Because of his story, he is now considered the patron saint of hunters.<\/p>\n\n\n\n<p>A series of calamities befell Eustace to test his faith: he was robbed, his wife was kidnapped by the captain of the ship he was traveling on, and finally, while crossing a river, his two sons were taken, one by a wolf, the other by a lion. Like Job, Eustace did not lose his faith.<\/p>\n\n\n\n<p>He would eventually regain his prestige, positions, and reunite his family. However, when he demonstrated his newfound faith by refusing to make a pagan sacrifice, Emperor Hadrian condemned Eustace, his wife, and children to death, ordering them to be cooked alive inside a bronze bull in 118 AD.<\/p>\n\n\n\n<p><\/p>","protected":false},"excerpt":{"rendered":"<p>Ao nascer o Bem-aventurado Padre Eust\u00e1quio, foi batizado pelos pais com o nome de Hubertus van Lieshout. No entanto, ao entrar no Noviciado, o jovem optou por usar o nome de Eust\u00e1quio, um gesto comum aos religiosos que &#8220;se tornavam uma nova pessoa&#8221; ao entrar para esta nova vida. O nome que Padre Eust\u00e1quio escolheu, faz men\u00e7\u00e3o a Santo Eust\u00e1quio de Roma, M\u00e1rtir Crist\u00e3o dos primeiros s\u00e9culos. Em um dos livros de ora\u00e7\u00e3o do Mission\u00e1rio da Sa\u00fade e da Paz, encontra-se anexado um encarte com a Ladainha de Santo Eust\u00e1quio, indicando a devo\u00e7\u00e3o do Beato a ele. Santo Eust\u00e1quio de [&hellip;]<\/p>\n","protected":false},"author":2,"featured_media":7553,"comment_status":"open","ping_status":"closed","sticky":false,"template":"","format":"standard","meta":{"_acf_changed":false,"footnotes":""},"categories":[611],"tags":[],"class_list":["post-7552","post","type-post","status-publish","format-standard","has-post-thumbnail","hentry","category-noticias"],"acf":[],"yoast_head":"<!-- This site is optimized with the Yoast SEO plugin v27.2 - https:\/\/yoast.com\/product\/yoast-seo-wordpress\/ -->\n<title>Por que Padre Eust\u00e1quio escolheu este nome ao se tornar religioso?<\/title>\n<meta name=\"description\" content=\"Ao nascer o Bem-aventurado Padre Eust\u00e1quio, foi batizado pelos pais com o nome de Hubertus van Lieshout. No entanto, ao entrar no Noviciado, o jovem optou por usar o nome de Eust\u00e1quio\" \/>\n<meta name=\"robots\" content=\"index, follow, max-snippet:-1, max-image-preview:large, max-video-preview:-1\" \/>\n<link rel=\"canonical\" href=\"https:\/\/www.padreeustaquio.com.br\/en\/why-did-father-eustace-choose-this-name-when-he-became-a-religious\/\" \/>\n<meta property=\"og:locale\" content=\"en_US\" \/>\n<meta property=\"og:type\" content=\"article\" \/>\n<meta property=\"og:title\" content=\"Por que Padre Eust\u00e1quio escolheu este nome ao se tornar religioso?\" \/>\n<meta property=\"og:description\" content=\"Ao nascer o Bem-aventurado Padre Eust\u00e1quio, foi batizado pelos pais com o nome de Hubertus van Lieshout. No entanto, ao entrar no Noviciado, o jovem optou por usar o nome de Eust\u00e1quio\" \/>\n<meta property=\"og:url\" content=\"https:\/\/www.padreeustaquio.com.br\/en\/why-did-father-eustace-choose-this-name-when-he-became-a-religious\/\" \/>\n<meta property=\"og:site_name\" content=\"Padre Eust\u00e1quio\" \/>\n<meta property=\"article:publisher\" content=\"https:\/\/www.facebook.com\/beatopadreeustaquio\/\" \/>\n<meta property=\"article:published_time\" content=\"2021-11-17T12:24:34+00:00\" \/>\n<meta property=\"article:modified_time\" content=\"2021-11-17T12:24:37+00:00\" \/>\n<meta property=\"og:image\" content=\"https:\/\/www.padreeustaquio.com.br\/wp-content\/uploads\/2021\/11\/santo-eustaquio-de-roma.jpg\" \/>\n\t<meta property=\"og:image:width\" content=\"748\" \/>\n\t<meta property=\"og:image:height\" content=\"394\" \/>\n\t<meta property=\"og:image:type\" content=\"image\/jpeg\" \/>\n<meta name=\"author\" content=\"@sscc\" \/>\n<meta name=\"twitter:card\" content=\"summary_large_image\" \/>\n<meta name=\"twitter:creator\" content=\"@beatopeustaquio\" \/>\n<meta name=\"twitter:site\" content=\"@beatopeustaquio\" \/>\n<meta name=\"twitter:label1\" content=\"Written by\" \/>\n\t<meta name=\"twitter:data1\" content=\"@sscc\" \/>\n\t<meta name=\"twitter:label2\" content=\"Est. reading time\" \/>\n\t<meta name=\"twitter:data2\" content=\"2 minutes\" \/>\n<script type=\"application\/ld+json\" class=\"yoast-schema-graph\">{\"@context\":\"https:\/\/schema.org\",\"@graph\":[{\"@type\":\"Article\",\"@id\":\"https:\/\/www.padreeustaquio.com.br\/por-que-padre-eustaquio-escolheu-este-nome-ao-se-tornar-religioso\/#article\",\"isPartOf\":{\"@id\":\"https:\/\/www.padreeustaquio.com.br\/por-que-padre-eustaquio-escolheu-este-nome-ao-se-tornar-religioso\/\"},\"author\":{\"name\":\"@sscc\",\"@id\":\"https:\/\/www.padreeustaquio.com.br\/#\/schema\/person\/a2a51db1d00f1a7af0204a0f1ddb1566\"},\"headline\":\"Por que Padre Eust\u00e1quio escolheu este nome ao se tornar religioso?\",\"datePublished\":\"2021-11-17T12:24:34+00:00\",\"dateModified\":\"2021-11-17T12:24:37+00:00\",\"mainEntityOfPage\":{\"@id\":\"https:\/\/www.padreeustaquio.com.br\/por-que-padre-eustaquio-escolheu-este-nome-ao-se-tornar-religioso\/\"},\"wordCount\":346,\"commentCount\":0,\"publisher\":{\"@id\":\"https:\/\/www.padreeustaquio.com.br\/#organization\"},\"image\":{\"@id\":\"https:\/\/www.padreeustaquio.com.br\/por-que-padre-eustaquio-escolheu-este-nome-ao-se-tornar-religioso\/#primaryimage\"},\"thumbnailUrl\":\"https:\/\/www.padreeustaquio.com.br\/wp-content\/uploads\/2021\/11\/santo-eustaquio-de-roma.jpg\",\"articleSection\":[\"Not\u00edcias\"],\"inLanguage\":\"en-US\",\"potentialAction\":[{\"@type\":\"CommentAction\",\"name\":\"Comment\",\"target\":[\"https:\/\/www.padreeustaquio.com.br\/por-que-padre-eustaquio-escolheu-este-nome-ao-se-tornar-religioso\/#respond\"]}]},{\"@type\":\"WebPage\",\"@id\":\"https:\/\/www.padreeustaquio.com.br\/por-que-padre-eustaquio-escolheu-este-nome-ao-se-tornar-religioso\/\",\"url\":\"https:\/\/www.padreeustaquio.com.br\/por-que-padre-eustaquio-escolheu-este-nome-ao-se-tornar-religioso\/\",\"name\":\"Por que Padre Eust\u00e1quio escolheu este nome ao se tornar religioso?\",\"isPartOf\":{\"@id\":\"https:\/\/www.padreeustaquio.com.br\/#website\"},\"primaryImageOfPage\":{\"@id\":\"https:\/\/www.padreeustaquio.com.br\/por-que-padre-eustaquio-escolheu-este-nome-ao-se-tornar-religioso\/#primaryimage\"},\"image\":{\"@id\":\"https:\/\/www.padreeustaquio.com.br\/por-que-padre-eustaquio-escolheu-este-nome-ao-se-tornar-religioso\/#primaryimage\"},\"thumbnailUrl\":\"https:\/\/www.padreeustaquio.com.br\/wp-content\/uploads\/2021\/11\/santo-eustaquio-de-roma.jpg\",\"datePublished\":\"2021-11-17T12:24:34+00:00\",\"dateModified\":\"2021-11-17T12:24:37+00:00\",\"description\":\"Ao nascer o Bem-aventurado Padre Eust\u00e1quio, foi batizado pelos pais com o nome de Hubertus van Lieshout. No entanto, ao entrar no Noviciado, o jovem optou por usar o nome de Eust\u00e1quio\",\"breadcrumb\":{\"@id\":\"https:\/\/www.padreeustaquio.com.br\/por-que-padre-eustaquio-escolheu-este-nome-ao-se-tornar-religioso\/#breadcrumb\"},\"inLanguage\":\"en-US\",\"potentialAction\":[{\"@type\":\"ReadAction\",\"target\":[\"https:\/\/www.padreeustaquio.com.br\/por-que-padre-eustaquio-escolheu-este-nome-ao-se-tornar-religioso\/\"]}]},{\"@type\":\"ImageObject\",\"inLanguage\":\"en-US\",\"@id\":\"https:\/\/www.padreeustaquio.com.br\/por-que-padre-eustaquio-escolheu-este-nome-ao-se-tornar-religioso\/#primaryimage\",\"url\":\"https:\/\/www.padreeustaquio.com.br\/wp-content\/uploads\/2021\/11\/santo-eustaquio-de-roma.jpg\",\"contentUrl\":\"https:\/\/www.padreeustaquio.com.br\/wp-content\/uploads\/2021\/11\/santo-eustaquio-de-roma.jpg\",\"width\":748,\"height\":394},{\"@type\":\"BreadcrumbList\",\"@id\":\"https:\/\/www.padreeustaquio.com.br\/por-que-padre-eustaquio-escolheu-este-nome-ao-se-tornar-religioso\/#breadcrumb\",\"itemListElement\":[{\"@type\":\"ListItem\",\"position\":1,\"name\":\"In\u00edcio\",\"item\":\"https:\/\/www.padreeustaquio.com.br\/\"},{\"@type\":\"ListItem\",\"position\":2,\"name\":\"Por que Padre Eust\u00e1quio escolheu este nome ao se tornar religioso?\"}]},{\"@type\":\"WebSite\",\"@id\":\"https:\/\/www.padreeustaquio.com.br\/#website\",\"url\":\"https:\/\/www.padreeustaquio.com.br\/\",\"name\":\"Padre Eust\u00e1quio\",\"description\":\"Sa\u00fade e Paz\",\"publisher\":{\"@id\":\"https:\/\/www.padreeustaquio.com.br\/#organization\"},\"potentialAction\":[{\"@type\":\"SearchAction\",\"target\":{\"@type\":\"EntryPoint\",\"urlTemplate\":\"https:\/\/www.padreeustaquio.com.br\/?s={search_term_string}\"},\"query-input\":{\"@type\":\"PropertyValueSpecification\",\"valueRequired\":true,\"valueName\":\"search_term_string\"}}],\"inLanguage\":\"en-US\"},{\"@type\":\"Organization\",\"@id\":\"https:\/\/www.padreeustaquio.com.br\/#organization\",\"name\":\"Padre Eust\u00e1quio\",\"url\":\"https:\/\/www.padreeustaquio.com.br\/\",\"logo\":{\"@type\":\"ImageObject\",\"inLanguage\":\"en-US\",\"@id\":\"https:\/\/www.padreeustaquio.com.br\/#\/schema\/logo\/image\/\",\"url\":\"https:\/\/www.padreeustaquio.com.br\/wp-content\/uploads\/2019\/08\/marca.png\",\"contentUrl\":\"https:\/\/www.padreeustaquio.com.br\/wp-content\/uploads\/2019\/08\/marca.png\",\"width\":350,\"height\":400,\"caption\":\"Padre Eust\u00e1quio\"},\"image\":{\"@id\":\"https:\/\/www.padreeustaquio.com.br\/#\/schema\/logo\/image\/\"},\"sameAs\":[\"https:\/\/www.facebook.com\/beatopadreeustaquio\/\",\"https:\/\/x.com\/beatopeustaquio\",\"https:\/\/www.instagram.com\/beatopadreeustaquio\/\",\"https:\/\/www.youtube.com\/channel\/UCRhw7vfabnajwLxb1ZXMeIw\"]},{\"@type\":\"Person\",\"@id\":\"https:\/\/www.padreeustaquio.com.br\/#\/schema\/person\/a2a51db1d00f1a7af0204a0f1ddb1566\",\"name\":\"@sscc\",\"image\":{\"@type\":\"ImageObject\",\"inLanguage\":\"en-US\",\"@id\":\"https:\/\/secure.gravatar.com\/avatar\/68cfafa5f44617fea54071e215026e0ff06be366c3d54a8425f04fdcb86f8c5f?s=96&d=mm&r=g\",\"url\":\"https:\/\/secure.gravatar.com\/avatar\/68cfafa5f44617fea54071e215026e0ff06be366c3d54a8425f04fdcb86f8c5f?s=96&d=mm&r=g\",\"contentUrl\":\"https:\/\/secure.gravatar.com\/avatar\/68cfafa5f44617fea54071e215026e0ff06be366c3d54a8425f04fdcb86f8c5f?s=96&d=mm&r=g\",\"caption\":\"@sscc\"},\"url\":\"https:\/\/www.padreeustaquio.com.br\/en\/author\/sscc\/\"}]}<\/script>\n<!-- \/ Yoast SEO plugin. -->","yoast_head_json":{"title":"Why did Father Eust\u00e1quio choose this name when he became a religious?","description":"At birth, Blessed Father Eustace was baptized by his parents with the name Hubertus van Lieshout. However, upon entering the Novitiate, the young man chose to use the name Eustace.","robots":{"index":"index","follow":"follow","max-snippet":"max-snippet:-1","max-image-preview":"max-image-preview:large","max-video-preview":"max-video-preview:-1"},"canonical":"https:\/\/www.padreeustaquio.com.br\/en\/why-did-father-eustace-choose-this-name-when-he-became-a-religious\/","og_locale":"en_US","og_type":"article","og_title":"Por que Padre Eust\u00e1quio escolheu este nome ao se tornar religioso?","og_description":"Ao nascer o Bem-aventurado Padre Eust\u00e1quio, foi batizado pelos pais com o nome de Hubertus van Lieshout. No entanto, ao entrar no Noviciado, o jovem optou por usar o nome de Eust\u00e1quio","og_url":"https:\/\/www.padreeustaquio.com.br\/en\/why-did-father-eustace-choose-this-name-when-he-became-a-religious\/","og_site_name":"Padre Eust\u00e1quio","article_publisher":"https:\/\/www.facebook.com\/beatopadreeustaquio\/","article_published_time":"2021-11-17T12:24:34+00:00","article_modified_time":"2021-11-17T12:24:37+00:00","og_image":[{"width":748,"height":394,"url":"https:\/\/www.padreeustaquio.com.br\/wp-content\/uploads\/2021\/11\/santo-eustaquio-de-roma.jpg","type":"image\/jpeg"}],"author":"@sscc","twitter_card":"summary_large_image","twitter_creator":"@beatopeustaquio","twitter_site":"@beatopeustaquio","twitter_misc":{"Written by":"@sscc","Est. reading time":"2 minutes"},"schema":{"@context":"https:\/\/schema.org","@graph":[{"@type":"Article","@id":"https:\/\/www.padreeustaquio.com.br\/por-que-padre-eustaquio-escolheu-este-nome-ao-se-tornar-religioso\/#article","isPartOf":{"@id":"https:\/\/www.padreeustaquio.com.br\/por-que-padre-eustaquio-escolheu-este-nome-ao-se-tornar-religioso\/"},"author":{"name":"@sscc","@id":"https:\/\/www.padreeustaquio.com.br\/#\/schema\/person\/a2a51db1d00f1a7af0204a0f1ddb1566"},"headline":"Por que Padre Eust\u00e1quio escolheu este nome ao se tornar religioso?","datePublished":"2021-11-17T12:24:34+00:00","dateModified":"2021-11-17T12:24:37+00:00","mainEntityOfPage":{"@id":"https:\/\/www.padreeustaquio.com.br\/por-que-padre-eustaquio-escolheu-este-nome-ao-se-tornar-religioso\/"},"wordCount":346,"commentCount":0,"publisher":{"@id":"https:\/\/www.padreeustaquio.com.br\/#organization"},"image":{"@id":"https:\/\/www.padreeustaquio.com.br\/por-que-padre-eustaquio-escolheu-este-nome-ao-se-tornar-religioso\/#primaryimage"},"thumbnailUrl":"https:\/\/www.padreeustaquio.com.br\/wp-content\/uploads\/2021\/11\/santo-eustaquio-de-roma.jpg","articleSection":["Not\u00edcias"],"inLanguage":"en-US","potentialAction":[{"@type":"CommentAction","name":"Comment","target":["https:\/\/www.padreeustaquio.com.br\/por-que-padre-eustaquio-escolheu-este-nome-ao-se-tornar-religioso\/#respond"]}]},{"@type":"WebPage","@id":"https:\/\/www.padreeustaquio.com.br\/por-que-padre-eustaquio-escolheu-este-nome-ao-se-tornar-religioso\/","url":"https:\/\/www.padreeustaquio.com.br\/por-que-padre-eustaquio-escolheu-este-nome-ao-se-tornar-religioso\/","name":"Why did Father Eust\u00e1quio choose this name when he became a religious?","isPartOf":{"@id":"https:\/\/www.padreeustaquio.com.br\/#website"},"primaryImageOfPage":{"@id":"https:\/\/www.padreeustaquio.com.br\/por-que-padre-eustaquio-escolheu-este-nome-ao-se-tornar-religioso\/#primaryimage"},"image":{"@id":"https:\/\/www.padreeustaquio.com.br\/por-que-padre-eustaquio-escolheu-este-nome-ao-se-tornar-religioso\/#primaryimage"},"thumbnailUrl":"https:\/\/www.padreeustaquio.com.br\/wp-content\/uploads\/2021\/11\/santo-eustaquio-de-roma.jpg","datePublished":"2021-11-17T12:24:34+00:00","dateModified":"2021-11-17T12:24:37+00:00","description":"At birth, Blessed Father Eustace was baptized by his parents with the name Hubertus van Lieshout. However, upon entering the Novitiate, the young man chose to use the name Eustace.","breadcrumb":{"@id":"https:\/\/www.padreeustaquio.com.br\/por-que-padre-eustaquio-escolheu-este-nome-ao-se-tornar-religioso\/#breadcrumb"},"inLanguage":"en-US","potentialAction":[{"@type":"ReadAction","target":["https:\/\/www.padreeustaquio.com.br\/por-que-padre-eustaquio-escolheu-este-nome-ao-se-tornar-religioso\/"]}]},{"@type":"ImageObject","inLanguage":"en-US","@id":"https:\/\/www.padreeustaquio.com.br\/por-que-padre-eustaquio-escolheu-este-nome-ao-se-tornar-religioso\/#primaryimage","url":"https:\/\/www.padreeustaquio.com.br\/wp-content\/uploads\/2021\/11\/santo-eustaquio-de-roma.jpg","contentUrl":"https:\/\/www.padreeustaquio.com.br\/wp-content\/uploads\/2021\/11\/santo-eustaquio-de-roma.jpg","width":748,"height":394},{"@type":"BreadcrumbList","@id":"https:\/\/www.padreeustaquio.com.br\/por-que-padre-eustaquio-escolheu-este-nome-ao-se-tornar-religioso\/#breadcrumb","itemListElement":[{"@type":"ListItem","position":1,"name":"In\u00edcio","item":"https:\/\/www.padreeustaquio.com.br\/"},{"@type":"ListItem","position":2,"name":"Por que Padre Eust\u00e1quio escolheu este nome ao se tornar religioso?"}]},{"@type":"WebSite","@id":"https:\/\/www.padreeustaquio.com.br\/#website","url":"https:\/\/www.padreeustaquio.com.br\/","name":"FATHER EUST\u00c1QUIO","description":"Health and Peace","publisher":{"@id":"https:\/\/www.padreeustaquio.com.br\/#organization"},"potentialAction":[{"@type":"SearchAction","target":{"@type":"EntryPoint","urlTemplate":"https:\/\/www.padreeustaquio.com.br\/?s={search_term_string}"},"query-input":{"@type":"PropertyValueSpecification","valueRequired":true,"valueName":"search_term_string"}}],"inLanguage":"en-US"},{"@type":"Organization","@id":"https:\/\/www.padreeustaquio.com.br\/#organization","name":"FATHER EUST\u00c1QUIO","url":"https:\/\/www.padreeustaquio.com.br\/","logo":{"@type":"ImageObject","inLanguage":"en-US","@id":"https:\/\/www.padreeustaquio.com.br\/#\/schema\/logo\/image\/","url":"https:\/\/www.padreeustaquio.com.br\/wp-content\/uploads\/2019\/08\/marca.png","contentUrl":"https:\/\/www.padreeustaquio.com.br\/wp-content\/uploads\/2019\/08\/marca.png","width":350,"height":400,"caption":"Padre Eust\u00e1quio"},"image":{"@id":"https:\/\/www.padreeustaquio.com.br\/#\/schema\/logo\/image\/"},"sameAs":["https:\/\/www.facebook.com\/beatopadreeustaquio\/","https:\/\/x.com\/beatopeustaquio","https:\/\/www.instagram.com\/beatopadreeustaquio\/","https:\/\/www.youtube.com\/channel\/UCRhw7vfabnajwLxb1ZXMeIw"]},{"@type":"Person","@id":"https:\/\/www.padreeustaquio.com.br\/#\/schema\/person\/a2a51db1d00f1a7af0204a0f1ddb1566","name":"@sscc","image":{"@type":"ImageObject","inLanguage":"en-US","@id":"https:\/\/secure.gravatar.com\/avatar\/68cfafa5f44617fea54071e215026e0ff06be366c3d54a8425f04fdcb86f8c5f?s=96&d=mm&r=g","url":"https:\/\/secure.gravatar.com\/avatar\/68cfafa5f44617fea54071e215026e0ff06be366c3d54a8425f04fdcb86f8c5f?s=96&d=mm&r=g","contentUrl":"https:\/\/secure.gravatar.com\/avatar\/68cfafa5f44617fea54071e215026e0ff06be366c3d54a8425f04fdcb86f8c5f?s=96&d=mm&r=g","caption":"@sscc"},"url":"https:\/\/www.padreeustaquio.com.br\/en\/author\/sscc\/"}]}},"_links":{"self":[{"href":"https:\/\/www.padreeustaquio.com.br\/en\/wp-json\/wp\/v2\/posts\/7552","targetHints":{"allow":["GET"]}}],"collection":[{"href":"https:\/\/www.padreeustaquio.com.br\/en\/wp-json\/wp\/v2\/posts"}],"about":[{"href":"https:\/\/www.padreeustaquio.com.br\/en\/wp-json\/wp\/v2\/types\/post"}],"author":[{"embeddable":true,"href":"https:\/\/www.padreeustaquio.com.br\/en\/wp-json\/wp\/v2\/users\/2"}],"replies":[{"embeddable":true,"href":"https:\/\/www.padreeustaquio.com.br\/en\/wp-json\/wp\/v2\/comments?post=7552"}],"version-history":[{"count":0,"href":"https:\/\/www.padreeustaquio.com.br\/en\/wp-json\/wp\/v2\/posts\/7552\/revisions"}],"wp:featuredmedia":[{"embeddable":true,"href":"https:\/\/www.padreeustaquio.com.br\/en\/wp-json\/wp\/v2\/media\/7553"}],"wp:attachment":[{"href":"https:\/\/www.padreeustaquio.com.br\/en\/wp-json\/wp\/v2\/media?parent=7552"}],"wp:term":[{"taxonomy":"category","embeddable":true,"href":"https:\/\/www.padreeustaquio.com.br\/en\/wp-json\/wp\/v2\/categories?post=7552"},{"taxonomy":"post_tag","embeddable":true,"href":"https:\/\/www.padreeustaquio.com.br\/en\/wp-json\/wp\/v2\/tags?post=7552"}],"curies":[{"name":"wp","href":"https:\/\/api.w.org\/{rel}","templated":true}]}}