{"id":7548,"date":"2021-11-16T11:55:42","date_gmt":"2021-11-16T14:55:42","guid":{"rendered":"https:\/\/www.padreeustaquio.com.br\/?p=7548"},"modified":"2021-11-16T11:57:42","modified_gmt":"2021-11-16T14:57:42","slug":"the-sacred-series-presents-the-sanctuary-of-health-and-peace-on-tv-horizonte","status":"publish","type":"post","link":"https:\/\/www.padreeustaquio.com.br\/en\/the-sacred-series-presents-the-sanctuary-of-health-and-peace-on-tv-horizonte\/","title":{"rendered":"The series \u201cSacred\u201d presents the Sanctuary of Health and Peace on TV Horizonte."},"content":{"rendered":"<p>The 11th episode of the series \u201cSacred,\u201d broadcast by TV Horizonte this Monday, November 15th, highlighted the construction of the Sanctuary of Health and Peace. The Catholic television station&#039;s production tells the story of the 12 sanctuaries of the Archdiocese of Belo Horizonte. The series, which premiered on September 6th, showcases the sacred places that mark the faith lives of many people from Minas Gerais, from other regions of Brazil, and even from other countries, who are welcomed by the Archdiocesan Sanctuaries. The production is also broadcast weekly on Radio Am\u00e9rica at the same time.<\/p>\n\n\n\n<p>In this week&#039;s program, the rector of the Sanctuary, Fr. Vin\u00edcius Maciel, ss.cc., speaks about the construction, Father Eust\u00e1quio as the great visionary behind the temple, and the social works that the church continues. The program can be reviewed. <a href=\"https:\/\/www.youtube.com\/watch?v=E2kezYCUAKs\" target=\"_blank\" rel=\"noreferrer noopener\">HERE<\/a>.<\/p>\n\n\n\n<p>Next Monday, TV Horizonte will broadcast the second part of the series about the Sanctuary of Health and Peace, where the station will show the devotion to Blessed Father Eustace. So, mark your calendars: next Monday, the 22nd, at 6:50 PM.<\/p>\n\n\n\n<p>To learn more about the Shrines of the Archdiocese of Belo Horizonte, tune in to the special series every Monday at 6:50 PM on TV Horizonte and Radio Am\u00e9rica. TV Horizonte&#039;s programming is broadcast on open channel TV.\u00a0<a href=\"https:\/\/youtu.be\/wbi-NQ-lnt4\"><strong>30.1 HDTV<\/strong><\/a>, for the\u00a0<a href=\"http:\/\/www.tvhorizonte.com.br\/\"><strong>site<\/strong><\/a>\u00a0and through the Rede Catedral app (<strong><a href=\"https:\/\/play.google.com\/store\/apps\/details?id=br.com.mobradio.redecatedral&amp;hl=pt_BRhttps:\/\/play.google.com\/store\/apps\/details?id=br.com.mobradio.redecatedral&amp;hl=pt_BR\">Android<\/a><\/strong>\u00a0e\u00a0<a href=\"https:\/\/apps.apple.com\/br\/app\/rede-catedral\/id1226633688https:\/apps.apple.com\/br\/app\/rede-catedral\/id1226633688\"><strong>iOS<\/strong><\/a>Radio Am\u00e9rica can be tuned in via the AM 750 frequency.\u00a0<a href=\"http:\/\/radioamerica.arquidiocesebh.org.br\/podcast\/\"><strong>site<\/strong><\/a>\u00a0and also through the Rede Catedral app.<\/p>\n\n\n\n<p><a href=\"https:\/\/arquidiocesebh.org.br\/wp-content\/uploads\/2021\/09\/whatsapp-image-2021-09-13-at-11.16.11.jpeg\"><\/a><\/p>","protected":false},"excerpt":{"rendered":"<p>O 11\u00ba epis\u00f3dio da s\u00e9rie \u201cSagrado\u201d, exibido pela TV Horizonte nessa segunda-feira, dia 15 de novembro, destacou a constru\u00e7\u00e3o do Santu\u00e1rio da Sa\u00fade e da Paz. A produ\u00e7\u00e3o da emissora cat\u00f3lica conta a hist\u00f3ria dos 12 santu\u00e1rios da Arquidiocese de Belo Horizonte. A s\u00e9rie, que teve estreia no dia 6 de setembro, mostra os lugares sagrados que marcam a vida de f\u00e9 de muitos mineiros, de pessoas de outras regi\u00f5es do Brasil e at\u00e9 mesmo de outros pa\u00edses, que s\u00e3o acolhidos pelos Santu\u00e1rios Arquidiocesanos. A produ\u00e7\u00e3o \u00e9 tamb\u00e9m transmitida semanalmente pela R\u00e1dio Am\u00e9rica, no mesmo hor\u00e1rio. No programa exibido essa [&hellip;]<\/p>\n","protected":false},"author":2,"featured_media":7551,"comment_status":"open","ping_status":"closed","sticky":false,"template":"","format":"standard","meta":{"_acf_changed":false,"footnotes":""},"categories":[611,1],"tags":[],"class_list":["post-7548","post","type-post","status-publish","format-standard","has-post-thumbnail","hentry","category-noticias","category-sem-categoria"],"acf":[],"yoast_head":"<!-- This site is optimized with the Yoast SEO plugin v27.2 - https:\/\/yoast.com\/product\/yoast-seo-wordpress\/ -->\n<title>S\u00e9rie &quot;Sagrado&quot; apresenta o Santu\u00e1rio da Sa\u00fade e da Paz na TV Horizonte<\/title>\n<meta name=\"description\" content=\"O 11\u00ba epis\u00f3dio da s\u00e9rie \u201cSagrado\u201d, exibido pela TV Horizonte nessa segunda-feira, dia 15 de novembro, destacou a constru\u00e7\u00e3o do Santu\u00e1rio da Sa\u00fade e da Paz.\" \/>\n<meta name=\"robots\" content=\"index, follow, max-snippet:-1, max-image-preview:large, max-video-preview:-1\" \/>\n<link rel=\"canonical\" href=\"https:\/\/www.padreeustaquio.com.br\/en\/the-sacred-series-presents-the-sanctuary-of-health-and-peace-on-tv-horizonte\/\" \/>\n<meta property=\"og:locale\" content=\"en_US\" \/>\n<meta property=\"og:type\" content=\"article\" \/>\n<meta property=\"og:title\" content=\"S\u00e9rie &quot;Sagrado&quot; apresenta o Santu\u00e1rio da Sa\u00fade e da Paz na TV Horizonte\" \/>\n<meta property=\"og:description\" content=\"O 11\u00ba epis\u00f3dio da s\u00e9rie \u201cSagrado\u201d, exibido pela TV Horizonte nessa segunda-feira, dia 15 de novembro, destacou a constru\u00e7\u00e3o do Santu\u00e1rio da Sa\u00fade e da Paz.\" \/>\n<meta property=\"og:url\" content=\"https:\/\/www.padreeustaquio.com.br\/en\/the-sacred-series-presents-the-sanctuary-of-health-and-peace-on-tv-horizonte\/\" \/>\n<meta property=\"og:site_name\" content=\"Padre Eust\u00e1quio\" \/>\n<meta property=\"article:publisher\" content=\"https:\/\/www.facebook.com\/beatopadreeustaquio\/\" \/>\n<meta property=\"article:published_time\" content=\"2021-11-16T14:55:42+00:00\" \/>\n<meta property=\"article:modified_time\" content=\"2021-11-16T14:57:42+00:00\" \/>\n<meta property=\"og:image\" content=\"https:\/\/www.padreeustaquio.com.br\/wp-content\/uploads\/2021\/11\/SERIE-SAGRADO.jpg\" \/>\n\t<meta property=\"og:image:width\" content=\"748\" \/>\n\t<meta property=\"og:image:height\" content=\"394\" \/>\n\t<meta property=\"og:image:type\" content=\"image\/jpeg\" \/>\n<meta name=\"author\" content=\"@sscc\" \/>\n<meta name=\"twitter:card\" content=\"summary_large_image\" \/>\n<meta name=\"twitter:creator\" content=\"@beatopeustaquio\" \/>\n<meta name=\"twitter:site\" content=\"@beatopeustaquio\" \/>\n<meta name=\"twitter:label1\" content=\"Written by\" \/>\n\t<meta name=\"twitter:data1\" content=\"@sscc\" \/>\n\t<meta name=\"twitter:label2\" content=\"Est. reading time\" \/>\n\t<meta name=\"twitter:data2\" content=\"2 minutes\" \/>\n<script type=\"application\/ld+json\" class=\"yoast-schema-graph\">{\"@context\":\"https:\/\/schema.org\",\"@graph\":[{\"@type\":\"Article\",\"@id\":\"https:\/\/www.padreeustaquio.com.br\/serie-sagrado-apresenta-o-santuario-da-saude-e-da-paz-na-tv-horizonte\/#article\",\"isPartOf\":{\"@id\":\"https:\/\/www.padreeustaquio.com.br\/serie-sagrado-apresenta-o-santuario-da-saude-e-da-paz-na-tv-horizonte\/\"},\"author\":{\"name\":\"@sscc\",\"@id\":\"https:\/\/www.padreeustaquio.com.br\/#\/schema\/person\/a2a51db1d00f1a7af0204a0f1ddb1566\"},\"headline\":\"S\u00e9rie &#8220;Sagrado&#8221; apresenta o Santu\u00e1rio da Sa\u00fade e da Paz na TV Horizonte\",\"datePublished\":\"2021-11-16T14:55:42+00:00\",\"dateModified\":\"2021-11-16T14:57:42+00:00\",\"mainEntityOfPage\":{\"@id\":\"https:\/\/www.padreeustaquio.com.br\/serie-sagrado-apresenta-o-santuario-da-saude-e-da-paz-na-tv-horizonte\/\"},\"wordCount\":294,\"commentCount\":0,\"publisher\":{\"@id\":\"https:\/\/www.padreeustaquio.com.br\/#organization\"},\"image\":{\"@id\":\"https:\/\/www.padreeustaquio.com.br\/serie-sagrado-apresenta-o-santuario-da-saude-e-da-paz-na-tv-horizonte\/#primaryimage\"},\"thumbnailUrl\":\"https:\/\/www.padreeustaquio.com.br\/wp-content\/uploads\/2021\/11\/SERIE-SAGRADO.jpg\",\"articleSection\":[\"Not\u00edcias\",\"Sem categoria\"],\"inLanguage\":\"en-US\",\"potentialAction\":[{\"@type\":\"CommentAction\",\"name\":\"Comment\",\"target\":[\"https:\/\/www.padreeustaquio.com.br\/serie-sagrado-apresenta-o-santuario-da-saude-e-da-paz-na-tv-horizonte\/#respond\"]}]},{\"@type\":\"WebPage\",\"@id\":\"https:\/\/www.padreeustaquio.com.br\/serie-sagrado-apresenta-o-santuario-da-saude-e-da-paz-na-tv-horizonte\/\",\"url\":\"https:\/\/www.padreeustaquio.com.br\/serie-sagrado-apresenta-o-santuario-da-saude-e-da-paz-na-tv-horizonte\/\",\"name\":\"S\u00e9rie \\\"Sagrado\\\" apresenta o Santu\u00e1rio da Sa\u00fade e da Paz na TV Horizonte\",\"isPartOf\":{\"@id\":\"https:\/\/www.padreeustaquio.com.br\/#website\"},\"primaryImageOfPage\":{\"@id\":\"https:\/\/www.padreeustaquio.com.br\/serie-sagrado-apresenta-o-santuario-da-saude-e-da-paz-na-tv-horizonte\/#primaryimage\"},\"image\":{\"@id\":\"https:\/\/www.padreeustaquio.com.br\/serie-sagrado-apresenta-o-santuario-da-saude-e-da-paz-na-tv-horizonte\/#primaryimage\"},\"thumbnailUrl\":\"https:\/\/www.padreeustaquio.com.br\/wp-content\/uploads\/2021\/11\/SERIE-SAGRADO.jpg\",\"datePublished\":\"2021-11-16T14:55:42+00:00\",\"dateModified\":\"2021-11-16T14:57:42+00:00\",\"description\":\"O 11\u00ba epis\u00f3dio da s\u00e9rie \u201cSagrado\u201d, exibido pela TV Horizonte nessa segunda-feira, dia 15 de novembro, destacou a constru\u00e7\u00e3o do Santu\u00e1rio da Sa\u00fade e da Paz.\",\"breadcrumb\":{\"@id\":\"https:\/\/www.padreeustaquio.com.br\/serie-sagrado-apresenta-o-santuario-da-saude-e-da-paz-na-tv-horizonte\/#breadcrumb\"},\"inLanguage\":\"en-US\",\"potentialAction\":[{\"@type\":\"ReadAction\",\"target\":[\"https:\/\/www.padreeustaquio.com.br\/serie-sagrado-apresenta-o-santuario-da-saude-e-da-paz-na-tv-horizonte\/\"]}]},{\"@type\":\"ImageObject\",\"inLanguage\":\"en-US\",\"@id\":\"https:\/\/www.padreeustaquio.com.br\/serie-sagrado-apresenta-o-santuario-da-saude-e-da-paz-na-tv-horizonte\/#primaryimage\",\"url\":\"https:\/\/www.padreeustaquio.com.br\/wp-content\/uploads\/2021\/11\/SERIE-SAGRADO.jpg\",\"contentUrl\":\"https:\/\/www.padreeustaquio.com.br\/wp-content\/uploads\/2021\/11\/SERIE-SAGRADO.jpg\",\"width\":748,\"height\":394},{\"@type\":\"BreadcrumbList\",\"@id\":\"https:\/\/www.padreeustaquio.com.br\/serie-sagrado-apresenta-o-santuario-da-saude-e-da-paz-na-tv-horizonte\/#breadcrumb\",\"itemListElement\":[{\"@type\":\"ListItem\",\"position\":1,\"name\":\"In\u00edcio\",\"item\":\"https:\/\/www.padreeustaquio.com.br\/\"},{\"@type\":\"ListItem\",\"position\":2,\"name\":\"S\u00e9rie &#8220;Sagrado&#8221; apresenta o Santu\u00e1rio da Sa\u00fade e da Paz na TV Horizonte\"}]},{\"@type\":\"WebSite\",\"@id\":\"https:\/\/www.padreeustaquio.com.br\/#website\",\"url\":\"https:\/\/www.padreeustaquio.com.br\/\",\"name\":\"Padre Eust\u00e1quio\",\"description\":\"Sa\u00fade e Paz\",\"publisher\":{\"@id\":\"https:\/\/www.padreeustaquio.com.br\/#organization\"},\"potentialAction\":[{\"@type\":\"SearchAction\",\"target\":{\"@type\":\"EntryPoint\",\"urlTemplate\":\"https:\/\/www.padreeustaquio.com.br\/?s={search_term_string}\"},\"query-input\":{\"@type\":\"PropertyValueSpecification\",\"valueRequired\":true,\"valueName\":\"search_term_string\"}}],\"inLanguage\":\"en-US\"},{\"@type\":\"Organization\",\"@id\":\"https:\/\/www.padreeustaquio.com.br\/#organization\",\"name\":\"Padre Eust\u00e1quio\",\"url\":\"https:\/\/www.padreeustaquio.com.br\/\",\"logo\":{\"@type\":\"ImageObject\",\"inLanguage\":\"en-US\",\"@id\":\"https:\/\/www.padreeustaquio.com.br\/#\/schema\/logo\/image\/\",\"url\":\"https:\/\/www.padreeustaquio.com.br\/wp-content\/uploads\/2019\/08\/marca.png\",\"contentUrl\":\"https:\/\/www.padreeustaquio.com.br\/wp-content\/uploads\/2019\/08\/marca.png\",\"width\":350,\"height\":400,\"caption\":\"Padre Eust\u00e1quio\"},\"image\":{\"@id\":\"https:\/\/www.padreeustaquio.com.br\/#\/schema\/logo\/image\/\"},\"sameAs\":[\"https:\/\/www.facebook.com\/beatopadreeustaquio\/\",\"https:\/\/x.com\/beatopeustaquio\",\"https:\/\/www.instagram.com\/beatopadreeustaquio\/\",\"https:\/\/www.youtube.com\/channel\/UCRhw7vfabnajwLxb1ZXMeIw\"]},{\"@type\":\"Person\",\"@id\":\"https:\/\/www.padreeustaquio.com.br\/#\/schema\/person\/a2a51db1d00f1a7af0204a0f1ddb1566\",\"name\":\"@sscc\",\"image\":{\"@type\":\"ImageObject\",\"inLanguage\":\"en-US\",\"@id\":\"https:\/\/secure.gravatar.com\/avatar\/68cfafa5f44617fea54071e215026e0ff06be366c3d54a8425f04fdcb86f8c5f?s=96&d=mm&r=g\",\"url\":\"https:\/\/secure.gravatar.com\/avatar\/68cfafa5f44617fea54071e215026e0ff06be366c3d54a8425f04fdcb86f8c5f?s=96&d=mm&r=g\",\"contentUrl\":\"https:\/\/secure.gravatar.com\/avatar\/68cfafa5f44617fea54071e215026e0ff06be366c3d54a8425f04fdcb86f8c5f?s=96&d=mm&r=g\",\"caption\":\"@sscc\"},\"url\":\"https:\/\/www.padreeustaquio.com.br\/en\/author\/sscc\/\"}]}<\/script>\n<!-- \/ Yoast SEO plugin. -->","yoast_head_json":{"title":"The &quot;Sacred&quot; series presents the Sanctuary of Health and Peace on TV Horizonte.","description":"The 11th episode of the series &quot;Sacred,&quot; broadcast by TV Horizonte this Monday, November 15th, highlighted the construction of the Sanctuary of Health and Peace.","robots":{"index":"index","follow":"follow","max-snippet":"max-snippet:-1","max-image-preview":"max-image-preview:large","max-video-preview":"max-video-preview:-1"},"canonical":"https:\/\/www.padreeustaquio.com.br\/en\/the-sacred-series-presents-the-sanctuary-of-health-and-peace-on-tv-horizonte\/","og_locale":"en_US","og_type":"article","og_title":"S\u00e9rie \"Sagrado\" apresenta o Santu\u00e1rio da Sa\u00fade e da Paz na TV Horizonte","og_description":"O 11\u00ba epis\u00f3dio da s\u00e9rie \u201cSagrado\u201d, exibido pela TV Horizonte nessa segunda-feira, dia 15 de novembro, destacou a constru\u00e7\u00e3o do Santu\u00e1rio da Sa\u00fade e da Paz.","og_url":"https:\/\/www.padreeustaquio.com.br\/en\/the-sacred-series-presents-the-sanctuary-of-health-and-peace-on-tv-horizonte\/","og_site_name":"Padre Eust\u00e1quio","article_publisher":"https:\/\/www.facebook.com\/beatopadreeustaquio\/","article_published_time":"2021-11-16T14:55:42+00:00","article_modified_time":"2021-11-16T14:57:42+00:00","og_image":[{"width":748,"height":394,"url":"https:\/\/www.padreeustaquio.com.br\/wp-content\/uploads\/2021\/11\/SERIE-SAGRADO.jpg","type":"image\/jpeg"}],"author":"@sscc","twitter_card":"summary_large_image","twitter_creator":"@beatopeustaquio","twitter_site":"@beatopeustaquio","twitter_misc":{"Written by":"@sscc","Est. reading time":"2 minutes"},"schema":{"@context":"https:\/\/schema.org","@graph":[{"@type":"Article","@id":"https:\/\/www.padreeustaquio.com.br\/serie-sagrado-apresenta-o-santuario-da-saude-e-da-paz-na-tv-horizonte\/#article","isPartOf":{"@id":"https:\/\/www.padreeustaquio.com.br\/serie-sagrado-apresenta-o-santuario-da-saude-e-da-paz-na-tv-horizonte\/"},"author":{"name":"@sscc","@id":"https:\/\/www.padreeustaquio.com.br\/#\/schema\/person\/a2a51db1d00f1a7af0204a0f1ddb1566"},"headline":"S\u00e9rie &#8220;Sagrado&#8221; apresenta o Santu\u00e1rio da Sa\u00fade e da Paz na TV Horizonte","datePublished":"2021-11-16T14:55:42+00:00","dateModified":"2021-11-16T14:57:42+00:00","mainEntityOfPage":{"@id":"https:\/\/www.padreeustaquio.com.br\/serie-sagrado-apresenta-o-santuario-da-saude-e-da-paz-na-tv-horizonte\/"},"wordCount":294,"commentCount":0,"publisher":{"@id":"https:\/\/www.padreeustaquio.com.br\/#organization"},"image":{"@id":"https:\/\/www.padreeustaquio.com.br\/serie-sagrado-apresenta-o-santuario-da-saude-e-da-paz-na-tv-horizonte\/#primaryimage"},"thumbnailUrl":"https:\/\/www.padreeustaquio.com.br\/wp-content\/uploads\/2021\/11\/SERIE-SAGRADO.jpg","articleSection":["Not\u00edcias","Sem categoria"],"inLanguage":"en-US","potentialAction":[{"@type":"CommentAction","name":"Comment","target":["https:\/\/www.padreeustaquio.com.br\/serie-sagrado-apresenta-o-santuario-da-saude-e-da-paz-na-tv-horizonte\/#respond"]}]},{"@type":"WebPage","@id":"https:\/\/www.padreeustaquio.com.br\/serie-sagrado-apresenta-o-santuario-da-saude-e-da-paz-na-tv-horizonte\/","url":"https:\/\/www.padreeustaquio.com.br\/serie-sagrado-apresenta-o-santuario-da-saude-e-da-paz-na-tv-horizonte\/","name":"The &quot;Sacred&quot; series presents the Sanctuary of Health and Peace on TV Horizonte.","isPartOf":{"@id":"https:\/\/www.padreeustaquio.com.br\/#website"},"primaryImageOfPage":{"@id":"https:\/\/www.padreeustaquio.com.br\/serie-sagrado-apresenta-o-santuario-da-saude-e-da-paz-na-tv-horizonte\/#primaryimage"},"image":{"@id":"https:\/\/www.padreeustaquio.com.br\/serie-sagrado-apresenta-o-santuario-da-saude-e-da-paz-na-tv-horizonte\/#primaryimage"},"thumbnailUrl":"https:\/\/www.padreeustaquio.com.br\/wp-content\/uploads\/2021\/11\/SERIE-SAGRADO.jpg","datePublished":"2021-11-16T14:55:42+00:00","dateModified":"2021-11-16T14:57:42+00:00","description":"The 11th episode of the series &quot;Sacred,&quot; broadcast by TV Horizonte this Monday, November 15th, highlighted the construction of the Sanctuary of Health and Peace.","breadcrumb":{"@id":"https:\/\/www.padreeustaquio.com.br\/serie-sagrado-apresenta-o-santuario-da-saude-e-da-paz-na-tv-horizonte\/#breadcrumb"},"inLanguage":"en-US","potentialAction":[{"@type":"ReadAction","target":["https:\/\/www.padreeustaquio.com.br\/serie-sagrado-apresenta-o-santuario-da-saude-e-da-paz-na-tv-horizonte\/"]}]},{"@type":"ImageObject","inLanguage":"en-US","@id":"https:\/\/www.padreeustaquio.com.br\/serie-sagrado-apresenta-o-santuario-da-saude-e-da-paz-na-tv-horizonte\/#primaryimage","url":"https:\/\/www.padreeustaquio.com.br\/wp-content\/uploads\/2021\/11\/SERIE-SAGRADO.jpg","contentUrl":"https:\/\/www.padreeustaquio.com.br\/wp-content\/uploads\/2021\/11\/SERIE-SAGRADO.jpg","width":748,"height":394},{"@type":"BreadcrumbList","@id":"https:\/\/www.padreeustaquio.com.br\/serie-sagrado-apresenta-o-santuario-da-saude-e-da-paz-na-tv-horizonte\/#breadcrumb","itemListElement":[{"@type":"ListItem","position":1,"name":"In\u00edcio","item":"https:\/\/www.padreeustaquio.com.br\/"},{"@type":"ListItem","position":2,"name":"S\u00e9rie &#8220;Sagrado&#8221; apresenta o Santu\u00e1rio da Sa\u00fade e da Paz na TV Horizonte"}]},{"@type":"WebSite","@id":"https:\/\/www.padreeustaquio.com.br\/#website","url":"https:\/\/www.padreeustaquio.com.br\/","name":"FATHER EUST\u00c1QUIO","description":"Health and Peace","publisher":{"@id":"https:\/\/www.padreeustaquio.com.br\/#organization"},"potentialAction":[{"@type":"SearchAction","target":{"@type":"EntryPoint","urlTemplate":"https:\/\/www.padreeustaquio.com.br\/?s={search_term_string}"},"query-input":{"@type":"PropertyValueSpecification","valueRequired":true,"valueName":"search_term_string"}}],"inLanguage":"en-US"},{"@type":"Organization","@id":"https:\/\/www.padreeustaquio.com.br\/#organization","name":"FATHER EUST\u00c1QUIO","url":"https:\/\/www.padreeustaquio.com.br\/","logo":{"@type":"ImageObject","inLanguage":"en-US","@id":"https:\/\/www.padreeustaquio.com.br\/#\/schema\/logo\/image\/","url":"https:\/\/www.padreeustaquio.com.br\/wp-content\/uploads\/2019\/08\/marca.png","contentUrl":"https:\/\/www.padreeustaquio.com.br\/wp-content\/uploads\/2019\/08\/marca.png","width":350,"height":400,"caption":"Padre Eust\u00e1quio"},"image":{"@id":"https:\/\/www.padreeustaquio.com.br\/#\/schema\/logo\/image\/"},"sameAs":["https:\/\/www.facebook.com\/beatopadreeustaquio\/","https:\/\/x.com\/beatopeustaquio","https:\/\/www.instagram.com\/beatopadreeustaquio\/","https:\/\/www.youtube.com\/channel\/UCRhw7vfabnajwLxb1ZXMeIw"]},{"@type":"Person","@id":"https:\/\/www.padreeustaquio.com.br\/#\/schema\/person\/a2a51db1d00f1a7af0204a0f1ddb1566","name":"@sscc","image":{"@type":"ImageObject","inLanguage":"en-US","@id":"https:\/\/secure.gravatar.com\/avatar\/68cfafa5f44617fea54071e215026e0ff06be366c3d54a8425f04fdcb86f8c5f?s=96&d=mm&r=g","url":"https:\/\/secure.gravatar.com\/avatar\/68cfafa5f44617fea54071e215026e0ff06be366c3d54a8425f04fdcb86f8c5f?s=96&d=mm&r=g","contentUrl":"https:\/\/secure.gravatar.com\/avatar\/68cfafa5f44617fea54071e215026e0ff06be366c3d54a8425f04fdcb86f8c5f?s=96&d=mm&r=g","caption":"@sscc"},"url":"https:\/\/www.padreeustaquio.com.br\/en\/author\/sscc\/"}]}},"_links":{"self":[{"href":"https:\/\/www.padreeustaquio.com.br\/en\/wp-json\/wp\/v2\/posts\/7548","targetHints":{"allow":["GET"]}}],"collection":[{"href":"https:\/\/www.padreeustaquio.com.br\/en\/wp-json\/wp\/v2\/posts"}],"about":[{"href":"https:\/\/www.padreeustaquio.com.br\/en\/wp-json\/wp\/v2\/types\/post"}],"author":[{"embeddable":true,"href":"https:\/\/www.padreeustaquio.com.br\/en\/wp-json\/wp\/v2\/users\/2"}],"replies":[{"embeddable":true,"href":"https:\/\/www.padreeustaquio.com.br\/en\/wp-json\/wp\/v2\/comments?post=7548"}],"version-history":[{"count":0,"href":"https:\/\/www.padreeustaquio.com.br\/en\/wp-json\/wp\/v2\/posts\/7548\/revisions"}],"wp:featuredmedia":[{"embeddable":true,"href":"https:\/\/www.padreeustaquio.com.br\/en\/wp-json\/wp\/v2\/media\/7551"}],"wp:attachment":[{"href":"https:\/\/www.padreeustaquio.com.br\/en\/wp-json\/wp\/v2\/media?parent=7548"}],"wp:term":[{"taxonomy":"category","embeddable":true,"href":"https:\/\/www.padreeustaquio.com.br\/en\/wp-json\/wp\/v2\/categories?post=7548"},{"taxonomy":"post_tag","embeddable":true,"href":"https:\/\/www.padreeustaquio.com.br\/en\/wp-json\/wp\/v2\/tags?post=7548"}],"curies":[{"name":"wp","href":"https:\/\/api.w.org\/{rel}","templated":true}]}}