{"id":7521,"date":"2021-11-11T06:13:00","date_gmt":"2021-11-11T09:13:00","guid":{"rendered":"https:\/\/www.padreeustaquio.com.br\/?p=7521"},"modified":"2021-11-10T19:03:27","modified_gmt":"2021-11-10T22:03:27","slug":"father-eustaces-word-rest-and-sleep","status":"publish","type":"post","link":"https:\/\/www.padreeustaquio.com.br\/en\/father-eustaces-word-rest-and-sleep\/","title":{"rendered":"Father Eust\u00e1quio&#039;s words: Rest and sleep."},"content":{"rendered":"<p>In life we experience many struggles, both physical and spiritual. We go through difficult times, our faith is tested, and our strength is drained. We seek solace in our responsibilities, we extend our hands to our brothers and sisters in need, and we continue on our journey as children of God.<\/p>\n\n\n\n<p>But in the face of so much struggle, Father Eust\u00e1quio brings us a word of consolation: \u201crest and sleep\u201d. Read the Blessed One&#039;s text on the subject. This writing was published in the Sacred Hearts Parish Bulletin in the years 1946\/1947.<\/p>\n\n\n\n<p><em>Let us follow one of the twelve apostles, who left the room of the Last Supper with a sinister plan in his heart. He knows that Jesus will go, that very night, with his disciples to the Garden of Olives to pray. As if possessed, he runs through the streets of Jerusalem, his hair and beard disheveled, his gestures abrupt and nervous. He came to the Sanhedrin, where the advisors of the great council of the Jews meet. He presents himself and says: \u201cDo you want this Nazarene? Do you want to arrest him before Passover, without drawing much attention? Give me 30 pieces of silver and I will deliver him to you tonight.\u201d Amidst acclamations, his offer is accepted, the money is given to him, and he puts it in his pocket.<\/em>.<\/p>\n\n\n\n<p><em>Meanwhile, Jesus is in the garden, enduring cruel agony. He drank the cup of bitterness to the last drop, but, comforted by the angel, he rises and approaches the apostles, whom he finds awake this time. He sees their weariness and, solicitously, says: \u201cSleep now. My heavenly Father has sent me his angel of comfort, sleep! I have drunk the cup of sorrows. Sleep.\u201d<\/em>!<\/p>\n\n\n\n<p><em>O parents. Alas, if you have done everything to educate your children in religion and the practice of virtue, to you too, these words ring in your ears, on the threshold of eternity: now, rest and sleep.<\/em>.<\/p>\n\n\n\n<p><em>O you, fighters of the Church of God, who have sacrificed time and money, strength and courage, spirit and life for the bride of Christ. He says to you after this struggle: rest and sleep. The priest of Christ, who, like Moses, leads the people to death, praying and sacrificing for this vale of tears, also for you is this word: rest and sleep.<\/em><\/p>\n\n\n\n<p><em>The religious person who, like a lit candle, consumes himself before God, also sends this word to you: rest and sleep.<\/em><\/p>\n\n\n\n<p><em>O missionary, who have left everything to lead souls to God, above all the sweet voice of the Lord will sound: rest and sleep.<\/em><\/p>\n\n\n\n<p><em>Every man who, during his life, struggled against the devil, the world, and the flesh, when you close your eyes forever, you will hear the Word of the Lord: rest and sleep.<\/em>.<\/p>\n\n\n\n<p><em>After giving the apostles some rest, Jesus wakes them and says, \u201cCome, for he who will betray me is here. Come! \u2026 where to, O my Jesus?\u201d<\/em><br><br>\u2013 <em>My son, to the suffering\u2026<\/em><br><em>For whom, my Jesus!<\/em><br>\u2013 <em>For you, my son! \u2026<\/em><\/p>\n\n\n\n<p><em>Now I see clearly that Jesus willingly wanted to suffer out of love for me. He could have run away, but he didn&#039;t. He could have waited for his tormentors, but no, he went to meet them... as if they were his benefactors.<\/em><\/p>\n\n\n\n<p><em>Thank you a thousand times, O Jesus! Take us to where You have called us.<\/em>.<\/p>\n\n\n\n<p><\/p>","protected":false},"excerpt":{"rendered":"<p>Na vida vivemos muitas lutas, sejam elas f\u00edsicas ou espirituais. Passamos por momentos dif\u00edceis, temos a f\u00e9 testada, temos as for\u00e7as esva\u00eddas. Buscamos o consolo nas atribui\u00e7\u00f5es, estendemos as m\u00e3os para os irm\u00e3os necessitados e continuamos na nossa caminhada de filhos de Deus. Mas diante de tanta luta, Padre Eust\u00e1quio nos traz uma palavra de consolo: \u201cdescansa e dorme\u201d. Leia o texto do Bem-aventurado sobre o assunto. Este escrito foi publicado no Boletim da Matriz Sagrados Cora\u00e7\u00f5es dos anos 1946\/1947 Sigamos um dos doze ap\u00f3stolos, que deixou a sala da \u00faltima ceia, com um sinistro plano em seu cora\u00e7\u00e3o. Sabe [&hellip;]<\/p>\n","protected":false},"author":2,"featured_media":7522,"comment_status":"open","ping_status":"closed","sticky":false,"template":"","format":"standard","meta":{"_acf_changed":false,"footnotes":""},"categories":[611],"tags":[],"class_list":["post-7521","post","type-post","status-publish","format-standard","has-post-thumbnail","hentry","category-noticias"],"acf":[],"yoast_head":"<!-- This site is optimized with the Yoast SEO plugin v27.2 - https:\/\/yoast.com\/product\/yoast-seo-wordpress\/ -->\n<title>Palavra do Padre Eust\u00e1quio: Descansa e dorme<\/title>\n<meta name=\"description\" content=\"Na vida vivemos muitas lutas, sejam elas f\u00edsicas ou espirituais. Passamos por momentos dif\u00edceis, temos a f\u00e9 testada, temos as for\u00e7as esva\u00eddas. Buscamos o consolo nas atribui\u00e7\u00f5es, estendemos as m\u00e3os para os irm\u00e3os necessitados e continuamos na nossa caminhada de filhos de Deus.\" \/>\n<meta name=\"robots\" content=\"index, follow, max-snippet:-1, max-image-preview:large, max-video-preview:-1\" \/>\n<link rel=\"canonical\" href=\"https:\/\/www.padreeustaquio.com.br\/en\/father-eustaces-word-rest-and-sleep\/\" \/>\n<meta property=\"og:locale\" content=\"en_US\" \/>\n<meta property=\"og:type\" content=\"article\" \/>\n<meta property=\"og:title\" content=\"Palavra do Padre Eust\u00e1quio: Descansa e dorme\" \/>\n<meta property=\"og:description\" content=\"Na vida vivemos muitas lutas, sejam elas f\u00edsicas ou espirituais. Passamos por momentos dif\u00edceis, temos a f\u00e9 testada, temos as for\u00e7as esva\u00eddas. Buscamos o consolo nas atribui\u00e7\u00f5es, estendemos as m\u00e3os para os irm\u00e3os necessitados e continuamos na nossa caminhada de filhos de Deus.\" \/>\n<meta property=\"og:url\" content=\"https:\/\/www.padreeustaquio.com.br\/en\/father-eustaces-word-rest-and-sleep\/\" \/>\n<meta property=\"og:site_name\" content=\"Padre Eust\u00e1quio\" \/>\n<meta property=\"article:publisher\" content=\"https:\/\/www.facebook.com\/beatopadreeustaquio\/\" \/>\n<meta property=\"article:published_time\" content=\"2021-11-11T09:13:00+00:00\" \/>\n<meta property=\"og:image\" content=\"https:\/\/www.padreeustaquio.com.br\/wp-content\/uploads\/2021\/11\/Padre-eustaquio-em-itauna-palavras-de-um-beato-santo-escritos-e1636581680660.jpeg\" \/>\n\t<meta property=\"og:image:width\" content=\"1280\" \/>\n\t<meta property=\"og:image:height\" content=\"681\" \/>\n\t<meta property=\"og:image:type\" content=\"image\/jpeg\" \/>\n<meta name=\"author\" content=\"@sscc\" \/>\n<meta name=\"twitter:card\" content=\"summary_large_image\" \/>\n<meta name=\"twitter:creator\" content=\"@beatopeustaquio\" \/>\n<meta name=\"twitter:site\" content=\"@beatopeustaquio\" \/>\n<meta name=\"twitter:label1\" content=\"Written by\" \/>\n\t<meta name=\"twitter:data1\" content=\"@sscc\" \/>\n\t<meta name=\"twitter:label2\" content=\"Est. reading time\" \/>\n\t<meta name=\"twitter:data2\" content=\"3 minutes\" \/>\n<script type=\"application\/ld+json\" class=\"yoast-schema-graph\">{\"@context\":\"https:\/\/schema.org\",\"@graph\":[{\"@type\":\"Article\",\"@id\":\"https:\/\/www.padreeustaquio.com.br\/palavra-do-padre-eustaquio-descansa-e-dorme\/#article\",\"isPartOf\":{\"@id\":\"https:\/\/www.padreeustaquio.com.br\/palavra-do-padre-eustaquio-descansa-e-dorme\/\"},\"author\":{\"name\":\"@sscc\",\"@id\":\"https:\/\/www.padreeustaquio.com.br\/#\/schema\/person\/a2a51db1d00f1a7af0204a0f1ddb1566\"},\"headline\":\"Palavra do Padre Eust\u00e1quio: Descansa e dorme\",\"datePublished\":\"2021-11-11T09:13:00+00:00\",\"mainEntityOfPage\":{\"@id\":\"https:\/\/www.padreeustaquio.com.br\/palavra-do-padre-eustaquio-descansa-e-dorme\/\"},\"wordCount\":546,\"commentCount\":0,\"publisher\":{\"@id\":\"https:\/\/www.padreeustaquio.com.br\/#organization\"},\"image\":{\"@id\":\"https:\/\/www.padreeustaquio.com.br\/palavra-do-padre-eustaquio-descansa-e-dorme\/#primaryimage\"},\"thumbnailUrl\":\"https:\/\/www.padreeustaquio.com.br\/wp-content\/uploads\/2021\/11\/Padre-eustaquio-em-itauna-palavras-de-um-beato-santo-escritos-e1636581680660.jpeg\",\"articleSection\":[\"Not\u00edcias\"],\"inLanguage\":\"en-US\",\"potentialAction\":[{\"@type\":\"CommentAction\",\"name\":\"Comment\",\"target\":[\"https:\/\/www.padreeustaquio.com.br\/palavra-do-padre-eustaquio-descansa-e-dorme\/#respond\"]}]},{\"@type\":\"WebPage\",\"@id\":\"https:\/\/www.padreeustaquio.com.br\/palavra-do-padre-eustaquio-descansa-e-dorme\/\",\"url\":\"https:\/\/www.padreeustaquio.com.br\/palavra-do-padre-eustaquio-descansa-e-dorme\/\",\"name\":\"Palavra do Padre Eust\u00e1quio: Descansa e dorme\",\"isPartOf\":{\"@id\":\"https:\/\/www.padreeustaquio.com.br\/#website\"},\"primaryImageOfPage\":{\"@id\":\"https:\/\/www.padreeustaquio.com.br\/palavra-do-padre-eustaquio-descansa-e-dorme\/#primaryimage\"},\"image\":{\"@id\":\"https:\/\/www.padreeustaquio.com.br\/palavra-do-padre-eustaquio-descansa-e-dorme\/#primaryimage\"},\"thumbnailUrl\":\"https:\/\/www.padreeustaquio.com.br\/wp-content\/uploads\/2021\/11\/Padre-eustaquio-em-itauna-palavras-de-um-beato-santo-escritos-e1636581680660.jpeg\",\"datePublished\":\"2021-11-11T09:13:00+00:00\",\"description\":\"Na vida vivemos muitas lutas, sejam elas f\u00edsicas ou espirituais. Passamos por momentos dif\u00edceis, temos a f\u00e9 testada, temos as for\u00e7as esva\u00eddas. Buscamos o consolo nas atribui\u00e7\u00f5es, estendemos as m\u00e3os para os irm\u00e3os necessitados e continuamos na nossa caminhada de filhos de Deus.\",\"breadcrumb\":{\"@id\":\"https:\/\/www.padreeustaquio.com.br\/palavra-do-padre-eustaquio-descansa-e-dorme\/#breadcrumb\"},\"inLanguage\":\"en-US\",\"potentialAction\":[{\"@type\":\"ReadAction\",\"target\":[\"https:\/\/www.padreeustaquio.com.br\/palavra-do-padre-eustaquio-descansa-e-dorme\/\"]}]},{\"@type\":\"ImageObject\",\"inLanguage\":\"en-US\",\"@id\":\"https:\/\/www.padreeustaquio.com.br\/palavra-do-padre-eustaquio-descansa-e-dorme\/#primaryimage\",\"url\":\"https:\/\/www.padreeustaquio.com.br\/wp-content\/uploads\/2021\/11\/Padre-eustaquio-em-itauna-palavras-de-um-beato-santo-escritos-e1636581680660.jpeg\",\"contentUrl\":\"https:\/\/www.padreeustaquio.com.br\/wp-content\/uploads\/2021\/11\/Padre-eustaquio-em-itauna-palavras-de-um-beato-santo-escritos-e1636581680660.jpeg\",\"width\":1280,\"height\":681},{\"@type\":\"BreadcrumbList\",\"@id\":\"https:\/\/www.padreeustaquio.com.br\/palavra-do-padre-eustaquio-descansa-e-dorme\/#breadcrumb\",\"itemListElement\":[{\"@type\":\"ListItem\",\"position\":1,\"name\":\"In\u00edcio\",\"item\":\"https:\/\/www.padreeustaquio.com.br\/\"},{\"@type\":\"ListItem\",\"position\":2,\"name\":\"Palavra do Padre Eust\u00e1quio: Descansa e dorme\"}]},{\"@type\":\"WebSite\",\"@id\":\"https:\/\/www.padreeustaquio.com.br\/#website\",\"url\":\"https:\/\/www.padreeustaquio.com.br\/\",\"name\":\"Padre Eust\u00e1quio\",\"description\":\"Sa\u00fade e Paz\",\"publisher\":{\"@id\":\"https:\/\/www.padreeustaquio.com.br\/#organization\"},\"potentialAction\":[{\"@type\":\"SearchAction\",\"target\":{\"@type\":\"EntryPoint\",\"urlTemplate\":\"https:\/\/www.padreeustaquio.com.br\/?s={search_term_string}\"},\"query-input\":{\"@type\":\"PropertyValueSpecification\",\"valueRequired\":true,\"valueName\":\"search_term_string\"}}],\"inLanguage\":\"en-US\"},{\"@type\":\"Organization\",\"@id\":\"https:\/\/www.padreeustaquio.com.br\/#organization\",\"name\":\"Padre Eust\u00e1quio\",\"url\":\"https:\/\/www.padreeustaquio.com.br\/\",\"logo\":{\"@type\":\"ImageObject\",\"inLanguage\":\"en-US\",\"@id\":\"https:\/\/www.padreeustaquio.com.br\/#\/schema\/logo\/image\/\",\"url\":\"https:\/\/www.padreeustaquio.com.br\/wp-content\/uploads\/2019\/08\/marca.png\",\"contentUrl\":\"https:\/\/www.padreeustaquio.com.br\/wp-content\/uploads\/2019\/08\/marca.png\",\"width\":350,\"height\":400,\"caption\":\"Padre Eust\u00e1quio\"},\"image\":{\"@id\":\"https:\/\/www.padreeustaquio.com.br\/#\/schema\/logo\/image\/\"},\"sameAs\":[\"https:\/\/www.facebook.com\/beatopadreeustaquio\/\",\"https:\/\/x.com\/beatopeustaquio\",\"https:\/\/www.instagram.com\/beatopadreeustaquio\/\",\"https:\/\/www.youtube.com\/channel\/UCRhw7vfabnajwLxb1ZXMeIw\"]},{\"@type\":\"Person\",\"@id\":\"https:\/\/www.padreeustaquio.com.br\/#\/schema\/person\/a2a51db1d00f1a7af0204a0f1ddb1566\",\"name\":\"@sscc\",\"image\":{\"@type\":\"ImageObject\",\"inLanguage\":\"en-US\",\"@id\":\"https:\/\/secure.gravatar.com\/avatar\/68cfafa5f44617fea54071e215026e0ff06be366c3d54a8425f04fdcb86f8c5f?s=96&d=mm&r=g\",\"url\":\"https:\/\/secure.gravatar.com\/avatar\/68cfafa5f44617fea54071e215026e0ff06be366c3d54a8425f04fdcb86f8c5f?s=96&d=mm&r=g\",\"contentUrl\":\"https:\/\/secure.gravatar.com\/avatar\/68cfafa5f44617fea54071e215026e0ff06be366c3d54a8425f04fdcb86f8c5f?s=96&d=mm&r=g\",\"caption\":\"@sscc\"},\"url\":\"https:\/\/www.padreeustaquio.com.br\/en\/author\/sscc\/\"}]}<\/script>\n<!-- \/ Yoast SEO plugin. -->","yoast_head_json":{"title":"Father Eust\u00e1quio&#039;s words: Rest and sleep.","description":"In life we experience many struggles, both physical and spiritual. We go through difficult times, our faith is tested, and our strength is drained. We seek solace in our responsibilities, we extend our hands to our brothers and sisters in need, and we continue on our journey as children of God.","robots":{"index":"index","follow":"follow","max-snippet":"max-snippet:-1","max-image-preview":"max-image-preview:large","max-video-preview":"max-video-preview:-1"},"canonical":"https:\/\/www.padreeustaquio.com.br\/en\/father-eustaces-word-rest-and-sleep\/","og_locale":"en_US","og_type":"article","og_title":"Palavra do Padre Eust\u00e1quio: Descansa e dorme","og_description":"Na vida vivemos muitas lutas, sejam elas f\u00edsicas ou espirituais. Passamos por momentos dif\u00edceis, temos a f\u00e9 testada, temos as for\u00e7as esva\u00eddas. Buscamos o consolo nas atribui\u00e7\u00f5es, estendemos as m\u00e3os para os irm\u00e3os necessitados e continuamos na nossa caminhada de filhos de Deus.","og_url":"https:\/\/www.padreeustaquio.com.br\/en\/father-eustaces-word-rest-and-sleep\/","og_site_name":"Padre Eust\u00e1quio","article_publisher":"https:\/\/www.facebook.com\/beatopadreeustaquio\/","article_published_time":"2021-11-11T09:13:00+00:00","og_image":[{"width":1280,"height":681,"url":"https:\/\/www.padreeustaquio.com.br\/wp-content\/uploads\/2021\/11\/Padre-eustaquio-em-itauna-palavras-de-um-beato-santo-escritos-e1636581680660.jpeg","type":"image\/jpeg"}],"author":"@sscc","twitter_card":"summary_large_image","twitter_creator":"@beatopeustaquio","twitter_site":"@beatopeustaquio","twitter_misc":{"Written by":"@sscc","Est. reading time":"3 minutes"},"schema":{"@context":"https:\/\/schema.org","@graph":[{"@type":"Article","@id":"https:\/\/www.padreeustaquio.com.br\/palavra-do-padre-eustaquio-descansa-e-dorme\/#article","isPartOf":{"@id":"https:\/\/www.padreeustaquio.com.br\/palavra-do-padre-eustaquio-descansa-e-dorme\/"},"author":{"name":"@sscc","@id":"https:\/\/www.padreeustaquio.com.br\/#\/schema\/person\/a2a51db1d00f1a7af0204a0f1ddb1566"},"headline":"Palavra do Padre Eust\u00e1quio: Descansa e dorme","datePublished":"2021-11-11T09:13:00+00:00","mainEntityOfPage":{"@id":"https:\/\/www.padreeustaquio.com.br\/palavra-do-padre-eustaquio-descansa-e-dorme\/"},"wordCount":546,"commentCount":0,"publisher":{"@id":"https:\/\/www.padreeustaquio.com.br\/#organization"},"image":{"@id":"https:\/\/www.padreeustaquio.com.br\/palavra-do-padre-eustaquio-descansa-e-dorme\/#primaryimage"},"thumbnailUrl":"https:\/\/www.padreeustaquio.com.br\/wp-content\/uploads\/2021\/11\/Padre-eustaquio-em-itauna-palavras-de-um-beato-santo-escritos-e1636581680660.jpeg","articleSection":["Not\u00edcias"],"inLanguage":"en-US","potentialAction":[{"@type":"CommentAction","name":"Comment","target":["https:\/\/www.padreeustaquio.com.br\/palavra-do-padre-eustaquio-descansa-e-dorme\/#respond"]}]},{"@type":"WebPage","@id":"https:\/\/www.padreeustaquio.com.br\/palavra-do-padre-eustaquio-descansa-e-dorme\/","url":"https:\/\/www.padreeustaquio.com.br\/palavra-do-padre-eustaquio-descansa-e-dorme\/","name":"Father Eust\u00e1quio&#039;s words: Rest and sleep.","isPartOf":{"@id":"https:\/\/www.padreeustaquio.com.br\/#website"},"primaryImageOfPage":{"@id":"https:\/\/www.padreeustaquio.com.br\/palavra-do-padre-eustaquio-descansa-e-dorme\/#primaryimage"},"image":{"@id":"https:\/\/www.padreeustaquio.com.br\/palavra-do-padre-eustaquio-descansa-e-dorme\/#primaryimage"},"thumbnailUrl":"https:\/\/www.padreeustaquio.com.br\/wp-content\/uploads\/2021\/11\/Padre-eustaquio-em-itauna-palavras-de-um-beato-santo-escritos-e1636581680660.jpeg","datePublished":"2021-11-11T09:13:00+00:00","description":"In life we experience many struggles, both physical and spiritual. We go through difficult times, our faith is tested, and our strength is drained. We seek solace in our responsibilities, we extend our hands to our brothers and sisters in need, and we continue on our journey as children of God.","breadcrumb":{"@id":"https:\/\/www.padreeustaquio.com.br\/palavra-do-padre-eustaquio-descansa-e-dorme\/#breadcrumb"},"inLanguage":"en-US","potentialAction":[{"@type":"ReadAction","target":["https:\/\/www.padreeustaquio.com.br\/palavra-do-padre-eustaquio-descansa-e-dorme\/"]}]},{"@type":"ImageObject","inLanguage":"en-US","@id":"https:\/\/www.padreeustaquio.com.br\/palavra-do-padre-eustaquio-descansa-e-dorme\/#primaryimage","url":"https:\/\/www.padreeustaquio.com.br\/wp-content\/uploads\/2021\/11\/Padre-eustaquio-em-itauna-palavras-de-um-beato-santo-escritos-e1636581680660.jpeg","contentUrl":"https:\/\/www.padreeustaquio.com.br\/wp-content\/uploads\/2021\/11\/Padre-eustaquio-em-itauna-palavras-de-um-beato-santo-escritos-e1636581680660.jpeg","width":1280,"height":681},{"@type":"BreadcrumbList","@id":"https:\/\/www.padreeustaquio.com.br\/palavra-do-padre-eustaquio-descansa-e-dorme\/#breadcrumb","itemListElement":[{"@type":"ListItem","position":1,"name":"In\u00edcio","item":"https:\/\/www.padreeustaquio.com.br\/"},{"@type":"ListItem","position":2,"name":"Palavra do Padre Eust\u00e1quio: Descansa e dorme"}]},{"@type":"WebSite","@id":"https:\/\/www.padreeustaquio.com.br\/#website","url":"https:\/\/www.padreeustaquio.com.br\/","name":"FATHER EUST\u00c1QUIO","description":"Health and Peace","publisher":{"@id":"https:\/\/www.padreeustaquio.com.br\/#organization"},"potentialAction":[{"@type":"SearchAction","target":{"@type":"EntryPoint","urlTemplate":"https:\/\/www.padreeustaquio.com.br\/?s={search_term_string}"},"query-input":{"@type":"PropertyValueSpecification","valueRequired":true,"valueName":"search_term_string"}}],"inLanguage":"en-US"},{"@type":"Organization","@id":"https:\/\/www.padreeustaquio.com.br\/#organization","name":"FATHER EUST\u00c1QUIO","url":"https:\/\/www.padreeustaquio.com.br\/","logo":{"@type":"ImageObject","inLanguage":"en-US","@id":"https:\/\/www.padreeustaquio.com.br\/#\/schema\/logo\/image\/","url":"https:\/\/www.padreeustaquio.com.br\/wp-content\/uploads\/2019\/08\/marca.png","contentUrl":"https:\/\/www.padreeustaquio.com.br\/wp-content\/uploads\/2019\/08\/marca.png","width":350,"height":400,"caption":"Padre Eust\u00e1quio"},"image":{"@id":"https:\/\/www.padreeustaquio.com.br\/#\/schema\/logo\/image\/"},"sameAs":["https:\/\/www.facebook.com\/beatopadreeustaquio\/","https:\/\/x.com\/beatopeustaquio","https:\/\/www.instagram.com\/beatopadreeustaquio\/","https:\/\/www.youtube.com\/channel\/UCRhw7vfabnajwLxb1ZXMeIw"]},{"@type":"Person","@id":"https:\/\/www.padreeustaquio.com.br\/#\/schema\/person\/a2a51db1d00f1a7af0204a0f1ddb1566","name":"@sscc","image":{"@type":"ImageObject","inLanguage":"en-US","@id":"https:\/\/secure.gravatar.com\/avatar\/68cfafa5f44617fea54071e215026e0ff06be366c3d54a8425f04fdcb86f8c5f?s=96&d=mm&r=g","url":"https:\/\/secure.gravatar.com\/avatar\/68cfafa5f44617fea54071e215026e0ff06be366c3d54a8425f04fdcb86f8c5f?s=96&d=mm&r=g","contentUrl":"https:\/\/secure.gravatar.com\/avatar\/68cfafa5f44617fea54071e215026e0ff06be366c3d54a8425f04fdcb86f8c5f?s=96&d=mm&r=g","caption":"@sscc"},"url":"https:\/\/www.padreeustaquio.com.br\/en\/author\/sscc\/"}]}},"_links":{"self":[{"href":"https:\/\/www.padreeustaquio.com.br\/en\/wp-json\/wp\/v2\/posts\/7521","targetHints":{"allow":["GET"]}}],"collection":[{"href":"https:\/\/www.padreeustaquio.com.br\/en\/wp-json\/wp\/v2\/posts"}],"about":[{"href":"https:\/\/www.padreeustaquio.com.br\/en\/wp-json\/wp\/v2\/types\/post"}],"author":[{"embeddable":true,"href":"https:\/\/www.padreeustaquio.com.br\/en\/wp-json\/wp\/v2\/users\/2"}],"replies":[{"embeddable":true,"href":"https:\/\/www.padreeustaquio.com.br\/en\/wp-json\/wp\/v2\/comments?post=7521"}],"version-history":[{"count":0,"href":"https:\/\/www.padreeustaquio.com.br\/en\/wp-json\/wp\/v2\/posts\/7521\/revisions"}],"wp:featuredmedia":[{"embeddable":true,"href":"https:\/\/www.padreeustaquio.com.br\/en\/wp-json\/wp\/v2\/media\/7522"}],"wp:attachment":[{"href":"https:\/\/www.padreeustaquio.com.br\/en\/wp-json\/wp\/v2\/media?parent=7521"}],"wp:term":[{"taxonomy":"category","embeddable":true,"href":"https:\/\/www.padreeustaquio.com.br\/en\/wp-json\/wp\/v2\/categories?post=7521"},{"taxonomy":"post_tag","embeddable":true,"href":"https:\/\/www.padreeustaquio.com.br\/en\/wp-json\/wp\/v2\/tags?post=7521"}],"curies":[{"name":"wp","href":"https:\/\/api.w.org\/{rel}","templated":true}]}}