{"id":7514,"date":"2021-11-10T05:42:00","date_gmt":"2021-11-10T08:42:00","guid":{"rendered":"https:\/\/www.padreeustaquio.com.br\/?p=7514"},"modified":"2021-11-09T15:24:39","modified_gmt":"2021-11-09T18:24:39","slug":"twenty-four-years-ago-the-miracle-was-being-analyzed-in-its-final-phase-for-beatification","status":"publish","type":"post","link":"https:\/\/www.padreeustaquio.com.br\/en\/twenty-four-years-ago-the-miracle-was-being-analyzed-in-its-final-phase-for-beatification\/","title":{"rendered":"Twenty-four years ago, a miracle was being analyzed in its final stages for Beatification."},"content":{"rendered":"<p>It was on November 12, 1997, that the then Postulator General of the Congregation of the Sacred Hearts, Father Angel Lucas, ss.cc., submitted a request to the Vatican medical group for analysis to assess the extraordinary event that had occurred in the throat of Father Gon\u00e7alo Bel\u00e9m. The priest had asked for healing from cancer and, through the intercession of Father Eust\u00e1quio, had received this grace.<\/p>\n\n\n\n<p>After going through most of the Beatification\/Canonization process, which is the investigation of a person&#039;s life of holiness, the candidate, in our case Father Eust\u00e1quio, needs to have proven the miraculous cure of an illness, in view of his intercession with God.<\/p>\n\n\n\n<p>After being proclaimed Servant of God, Father Eustace had been considered a true hero of the faith, receiving the title of Venerable Father Eustace. Now, it was time to analyze the event that occurred with Father Bethlehem. <\/p>\n\n\n\n<p>Then came the surprising cure of cancer through the intercession of Father Eust\u00e1quio for the benefit of the priest from Belo Horizonte, which was scientifically proven. See the account of Cardinal Dom Serafim Fernandes de Ara\u00fajo, Archbishop of Belo Horizonte\/MG (1986 \u2013 2004):<\/p>\n\n\n\n<p>\u201c<em>One Thursday morning, Father Gon\u00e7alo Bel\u00e9m Rocha asked Dom Jo\u00e3o and me to receive him. He was saying goodbye to us, as he had been diagnosed with throat cancer. We were distraught. Father Bel\u00e9m wept, and we both wept with our friend and son. That&#039;s how we said goodbye. Dom Jo\u00e3o looked at me, I looked at Dom Jo\u00e3o, and an inspiration came to me. I said: &#039;Dom Jo\u00e3o, let&#039;s go up to the Chapel and expressly and fervently ask God that, through the intercession of Father Eust\u00e1quio, He may cure Father Bel\u00e9m.&#039; We spent a few minutes praying. And we placed that priest in the hands of Father Eust\u00e1quio, whose canonization process we had begun a short time before. During the operation on Monday, something unthinkable had happened. The doctors looked at each other, but the X-ray confirmed &#039;there was nothing to be removed&#039; \u2013 someone had arrived first!\u2026 Father Bel\u00e9m lived for another 50 years. &quot;Holy is holy, a whirlwind of God that no one can stop.&quot;\u2018<\/em>.<\/p>\n\n\n\n<p>Once the analysis by the local clergy (headed by the postulator) is completed, the case is then sent to the Vatican, which occurred in January 1998. The analysis there is carried out by a group called the Consulta Romana, with more than 80 doctors, mostly Italian. Between six and seven people, from various specialties, usually participate in each investigation. Their task is not to stamp any miracle on their record; on the contrary, the Church asks them for an explanation for a particular cure. If the doctors are unable to find this reason, then the Church may conclude that there was a divine cure.<\/p>\n\n\n\n<p>The miracle in Father Bel\u00e9m&#039;s throat was investigated by a medical board and brought to the attention of Pope Benedict XVI, who effectively approved it in 2005, thus leading to his beatification.<\/p>\n\n\n\n<p><\/p>","protected":false},"excerpt":{"rendered":"<p>Foi no dia 12 de novembro de 1997, que o ent\u00e3o postulador-geral da Congrega\u00e7\u00e3o dos Sagrados Cora\u00e7\u00f5es, o padre Angel Lucas, ss.cc., dava entrada com o pedido de an\u00e1lise junto ao grupo m\u00e9dico do Vaticano para avaliar o fato extraordin\u00e1rio ocorrido na garganta do Padre Gon\u00e7alo Bel\u00e9m. O sacerdote havia pedido a cura de um c\u00e2ncer e, por intercess\u00e3o de Padre Eust\u00e1quio, conseguiu alcan\u00e7ar a gra\u00e7a. Depois de passar pela maior parte de um processo de Beatifica\u00e7\u00e3o\/Canoniza\u00e7\u00e3o, que \u00e9 a investiga\u00e7\u00e3o da vida de santidade de uma pessoa, o candidato, no nosso caso Padre Eust\u00e1quio precisa ter comprovado a cura [&hellip;]<\/p>\n","protected":false},"author":2,"featured_media":7515,"comment_status":"open","ping_status":"closed","sticky":false,"template":"","format":"standard","meta":{"_acf_changed":false,"footnotes":""},"categories":[611],"tags":[],"class_list":["post-7514","post","type-post","status-publish","format-standard","has-post-thumbnail","hentry","category-noticias"],"acf":[],"yoast_head":"<!-- This site is optimized with the Yoast SEO plugin v27.2 - https:\/\/yoast.com\/product\/yoast-seo-wordpress\/ -->\n<title>H\u00e1 24 anos milagre era analisado em fase final para a Beatifica\u00e7\u00e3o<\/title>\n<meta name=\"description\" content=\"Foi no dia 12 de novembro de 1997, que o ent\u00e3o postulador-geral da Congrega\u00e7\u00e3o dos Sagrados Cora\u00e7\u00f5es, o padre Angel Lucas, ss.cc., dava entrada com o pedido de an\u00e1lise junto ao grupo m\u00e9dico do Vaticano para avaliar o fato extraordin\u00e1rio ocorrido na garganta do Padre Gon\u00e7alo Bel\u00e9m.\" \/>\n<meta name=\"robots\" content=\"index, follow, max-snippet:-1, max-image-preview:large, max-video-preview:-1\" \/>\n<link rel=\"canonical\" href=\"https:\/\/www.padreeustaquio.com.br\/en\/twenty-four-years-ago-the-miracle-was-being-analyzed-in-its-final-phase-for-beatification\/\" \/>\n<meta property=\"og:locale\" content=\"en_US\" \/>\n<meta property=\"og:type\" content=\"article\" \/>\n<meta property=\"og:title\" content=\"H\u00e1 24 anos milagre era analisado em fase final para a Beatifica\u00e7\u00e3o\" \/>\n<meta property=\"og:description\" content=\"Foi no dia 12 de novembro de 1997, que o ent\u00e3o postulador-geral da Congrega\u00e7\u00e3o dos Sagrados Cora\u00e7\u00f5es, o padre Angel Lucas, ss.cc., dava entrada com o pedido de an\u00e1lise junto ao grupo m\u00e9dico do Vaticano para avaliar o fato extraordin\u00e1rio ocorrido na garganta do Padre Gon\u00e7alo Bel\u00e9m.\" \/>\n<meta property=\"og:url\" content=\"https:\/\/www.padreeustaquio.com.br\/en\/twenty-four-years-ago-the-miracle-was-being-analyzed-in-its-final-phase-for-beatification\/\" \/>\n<meta property=\"og:site_name\" content=\"Padre Eust\u00e1quio\" \/>\n<meta property=\"article:publisher\" content=\"https:\/\/www.facebook.com\/beatopadreeustaquio\/\" \/>\n<meta property=\"article:published_time\" content=\"2021-11-10T08:42:00+00:00\" \/>\n<meta property=\"og:image\" content=\"https:\/\/www.padreeustaquio.com.br\/wp-content\/uploads\/2021\/11\/1525-scaled.jpg\" \/>\n\t<meta property=\"og:image:width\" content=\"2560\" \/>\n\t<meta property=\"og:image:height\" content=\"1702\" \/>\n\t<meta property=\"og:image:type\" content=\"image\/jpeg\" \/>\n<meta name=\"author\" content=\"@sscc\" \/>\n<meta name=\"twitter:card\" content=\"summary_large_image\" \/>\n<meta name=\"twitter:creator\" content=\"@beatopeustaquio\" \/>\n<meta name=\"twitter:site\" content=\"@beatopeustaquio\" \/>\n<meta name=\"twitter:label1\" content=\"Written by\" \/>\n\t<meta name=\"twitter:data1\" content=\"@sscc\" \/>\n\t<meta name=\"twitter:label2\" content=\"Est. reading time\" \/>\n\t<meta name=\"twitter:data2\" content=\"3 minutes\" \/>\n<script type=\"application\/ld+json\" class=\"yoast-schema-graph\">{\"@context\":\"https:\/\/schema.org\",\"@graph\":[{\"@type\":\"Article\",\"@id\":\"https:\/\/www.padreeustaquio.com.br\/ha-24-anos-milagre-era-analisado-em-fase-final-para-a-beatificacao\/#article\",\"isPartOf\":{\"@id\":\"https:\/\/www.padreeustaquio.com.br\/ha-24-anos-milagre-era-analisado-em-fase-final-para-a-beatificacao\/\"},\"author\":{\"name\":\"@sscc\",\"@id\":\"https:\/\/www.padreeustaquio.com.br\/#\/schema\/person\/a2a51db1d00f1a7af0204a0f1ddb1566\"},\"headline\":\"H\u00e1 24 anos milagre era analisado em fase final para a Beatifica\u00e7\u00e3o\",\"datePublished\":\"2021-11-10T08:42:00+00:00\",\"mainEntityOfPage\":{\"@id\":\"https:\/\/www.padreeustaquio.com.br\/ha-24-anos-milagre-era-analisado-em-fase-final-para-a-beatificacao\/\"},\"wordCount\":541,\"commentCount\":0,\"publisher\":{\"@id\":\"https:\/\/www.padreeustaquio.com.br\/#organization\"},\"image\":{\"@id\":\"https:\/\/www.padreeustaquio.com.br\/ha-24-anos-milagre-era-analisado-em-fase-final-para-a-beatificacao\/#primaryimage\"},\"thumbnailUrl\":\"https:\/\/www.padreeustaquio.com.br\/wp-content\/uploads\/2021\/11\/1525-scaled.jpg\",\"articleSection\":[\"Not\u00edcias\"],\"inLanguage\":\"en-US\",\"potentialAction\":[{\"@type\":\"CommentAction\",\"name\":\"Comment\",\"target\":[\"https:\/\/www.padreeustaquio.com.br\/ha-24-anos-milagre-era-analisado-em-fase-final-para-a-beatificacao\/#respond\"]}]},{\"@type\":\"WebPage\",\"@id\":\"https:\/\/www.padreeustaquio.com.br\/ha-24-anos-milagre-era-analisado-em-fase-final-para-a-beatificacao\/\",\"url\":\"https:\/\/www.padreeustaquio.com.br\/ha-24-anos-milagre-era-analisado-em-fase-final-para-a-beatificacao\/\",\"name\":\"H\u00e1 24 anos milagre era analisado em fase final para a Beatifica\u00e7\u00e3o\",\"isPartOf\":{\"@id\":\"https:\/\/www.padreeustaquio.com.br\/#website\"},\"primaryImageOfPage\":{\"@id\":\"https:\/\/www.padreeustaquio.com.br\/ha-24-anos-milagre-era-analisado-em-fase-final-para-a-beatificacao\/#primaryimage\"},\"image\":{\"@id\":\"https:\/\/www.padreeustaquio.com.br\/ha-24-anos-milagre-era-analisado-em-fase-final-para-a-beatificacao\/#primaryimage\"},\"thumbnailUrl\":\"https:\/\/www.padreeustaquio.com.br\/wp-content\/uploads\/2021\/11\/1525-scaled.jpg\",\"datePublished\":\"2021-11-10T08:42:00+00:00\",\"description\":\"Foi no dia 12 de novembro de 1997, que o ent\u00e3o postulador-geral da Congrega\u00e7\u00e3o dos Sagrados Cora\u00e7\u00f5es, o padre Angel Lucas, ss.cc., dava entrada com o pedido de an\u00e1lise junto ao grupo m\u00e9dico do Vaticano para avaliar o fato extraordin\u00e1rio ocorrido na garganta do Padre Gon\u00e7alo Bel\u00e9m.\",\"breadcrumb\":{\"@id\":\"https:\/\/www.padreeustaquio.com.br\/ha-24-anos-milagre-era-analisado-em-fase-final-para-a-beatificacao\/#breadcrumb\"},\"inLanguage\":\"en-US\",\"potentialAction\":[{\"@type\":\"ReadAction\",\"target\":[\"https:\/\/www.padreeustaquio.com.br\/ha-24-anos-milagre-era-analisado-em-fase-final-para-a-beatificacao\/\"]}]},{\"@type\":\"ImageObject\",\"inLanguage\":\"en-US\",\"@id\":\"https:\/\/www.padreeustaquio.com.br\/ha-24-anos-milagre-era-analisado-em-fase-final-para-a-beatificacao\/#primaryimage\",\"url\":\"https:\/\/www.padreeustaquio.com.br\/wp-content\/uploads\/2021\/11\/1525-scaled.jpg\",\"contentUrl\":\"https:\/\/www.padreeustaquio.com.br\/wp-content\/uploads\/2021\/11\/1525-scaled.jpg\",\"width\":2560,\"height\":1702,\"caption\":\"O miraculado Padre Gon\u00e7alo Bel\u00e9m (de \u00f3culos) sendo cumprimentado por D. Luciano Mendes de Almeida, no dia da Beatifica\u00e7\u00e3o\"},{\"@type\":\"BreadcrumbList\",\"@id\":\"https:\/\/www.padreeustaquio.com.br\/ha-24-anos-milagre-era-analisado-em-fase-final-para-a-beatificacao\/#breadcrumb\",\"itemListElement\":[{\"@type\":\"ListItem\",\"position\":1,\"name\":\"In\u00edcio\",\"item\":\"https:\/\/www.padreeustaquio.com.br\/\"},{\"@type\":\"ListItem\",\"position\":2,\"name\":\"H\u00e1 24 anos milagre era analisado em fase final para a Beatifica\u00e7\u00e3o\"}]},{\"@type\":\"WebSite\",\"@id\":\"https:\/\/www.padreeustaquio.com.br\/#website\",\"url\":\"https:\/\/www.padreeustaquio.com.br\/\",\"name\":\"Padre Eust\u00e1quio\",\"description\":\"Sa\u00fade e Paz\",\"publisher\":{\"@id\":\"https:\/\/www.padreeustaquio.com.br\/#organization\"},\"potentialAction\":[{\"@type\":\"SearchAction\",\"target\":{\"@type\":\"EntryPoint\",\"urlTemplate\":\"https:\/\/www.padreeustaquio.com.br\/?s={search_term_string}\"},\"query-input\":{\"@type\":\"PropertyValueSpecification\",\"valueRequired\":true,\"valueName\":\"search_term_string\"}}],\"inLanguage\":\"en-US\"},{\"@type\":\"Organization\",\"@id\":\"https:\/\/www.padreeustaquio.com.br\/#organization\",\"name\":\"Padre Eust\u00e1quio\",\"url\":\"https:\/\/www.padreeustaquio.com.br\/\",\"logo\":{\"@type\":\"ImageObject\",\"inLanguage\":\"en-US\",\"@id\":\"https:\/\/www.padreeustaquio.com.br\/#\/schema\/logo\/image\/\",\"url\":\"https:\/\/www.padreeustaquio.com.br\/wp-content\/uploads\/2019\/08\/marca.png\",\"contentUrl\":\"https:\/\/www.padreeustaquio.com.br\/wp-content\/uploads\/2019\/08\/marca.png\",\"width\":350,\"height\":400,\"caption\":\"Padre Eust\u00e1quio\"},\"image\":{\"@id\":\"https:\/\/www.padreeustaquio.com.br\/#\/schema\/logo\/image\/\"},\"sameAs\":[\"https:\/\/www.facebook.com\/beatopadreeustaquio\/\",\"https:\/\/x.com\/beatopeustaquio\",\"https:\/\/www.instagram.com\/beatopadreeustaquio\/\",\"https:\/\/www.youtube.com\/channel\/UCRhw7vfabnajwLxb1ZXMeIw\"]},{\"@type\":\"Person\",\"@id\":\"https:\/\/www.padreeustaquio.com.br\/#\/schema\/person\/a2a51db1d00f1a7af0204a0f1ddb1566\",\"name\":\"@sscc\",\"image\":{\"@type\":\"ImageObject\",\"inLanguage\":\"en-US\",\"@id\":\"https:\/\/secure.gravatar.com\/avatar\/68cfafa5f44617fea54071e215026e0ff06be366c3d54a8425f04fdcb86f8c5f?s=96&d=mm&r=g\",\"url\":\"https:\/\/secure.gravatar.com\/avatar\/68cfafa5f44617fea54071e215026e0ff06be366c3d54a8425f04fdcb86f8c5f?s=96&d=mm&r=g\",\"contentUrl\":\"https:\/\/secure.gravatar.com\/avatar\/68cfafa5f44617fea54071e215026e0ff06be366c3d54a8425f04fdcb86f8c5f?s=96&d=mm&r=g\",\"caption\":\"@sscc\"},\"url\":\"https:\/\/www.padreeustaquio.com.br\/en\/author\/sscc\/\"}]}<\/script>\n<!-- \/ Yoast SEO plugin. -->","yoast_head_json":{"title":"Twenty-four years ago, a miracle was being analyzed in its final stages for Beatification.","description":"It was on November 12, 1997, that the then Postulator General of the Congregation of the Sacred Hearts, Father Angel Lucas, ss.cc., submitted a request to the Vatican medical group for analysis to assess the extraordinary event that occurred in the throat of Father Gon\u00e7alo Bel\u00e9m.","robots":{"index":"index","follow":"follow","max-snippet":"max-snippet:-1","max-image-preview":"max-image-preview:large","max-video-preview":"max-video-preview:-1"},"canonical":"https:\/\/www.padreeustaquio.com.br\/en\/twenty-four-years-ago-the-miracle-was-being-analyzed-in-its-final-phase-for-beatification\/","og_locale":"en_US","og_type":"article","og_title":"H\u00e1 24 anos milagre era analisado em fase final para a Beatifica\u00e7\u00e3o","og_description":"Foi no dia 12 de novembro de 1997, que o ent\u00e3o postulador-geral da Congrega\u00e7\u00e3o dos Sagrados Cora\u00e7\u00f5es, o padre Angel Lucas, ss.cc., dava entrada com o pedido de an\u00e1lise junto ao grupo m\u00e9dico do Vaticano para avaliar o fato extraordin\u00e1rio ocorrido na garganta do Padre Gon\u00e7alo Bel\u00e9m.","og_url":"https:\/\/www.padreeustaquio.com.br\/en\/twenty-four-years-ago-the-miracle-was-being-analyzed-in-its-final-phase-for-beatification\/","og_site_name":"Padre Eust\u00e1quio","article_publisher":"https:\/\/www.facebook.com\/beatopadreeustaquio\/","article_published_time":"2021-11-10T08:42:00+00:00","og_image":[{"width":2560,"height":1702,"url":"https:\/\/www.padreeustaquio.com.br\/wp-content\/uploads\/2021\/11\/1525-scaled.jpg","type":"image\/jpeg"}],"author":"@sscc","twitter_card":"summary_large_image","twitter_creator":"@beatopeustaquio","twitter_site":"@beatopeustaquio","twitter_misc":{"Written by":"@sscc","Est. reading time":"3 minutes"},"schema":{"@context":"https:\/\/schema.org","@graph":[{"@type":"Article","@id":"https:\/\/www.padreeustaquio.com.br\/ha-24-anos-milagre-era-analisado-em-fase-final-para-a-beatificacao\/#article","isPartOf":{"@id":"https:\/\/www.padreeustaquio.com.br\/ha-24-anos-milagre-era-analisado-em-fase-final-para-a-beatificacao\/"},"author":{"name":"@sscc","@id":"https:\/\/www.padreeustaquio.com.br\/#\/schema\/person\/a2a51db1d00f1a7af0204a0f1ddb1566"},"headline":"H\u00e1 24 anos milagre era analisado em fase final para a Beatifica\u00e7\u00e3o","datePublished":"2021-11-10T08:42:00+00:00","mainEntityOfPage":{"@id":"https:\/\/www.padreeustaquio.com.br\/ha-24-anos-milagre-era-analisado-em-fase-final-para-a-beatificacao\/"},"wordCount":541,"commentCount":0,"publisher":{"@id":"https:\/\/www.padreeustaquio.com.br\/#organization"},"image":{"@id":"https:\/\/www.padreeustaquio.com.br\/ha-24-anos-milagre-era-analisado-em-fase-final-para-a-beatificacao\/#primaryimage"},"thumbnailUrl":"https:\/\/www.padreeustaquio.com.br\/wp-content\/uploads\/2021\/11\/1525-scaled.jpg","articleSection":["Not\u00edcias"],"inLanguage":"en-US","potentialAction":[{"@type":"CommentAction","name":"Comment","target":["https:\/\/www.padreeustaquio.com.br\/ha-24-anos-milagre-era-analisado-em-fase-final-para-a-beatificacao\/#respond"]}]},{"@type":"WebPage","@id":"https:\/\/www.padreeustaquio.com.br\/ha-24-anos-milagre-era-analisado-em-fase-final-para-a-beatificacao\/","url":"https:\/\/www.padreeustaquio.com.br\/ha-24-anos-milagre-era-analisado-em-fase-final-para-a-beatificacao\/","name":"Twenty-four years ago, a miracle was being analyzed in its final stages for Beatification.","isPartOf":{"@id":"https:\/\/www.padreeustaquio.com.br\/#website"},"primaryImageOfPage":{"@id":"https:\/\/www.padreeustaquio.com.br\/ha-24-anos-milagre-era-analisado-em-fase-final-para-a-beatificacao\/#primaryimage"},"image":{"@id":"https:\/\/www.padreeustaquio.com.br\/ha-24-anos-milagre-era-analisado-em-fase-final-para-a-beatificacao\/#primaryimage"},"thumbnailUrl":"https:\/\/www.padreeustaquio.com.br\/wp-content\/uploads\/2021\/11\/1525-scaled.jpg","datePublished":"2021-11-10T08:42:00+00:00","description":"It was on November 12, 1997, that the then Postulator General of the Congregation of the Sacred Hearts, Father Angel Lucas, ss.cc., submitted a request to the Vatican medical group for analysis to assess the extraordinary event that occurred in the throat of Father Gon\u00e7alo Bel\u00e9m.","breadcrumb":{"@id":"https:\/\/www.padreeustaquio.com.br\/ha-24-anos-milagre-era-analisado-em-fase-final-para-a-beatificacao\/#breadcrumb"},"inLanguage":"en-US","potentialAction":[{"@type":"ReadAction","target":["https:\/\/www.padreeustaquio.com.br\/ha-24-anos-milagre-era-analisado-em-fase-final-para-a-beatificacao\/"]}]},{"@type":"ImageObject","inLanguage":"en-US","@id":"https:\/\/www.padreeustaquio.com.br\/ha-24-anos-milagre-era-analisado-em-fase-final-para-a-beatificacao\/#primaryimage","url":"https:\/\/www.padreeustaquio.com.br\/wp-content\/uploads\/2021\/11\/1525-scaled.jpg","contentUrl":"https:\/\/www.padreeustaquio.com.br\/wp-content\/uploads\/2021\/11\/1525-scaled.jpg","width":2560,"height":1702,"caption":"O miraculado Padre Gon\u00e7alo Bel\u00e9m (de \u00f3culos) sendo cumprimentado por D. Luciano Mendes de Almeida, no dia da Beatifica\u00e7\u00e3o"},{"@type":"BreadcrumbList","@id":"https:\/\/www.padreeustaquio.com.br\/ha-24-anos-milagre-era-analisado-em-fase-final-para-a-beatificacao\/#breadcrumb","itemListElement":[{"@type":"ListItem","position":1,"name":"In\u00edcio","item":"https:\/\/www.padreeustaquio.com.br\/"},{"@type":"ListItem","position":2,"name":"H\u00e1 24 anos milagre era analisado em fase final para a Beatifica\u00e7\u00e3o"}]},{"@type":"WebSite","@id":"https:\/\/www.padreeustaquio.com.br\/#website","url":"https:\/\/www.padreeustaquio.com.br\/","name":"FATHER EUST\u00c1QUIO","description":"Health and Peace","publisher":{"@id":"https:\/\/www.padreeustaquio.com.br\/#organization"},"potentialAction":[{"@type":"SearchAction","target":{"@type":"EntryPoint","urlTemplate":"https:\/\/www.padreeustaquio.com.br\/?s={search_term_string}"},"query-input":{"@type":"PropertyValueSpecification","valueRequired":true,"valueName":"search_term_string"}}],"inLanguage":"en-US"},{"@type":"Organization","@id":"https:\/\/www.padreeustaquio.com.br\/#organization","name":"FATHER EUST\u00c1QUIO","url":"https:\/\/www.padreeustaquio.com.br\/","logo":{"@type":"ImageObject","inLanguage":"en-US","@id":"https:\/\/www.padreeustaquio.com.br\/#\/schema\/logo\/image\/","url":"https:\/\/www.padreeustaquio.com.br\/wp-content\/uploads\/2019\/08\/marca.png","contentUrl":"https:\/\/www.padreeustaquio.com.br\/wp-content\/uploads\/2019\/08\/marca.png","width":350,"height":400,"caption":"Padre Eust\u00e1quio"},"image":{"@id":"https:\/\/www.padreeustaquio.com.br\/#\/schema\/logo\/image\/"},"sameAs":["https:\/\/www.facebook.com\/beatopadreeustaquio\/","https:\/\/x.com\/beatopeustaquio","https:\/\/www.instagram.com\/beatopadreeustaquio\/","https:\/\/www.youtube.com\/channel\/UCRhw7vfabnajwLxb1ZXMeIw"]},{"@type":"Person","@id":"https:\/\/www.padreeustaquio.com.br\/#\/schema\/person\/a2a51db1d00f1a7af0204a0f1ddb1566","name":"@sscc","image":{"@type":"ImageObject","inLanguage":"en-US","@id":"https:\/\/secure.gravatar.com\/avatar\/68cfafa5f44617fea54071e215026e0ff06be366c3d54a8425f04fdcb86f8c5f?s=96&d=mm&r=g","url":"https:\/\/secure.gravatar.com\/avatar\/68cfafa5f44617fea54071e215026e0ff06be366c3d54a8425f04fdcb86f8c5f?s=96&d=mm&r=g","contentUrl":"https:\/\/secure.gravatar.com\/avatar\/68cfafa5f44617fea54071e215026e0ff06be366c3d54a8425f04fdcb86f8c5f?s=96&d=mm&r=g","caption":"@sscc"},"url":"https:\/\/www.padreeustaquio.com.br\/en\/author\/sscc\/"}]}},"_links":{"self":[{"href":"https:\/\/www.padreeustaquio.com.br\/en\/wp-json\/wp\/v2\/posts\/7514","targetHints":{"allow":["GET"]}}],"collection":[{"href":"https:\/\/www.padreeustaquio.com.br\/en\/wp-json\/wp\/v2\/posts"}],"about":[{"href":"https:\/\/www.padreeustaquio.com.br\/en\/wp-json\/wp\/v2\/types\/post"}],"author":[{"embeddable":true,"href":"https:\/\/www.padreeustaquio.com.br\/en\/wp-json\/wp\/v2\/users\/2"}],"replies":[{"embeddable":true,"href":"https:\/\/www.padreeustaquio.com.br\/en\/wp-json\/wp\/v2\/comments?post=7514"}],"version-history":[{"count":0,"href":"https:\/\/www.padreeustaquio.com.br\/en\/wp-json\/wp\/v2\/posts\/7514\/revisions"}],"wp:featuredmedia":[{"embeddable":true,"href":"https:\/\/www.padreeustaquio.com.br\/en\/wp-json\/wp\/v2\/media\/7515"}],"wp:attachment":[{"href":"https:\/\/www.padreeustaquio.com.br\/en\/wp-json\/wp\/v2\/media?parent=7514"}],"wp:term":[{"taxonomy":"category","embeddable":true,"href":"https:\/\/www.padreeustaquio.com.br\/en\/wp-json\/wp\/v2\/categories?post=7514"},{"taxonomy":"post_tag","embeddable":true,"href":"https:\/\/www.padreeustaquio.com.br\/en\/wp-json\/wp\/v2\/tags?post=7514"}],"curies":[{"name":"wp","href":"https:\/\/api.w.org\/{rel}","templated":true}]}}