{"id":7465,"date":"2021-11-05T05:53:00","date_gmt":"2021-11-05T08:53:00","guid":{"rendered":"https:\/\/www.padreeustaquio.com.br\/?p=7465"},"modified":"2021-11-04T20:03:59","modified_gmt":"2021-11-04T23:03:59","slug":"the-new-board-of-directors-for-the-ladies-of-charity-has-been-elected","status":"publish","type":"post","link":"https:\/\/www.padreeustaquio.com.br\/en\/the-new-board-of-directors-for-the-ladies-of-charity-has-been-elected\/","title":{"rendered":"New board of directors for the Ladies of Charity is elected."},"content":{"rendered":"<p>The new board of directors for the &quot;Ladies of Charity&quot; was elected this week. The election took place at an Extraordinary General Assembly, presided over by Father Marcus Vinicius Maciel, ss.cc., Rector of the Sanctuary of Health and Peace.<\/p>\n\n\n\n<p>The new president of the association is Mariza Campos Coutinho Vic\u00f3pilos. She had been coordinating the work on a voluntary basis since the beginning of last year. The vice-president of the Ladies of Charity will now be Neuza Moreira Alves Pereira.<\/p>\n\n\n\n<p>During the meeting, the Ladies&#039; Fiscal Council was also formed, composed of Father Vin\u00edcius Maciel, Cl\u00e1udia Santino Mafra Mattos, and Maura Santos Carvalho.<\/p>\n\n\n\n<p>The &quot;Ladies of Charity&quot; Association was created in 1951 by Father Ven\u00e2ncio Hulselmans, ss.cc., with the aim of uniting Catholic ladies, on a voluntary basis, to provide moral, spiritual and material support to the poor and sick.<\/p>\n\n\n\n<p>During the Coronavirus pandemic, several members were unable to participate in volunteer work due to social isolation. The assistance work carried out by the Ladies only continued thanks to the collaboration of young postulants, religious men and women, and sisters of the Congregation of the Sacred Hearts.<\/p>\n\n\n\n<p><\/p>","protected":false},"excerpt":{"rendered":"<p>Foi eleita, esta semana, a nova diretoria das &#8220;Damas da Caridade&#8221;. A elei\u00e7\u00e3o foi feita em uma Assembleia Geral Extraordin\u00e1ria, presidida pelo Padre Marcus Vinicius Maciel, ss.cc., Reitor do Santu\u00e1rio da Sa\u00fade e da Paz. A nova presidente da associa\u00e7\u00e3o \u00e9 Mariza Campos Coutinho Vic\u00f3pilos. Ela estava na coordena\u00e7\u00e3o dos trabalhos desde o in\u00edcio do ano passado de forma volunt\u00e1ria. A vice-presidente das Damas da Caridade passa a ser Neuza Moreira Alves Pereira. Durante a reuni\u00e3o, foi formado ainda o Conselho Fiscal das Damas, integrado pelo Padre Vin\u00edcius Maciel, pela Cl\u00e1udia Santino Mafra Mattos e por Maura Santos Carvalho. A [&hellip;]<\/p>\n","protected":false},"author":2,"featured_media":7469,"comment_status":"open","ping_status":"closed","sticky":false,"template":"","format":"standard","meta":{"_acf_changed":false,"footnotes":""},"categories":[611],"tags":[],"class_list":["post-7465","post","type-post","status-publish","format-standard","has-post-thumbnail","hentry","category-noticias"],"acf":[],"yoast_head":"<!-- This site is optimized with the Yoast SEO plugin v27.2 - https:\/\/yoast.com\/product\/yoast-seo-wordpress\/ -->\n<title>Nova diretoria das Damas da Caridade \u00e9 eleita<\/title>\n<meta name=\"description\" content=\"Foi eleita, esta semana, a nova diretoria das &quot;Damas da Caridade&quot;. A elei\u00e7\u00e3o foi feita em uma Assembleia Geral Extraordin\u00e1ria, presidida pelo Padre Marcus Vinicius Maciel, ss.cc., Reitor do Santu\u00e1rio da Sa\u00fade e da Paz.\" \/>\n<meta name=\"robots\" content=\"index, follow, max-snippet:-1, max-image-preview:large, max-video-preview:-1\" \/>\n<link rel=\"canonical\" href=\"https:\/\/www.padreeustaquio.com.br\/en\/the-new-board-of-directors-for-the-ladies-of-charity-has-been-elected\/\" \/>\n<meta property=\"og:locale\" content=\"en_US\" \/>\n<meta property=\"og:type\" content=\"article\" \/>\n<meta property=\"og:title\" content=\"Nova diretoria das Damas da Caridade \u00e9 eleita\" \/>\n<meta property=\"og:description\" content=\"Foi eleita, esta semana, a nova diretoria das &quot;Damas da Caridade&quot;. A elei\u00e7\u00e3o foi feita em uma Assembleia Geral Extraordin\u00e1ria, presidida pelo Padre Marcus Vinicius Maciel, ss.cc., Reitor do Santu\u00e1rio da Sa\u00fade e da Paz.\" \/>\n<meta property=\"og:url\" content=\"https:\/\/www.padreeustaquio.com.br\/en\/the-new-board-of-directors-for-the-ladies-of-charity-has-been-elected\/\" \/>\n<meta property=\"og:site_name\" content=\"Padre Eust\u00e1quio\" \/>\n<meta property=\"article:publisher\" content=\"https:\/\/www.facebook.com\/beatopadreeustaquio\/\" \/>\n<meta property=\"article:published_time\" content=\"2021-11-05T08:53:00+00:00\" \/>\n<meta property=\"og:image\" content=\"https:\/\/www.padreeustaquio.com.br\/wp-content\/uploads\/2021\/11\/diretoria-damas.jpeg\" \/>\n\t<meta property=\"og:image:width\" content=\"1600\" \/>\n\t<meta property=\"og:image:height\" content=\"720\" \/>\n\t<meta property=\"og:image:type\" content=\"image\/jpeg\" \/>\n<meta name=\"author\" content=\"@sscc\" \/>\n<meta name=\"twitter:card\" content=\"summary_large_image\" \/>\n<meta name=\"twitter:creator\" content=\"@beatopeustaquio\" \/>\n<meta name=\"twitter:site\" content=\"@beatopeustaquio\" \/>\n<meta name=\"twitter:label1\" content=\"Written by\" \/>\n\t<meta name=\"twitter:data1\" content=\"@sscc\" \/>\n\t<meta name=\"twitter:label2\" content=\"Est. reading time\" \/>\n\t<meta name=\"twitter:data2\" content=\"1 minute\" \/>\n<script type=\"application\/ld+json\" class=\"yoast-schema-graph\">{\"@context\":\"https:\/\/schema.org\",\"@graph\":[{\"@type\":\"Article\",\"@id\":\"https:\/\/www.padreeustaquio.com.br\/nova-diretoria-das-damas-da-caridade-e-eleita\/#article\",\"isPartOf\":{\"@id\":\"https:\/\/www.padreeustaquio.com.br\/nova-diretoria-das-damas-da-caridade-e-eleita\/\"},\"author\":{\"name\":\"@sscc\",\"@id\":\"https:\/\/www.padreeustaquio.com.br\/#\/schema\/person\/a2a51db1d00f1a7af0204a0f1ddb1566\"},\"headline\":\"Nova diretoria das Damas da Caridade \u00e9 eleita\",\"datePublished\":\"2021-11-05T08:53:00+00:00\",\"mainEntityOfPage\":{\"@id\":\"https:\/\/www.padreeustaquio.com.br\/nova-diretoria-das-damas-da-caridade-e-eleita\/\"},\"wordCount\":209,\"commentCount\":0,\"publisher\":{\"@id\":\"https:\/\/www.padreeustaquio.com.br\/#organization\"},\"image\":{\"@id\":\"https:\/\/www.padreeustaquio.com.br\/nova-diretoria-das-damas-da-caridade-e-eleita\/#primaryimage\"},\"thumbnailUrl\":\"https:\/\/www.padreeustaquio.com.br\/wp-content\/uploads\/2021\/11\/diretoria-damas.jpeg\",\"articleSection\":[\"Not\u00edcias\"],\"inLanguage\":\"en-US\",\"potentialAction\":[{\"@type\":\"CommentAction\",\"name\":\"Comment\",\"target\":[\"https:\/\/www.padreeustaquio.com.br\/nova-diretoria-das-damas-da-caridade-e-eleita\/#respond\"]}]},{\"@type\":\"WebPage\",\"@id\":\"https:\/\/www.padreeustaquio.com.br\/nova-diretoria-das-damas-da-caridade-e-eleita\/\",\"url\":\"https:\/\/www.padreeustaquio.com.br\/nova-diretoria-das-damas-da-caridade-e-eleita\/\",\"name\":\"Nova diretoria das Damas da Caridade \u00e9 eleita\",\"isPartOf\":{\"@id\":\"https:\/\/www.padreeustaquio.com.br\/#website\"},\"primaryImageOfPage\":{\"@id\":\"https:\/\/www.padreeustaquio.com.br\/nova-diretoria-das-damas-da-caridade-e-eleita\/#primaryimage\"},\"image\":{\"@id\":\"https:\/\/www.padreeustaquio.com.br\/nova-diretoria-das-damas-da-caridade-e-eleita\/#primaryimage\"},\"thumbnailUrl\":\"https:\/\/www.padreeustaquio.com.br\/wp-content\/uploads\/2021\/11\/diretoria-damas.jpeg\",\"datePublished\":\"2021-11-05T08:53:00+00:00\",\"description\":\"Foi eleita, esta semana, a nova diretoria das \\\"Damas da Caridade\\\". A elei\u00e7\u00e3o foi feita em uma Assembleia Geral Extraordin\u00e1ria, presidida pelo Padre Marcus Vinicius Maciel, ss.cc., Reitor do Santu\u00e1rio da Sa\u00fade e da Paz.\",\"breadcrumb\":{\"@id\":\"https:\/\/www.padreeustaquio.com.br\/nova-diretoria-das-damas-da-caridade-e-eleita\/#breadcrumb\"},\"inLanguage\":\"en-US\",\"potentialAction\":[{\"@type\":\"ReadAction\",\"target\":[\"https:\/\/www.padreeustaquio.com.br\/nova-diretoria-das-damas-da-caridade-e-eleita\/\"]}]},{\"@type\":\"ImageObject\",\"inLanguage\":\"en-US\",\"@id\":\"https:\/\/www.padreeustaquio.com.br\/nova-diretoria-das-damas-da-caridade-e-eleita\/#primaryimage\",\"url\":\"https:\/\/www.padreeustaquio.com.br\/wp-content\/uploads\/2021\/11\/diretoria-damas.jpeg\",\"contentUrl\":\"https:\/\/www.padreeustaquio.com.br\/wp-content\/uploads\/2021\/11\/diretoria-damas.jpeg\",\"width\":1600,\"height\":720},{\"@type\":\"BreadcrumbList\",\"@id\":\"https:\/\/www.padreeustaquio.com.br\/nova-diretoria-das-damas-da-caridade-e-eleita\/#breadcrumb\",\"itemListElement\":[{\"@type\":\"ListItem\",\"position\":1,\"name\":\"In\u00edcio\",\"item\":\"https:\/\/www.padreeustaquio.com.br\/\"},{\"@type\":\"ListItem\",\"position\":2,\"name\":\"Nova diretoria das Damas da Caridade \u00e9 eleita\"}]},{\"@type\":\"WebSite\",\"@id\":\"https:\/\/www.padreeustaquio.com.br\/#website\",\"url\":\"https:\/\/www.padreeustaquio.com.br\/\",\"name\":\"Padre Eust\u00e1quio\",\"description\":\"Sa\u00fade e Paz\",\"publisher\":{\"@id\":\"https:\/\/www.padreeustaquio.com.br\/#organization\"},\"potentialAction\":[{\"@type\":\"SearchAction\",\"target\":{\"@type\":\"EntryPoint\",\"urlTemplate\":\"https:\/\/www.padreeustaquio.com.br\/?s={search_term_string}\"},\"query-input\":{\"@type\":\"PropertyValueSpecification\",\"valueRequired\":true,\"valueName\":\"search_term_string\"}}],\"inLanguage\":\"en-US\"},{\"@type\":\"Organization\",\"@id\":\"https:\/\/www.padreeustaquio.com.br\/#organization\",\"name\":\"Padre Eust\u00e1quio\",\"url\":\"https:\/\/www.padreeustaquio.com.br\/\",\"logo\":{\"@type\":\"ImageObject\",\"inLanguage\":\"en-US\",\"@id\":\"https:\/\/www.padreeustaquio.com.br\/#\/schema\/logo\/image\/\",\"url\":\"https:\/\/www.padreeustaquio.com.br\/wp-content\/uploads\/2019\/08\/marca.png\",\"contentUrl\":\"https:\/\/www.padreeustaquio.com.br\/wp-content\/uploads\/2019\/08\/marca.png\",\"width\":350,\"height\":400,\"caption\":\"Padre Eust\u00e1quio\"},\"image\":{\"@id\":\"https:\/\/www.padreeustaquio.com.br\/#\/schema\/logo\/image\/\"},\"sameAs\":[\"https:\/\/www.facebook.com\/beatopadreeustaquio\/\",\"https:\/\/x.com\/beatopeustaquio\",\"https:\/\/www.instagram.com\/beatopadreeustaquio\/\",\"https:\/\/www.youtube.com\/channel\/UCRhw7vfabnajwLxb1ZXMeIw\"]},{\"@type\":\"Person\",\"@id\":\"https:\/\/www.padreeustaquio.com.br\/#\/schema\/person\/a2a51db1d00f1a7af0204a0f1ddb1566\",\"name\":\"@sscc\",\"image\":{\"@type\":\"ImageObject\",\"inLanguage\":\"en-US\",\"@id\":\"https:\/\/secure.gravatar.com\/avatar\/68cfafa5f44617fea54071e215026e0ff06be366c3d54a8425f04fdcb86f8c5f?s=96&d=mm&r=g\",\"url\":\"https:\/\/secure.gravatar.com\/avatar\/68cfafa5f44617fea54071e215026e0ff06be366c3d54a8425f04fdcb86f8c5f?s=96&d=mm&r=g\",\"contentUrl\":\"https:\/\/secure.gravatar.com\/avatar\/68cfafa5f44617fea54071e215026e0ff06be366c3d54a8425f04fdcb86f8c5f?s=96&d=mm&r=g\",\"caption\":\"@sscc\"},\"url\":\"https:\/\/www.padreeustaquio.com.br\/en\/author\/sscc\/\"}]}<\/script>\n<!-- \/ Yoast SEO plugin. -->","yoast_head_json":{"title":"New board of directors for the Ladies of Charity is elected.","description":"The new board of directors for the &quot;Ladies of Charity&quot; was elected this week. The election took place at an Extraordinary General Assembly, presided over by Father Marcus Vinicius Maciel, ss.cc., Rector of the Sanctuary of Health and Peace.","robots":{"index":"index","follow":"follow","max-snippet":"max-snippet:-1","max-image-preview":"max-image-preview:large","max-video-preview":"max-video-preview:-1"},"canonical":"https:\/\/www.padreeustaquio.com.br\/en\/the-new-board-of-directors-for-the-ladies-of-charity-has-been-elected\/","og_locale":"en_US","og_type":"article","og_title":"Nova diretoria das Damas da Caridade \u00e9 eleita","og_description":"Foi eleita, esta semana, a nova diretoria das \"Damas da Caridade\". A elei\u00e7\u00e3o foi feita em uma Assembleia Geral Extraordin\u00e1ria, presidida pelo Padre Marcus Vinicius Maciel, ss.cc., Reitor do Santu\u00e1rio da Sa\u00fade e da Paz.","og_url":"https:\/\/www.padreeustaquio.com.br\/en\/the-new-board-of-directors-for-the-ladies-of-charity-has-been-elected\/","og_site_name":"Padre Eust\u00e1quio","article_publisher":"https:\/\/www.facebook.com\/beatopadreeustaquio\/","article_published_time":"2021-11-05T08:53:00+00:00","og_image":[{"width":1600,"height":720,"url":"https:\/\/www.padreeustaquio.com.br\/wp-content\/uploads\/2021\/11\/diretoria-damas.jpeg","type":"image\/jpeg"}],"author":"@sscc","twitter_card":"summary_large_image","twitter_creator":"@beatopeustaquio","twitter_site":"@beatopeustaquio","twitter_misc":{"Written by":"@sscc","Est. reading time":"1 minute"},"schema":{"@context":"https:\/\/schema.org","@graph":[{"@type":"Article","@id":"https:\/\/www.padreeustaquio.com.br\/nova-diretoria-das-damas-da-caridade-e-eleita\/#article","isPartOf":{"@id":"https:\/\/www.padreeustaquio.com.br\/nova-diretoria-das-damas-da-caridade-e-eleita\/"},"author":{"name":"@sscc","@id":"https:\/\/www.padreeustaquio.com.br\/#\/schema\/person\/a2a51db1d00f1a7af0204a0f1ddb1566"},"headline":"Nova diretoria das Damas da Caridade \u00e9 eleita","datePublished":"2021-11-05T08:53:00+00:00","mainEntityOfPage":{"@id":"https:\/\/www.padreeustaquio.com.br\/nova-diretoria-das-damas-da-caridade-e-eleita\/"},"wordCount":209,"commentCount":0,"publisher":{"@id":"https:\/\/www.padreeustaquio.com.br\/#organization"},"image":{"@id":"https:\/\/www.padreeustaquio.com.br\/nova-diretoria-das-damas-da-caridade-e-eleita\/#primaryimage"},"thumbnailUrl":"https:\/\/www.padreeustaquio.com.br\/wp-content\/uploads\/2021\/11\/diretoria-damas.jpeg","articleSection":["Not\u00edcias"],"inLanguage":"en-US","potentialAction":[{"@type":"CommentAction","name":"Comment","target":["https:\/\/www.padreeustaquio.com.br\/nova-diretoria-das-damas-da-caridade-e-eleita\/#respond"]}]},{"@type":"WebPage","@id":"https:\/\/www.padreeustaquio.com.br\/nova-diretoria-das-damas-da-caridade-e-eleita\/","url":"https:\/\/www.padreeustaquio.com.br\/nova-diretoria-das-damas-da-caridade-e-eleita\/","name":"New board of directors for the Ladies of Charity is elected.","isPartOf":{"@id":"https:\/\/www.padreeustaquio.com.br\/#website"},"primaryImageOfPage":{"@id":"https:\/\/www.padreeustaquio.com.br\/nova-diretoria-das-damas-da-caridade-e-eleita\/#primaryimage"},"image":{"@id":"https:\/\/www.padreeustaquio.com.br\/nova-diretoria-das-damas-da-caridade-e-eleita\/#primaryimage"},"thumbnailUrl":"https:\/\/www.padreeustaquio.com.br\/wp-content\/uploads\/2021\/11\/diretoria-damas.jpeg","datePublished":"2021-11-05T08:53:00+00:00","description":"The new board of directors for the &quot;Ladies of Charity&quot; was elected this week. The election took place at an Extraordinary General Assembly, presided over by Father Marcus Vinicius Maciel, ss.cc., Rector of the Sanctuary of Health and Peace.","breadcrumb":{"@id":"https:\/\/www.padreeustaquio.com.br\/nova-diretoria-das-damas-da-caridade-e-eleita\/#breadcrumb"},"inLanguage":"en-US","potentialAction":[{"@type":"ReadAction","target":["https:\/\/www.padreeustaquio.com.br\/nova-diretoria-das-damas-da-caridade-e-eleita\/"]}]},{"@type":"ImageObject","inLanguage":"en-US","@id":"https:\/\/www.padreeustaquio.com.br\/nova-diretoria-das-damas-da-caridade-e-eleita\/#primaryimage","url":"https:\/\/www.padreeustaquio.com.br\/wp-content\/uploads\/2021\/11\/diretoria-damas.jpeg","contentUrl":"https:\/\/www.padreeustaquio.com.br\/wp-content\/uploads\/2021\/11\/diretoria-damas.jpeg","width":1600,"height":720},{"@type":"BreadcrumbList","@id":"https:\/\/www.padreeustaquio.com.br\/nova-diretoria-das-damas-da-caridade-e-eleita\/#breadcrumb","itemListElement":[{"@type":"ListItem","position":1,"name":"In\u00edcio","item":"https:\/\/www.padreeustaquio.com.br\/"},{"@type":"ListItem","position":2,"name":"Nova diretoria das Damas da Caridade \u00e9 eleita"}]},{"@type":"WebSite","@id":"https:\/\/www.padreeustaquio.com.br\/#website","url":"https:\/\/www.padreeustaquio.com.br\/","name":"FATHER EUST\u00c1QUIO","description":"Health and Peace","publisher":{"@id":"https:\/\/www.padreeustaquio.com.br\/#organization"},"potentialAction":[{"@type":"SearchAction","target":{"@type":"EntryPoint","urlTemplate":"https:\/\/www.padreeustaquio.com.br\/?s={search_term_string}"},"query-input":{"@type":"PropertyValueSpecification","valueRequired":true,"valueName":"search_term_string"}}],"inLanguage":"en-US"},{"@type":"Organization","@id":"https:\/\/www.padreeustaquio.com.br\/#organization","name":"FATHER EUST\u00c1QUIO","url":"https:\/\/www.padreeustaquio.com.br\/","logo":{"@type":"ImageObject","inLanguage":"en-US","@id":"https:\/\/www.padreeustaquio.com.br\/#\/schema\/logo\/image\/","url":"https:\/\/www.padreeustaquio.com.br\/wp-content\/uploads\/2019\/08\/marca.png","contentUrl":"https:\/\/www.padreeustaquio.com.br\/wp-content\/uploads\/2019\/08\/marca.png","width":350,"height":400,"caption":"Padre Eust\u00e1quio"},"image":{"@id":"https:\/\/www.padreeustaquio.com.br\/#\/schema\/logo\/image\/"},"sameAs":["https:\/\/www.facebook.com\/beatopadreeustaquio\/","https:\/\/x.com\/beatopeustaquio","https:\/\/www.instagram.com\/beatopadreeustaquio\/","https:\/\/www.youtube.com\/channel\/UCRhw7vfabnajwLxb1ZXMeIw"]},{"@type":"Person","@id":"https:\/\/www.padreeustaquio.com.br\/#\/schema\/person\/a2a51db1d00f1a7af0204a0f1ddb1566","name":"@sscc","image":{"@type":"ImageObject","inLanguage":"en-US","@id":"https:\/\/secure.gravatar.com\/avatar\/68cfafa5f44617fea54071e215026e0ff06be366c3d54a8425f04fdcb86f8c5f?s=96&d=mm&r=g","url":"https:\/\/secure.gravatar.com\/avatar\/68cfafa5f44617fea54071e215026e0ff06be366c3d54a8425f04fdcb86f8c5f?s=96&d=mm&r=g","contentUrl":"https:\/\/secure.gravatar.com\/avatar\/68cfafa5f44617fea54071e215026e0ff06be366c3d54a8425f04fdcb86f8c5f?s=96&d=mm&r=g","caption":"@sscc"},"url":"https:\/\/www.padreeustaquio.com.br\/en\/author\/sscc\/"}]}},"_links":{"self":[{"href":"https:\/\/www.padreeustaquio.com.br\/en\/wp-json\/wp\/v2\/posts\/7465","targetHints":{"allow":["GET"]}}],"collection":[{"href":"https:\/\/www.padreeustaquio.com.br\/en\/wp-json\/wp\/v2\/posts"}],"about":[{"href":"https:\/\/www.padreeustaquio.com.br\/en\/wp-json\/wp\/v2\/types\/post"}],"author":[{"embeddable":true,"href":"https:\/\/www.padreeustaquio.com.br\/en\/wp-json\/wp\/v2\/users\/2"}],"replies":[{"embeddable":true,"href":"https:\/\/www.padreeustaquio.com.br\/en\/wp-json\/wp\/v2\/comments?post=7465"}],"version-history":[{"count":0,"href":"https:\/\/www.padreeustaquio.com.br\/en\/wp-json\/wp\/v2\/posts\/7465\/revisions"}],"wp:featuredmedia":[{"embeddable":true,"href":"https:\/\/www.padreeustaquio.com.br\/en\/wp-json\/wp\/v2\/media\/7469"}],"wp:attachment":[{"href":"https:\/\/www.padreeustaquio.com.br\/en\/wp-json\/wp\/v2\/media?parent=7465"}],"wp:term":[{"taxonomy":"category","embeddable":true,"href":"https:\/\/www.padreeustaquio.com.br\/en\/wp-json\/wp\/v2\/categories?post=7465"},{"taxonomy":"post_tag","embeddable":true,"href":"https:\/\/www.padreeustaquio.com.br\/en\/wp-json\/wp\/v2\/tags?post=7465"}],"curies":[{"name":"wp","href":"https:\/\/api.w.org\/{rel}","templated":true}]}}