{"id":7460,"date":"2021-11-04T08:57:01","date_gmt":"2021-11-04T11:57:01","guid":{"rendered":"https:\/\/www.padreeustaquio.com.br\/?p=7460"},"modified":"2021-11-04T08:57:06","modified_gmt":"2021-11-04T11:57:06","slug":"mass-and-live-stream-mark-the-closing-of-the-15th-anniversary-celebrations-of-the-beatification","status":"publish","type":"post","link":"https:\/\/www.padreeustaquio.com.br\/en\/mass-and-live-stream-mark-the-closing-of-the-15th-anniversary-celebrations-of-the-beatification\/","title":{"rendered":"Mass and live stream mark the closing of the 15th anniversary celebrations of the Beatification."},"content":{"rendered":"<p>Hundreds of people participated this Wednesday in the closing events of the 15th anniversary of the Beatification of Father Eust\u00e1quio, both in person and virtually. The Holy Mass and the commemorative live stream brought devotees together to mark the date and moved the participants.<\/p>\n\n\n\n<p>At 7 PM, the person responsible for the Cause of Canonization, Father Vin\u00edcius Maciel, ss.cc., presided over the Holy Mass, broadcast live from the Sanctuary of Health and Peace in Belo Horizonte. The celebration was transmitted via the Padre Eust\u00e1quio Channel. <a href=\"https:\/\/www.youtube.com\/watch?v=Cz_UIjN9Eo0\" target=\"_blank\" rel=\"noreferrer noopener\">(watch here)<\/a>, The priest spoke about the life of the Blessed One and the example of life and holiness he left behind.<\/p>\n\n\n\n<p>Next, exclusively in the virtual environment, the National Secretariat for the Cause of Canonization presented a Special Program with music and prayer. Father Vin\u00edcius opened the event and invited Father Edmar Oliveira to lead the session. Following this, the &quot;Amai-vos&quot; Music Ministry sang and enchanted all those who watched the live stream. With traditional songs like &quot;Utopia&quot; by Father Zezinho, SCJ, and more contemporary songs like &quot;Fiat (let it be done)&quot; by Banda Dom, the group created moments of prayer through melody and prayerful lyrics. Rhaime, Lucas, Jo\u00e3o, and Felipe also sang supplications and hymns related to devotion to Father Eust\u00e1quio.<\/p>\n\n\n\n<p>If you haven&#039;t seen it yet, CLICK HERE, watch, meditate and pray with us, concluding the celebrations of the 15th anniversary of the Beatification of Father Eust\u00e1quio.<\/p>\n\n\n\n<p><\/p>","protected":false},"excerpt":{"rendered":"<p>Centenas de pessoas participaram nessa quarta-feira, dos eventos de encerramento dos 15 anos da Beatifica\u00e7\u00e3o de Padre Eust\u00e1quio, tanto de forma presencial quanto virtual. A Santa Missa e a Live comemorativa reuniram devotos em torno a data e emocionaram os participantes. \u00c0s 19h, o respons\u00e1vel pela Causa de Canoniza\u00e7\u00e3o, Padre Vin\u00edcius Maciel, ss.cc., presidiu a Santa Missa, direto do Santu\u00e1rio da Sa\u00fade e da Paz, em Belo Horizonte. Durante a celebra\u00e7\u00e3o, que foi transmitida pelo Canal Padre Eust\u00e1quio (assista aqui), o sacerdote falou sobre a vida do Bem-Aventurado e o exemplo de vida e santidade deixado por ele. Em seguida, [&hellip;]<\/p>\n","protected":false},"author":2,"featured_media":7461,"comment_status":"open","ping_status":"closed","sticky":false,"template":"","format":"standard","meta":{"_acf_changed":false,"footnotes":""},"categories":[611],"tags":[],"class_list":["post-7460","post","type-post","status-publish","format-standard","has-post-thumbnail","hentry","category-noticias"],"acf":[],"yoast_head":"<!-- This site is optimized with the Yoast SEO plugin v27.2 - https:\/\/yoast.com\/product\/yoast-seo-wordpress\/ -->\n<title>Missa e Live marcam o encerramento das comemora\u00e7\u00f5es dos 15 anos da Beatifica\u00e7\u00e3o<\/title>\n<meta name=\"description\" content=\"Centenas de pessoas participaram nessa quarta-feira, dos eventos de encerramento dos 15 anos da Beatifica\u00e7\u00e3o de Padre Eust\u00e1quio, tanto de forma presencial quanto virtual. A Santa Missa e a Live comemorativa reuniram devotos em torno a data e emocionaram os participantes.\" \/>\n<meta name=\"robots\" content=\"index, follow, max-snippet:-1, max-image-preview:large, max-video-preview:-1\" \/>\n<link rel=\"canonical\" href=\"https:\/\/www.padreeustaquio.com.br\/en\/mass-and-live-stream-mark-the-closing-of-the-15th-anniversary-celebrations-of-the-beatification\/\" \/>\n<meta property=\"og:locale\" content=\"en_US\" \/>\n<meta property=\"og:type\" content=\"article\" \/>\n<meta property=\"og:title\" content=\"Missa e Live marcam o encerramento das comemora\u00e7\u00f5es dos 15 anos da Beatifica\u00e7\u00e3o\" \/>\n<meta property=\"og:description\" content=\"Centenas de pessoas participaram nessa quarta-feira, dos eventos de encerramento dos 15 anos da Beatifica\u00e7\u00e3o de Padre Eust\u00e1quio, tanto de forma presencial quanto virtual. A Santa Missa e a Live comemorativa reuniram devotos em torno a data e emocionaram os participantes.\" \/>\n<meta property=\"og:url\" content=\"https:\/\/www.padreeustaquio.com.br\/en\/mass-and-live-stream-mark-the-closing-of-the-15th-anniversary-celebrations-of-the-beatification\/\" \/>\n<meta property=\"og:site_name\" content=\"Padre Eust\u00e1quio\" \/>\n<meta property=\"article:publisher\" content=\"https:\/\/www.facebook.com\/beatopadreeustaquio\/\" \/>\n<meta property=\"article:published_time\" content=\"2021-11-04T11:57:01+00:00\" \/>\n<meta property=\"article:modified_time\" content=\"2021-11-04T11:57:06+00:00\" \/>\n<meta property=\"og:image\" content=\"https:\/\/www.padreeustaquio.com.br\/wp-content\/uploads\/2021\/11\/MISSA-15-ANOS.jpg\" \/>\n\t<meta property=\"og:image:width\" content=\"748\" \/>\n\t<meta property=\"og:image:height\" content=\"394\" \/>\n\t<meta property=\"og:image:type\" content=\"image\/jpeg\" \/>\n<meta name=\"author\" content=\"@sscc\" \/>\n<meta name=\"twitter:card\" content=\"summary_large_image\" \/>\n<meta name=\"twitter:creator\" content=\"@beatopeustaquio\" \/>\n<meta name=\"twitter:site\" content=\"@beatopeustaquio\" \/>\n<meta name=\"twitter:label1\" content=\"Written by\" \/>\n\t<meta name=\"twitter:data1\" content=\"@sscc\" \/>\n\t<meta name=\"twitter:label2\" content=\"Est. reading time\" \/>\n\t<meta name=\"twitter:data2\" content=\"1 minute\" \/>\n<script type=\"application\/ld+json\" class=\"yoast-schema-graph\">{\"@context\":\"https:\/\/schema.org\",\"@graph\":[{\"@type\":\"Article\",\"@id\":\"https:\/\/www.padreeustaquio.com.br\/missa-e-live-marcam-o-encerramento-das-comemoracoes-dos-15-anos-da-beatificacao\/#article\",\"isPartOf\":{\"@id\":\"https:\/\/www.padreeustaquio.com.br\/missa-e-live-marcam-o-encerramento-das-comemoracoes-dos-15-anos-da-beatificacao\/\"},\"author\":{\"name\":\"@sscc\",\"@id\":\"https:\/\/www.padreeustaquio.com.br\/#\/schema\/person\/a2a51db1d00f1a7af0204a0f1ddb1566\"},\"headline\":\"Missa e Live marcam o encerramento das comemora\u00e7\u00f5es dos 15 anos da Beatifica\u00e7\u00e3o\",\"datePublished\":\"2021-11-04T11:57:01+00:00\",\"dateModified\":\"2021-11-04T11:57:06+00:00\",\"mainEntityOfPage\":{\"@id\":\"https:\/\/www.padreeustaquio.com.br\/missa-e-live-marcam-o-encerramento-das-comemoracoes-dos-15-anos-da-beatificacao\/\"},\"wordCount\":265,\"commentCount\":0,\"publisher\":{\"@id\":\"https:\/\/www.padreeustaquio.com.br\/#organization\"},\"image\":{\"@id\":\"https:\/\/www.padreeustaquio.com.br\/missa-e-live-marcam-o-encerramento-das-comemoracoes-dos-15-anos-da-beatificacao\/#primaryimage\"},\"thumbnailUrl\":\"https:\/\/www.padreeustaquio.com.br\/wp-content\/uploads\/2021\/11\/MISSA-15-ANOS.jpg\",\"articleSection\":[\"Not\u00edcias\"],\"inLanguage\":\"en-US\",\"potentialAction\":[{\"@type\":\"CommentAction\",\"name\":\"Comment\",\"target\":[\"https:\/\/www.padreeustaquio.com.br\/missa-e-live-marcam-o-encerramento-das-comemoracoes-dos-15-anos-da-beatificacao\/#respond\"]}]},{\"@type\":\"WebPage\",\"@id\":\"https:\/\/www.padreeustaquio.com.br\/missa-e-live-marcam-o-encerramento-das-comemoracoes-dos-15-anos-da-beatificacao\/\",\"url\":\"https:\/\/www.padreeustaquio.com.br\/missa-e-live-marcam-o-encerramento-das-comemoracoes-dos-15-anos-da-beatificacao\/\",\"name\":\"Missa e Live marcam o encerramento das comemora\u00e7\u00f5es dos 15 anos da Beatifica\u00e7\u00e3o\",\"isPartOf\":{\"@id\":\"https:\/\/www.padreeustaquio.com.br\/#website\"},\"primaryImageOfPage\":{\"@id\":\"https:\/\/www.padreeustaquio.com.br\/missa-e-live-marcam-o-encerramento-das-comemoracoes-dos-15-anos-da-beatificacao\/#primaryimage\"},\"image\":{\"@id\":\"https:\/\/www.padreeustaquio.com.br\/missa-e-live-marcam-o-encerramento-das-comemoracoes-dos-15-anos-da-beatificacao\/#primaryimage\"},\"thumbnailUrl\":\"https:\/\/www.padreeustaquio.com.br\/wp-content\/uploads\/2021\/11\/MISSA-15-ANOS.jpg\",\"datePublished\":\"2021-11-04T11:57:01+00:00\",\"dateModified\":\"2021-11-04T11:57:06+00:00\",\"description\":\"Centenas de pessoas participaram nessa quarta-feira, dos eventos de encerramento dos 15 anos da Beatifica\u00e7\u00e3o de Padre Eust\u00e1quio, tanto de forma presencial quanto virtual. A Santa Missa e a Live comemorativa reuniram devotos em torno a data e emocionaram os participantes.\",\"breadcrumb\":{\"@id\":\"https:\/\/www.padreeustaquio.com.br\/missa-e-live-marcam-o-encerramento-das-comemoracoes-dos-15-anos-da-beatificacao\/#breadcrumb\"},\"inLanguage\":\"en-US\",\"potentialAction\":[{\"@type\":\"ReadAction\",\"target\":[\"https:\/\/www.padreeustaquio.com.br\/missa-e-live-marcam-o-encerramento-das-comemoracoes-dos-15-anos-da-beatificacao\/\"]}]},{\"@type\":\"ImageObject\",\"inLanguage\":\"en-US\",\"@id\":\"https:\/\/www.padreeustaquio.com.br\/missa-e-live-marcam-o-encerramento-das-comemoracoes-dos-15-anos-da-beatificacao\/#primaryimage\",\"url\":\"https:\/\/www.padreeustaquio.com.br\/wp-content\/uploads\/2021\/11\/MISSA-15-ANOS.jpg\",\"contentUrl\":\"https:\/\/www.padreeustaquio.com.br\/wp-content\/uploads\/2021\/11\/MISSA-15-ANOS.jpg\",\"width\":748,\"height\":394},{\"@type\":\"BreadcrumbList\",\"@id\":\"https:\/\/www.padreeustaquio.com.br\/missa-e-live-marcam-o-encerramento-das-comemoracoes-dos-15-anos-da-beatificacao\/#breadcrumb\",\"itemListElement\":[{\"@type\":\"ListItem\",\"position\":1,\"name\":\"In\u00edcio\",\"item\":\"https:\/\/www.padreeustaquio.com.br\/\"},{\"@type\":\"ListItem\",\"position\":2,\"name\":\"Missa e Live marcam o encerramento das comemora\u00e7\u00f5es dos 15 anos da Beatifica\u00e7\u00e3o\"}]},{\"@type\":\"WebSite\",\"@id\":\"https:\/\/www.padreeustaquio.com.br\/#website\",\"url\":\"https:\/\/www.padreeustaquio.com.br\/\",\"name\":\"Padre Eust\u00e1quio\",\"description\":\"Sa\u00fade e Paz\",\"publisher\":{\"@id\":\"https:\/\/www.padreeustaquio.com.br\/#organization\"},\"potentialAction\":[{\"@type\":\"SearchAction\",\"target\":{\"@type\":\"EntryPoint\",\"urlTemplate\":\"https:\/\/www.padreeustaquio.com.br\/?s={search_term_string}\"},\"query-input\":{\"@type\":\"PropertyValueSpecification\",\"valueRequired\":true,\"valueName\":\"search_term_string\"}}],\"inLanguage\":\"en-US\"},{\"@type\":\"Organization\",\"@id\":\"https:\/\/www.padreeustaquio.com.br\/#organization\",\"name\":\"Padre Eust\u00e1quio\",\"url\":\"https:\/\/www.padreeustaquio.com.br\/\",\"logo\":{\"@type\":\"ImageObject\",\"inLanguage\":\"en-US\",\"@id\":\"https:\/\/www.padreeustaquio.com.br\/#\/schema\/logo\/image\/\",\"url\":\"https:\/\/www.padreeustaquio.com.br\/wp-content\/uploads\/2019\/08\/marca.png\",\"contentUrl\":\"https:\/\/www.padreeustaquio.com.br\/wp-content\/uploads\/2019\/08\/marca.png\",\"width\":350,\"height\":400,\"caption\":\"Padre Eust\u00e1quio\"},\"image\":{\"@id\":\"https:\/\/www.padreeustaquio.com.br\/#\/schema\/logo\/image\/\"},\"sameAs\":[\"https:\/\/www.facebook.com\/beatopadreeustaquio\/\",\"https:\/\/x.com\/beatopeustaquio\",\"https:\/\/www.instagram.com\/beatopadreeustaquio\/\",\"https:\/\/www.youtube.com\/channel\/UCRhw7vfabnajwLxb1ZXMeIw\"]},{\"@type\":\"Person\",\"@id\":\"https:\/\/www.padreeustaquio.com.br\/#\/schema\/person\/a2a51db1d00f1a7af0204a0f1ddb1566\",\"name\":\"@sscc\",\"image\":{\"@type\":\"ImageObject\",\"inLanguage\":\"en-US\",\"@id\":\"https:\/\/secure.gravatar.com\/avatar\/68cfafa5f44617fea54071e215026e0ff06be366c3d54a8425f04fdcb86f8c5f?s=96&d=mm&r=g\",\"url\":\"https:\/\/secure.gravatar.com\/avatar\/68cfafa5f44617fea54071e215026e0ff06be366c3d54a8425f04fdcb86f8c5f?s=96&d=mm&r=g\",\"contentUrl\":\"https:\/\/secure.gravatar.com\/avatar\/68cfafa5f44617fea54071e215026e0ff06be366c3d54a8425f04fdcb86f8c5f?s=96&d=mm&r=g\",\"caption\":\"@sscc\"},\"url\":\"https:\/\/www.padreeustaquio.com.br\/en\/author\/sscc\/\"}]}<\/script>\n<!-- \/ Yoast SEO plugin. -->","yoast_head_json":{"title":"Mass and live stream mark the closing of the 15th anniversary celebrations of the Beatification.","description":"Hundreds of people participated this Wednesday in the closing events of the 15th anniversary of the Beatification of Father Eust\u00e1quio, both in person and virtually. The Holy Mass and the commemorative live stream brought devotees together to mark the date and moved the participants.","robots":{"index":"index","follow":"follow","max-snippet":"max-snippet:-1","max-image-preview":"max-image-preview:large","max-video-preview":"max-video-preview:-1"},"canonical":"https:\/\/www.padreeustaquio.com.br\/en\/mass-and-live-stream-mark-the-closing-of-the-15th-anniversary-celebrations-of-the-beatification\/","og_locale":"en_US","og_type":"article","og_title":"Missa e Live marcam o encerramento das comemora\u00e7\u00f5es dos 15 anos da Beatifica\u00e7\u00e3o","og_description":"Centenas de pessoas participaram nessa quarta-feira, dos eventos de encerramento dos 15 anos da Beatifica\u00e7\u00e3o de Padre Eust\u00e1quio, tanto de forma presencial quanto virtual. A Santa Missa e a Live comemorativa reuniram devotos em torno a data e emocionaram os participantes.","og_url":"https:\/\/www.padreeustaquio.com.br\/en\/mass-and-live-stream-mark-the-closing-of-the-15th-anniversary-celebrations-of-the-beatification\/","og_site_name":"Padre Eust\u00e1quio","article_publisher":"https:\/\/www.facebook.com\/beatopadreeustaquio\/","article_published_time":"2021-11-04T11:57:01+00:00","article_modified_time":"2021-11-04T11:57:06+00:00","og_image":[{"width":748,"height":394,"url":"https:\/\/www.padreeustaquio.com.br\/wp-content\/uploads\/2021\/11\/MISSA-15-ANOS.jpg","type":"image\/jpeg"}],"author":"@sscc","twitter_card":"summary_large_image","twitter_creator":"@beatopeustaquio","twitter_site":"@beatopeustaquio","twitter_misc":{"Written by":"@sscc","Est. reading time":"1 minute"},"schema":{"@context":"https:\/\/schema.org","@graph":[{"@type":"Article","@id":"https:\/\/www.padreeustaquio.com.br\/missa-e-live-marcam-o-encerramento-das-comemoracoes-dos-15-anos-da-beatificacao\/#article","isPartOf":{"@id":"https:\/\/www.padreeustaquio.com.br\/missa-e-live-marcam-o-encerramento-das-comemoracoes-dos-15-anos-da-beatificacao\/"},"author":{"name":"@sscc","@id":"https:\/\/www.padreeustaquio.com.br\/#\/schema\/person\/a2a51db1d00f1a7af0204a0f1ddb1566"},"headline":"Missa e Live marcam o encerramento das comemora\u00e7\u00f5es dos 15 anos da Beatifica\u00e7\u00e3o","datePublished":"2021-11-04T11:57:01+00:00","dateModified":"2021-11-04T11:57:06+00:00","mainEntityOfPage":{"@id":"https:\/\/www.padreeustaquio.com.br\/missa-e-live-marcam-o-encerramento-das-comemoracoes-dos-15-anos-da-beatificacao\/"},"wordCount":265,"commentCount":0,"publisher":{"@id":"https:\/\/www.padreeustaquio.com.br\/#organization"},"image":{"@id":"https:\/\/www.padreeustaquio.com.br\/missa-e-live-marcam-o-encerramento-das-comemoracoes-dos-15-anos-da-beatificacao\/#primaryimage"},"thumbnailUrl":"https:\/\/www.padreeustaquio.com.br\/wp-content\/uploads\/2021\/11\/MISSA-15-ANOS.jpg","articleSection":["Not\u00edcias"],"inLanguage":"en-US","potentialAction":[{"@type":"CommentAction","name":"Comment","target":["https:\/\/www.padreeustaquio.com.br\/missa-e-live-marcam-o-encerramento-das-comemoracoes-dos-15-anos-da-beatificacao\/#respond"]}]},{"@type":"WebPage","@id":"https:\/\/www.padreeustaquio.com.br\/missa-e-live-marcam-o-encerramento-das-comemoracoes-dos-15-anos-da-beatificacao\/","url":"https:\/\/www.padreeustaquio.com.br\/missa-e-live-marcam-o-encerramento-das-comemoracoes-dos-15-anos-da-beatificacao\/","name":"Mass and live stream mark the closing of the 15th anniversary celebrations of the Beatification.","isPartOf":{"@id":"https:\/\/www.padreeustaquio.com.br\/#website"},"primaryImageOfPage":{"@id":"https:\/\/www.padreeustaquio.com.br\/missa-e-live-marcam-o-encerramento-das-comemoracoes-dos-15-anos-da-beatificacao\/#primaryimage"},"image":{"@id":"https:\/\/www.padreeustaquio.com.br\/missa-e-live-marcam-o-encerramento-das-comemoracoes-dos-15-anos-da-beatificacao\/#primaryimage"},"thumbnailUrl":"https:\/\/www.padreeustaquio.com.br\/wp-content\/uploads\/2021\/11\/MISSA-15-ANOS.jpg","datePublished":"2021-11-04T11:57:01+00:00","dateModified":"2021-11-04T11:57:06+00:00","description":"Hundreds of people participated this Wednesday in the closing events of the 15th anniversary of the Beatification of Father Eust\u00e1quio, both in person and virtually. The Holy Mass and the commemorative live stream brought devotees together to mark the date and moved the participants.","breadcrumb":{"@id":"https:\/\/www.padreeustaquio.com.br\/missa-e-live-marcam-o-encerramento-das-comemoracoes-dos-15-anos-da-beatificacao\/#breadcrumb"},"inLanguage":"en-US","potentialAction":[{"@type":"ReadAction","target":["https:\/\/www.padreeustaquio.com.br\/missa-e-live-marcam-o-encerramento-das-comemoracoes-dos-15-anos-da-beatificacao\/"]}]},{"@type":"ImageObject","inLanguage":"en-US","@id":"https:\/\/www.padreeustaquio.com.br\/missa-e-live-marcam-o-encerramento-das-comemoracoes-dos-15-anos-da-beatificacao\/#primaryimage","url":"https:\/\/www.padreeustaquio.com.br\/wp-content\/uploads\/2021\/11\/MISSA-15-ANOS.jpg","contentUrl":"https:\/\/www.padreeustaquio.com.br\/wp-content\/uploads\/2021\/11\/MISSA-15-ANOS.jpg","width":748,"height":394},{"@type":"BreadcrumbList","@id":"https:\/\/www.padreeustaquio.com.br\/missa-e-live-marcam-o-encerramento-das-comemoracoes-dos-15-anos-da-beatificacao\/#breadcrumb","itemListElement":[{"@type":"ListItem","position":1,"name":"In\u00edcio","item":"https:\/\/www.padreeustaquio.com.br\/"},{"@type":"ListItem","position":2,"name":"Missa e Live marcam o encerramento das comemora\u00e7\u00f5es dos 15 anos da Beatifica\u00e7\u00e3o"}]},{"@type":"WebSite","@id":"https:\/\/www.padreeustaquio.com.br\/#website","url":"https:\/\/www.padreeustaquio.com.br\/","name":"FATHER EUST\u00c1QUIO","description":"Health and Peace","publisher":{"@id":"https:\/\/www.padreeustaquio.com.br\/#organization"},"potentialAction":[{"@type":"SearchAction","target":{"@type":"EntryPoint","urlTemplate":"https:\/\/www.padreeustaquio.com.br\/?s={search_term_string}"},"query-input":{"@type":"PropertyValueSpecification","valueRequired":true,"valueName":"search_term_string"}}],"inLanguage":"en-US"},{"@type":"Organization","@id":"https:\/\/www.padreeustaquio.com.br\/#organization","name":"FATHER EUST\u00c1QUIO","url":"https:\/\/www.padreeustaquio.com.br\/","logo":{"@type":"ImageObject","inLanguage":"en-US","@id":"https:\/\/www.padreeustaquio.com.br\/#\/schema\/logo\/image\/","url":"https:\/\/www.padreeustaquio.com.br\/wp-content\/uploads\/2019\/08\/marca.png","contentUrl":"https:\/\/www.padreeustaquio.com.br\/wp-content\/uploads\/2019\/08\/marca.png","width":350,"height":400,"caption":"Padre Eust\u00e1quio"},"image":{"@id":"https:\/\/www.padreeustaquio.com.br\/#\/schema\/logo\/image\/"},"sameAs":["https:\/\/www.facebook.com\/beatopadreeustaquio\/","https:\/\/x.com\/beatopeustaquio","https:\/\/www.instagram.com\/beatopadreeustaquio\/","https:\/\/www.youtube.com\/channel\/UCRhw7vfabnajwLxb1ZXMeIw"]},{"@type":"Person","@id":"https:\/\/www.padreeustaquio.com.br\/#\/schema\/person\/a2a51db1d00f1a7af0204a0f1ddb1566","name":"@sscc","image":{"@type":"ImageObject","inLanguage":"en-US","@id":"https:\/\/secure.gravatar.com\/avatar\/68cfafa5f44617fea54071e215026e0ff06be366c3d54a8425f04fdcb86f8c5f?s=96&d=mm&r=g","url":"https:\/\/secure.gravatar.com\/avatar\/68cfafa5f44617fea54071e215026e0ff06be366c3d54a8425f04fdcb86f8c5f?s=96&d=mm&r=g","contentUrl":"https:\/\/secure.gravatar.com\/avatar\/68cfafa5f44617fea54071e215026e0ff06be366c3d54a8425f04fdcb86f8c5f?s=96&d=mm&r=g","caption":"@sscc"},"url":"https:\/\/www.padreeustaquio.com.br\/en\/author\/sscc\/"}]}},"_links":{"self":[{"href":"https:\/\/www.padreeustaquio.com.br\/en\/wp-json\/wp\/v2\/posts\/7460","targetHints":{"allow":["GET"]}}],"collection":[{"href":"https:\/\/www.padreeustaquio.com.br\/en\/wp-json\/wp\/v2\/posts"}],"about":[{"href":"https:\/\/www.padreeustaquio.com.br\/en\/wp-json\/wp\/v2\/types\/post"}],"author":[{"embeddable":true,"href":"https:\/\/www.padreeustaquio.com.br\/en\/wp-json\/wp\/v2\/users\/2"}],"replies":[{"embeddable":true,"href":"https:\/\/www.padreeustaquio.com.br\/en\/wp-json\/wp\/v2\/comments?post=7460"}],"version-history":[{"count":0,"href":"https:\/\/www.padreeustaquio.com.br\/en\/wp-json\/wp\/v2\/posts\/7460\/revisions"}],"wp:featuredmedia":[{"embeddable":true,"href":"https:\/\/www.padreeustaquio.com.br\/en\/wp-json\/wp\/v2\/media\/7461"}],"wp:attachment":[{"href":"https:\/\/www.padreeustaquio.com.br\/en\/wp-json\/wp\/v2\/media?parent=7460"}],"wp:term":[{"taxonomy":"category","embeddable":true,"href":"https:\/\/www.padreeustaquio.com.br\/en\/wp-json\/wp\/v2\/categories?post=7460"},{"taxonomy":"post_tag","embeddable":true,"href":"https:\/\/www.padreeustaquio.com.br\/en\/wp-json\/wp\/v2\/tags?post=7460"}],"curies":[{"name":"wp","href":"https:\/\/api.w.org\/{rel}","templated":true}]}}