{"id":7456,"date":"2021-11-03T06:28:00","date_gmt":"2021-11-03T09:28:00","guid":{"rendered":"https:\/\/www.padreeustaquio.com.br\/?p=7456"},"modified":"2021-11-02T22:41:40","modified_gmt":"2021-11-03T01:41:40","slug":"and-today-a-special-program-on-youtube-marks-the-15th-anniversary-of-the-beatification","status":"publish","type":"post","link":"https:\/\/www.padreeustaquio.com.br\/en\/and-today-a-special-program-on-youtube-marks-the-15th-anniversary-of-the-beatification\/","title":{"rendered":"TODAY \u2013 Special Program on YouTube marks the 15th anniversary of the Beatification."},"content":{"rendered":"<p>The National Secretariat for the Cause of Canonization of Blessed Father Eustace has prepared a large musical and prayer program to conclude the celebrations of the 15th anniversary of Father Eustace&#039;s Beatification. The program will air today, November 3rd, the day the Church commemorates the birthday of the Dutch priest, a member of the Sacred Hearts order.<\/p>\n\n\n\n<p>The event, which will air on the Padre Eust\u00e1quio Channel on YouTube, will be broadcast at 8:30 PM. The program begins immediately after the Holy Mass, celebrated by the vice-postulator of the Cause of Canonization, Father Vin\u00edcius Maciel, ss.cc., which is scheduled for 7 PM. After presiding over the Eucharistic Celebration, the person responsible for the Canonization will open the broadcast, welcoming the participants and viewers at home. Following this, Father Edmar Oliveira and the group \u201cAmai-vos\u201d will offer moments of reflection, prayer, and plenty of music.<\/p>\n\n\n\n<p>So, plan ahead. Access <a href=\"https:\/\/www.youtube.com\/watch?v=K9pLt6Afpoo\" target=\"_blank\" rel=\"noreferrer noopener\">Click HERE to follow the Holy Mass.<\/a>, at 7pm and <a href=\"https:\/\/www.youtube.com\/watch?v=4KE4r77H7q0\" target=\"_blank\" rel=\"noreferrer noopener\">Click HERE to watch &quot;Music and Prayer&quot; at 8:30 PM on the Padre Eust\u00e1quio Channel.\u201c<\/a> A tribute to the 15th anniversary of Father Eust\u00e1quio&#039;s recognition as a Blessed of the Church.<\/p>\n\n\n\n<p>The program \u201c<strong>Music and Prayer: A Missionary is Born<\/strong>\u201d&quot;It will also be displayed here on the website.&quot;. <a href=\"https:\/\/www.padreeustaquio.com.br\/en\/transmissoes\/\">Just click here<\/a>, Let&#039;s pray and enjoy this special moment together.<\/p>\n\n\n\n<p><\/p>","protected":false},"excerpt":{"rendered":"<p>O Secretariado Nacional da Causa de Canoniza\u00e7\u00e3o do Beato Padre Eust\u00e1quio preparou um grande programa musical e oracional para encerrar as comemora\u00e7\u00f5es dos 15 anos da Beatifica\u00e7\u00e3o de Padre Eust\u00e1quio. O programa vai ao ar hoje, 03 de novembro, dia em que a igreja comemora o anivers\u00e1rio natal\u00edcio do padre holand\u00eas, religioso dos Sagrados Cora\u00e7\u00f5es. A atra\u00e7\u00e3o, que vai ao ar no Canal Padre Eust\u00e1quio, no YouTube, ser\u00e1 exibida \u00e0s 20h30. O programa come\u00e7a logo ap\u00f3s a Santa Missa, celebrada pelo vice-postulador da Causa de Canoniza\u00e7\u00e3o, Padre Vin\u00edcius Maciel, ss.cc., que est\u00e1 marcada para \u00e0s 19h. O respons\u00e1vel pela Canoniza\u00e7\u00e3o, [&hellip;]<\/p>\n","protected":false},"author":2,"featured_media":7457,"comment_status":"open","ping_status":"closed","sticky":false,"template":"","format":"standard","meta":{"_acf_changed":false,"footnotes":""},"categories":[611],"tags":[],"class_list":["post-7456","post","type-post","status-publish","format-standard","has-post-thumbnail","hentry","category-noticias"],"acf":[],"yoast_head":"<!-- This site is optimized with the Yoast SEO plugin v27.2 - https:\/\/yoast.com\/product\/yoast-seo-wordpress\/ -->\n<title>\u00c9 HOJE - Programa Especial no YouTube fecha os 15 anos da Beatifica\u00e7\u00e3o<\/title>\n<meta name=\"description\" content=\"O Secretariado Nacional da Causa de Canoniza\u00e7\u00e3o do Beato Padre Eust\u00e1quio preparou um grande programa musical e oracional para encerrar as comemora\u00e7\u00f5es dos 15 anos da Beatifica\u00e7\u00e3o de Padre Eust\u00e1quio. Ele vai ao ar hoje, 03 de novembro, \u00e0s 20h30.\" \/>\n<meta name=\"robots\" content=\"index, follow, max-snippet:-1, max-image-preview:large, max-video-preview:-1\" \/>\n<link rel=\"canonical\" href=\"https:\/\/www.padreeustaquio.com.br\/en\/and-today-a-special-program-on-youtube-marks-the-15th-anniversary-of-the-beatification\/\" \/>\n<meta property=\"og:locale\" content=\"en_US\" \/>\n<meta property=\"og:type\" content=\"article\" \/>\n<meta property=\"og:title\" content=\"\u00c9 HOJE - Programa Especial no YouTube fecha os 15 anos da Beatifica\u00e7\u00e3o\" \/>\n<meta property=\"og:description\" content=\"O Secretariado Nacional da Causa de Canoniza\u00e7\u00e3o do Beato Padre Eust\u00e1quio preparou um grande programa musical e oracional para encerrar as comemora\u00e7\u00f5es dos 15 anos da Beatifica\u00e7\u00e3o de Padre Eust\u00e1quio. Ele vai ao ar hoje, 03 de novembro, \u00e0s 20h30.\" \/>\n<meta property=\"og:url\" content=\"https:\/\/www.padreeustaquio.com.br\/en\/and-today-a-special-program-on-youtube-marks-the-15th-anniversary-of-the-beatification\/\" \/>\n<meta property=\"og:site_name\" content=\"Padre Eust\u00e1quio\" \/>\n<meta property=\"article:publisher\" content=\"https:\/\/www.facebook.com\/beatopadreeustaquio\/\" \/>\n<meta property=\"article:published_time\" content=\"2021-11-03T09:28:00+00:00\" \/>\n<meta property=\"og:image\" content=\"https:\/\/www.padreeustaquio.com.br\/wp-content\/uploads\/2021\/11\/Musica-e-Oracao-2.jpeg\" \/>\n\t<meta property=\"og:image:width\" content=\"1600\" \/>\n\t<meta property=\"og:image:height\" content=\"1200\" \/>\n\t<meta property=\"og:image:type\" content=\"image\/jpeg\" \/>\n<meta name=\"author\" content=\"@sscc\" \/>\n<meta name=\"twitter:card\" content=\"summary_large_image\" \/>\n<meta name=\"twitter:creator\" content=\"@beatopeustaquio\" \/>\n<meta name=\"twitter:site\" content=\"@beatopeustaquio\" \/>\n<meta name=\"twitter:label1\" content=\"Written by\" \/>\n\t<meta name=\"twitter:data1\" content=\"@sscc\" \/>\n\t<meta name=\"twitter:label2\" content=\"Est. reading time\" \/>\n\t<meta name=\"twitter:data2\" content=\"1 minute\" \/>\n<script type=\"application\/ld+json\" class=\"yoast-schema-graph\">{\"@context\":\"https:\/\/schema.org\",\"@graph\":[{\"@type\":\"Article\",\"@id\":\"https:\/\/www.padreeustaquio.com.br\/e-hoje-programa-especial-no-youtube-fecha-os-15-anos-da-beatificacao\/#article\",\"isPartOf\":{\"@id\":\"https:\/\/www.padreeustaquio.com.br\/e-hoje-programa-especial-no-youtube-fecha-os-15-anos-da-beatificacao\/\"},\"author\":{\"name\":\"@sscc\",\"@id\":\"https:\/\/www.padreeustaquio.com.br\/#\/schema\/person\/a2a51db1d00f1a7af0204a0f1ddb1566\"},\"headline\":\"\u00c9 HOJE &#8211; Programa Especial no YouTube fecha os 15 anos da Beatifica\u00e7\u00e3o\",\"datePublished\":\"2021-11-03T09:28:00+00:00\",\"mainEntityOfPage\":{\"@id\":\"https:\/\/www.padreeustaquio.com.br\/e-hoje-programa-especial-no-youtube-fecha-os-15-anos-da-beatificacao\/\"},\"wordCount\":247,\"commentCount\":0,\"publisher\":{\"@id\":\"https:\/\/www.padreeustaquio.com.br\/#organization\"},\"image\":{\"@id\":\"https:\/\/www.padreeustaquio.com.br\/e-hoje-programa-especial-no-youtube-fecha-os-15-anos-da-beatificacao\/#primaryimage\"},\"thumbnailUrl\":\"https:\/\/www.padreeustaquio.com.br\/wp-content\/uploads\/2021\/11\/Musica-e-Oracao-2.jpeg\",\"articleSection\":[\"Not\u00edcias\"],\"inLanguage\":\"en-US\",\"potentialAction\":[{\"@type\":\"CommentAction\",\"name\":\"Comment\",\"target\":[\"https:\/\/www.padreeustaquio.com.br\/e-hoje-programa-especial-no-youtube-fecha-os-15-anos-da-beatificacao\/#respond\"]}]},{\"@type\":\"WebPage\",\"@id\":\"https:\/\/www.padreeustaquio.com.br\/e-hoje-programa-especial-no-youtube-fecha-os-15-anos-da-beatificacao\/\",\"url\":\"https:\/\/www.padreeustaquio.com.br\/e-hoje-programa-especial-no-youtube-fecha-os-15-anos-da-beatificacao\/\",\"name\":\"\u00c9 HOJE - Programa Especial no YouTube fecha os 15 anos da Beatifica\u00e7\u00e3o\",\"isPartOf\":{\"@id\":\"https:\/\/www.padreeustaquio.com.br\/#website\"},\"primaryImageOfPage\":{\"@id\":\"https:\/\/www.padreeustaquio.com.br\/e-hoje-programa-especial-no-youtube-fecha-os-15-anos-da-beatificacao\/#primaryimage\"},\"image\":{\"@id\":\"https:\/\/www.padreeustaquio.com.br\/e-hoje-programa-especial-no-youtube-fecha-os-15-anos-da-beatificacao\/#primaryimage\"},\"thumbnailUrl\":\"https:\/\/www.padreeustaquio.com.br\/wp-content\/uploads\/2021\/11\/Musica-e-Oracao-2.jpeg\",\"datePublished\":\"2021-11-03T09:28:00+00:00\",\"description\":\"O Secretariado Nacional da Causa de Canoniza\u00e7\u00e3o do Beato Padre Eust\u00e1quio preparou um grande programa musical e oracional para encerrar as comemora\u00e7\u00f5es dos 15 anos da Beatifica\u00e7\u00e3o de Padre Eust\u00e1quio. Ele vai ao ar hoje, 03 de novembro, \u00e0s 20h30.\",\"breadcrumb\":{\"@id\":\"https:\/\/www.padreeustaquio.com.br\/e-hoje-programa-especial-no-youtube-fecha-os-15-anos-da-beatificacao\/#breadcrumb\"},\"inLanguage\":\"en-US\",\"potentialAction\":[{\"@type\":\"ReadAction\",\"target\":[\"https:\/\/www.padreeustaquio.com.br\/e-hoje-programa-especial-no-youtube-fecha-os-15-anos-da-beatificacao\/\"]}]},{\"@type\":\"ImageObject\",\"inLanguage\":\"en-US\",\"@id\":\"https:\/\/www.padreeustaquio.com.br\/e-hoje-programa-especial-no-youtube-fecha-os-15-anos-da-beatificacao\/#primaryimage\",\"url\":\"https:\/\/www.padreeustaquio.com.br\/wp-content\/uploads\/2021\/11\/Musica-e-Oracao-2.jpeg\",\"contentUrl\":\"https:\/\/www.padreeustaquio.com.br\/wp-content\/uploads\/2021\/11\/Musica-e-Oracao-2.jpeg\",\"width\":1600,\"height\":1200},{\"@type\":\"BreadcrumbList\",\"@id\":\"https:\/\/www.padreeustaquio.com.br\/e-hoje-programa-especial-no-youtube-fecha-os-15-anos-da-beatificacao\/#breadcrumb\",\"itemListElement\":[{\"@type\":\"ListItem\",\"position\":1,\"name\":\"In\u00edcio\",\"item\":\"https:\/\/www.padreeustaquio.com.br\/\"},{\"@type\":\"ListItem\",\"position\":2,\"name\":\"\u00c9 HOJE &#8211; Programa Especial no YouTube fecha os 15 anos da Beatifica\u00e7\u00e3o\"}]},{\"@type\":\"WebSite\",\"@id\":\"https:\/\/www.padreeustaquio.com.br\/#website\",\"url\":\"https:\/\/www.padreeustaquio.com.br\/\",\"name\":\"Padre Eust\u00e1quio\",\"description\":\"Sa\u00fade e Paz\",\"publisher\":{\"@id\":\"https:\/\/www.padreeustaquio.com.br\/#organization\"},\"potentialAction\":[{\"@type\":\"SearchAction\",\"target\":{\"@type\":\"EntryPoint\",\"urlTemplate\":\"https:\/\/www.padreeustaquio.com.br\/?s={search_term_string}\"},\"query-input\":{\"@type\":\"PropertyValueSpecification\",\"valueRequired\":true,\"valueName\":\"search_term_string\"}}],\"inLanguage\":\"en-US\"},{\"@type\":\"Organization\",\"@id\":\"https:\/\/www.padreeustaquio.com.br\/#organization\",\"name\":\"Padre Eust\u00e1quio\",\"url\":\"https:\/\/www.padreeustaquio.com.br\/\",\"logo\":{\"@type\":\"ImageObject\",\"inLanguage\":\"en-US\",\"@id\":\"https:\/\/www.padreeustaquio.com.br\/#\/schema\/logo\/image\/\",\"url\":\"https:\/\/www.padreeustaquio.com.br\/wp-content\/uploads\/2019\/08\/marca.png\",\"contentUrl\":\"https:\/\/www.padreeustaquio.com.br\/wp-content\/uploads\/2019\/08\/marca.png\",\"width\":350,\"height\":400,\"caption\":\"Padre Eust\u00e1quio\"},\"image\":{\"@id\":\"https:\/\/www.padreeustaquio.com.br\/#\/schema\/logo\/image\/\"},\"sameAs\":[\"https:\/\/www.facebook.com\/beatopadreeustaquio\/\",\"https:\/\/x.com\/beatopeustaquio\",\"https:\/\/www.instagram.com\/beatopadreeustaquio\/\",\"https:\/\/www.youtube.com\/channel\/UCRhw7vfabnajwLxb1ZXMeIw\"]},{\"@type\":\"Person\",\"@id\":\"https:\/\/www.padreeustaquio.com.br\/#\/schema\/person\/a2a51db1d00f1a7af0204a0f1ddb1566\",\"name\":\"@sscc\",\"image\":{\"@type\":\"ImageObject\",\"inLanguage\":\"en-US\",\"@id\":\"https:\/\/secure.gravatar.com\/avatar\/68cfafa5f44617fea54071e215026e0ff06be366c3d54a8425f04fdcb86f8c5f?s=96&d=mm&r=g\",\"url\":\"https:\/\/secure.gravatar.com\/avatar\/68cfafa5f44617fea54071e215026e0ff06be366c3d54a8425f04fdcb86f8c5f?s=96&d=mm&r=g\",\"contentUrl\":\"https:\/\/secure.gravatar.com\/avatar\/68cfafa5f44617fea54071e215026e0ff06be366c3d54a8425f04fdcb86f8c5f?s=96&d=mm&r=g\",\"caption\":\"@sscc\"},\"url\":\"https:\/\/www.padreeustaquio.com.br\/en\/author\/sscc\/\"}]}<\/script>\n<!-- \/ Yoast SEO plugin. -->","yoast_head_json":{"title":"TODAY - Special Program on YouTube marks the 15th anniversary of the Beatification.","description":"The National Secretariat for the Cause of Canonization of Blessed Father Eustace has prepared a grand musical and prayer program to conclude the celebrations of the 15th anniversary of Father Eustace&#039;s Beatification. It will air today, November 3rd, at 8:30 PM.","robots":{"index":"index","follow":"follow","max-snippet":"max-snippet:-1","max-image-preview":"max-image-preview:large","max-video-preview":"max-video-preview:-1"},"canonical":"https:\/\/www.padreeustaquio.com.br\/en\/and-today-a-special-program-on-youtube-marks-the-15th-anniversary-of-the-beatification\/","og_locale":"en_US","og_type":"article","og_title":"\u00c9 HOJE - Programa Especial no YouTube fecha os 15 anos da Beatifica\u00e7\u00e3o","og_description":"O Secretariado Nacional da Causa de Canoniza\u00e7\u00e3o do Beato Padre Eust\u00e1quio preparou um grande programa musical e oracional para encerrar as comemora\u00e7\u00f5es dos 15 anos da Beatifica\u00e7\u00e3o de Padre Eust\u00e1quio. Ele vai ao ar hoje, 03 de novembro, \u00e0s 20h30.","og_url":"https:\/\/www.padreeustaquio.com.br\/en\/and-today-a-special-program-on-youtube-marks-the-15th-anniversary-of-the-beatification\/","og_site_name":"Padre Eust\u00e1quio","article_publisher":"https:\/\/www.facebook.com\/beatopadreeustaquio\/","article_published_time":"2021-11-03T09:28:00+00:00","og_image":[{"width":1600,"height":1200,"url":"https:\/\/www.padreeustaquio.com.br\/wp-content\/uploads\/2021\/11\/Musica-e-Oracao-2.jpeg","type":"image\/jpeg"}],"author":"@sscc","twitter_card":"summary_large_image","twitter_creator":"@beatopeustaquio","twitter_site":"@beatopeustaquio","twitter_misc":{"Written by":"@sscc","Est. reading time":"1 minute"},"schema":{"@context":"https:\/\/schema.org","@graph":[{"@type":"Article","@id":"https:\/\/www.padreeustaquio.com.br\/e-hoje-programa-especial-no-youtube-fecha-os-15-anos-da-beatificacao\/#article","isPartOf":{"@id":"https:\/\/www.padreeustaquio.com.br\/e-hoje-programa-especial-no-youtube-fecha-os-15-anos-da-beatificacao\/"},"author":{"name":"@sscc","@id":"https:\/\/www.padreeustaquio.com.br\/#\/schema\/person\/a2a51db1d00f1a7af0204a0f1ddb1566"},"headline":"\u00c9 HOJE &#8211; Programa Especial no YouTube fecha os 15 anos da Beatifica\u00e7\u00e3o","datePublished":"2021-11-03T09:28:00+00:00","mainEntityOfPage":{"@id":"https:\/\/www.padreeustaquio.com.br\/e-hoje-programa-especial-no-youtube-fecha-os-15-anos-da-beatificacao\/"},"wordCount":247,"commentCount":0,"publisher":{"@id":"https:\/\/www.padreeustaquio.com.br\/#organization"},"image":{"@id":"https:\/\/www.padreeustaquio.com.br\/e-hoje-programa-especial-no-youtube-fecha-os-15-anos-da-beatificacao\/#primaryimage"},"thumbnailUrl":"https:\/\/www.padreeustaquio.com.br\/wp-content\/uploads\/2021\/11\/Musica-e-Oracao-2.jpeg","articleSection":["Not\u00edcias"],"inLanguage":"en-US","potentialAction":[{"@type":"CommentAction","name":"Comment","target":["https:\/\/www.padreeustaquio.com.br\/e-hoje-programa-especial-no-youtube-fecha-os-15-anos-da-beatificacao\/#respond"]}]},{"@type":"WebPage","@id":"https:\/\/www.padreeustaquio.com.br\/e-hoje-programa-especial-no-youtube-fecha-os-15-anos-da-beatificacao\/","url":"https:\/\/www.padreeustaquio.com.br\/e-hoje-programa-especial-no-youtube-fecha-os-15-anos-da-beatificacao\/","name":"TODAY - Special Program on YouTube marks the 15th anniversary of the Beatification.","isPartOf":{"@id":"https:\/\/www.padreeustaquio.com.br\/#website"},"primaryImageOfPage":{"@id":"https:\/\/www.padreeustaquio.com.br\/e-hoje-programa-especial-no-youtube-fecha-os-15-anos-da-beatificacao\/#primaryimage"},"image":{"@id":"https:\/\/www.padreeustaquio.com.br\/e-hoje-programa-especial-no-youtube-fecha-os-15-anos-da-beatificacao\/#primaryimage"},"thumbnailUrl":"https:\/\/www.padreeustaquio.com.br\/wp-content\/uploads\/2021\/11\/Musica-e-Oracao-2.jpeg","datePublished":"2021-11-03T09:28:00+00:00","description":"The National Secretariat for the Cause of Canonization of Blessed Father Eustace has prepared a grand musical and prayer program to conclude the celebrations of the 15th anniversary of Father Eustace&#039;s Beatification. It will air today, November 3rd, at 8:30 PM.","breadcrumb":{"@id":"https:\/\/www.padreeustaquio.com.br\/e-hoje-programa-especial-no-youtube-fecha-os-15-anos-da-beatificacao\/#breadcrumb"},"inLanguage":"en-US","potentialAction":[{"@type":"ReadAction","target":["https:\/\/www.padreeustaquio.com.br\/e-hoje-programa-especial-no-youtube-fecha-os-15-anos-da-beatificacao\/"]}]},{"@type":"ImageObject","inLanguage":"en-US","@id":"https:\/\/www.padreeustaquio.com.br\/e-hoje-programa-especial-no-youtube-fecha-os-15-anos-da-beatificacao\/#primaryimage","url":"https:\/\/www.padreeustaquio.com.br\/wp-content\/uploads\/2021\/11\/Musica-e-Oracao-2.jpeg","contentUrl":"https:\/\/www.padreeustaquio.com.br\/wp-content\/uploads\/2021\/11\/Musica-e-Oracao-2.jpeg","width":1600,"height":1200},{"@type":"BreadcrumbList","@id":"https:\/\/www.padreeustaquio.com.br\/e-hoje-programa-especial-no-youtube-fecha-os-15-anos-da-beatificacao\/#breadcrumb","itemListElement":[{"@type":"ListItem","position":1,"name":"In\u00edcio","item":"https:\/\/www.padreeustaquio.com.br\/"},{"@type":"ListItem","position":2,"name":"\u00c9 HOJE &#8211; Programa Especial no YouTube fecha os 15 anos da Beatifica\u00e7\u00e3o"}]},{"@type":"WebSite","@id":"https:\/\/www.padreeustaquio.com.br\/#website","url":"https:\/\/www.padreeustaquio.com.br\/","name":"FATHER EUST\u00c1QUIO","description":"Health and Peace","publisher":{"@id":"https:\/\/www.padreeustaquio.com.br\/#organization"},"potentialAction":[{"@type":"SearchAction","target":{"@type":"EntryPoint","urlTemplate":"https:\/\/www.padreeustaquio.com.br\/?s={search_term_string}"},"query-input":{"@type":"PropertyValueSpecification","valueRequired":true,"valueName":"search_term_string"}}],"inLanguage":"en-US"},{"@type":"Organization","@id":"https:\/\/www.padreeustaquio.com.br\/#organization","name":"FATHER EUST\u00c1QUIO","url":"https:\/\/www.padreeustaquio.com.br\/","logo":{"@type":"ImageObject","inLanguage":"en-US","@id":"https:\/\/www.padreeustaquio.com.br\/#\/schema\/logo\/image\/","url":"https:\/\/www.padreeustaquio.com.br\/wp-content\/uploads\/2019\/08\/marca.png","contentUrl":"https:\/\/www.padreeustaquio.com.br\/wp-content\/uploads\/2019\/08\/marca.png","width":350,"height":400,"caption":"Padre Eust\u00e1quio"},"image":{"@id":"https:\/\/www.padreeustaquio.com.br\/#\/schema\/logo\/image\/"},"sameAs":["https:\/\/www.facebook.com\/beatopadreeustaquio\/","https:\/\/x.com\/beatopeustaquio","https:\/\/www.instagram.com\/beatopadreeustaquio\/","https:\/\/www.youtube.com\/channel\/UCRhw7vfabnajwLxb1ZXMeIw"]},{"@type":"Person","@id":"https:\/\/www.padreeustaquio.com.br\/#\/schema\/person\/a2a51db1d00f1a7af0204a0f1ddb1566","name":"@sscc","image":{"@type":"ImageObject","inLanguage":"en-US","@id":"https:\/\/secure.gravatar.com\/avatar\/68cfafa5f44617fea54071e215026e0ff06be366c3d54a8425f04fdcb86f8c5f?s=96&d=mm&r=g","url":"https:\/\/secure.gravatar.com\/avatar\/68cfafa5f44617fea54071e215026e0ff06be366c3d54a8425f04fdcb86f8c5f?s=96&d=mm&r=g","contentUrl":"https:\/\/secure.gravatar.com\/avatar\/68cfafa5f44617fea54071e215026e0ff06be366c3d54a8425f04fdcb86f8c5f?s=96&d=mm&r=g","caption":"@sscc"},"url":"https:\/\/www.padreeustaquio.com.br\/en\/author\/sscc\/"}]}},"_links":{"self":[{"href":"https:\/\/www.padreeustaquio.com.br\/en\/wp-json\/wp\/v2\/posts\/7456","targetHints":{"allow":["GET"]}}],"collection":[{"href":"https:\/\/www.padreeustaquio.com.br\/en\/wp-json\/wp\/v2\/posts"}],"about":[{"href":"https:\/\/www.padreeustaquio.com.br\/en\/wp-json\/wp\/v2\/types\/post"}],"author":[{"embeddable":true,"href":"https:\/\/www.padreeustaquio.com.br\/en\/wp-json\/wp\/v2\/users\/2"}],"replies":[{"embeddable":true,"href":"https:\/\/www.padreeustaquio.com.br\/en\/wp-json\/wp\/v2\/comments?post=7456"}],"version-history":[{"count":0,"href":"https:\/\/www.padreeustaquio.com.br\/en\/wp-json\/wp\/v2\/posts\/7456\/revisions"}],"wp:featuredmedia":[{"embeddable":true,"href":"https:\/\/www.padreeustaquio.com.br\/en\/wp-json\/wp\/v2\/media\/7457"}],"wp:attachment":[{"href":"https:\/\/www.padreeustaquio.com.br\/en\/wp-json\/wp\/v2\/media?parent=7456"}],"wp:term":[{"taxonomy":"category","embeddable":true,"href":"https:\/\/www.padreeustaquio.com.br\/en\/wp-json\/wp\/v2\/categories?post=7456"},{"taxonomy":"post_tag","embeddable":true,"href":"https:\/\/www.padreeustaquio.com.br\/en\/wp-json\/wp\/v2\/tags?post=7456"}],"curies":[{"name":"wp","href":"https:\/\/api.w.org\/{rel}","templated":true}]}}