{"id":7438,"date":"2021-11-01T10:58:00","date_gmt":"2021-11-01T13:58:00","guid":{"rendered":"https:\/\/www.padreeustaquio.com.br\/?p=7438"},"modified":"2021-11-01T10:58:55","modified_gmt":"2021-11-01T13:58:55","slug":"vice-postulator-presides-over-mass-at-the-closing-of-the-senior-citizens-meeting","status":"publish","type":"post","link":"https:\/\/www.padreeustaquio.com.br\/en\/vice-postulator-presides-over-mass-at-the-closing-of-the-senior-citizens-meeting\/","title":{"rendered":"Vice-postulator presides over Mass at the closing of the Senior Citizens&#039; Meeting."},"content":{"rendered":"<p>The closing Mass of the 22nd National Meeting of Senior Citizens (Dedo de Prosa) was presided over by Father Vin\u00edcius Maciel, ss.cc., vice-postulator, responsible for the Cause of Canonization of Blessed Father Eust\u00e1quio in Brazil. The celebration, held on Sunday the 31st at 3 pm, was marked by great faith and emotion.<\/p>\n\n\n\n<p>With the theme &quot;I see flowers in you,&quot; the gathering brought together around 800 people from various parts of the country. After almost two years without a major event, the &quot;Dedo de Prosa&quot; meeting returned in full force. It was a four-day, comprehensive event, featuring a talent festival, workshops, activities, shows, themed dances, a mass, beach time, sun, sea, and moments of connection with wonderful people from all over the country.<\/p>\n\n\n\n<div class=\"wp-block-image\"><figure class=\"alignleft size-full is-resized\"><img fetchpriority=\"high\" decoding=\"async\" src=\"https:\/\/www.padreeustaquio.com.br\/wp-content\/uploads\/2021\/11\/Padre-Vinicius-no-Dedo-de-Prosa-ok.jpeg\" alt=\"\" class=\"wp-image-7441\" width=\"316\" height=\"257\" srcset=\"https:\/\/www.padreeustaquio.com.br\/wp-content\/uploads\/2021\/11\/Padre-Vinicius-no-Dedo-de-Prosa-ok.jpeg 576w, https:\/\/www.padreeustaquio.com.br\/wp-content\/uploads\/2021\/11\/Padre-Vinicius-no-Dedo-de-Prosa-ok-300x244.jpeg 300w\" sizes=\"(max-width: 316px) 100vw, 316px\" \/><\/figure><\/div>\n\n\n\n<p>During the Eucharistic Celebration, participants had moments of reflection and prayer, in addition to listening to the words of Father Vin\u00edcius Maciel, who focused his homily on hope, mainly meditating on the difficult time of the pandemic, but always seeking to live each minute of life intensely, now that everything is passing. Many elderly people were moved, especially at the opening of the event on the 28th, when the priest entered the main theater, accompanied by volunteers who carried the image of the Risen Christ as a sign of faith and hope.<\/p>\n\n\n\n<p>The meeting took place at Sesc Praia Formosa, in Aracruz, Esp\u00edrito Santo, a tourism center located a few meters from the beach and about 50km from Vit\u00f3ria Airport, near indigenous villages that offer the opportunity to see the culture of the region&#039;s indigenous people up close.<\/p>\n\n\n\n<p>The &quot;Encontro Dedo de Prosa&quot; (Encounter of a Little Chat) originated from the &quot;Programa Dedo de Prosa&quot; (Program of the Little Chat), which is the first Brazilian television program aimed at senior citizens. Hosted by Juarez Elisi\u00e1rio, it is an excellent entertainment option and a space for discussions about active aging in the population.<\/p>","protected":false},"excerpt":{"rendered":"<p>A Santa Missa de encerramento do 22\u00ba Encontro Nacional Dedo de Prosa da Melhor idade foi presidida pelo padre Vin\u00edcius Maciel, ss.cc., vice-postulador, respons\u00e1vel pela Causa de Canoniza\u00e7\u00e3o do Beato Padre Eust\u00e1quio no Brasil. A celebra\u00e7\u00e3o realizada ness domingo, dia 31, \u00e0s 15h, foi marcada por muita f\u00e9 e emo\u00e7\u00e3o. Com o tema \u201cEu vejo flores em voc\u00ea\u201d o encontro reuniu cerca de 800 pessoas de v\u00e1rias partes do pa\u00eds. Depois de ficar quase dois anos sem a realiza\u00e7\u00e3o de um grande evento, o encontro \u201cDedo de Prosa\u201d voltou com for\u00e7a total. Foram quatro dias de um evento completo, com [&hellip;]<\/p>\n","protected":false},"author":2,"featured_media":7439,"comment_status":"open","ping_status":"closed","sticky":false,"template":"","format":"standard","meta":{"_acf_changed":false,"footnotes":""},"categories":[611],"tags":[],"class_list":["post-7438","post","type-post","status-publish","format-standard","has-post-thumbnail","hentry","category-noticias"],"acf":[],"yoast_head":"<!-- This site is optimized with the Yoast SEO plugin v27.2 - https:\/\/yoast.com\/product\/yoast-seo-wordpress\/ -->\n<title>Vice-postulador preside missa em encerramento de Encontro da 3\u00aa idade<\/title>\n<meta name=\"description\" content=\"A Santa Missa de encerramento do 22\u00ba Encontro Nacional Dedo de Prosa da Melhor idade foi presidida pelo padre Vin\u00edcius Maciel, ss.cc., vice-postulador, respons\u00e1vel pela Causa de Canoniza\u00e7\u00e3o do Beato Padre Eust\u00e1quio no Brasil. A celebra\u00e7\u00e3o realizada ness domingo, dia 31, \u00e0s 15h, foi marcada por muita f\u00e9 e emo\u00e7\u00e3o.\" \/>\n<meta name=\"robots\" content=\"index, follow, max-snippet:-1, max-image-preview:large, max-video-preview:-1\" \/>\n<link rel=\"canonical\" href=\"https:\/\/www.padreeustaquio.com.br\/en\/vice-postulator-presides-over-mass-at-the-closing-of-the-senior-citizens-meeting\/\" \/>\n<meta property=\"og:locale\" content=\"en_US\" \/>\n<meta property=\"og:type\" content=\"article\" \/>\n<meta property=\"og:title\" content=\"Vice-postulador preside missa em encerramento de Encontro da 3\u00aa idade\" \/>\n<meta property=\"og:description\" content=\"A Santa Missa de encerramento do 22\u00ba Encontro Nacional Dedo de Prosa da Melhor idade foi presidida pelo padre Vin\u00edcius Maciel, ss.cc., vice-postulador, respons\u00e1vel pela Causa de Canoniza\u00e7\u00e3o do Beato Padre Eust\u00e1quio no Brasil. A celebra\u00e7\u00e3o realizada ness domingo, dia 31, \u00e0s 15h, foi marcada por muita f\u00e9 e emo\u00e7\u00e3o.\" \/>\n<meta property=\"og:url\" content=\"https:\/\/www.padreeustaquio.com.br\/en\/vice-postulator-presides-over-mass-at-the-closing-of-the-senior-citizens-meeting\/\" \/>\n<meta property=\"og:site_name\" content=\"Padre Eust\u00e1quio\" \/>\n<meta property=\"article:publisher\" content=\"https:\/\/www.facebook.com\/beatopadreeustaquio\/\" \/>\n<meta property=\"article:published_time\" content=\"2021-11-01T13:58:00+00:00\" \/>\n<meta property=\"article:modified_time\" content=\"2021-11-01T13:58:55+00:00\" \/>\n<meta property=\"og:image\" content=\"https:\/\/www.padreeustaquio.com.br\/wp-content\/uploads\/2021\/11\/Missa-encerramento-Dedo-de-Prosa.jpeg\" \/>\n\t<meta property=\"og:image:width\" content=\"1600\" \/>\n\t<meta property=\"og:image:height\" content=\"1200\" \/>\n\t<meta property=\"og:image:type\" content=\"image\/jpeg\" \/>\n<meta name=\"author\" content=\"@sscc\" \/>\n<meta name=\"twitter:card\" content=\"summary_large_image\" \/>\n<meta name=\"twitter:creator\" content=\"@beatopeustaquio\" \/>\n<meta name=\"twitter:site\" content=\"@beatopeustaquio\" \/>\n<meta name=\"twitter:label1\" content=\"Written by\" \/>\n\t<meta name=\"twitter:data1\" content=\"@sscc\" \/>\n\t<meta name=\"twitter:label2\" content=\"Est. reading time\" \/>\n\t<meta name=\"twitter:data2\" content=\"2 minutes\" \/>\n<script type=\"application\/ld+json\" class=\"yoast-schema-graph\">{\"@context\":\"https:\/\/schema.org\",\"@graph\":[{\"@type\":\"Article\",\"@id\":\"https:\/\/www.padreeustaquio.com.br\/vice-postulador-preside-missa-no-encerramento-do-encontro-da-3a-idade\/#article\",\"isPartOf\":{\"@id\":\"https:\/\/www.padreeustaquio.com.br\/vice-postulador-preside-missa-no-encerramento-do-encontro-da-3a-idade\/\"},\"author\":{\"name\":\"@sscc\",\"@id\":\"https:\/\/www.padreeustaquio.com.br\/#\/schema\/person\/a2a51db1d00f1a7af0204a0f1ddb1566\"},\"headline\":\"Vice-postulador preside missa em encerramento de Encontro da 3\u00aa idade\",\"datePublished\":\"2021-11-01T13:58:00+00:00\",\"dateModified\":\"2021-11-01T13:58:55+00:00\",\"mainEntityOfPage\":{\"@id\":\"https:\/\/www.padreeustaquio.com.br\/vice-postulador-preside-missa-no-encerramento-do-encontro-da-3a-idade\/\"},\"wordCount\":350,\"commentCount\":0,\"publisher\":{\"@id\":\"https:\/\/www.padreeustaquio.com.br\/#organization\"},\"image\":{\"@id\":\"https:\/\/www.padreeustaquio.com.br\/vice-postulador-preside-missa-no-encerramento-do-encontro-da-3a-idade\/#primaryimage\"},\"thumbnailUrl\":\"https:\/\/www.padreeustaquio.com.br\/wp-content\/uploads\/2021\/11\/Missa-encerramento-Dedo-de-Prosa.jpeg\",\"articleSection\":[\"Not\u00edcias\"],\"inLanguage\":\"en-US\",\"potentialAction\":[{\"@type\":\"CommentAction\",\"name\":\"Comment\",\"target\":[\"https:\/\/www.padreeustaquio.com.br\/vice-postulador-preside-missa-no-encerramento-do-encontro-da-3a-idade\/#respond\"]}]},{\"@type\":\"WebPage\",\"@id\":\"https:\/\/www.padreeustaquio.com.br\/vice-postulador-preside-missa-no-encerramento-do-encontro-da-3a-idade\/\",\"url\":\"https:\/\/www.padreeustaquio.com.br\/vice-postulador-preside-missa-no-encerramento-do-encontro-da-3a-idade\/\",\"name\":\"Vice-postulador preside missa em encerramento de Encontro da 3\u00aa idade\",\"isPartOf\":{\"@id\":\"https:\/\/www.padreeustaquio.com.br\/#website\"},\"primaryImageOfPage\":{\"@id\":\"https:\/\/www.padreeustaquio.com.br\/vice-postulador-preside-missa-no-encerramento-do-encontro-da-3a-idade\/#primaryimage\"},\"image\":{\"@id\":\"https:\/\/www.padreeustaquio.com.br\/vice-postulador-preside-missa-no-encerramento-do-encontro-da-3a-idade\/#primaryimage\"},\"thumbnailUrl\":\"https:\/\/www.padreeustaquio.com.br\/wp-content\/uploads\/2021\/11\/Missa-encerramento-Dedo-de-Prosa.jpeg\",\"datePublished\":\"2021-11-01T13:58:00+00:00\",\"dateModified\":\"2021-11-01T13:58:55+00:00\",\"description\":\"A Santa Missa de encerramento do 22\u00ba Encontro Nacional Dedo de Prosa da Melhor idade foi presidida pelo padre Vin\u00edcius Maciel, ss.cc., vice-postulador, respons\u00e1vel pela Causa de Canoniza\u00e7\u00e3o do Beato Padre Eust\u00e1quio no Brasil. A celebra\u00e7\u00e3o realizada ness domingo, dia 31, \u00e0s 15h, foi marcada por muita f\u00e9 e emo\u00e7\u00e3o.\",\"breadcrumb\":{\"@id\":\"https:\/\/www.padreeustaquio.com.br\/vice-postulador-preside-missa-no-encerramento-do-encontro-da-3a-idade\/#breadcrumb\"},\"inLanguage\":\"en-US\",\"potentialAction\":[{\"@type\":\"ReadAction\",\"target\":[\"https:\/\/www.padreeustaquio.com.br\/vice-postulador-preside-missa-no-encerramento-do-encontro-da-3a-idade\/\"]}]},{\"@type\":\"ImageObject\",\"inLanguage\":\"en-US\",\"@id\":\"https:\/\/www.padreeustaquio.com.br\/vice-postulador-preside-missa-no-encerramento-do-encontro-da-3a-idade\/#primaryimage\",\"url\":\"https:\/\/www.padreeustaquio.com.br\/wp-content\/uploads\/2021\/11\/Missa-encerramento-Dedo-de-Prosa.jpeg\",\"contentUrl\":\"https:\/\/www.padreeustaquio.com.br\/wp-content\/uploads\/2021\/11\/Missa-encerramento-Dedo-de-Prosa.jpeg\",\"width\":1600,\"height\":1200},{\"@type\":\"BreadcrumbList\",\"@id\":\"https:\/\/www.padreeustaquio.com.br\/vice-postulador-preside-missa-no-encerramento-do-encontro-da-3a-idade\/#breadcrumb\",\"itemListElement\":[{\"@type\":\"ListItem\",\"position\":1,\"name\":\"In\u00edcio\",\"item\":\"https:\/\/www.padreeustaquio.com.br\/\"},{\"@type\":\"ListItem\",\"position\":2,\"name\":\"Vice-postulador preside missa em encerramento de Encontro da 3\u00aa idade\"}]},{\"@type\":\"WebSite\",\"@id\":\"https:\/\/www.padreeustaquio.com.br\/#website\",\"url\":\"https:\/\/www.padreeustaquio.com.br\/\",\"name\":\"Padre Eust\u00e1quio\",\"description\":\"Sa\u00fade e Paz\",\"publisher\":{\"@id\":\"https:\/\/www.padreeustaquio.com.br\/#organization\"},\"potentialAction\":[{\"@type\":\"SearchAction\",\"target\":{\"@type\":\"EntryPoint\",\"urlTemplate\":\"https:\/\/www.padreeustaquio.com.br\/?s={search_term_string}\"},\"query-input\":{\"@type\":\"PropertyValueSpecification\",\"valueRequired\":true,\"valueName\":\"search_term_string\"}}],\"inLanguage\":\"en-US\"},{\"@type\":\"Organization\",\"@id\":\"https:\/\/www.padreeustaquio.com.br\/#organization\",\"name\":\"Padre Eust\u00e1quio\",\"url\":\"https:\/\/www.padreeustaquio.com.br\/\",\"logo\":{\"@type\":\"ImageObject\",\"inLanguage\":\"en-US\",\"@id\":\"https:\/\/www.padreeustaquio.com.br\/#\/schema\/logo\/image\/\",\"url\":\"https:\/\/www.padreeustaquio.com.br\/wp-content\/uploads\/2019\/08\/marca.png\",\"contentUrl\":\"https:\/\/www.padreeustaquio.com.br\/wp-content\/uploads\/2019\/08\/marca.png\",\"width\":350,\"height\":400,\"caption\":\"Padre Eust\u00e1quio\"},\"image\":{\"@id\":\"https:\/\/www.padreeustaquio.com.br\/#\/schema\/logo\/image\/\"},\"sameAs\":[\"https:\/\/www.facebook.com\/beatopadreeustaquio\/\",\"https:\/\/x.com\/beatopeustaquio\",\"https:\/\/www.instagram.com\/beatopadreeustaquio\/\",\"https:\/\/www.youtube.com\/channel\/UCRhw7vfabnajwLxb1ZXMeIw\"]},{\"@type\":\"Person\",\"@id\":\"https:\/\/www.padreeustaquio.com.br\/#\/schema\/person\/a2a51db1d00f1a7af0204a0f1ddb1566\",\"name\":\"@sscc\",\"image\":{\"@type\":\"ImageObject\",\"inLanguage\":\"en-US\",\"@id\":\"https:\/\/secure.gravatar.com\/avatar\/68cfafa5f44617fea54071e215026e0ff06be366c3d54a8425f04fdcb86f8c5f?s=96&d=mm&r=g\",\"url\":\"https:\/\/secure.gravatar.com\/avatar\/68cfafa5f44617fea54071e215026e0ff06be366c3d54a8425f04fdcb86f8c5f?s=96&d=mm&r=g\",\"contentUrl\":\"https:\/\/secure.gravatar.com\/avatar\/68cfafa5f44617fea54071e215026e0ff06be366c3d54a8425f04fdcb86f8c5f?s=96&d=mm&r=g\",\"caption\":\"@sscc\"},\"url\":\"https:\/\/www.padreeustaquio.com.br\/en\/author\/sscc\/\"}]}<\/script>\n<!-- \/ Yoast SEO plugin. -->","yoast_head_json":{"title":"Vice-postulator presides over Mass at the closing of the Senior Citizens&#039; Meeting.","description":"The closing Mass of the 22nd National Meeting of Senior Citizens (Dedo de Prosa) was presided over by Father Vin\u00edcius Maciel, ss.cc., vice-postulator, responsible for the Cause of Canonization of Blessed Father Eust\u00e1quio in Brazil. The celebration, held on Sunday the 31st at 3 pm, was marked by great faith and emotion.","robots":{"index":"index","follow":"follow","max-snippet":"max-snippet:-1","max-image-preview":"max-image-preview:large","max-video-preview":"max-video-preview:-1"},"canonical":"https:\/\/www.padreeustaquio.com.br\/en\/vice-postulator-presides-over-mass-at-the-closing-of-the-senior-citizens-meeting\/","og_locale":"en_US","og_type":"article","og_title":"Vice-postulador preside missa em encerramento de Encontro da 3\u00aa idade","og_description":"A Santa Missa de encerramento do 22\u00ba Encontro Nacional Dedo de Prosa da Melhor idade foi presidida pelo padre Vin\u00edcius Maciel, ss.cc., vice-postulador, respons\u00e1vel pela Causa de Canoniza\u00e7\u00e3o do Beato Padre Eust\u00e1quio no Brasil. A celebra\u00e7\u00e3o realizada ness domingo, dia 31, \u00e0s 15h, foi marcada por muita f\u00e9 e emo\u00e7\u00e3o.","og_url":"https:\/\/www.padreeustaquio.com.br\/en\/vice-postulator-presides-over-mass-at-the-closing-of-the-senior-citizens-meeting\/","og_site_name":"Padre Eust\u00e1quio","article_publisher":"https:\/\/www.facebook.com\/beatopadreeustaquio\/","article_published_time":"2021-11-01T13:58:00+00:00","article_modified_time":"2021-11-01T13:58:55+00:00","og_image":[{"width":1600,"height":1200,"url":"https:\/\/www.padreeustaquio.com.br\/wp-content\/uploads\/2021\/11\/Missa-encerramento-Dedo-de-Prosa.jpeg","type":"image\/jpeg"}],"author":"@sscc","twitter_card":"summary_large_image","twitter_creator":"@beatopeustaquio","twitter_site":"@beatopeustaquio","twitter_misc":{"Written by":"@sscc","Est. reading time":"2 minutes"},"schema":{"@context":"https:\/\/schema.org","@graph":[{"@type":"Article","@id":"https:\/\/www.padreeustaquio.com.br\/vice-postulador-preside-missa-no-encerramento-do-encontro-da-3a-idade\/#article","isPartOf":{"@id":"https:\/\/www.padreeustaquio.com.br\/vice-postulador-preside-missa-no-encerramento-do-encontro-da-3a-idade\/"},"author":{"name":"@sscc","@id":"https:\/\/www.padreeustaquio.com.br\/#\/schema\/person\/a2a51db1d00f1a7af0204a0f1ddb1566"},"headline":"Vice-postulador preside missa em encerramento de Encontro da 3\u00aa idade","datePublished":"2021-11-01T13:58:00+00:00","dateModified":"2021-11-01T13:58:55+00:00","mainEntityOfPage":{"@id":"https:\/\/www.padreeustaquio.com.br\/vice-postulador-preside-missa-no-encerramento-do-encontro-da-3a-idade\/"},"wordCount":350,"commentCount":0,"publisher":{"@id":"https:\/\/www.padreeustaquio.com.br\/#organization"},"image":{"@id":"https:\/\/www.padreeustaquio.com.br\/vice-postulador-preside-missa-no-encerramento-do-encontro-da-3a-idade\/#primaryimage"},"thumbnailUrl":"https:\/\/www.padreeustaquio.com.br\/wp-content\/uploads\/2021\/11\/Missa-encerramento-Dedo-de-Prosa.jpeg","articleSection":["Not\u00edcias"],"inLanguage":"en-US","potentialAction":[{"@type":"CommentAction","name":"Comment","target":["https:\/\/www.padreeustaquio.com.br\/vice-postulador-preside-missa-no-encerramento-do-encontro-da-3a-idade\/#respond"]}]},{"@type":"WebPage","@id":"https:\/\/www.padreeustaquio.com.br\/vice-postulador-preside-missa-no-encerramento-do-encontro-da-3a-idade\/","url":"https:\/\/www.padreeustaquio.com.br\/vice-postulador-preside-missa-no-encerramento-do-encontro-da-3a-idade\/","name":"Vice-postulator presides over Mass at the closing of the Senior Citizens&#039; Meeting.","isPartOf":{"@id":"https:\/\/www.padreeustaquio.com.br\/#website"},"primaryImageOfPage":{"@id":"https:\/\/www.padreeustaquio.com.br\/vice-postulador-preside-missa-no-encerramento-do-encontro-da-3a-idade\/#primaryimage"},"image":{"@id":"https:\/\/www.padreeustaquio.com.br\/vice-postulador-preside-missa-no-encerramento-do-encontro-da-3a-idade\/#primaryimage"},"thumbnailUrl":"https:\/\/www.padreeustaquio.com.br\/wp-content\/uploads\/2021\/11\/Missa-encerramento-Dedo-de-Prosa.jpeg","datePublished":"2021-11-01T13:58:00+00:00","dateModified":"2021-11-01T13:58:55+00:00","description":"The closing Mass of the 22nd National Meeting of Senior Citizens (Dedo de Prosa) was presided over by Father Vin\u00edcius Maciel, ss.cc., vice-postulator, responsible for the Cause of Canonization of Blessed Father Eust\u00e1quio in Brazil. The celebration, held on Sunday the 31st at 3 pm, was marked by great faith and emotion.","breadcrumb":{"@id":"https:\/\/www.padreeustaquio.com.br\/vice-postulador-preside-missa-no-encerramento-do-encontro-da-3a-idade\/#breadcrumb"},"inLanguage":"en-US","potentialAction":[{"@type":"ReadAction","target":["https:\/\/www.padreeustaquio.com.br\/vice-postulador-preside-missa-no-encerramento-do-encontro-da-3a-idade\/"]}]},{"@type":"ImageObject","inLanguage":"en-US","@id":"https:\/\/www.padreeustaquio.com.br\/vice-postulador-preside-missa-no-encerramento-do-encontro-da-3a-idade\/#primaryimage","url":"https:\/\/www.padreeustaquio.com.br\/wp-content\/uploads\/2021\/11\/Missa-encerramento-Dedo-de-Prosa.jpeg","contentUrl":"https:\/\/www.padreeustaquio.com.br\/wp-content\/uploads\/2021\/11\/Missa-encerramento-Dedo-de-Prosa.jpeg","width":1600,"height":1200},{"@type":"BreadcrumbList","@id":"https:\/\/www.padreeustaquio.com.br\/vice-postulador-preside-missa-no-encerramento-do-encontro-da-3a-idade\/#breadcrumb","itemListElement":[{"@type":"ListItem","position":1,"name":"In\u00edcio","item":"https:\/\/www.padreeustaquio.com.br\/"},{"@type":"ListItem","position":2,"name":"Vice-postulador preside missa em encerramento de Encontro da 3\u00aa idade"}]},{"@type":"WebSite","@id":"https:\/\/www.padreeustaquio.com.br\/#website","url":"https:\/\/www.padreeustaquio.com.br\/","name":"FATHER EUST\u00c1QUIO","description":"Health and Peace","publisher":{"@id":"https:\/\/www.padreeustaquio.com.br\/#organization"},"potentialAction":[{"@type":"SearchAction","target":{"@type":"EntryPoint","urlTemplate":"https:\/\/www.padreeustaquio.com.br\/?s={search_term_string}"},"query-input":{"@type":"PropertyValueSpecification","valueRequired":true,"valueName":"search_term_string"}}],"inLanguage":"en-US"},{"@type":"Organization","@id":"https:\/\/www.padreeustaquio.com.br\/#organization","name":"FATHER EUST\u00c1QUIO","url":"https:\/\/www.padreeustaquio.com.br\/","logo":{"@type":"ImageObject","inLanguage":"en-US","@id":"https:\/\/www.padreeustaquio.com.br\/#\/schema\/logo\/image\/","url":"https:\/\/www.padreeustaquio.com.br\/wp-content\/uploads\/2019\/08\/marca.png","contentUrl":"https:\/\/www.padreeustaquio.com.br\/wp-content\/uploads\/2019\/08\/marca.png","width":350,"height":400,"caption":"Padre Eust\u00e1quio"},"image":{"@id":"https:\/\/www.padreeustaquio.com.br\/#\/schema\/logo\/image\/"},"sameAs":["https:\/\/www.facebook.com\/beatopadreeustaquio\/","https:\/\/x.com\/beatopeustaquio","https:\/\/www.instagram.com\/beatopadreeustaquio\/","https:\/\/www.youtube.com\/channel\/UCRhw7vfabnajwLxb1ZXMeIw"]},{"@type":"Person","@id":"https:\/\/www.padreeustaquio.com.br\/#\/schema\/person\/a2a51db1d00f1a7af0204a0f1ddb1566","name":"@sscc","image":{"@type":"ImageObject","inLanguage":"en-US","@id":"https:\/\/secure.gravatar.com\/avatar\/68cfafa5f44617fea54071e215026e0ff06be366c3d54a8425f04fdcb86f8c5f?s=96&d=mm&r=g","url":"https:\/\/secure.gravatar.com\/avatar\/68cfafa5f44617fea54071e215026e0ff06be366c3d54a8425f04fdcb86f8c5f?s=96&d=mm&r=g","contentUrl":"https:\/\/secure.gravatar.com\/avatar\/68cfafa5f44617fea54071e215026e0ff06be366c3d54a8425f04fdcb86f8c5f?s=96&d=mm&r=g","caption":"@sscc"},"url":"https:\/\/www.padreeustaquio.com.br\/en\/author\/sscc\/"}]}},"_links":{"self":[{"href":"https:\/\/www.padreeustaquio.com.br\/en\/wp-json\/wp\/v2\/posts\/7438","targetHints":{"allow":["GET"]}}],"collection":[{"href":"https:\/\/www.padreeustaquio.com.br\/en\/wp-json\/wp\/v2\/posts"}],"about":[{"href":"https:\/\/www.padreeustaquio.com.br\/en\/wp-json\/wp\/v2\/types\/post"}],"author":[{"embeddable":true,"href":"https:\/\/www.padreeustaquio.com.br\/en\/wp-json\/wp\/v2\/users\/2"}],"replies":[{"embeddable":true,"href":"https:\/\/www.padreeustaquio.com.br\/en\/wp-json\/wp\/v2\/comments?post=7438"}],"version-history":[{"count":0,"href":"https:\/\/www.padreeustaquio.com.br\/en\/wp-json\/wp\/v2\/posts\/7438\/revisions"}],"wp:featuredmedia":[{"embeddable":true,"href":"https:\/\/www.padreeustaquio.com.br\/en\/wp-json\/wp\/v2\/media\/7439"}],"wp:attachment":[{"href":"https:\/\/www.padreeustaquio.com.br\/en\/wp-json\/wp\/v2\/media?parent=7438"}],"wp:term":[{"taxonomy":"category","embeddable":true,"href":"https:\/\/www.padreeustaquio.com.br\/en\/wp-json\/wp\/v2\/categories?post=7438"},{"taxonomy":"post_tag","embeddable":true,"href":"https:\/\/www.padreeustaquio.com.br\/en\/wp-json\/wp\/v2\/tags?post=7438"}],"curies":[{"name":"wp","href":"https:\/\/api.w.org\/{rel}","templated":true}]}}