{"id":7419,"date":"2021-10-30T09:45:55","date_gmt":"2021-10-30T12:45:55","guid":{"rendered":"https:\/\/www.padreeustaquio.com.br\/?p=7419"},"modified":"2021-10-30T09:46:01","modified_gmt":"2021-10-30T12:46:01","slug":"celebrating-as-a-family-a-guide-for-the-31st-sunday-in-ordinary-time","status":"publish","type":"post","link":"https:\/\/www.padreeustaquio.com.br\/en\/celebrating-as-a-family-a-guide-for-the-31st-sunday-in-ordinary-time\/","title":{"rendered":"Celebrating as a Family \u2013 Guide for the 31st Sunday in Ordinary Time"},"content":{"rendered":"<p>This weekend will mark the conclusion of Mission Month, with the theme &quot;Jesus Christ is Mission&quot; and the motto &quot;We cannot help speaking about what we have seen and heard&quot; (Acts 4:20). <\/p>\n\n\n\n<p>And to accompany this moment, the &quot;Celebrate as a Family&quot; guide, offered by the Episcopal Pastoral Commission for Liturgy of the National Conference of Bishops of Brazil (CNBB), is now available. <em>\u201cIn this family celebration of the \u201cLord\u2019s Day,\u201d we remember the Lord\u2019s Commandment. \u201cWe received from Jesus the commandment to love God and neighbor. In Him, we recognize the true worshipper of the Father and faithful servant of humanity. We celebrate the Easter of Jesus Christ, which manifests itself in all cultures, religions, and Churches that live Mercy,\u201d the script motivates.<\/em><\/p>\n\n\n\n<p>At the Health and Peace Sanctuary, there are three times when masses are broadcast via...\u00a0<a href=\"https:\/\/www.youtube.com\/channel\/UCRhw7vfabnajwLxb1ZXMeIw\">Padre Eust\u00e1quio Channel<\/a>\u00a0(Saturday at 6 pm and Sunday at 10 am and 6 pm) which we can attend, but living the dignity of the priestly people that our baptism conferred upon us. We can not only attend, but celebrate the Lord&#039;s Day with our families.<\/p>\n\n\n\n<p>Families are advised to choose a suitable place in their homes to celebrate and pray together.&nbsp;<em>\u201c&quot;Prepare your Bible with the text to be proclaimed, a vase with flowers, a crucifix, an image or icon of Our Lady, and a candle to be lit during the celebration.&quot;\u201d<\/em>, proposes the Commission for the Liturgy.<\/p>\n\n\n\n<p>Each family can adapt the format to their needs, according to the script. The songs are suggestions and can be replaced with others, taking into account the Liturgical Season we are experiencing.<\/p>\n\n\n\n<p><a href=\"https:\/\/www.cnbb.org.br\/wp-content\/uploads\/2021\/10\/59-Celebrar-em-Familia-31DTC.pdf\" target=\"_blank\" rel=\"noreferrer noopener\">Download the Family Celebration Guide for the 31st Sunday in Ordinary Time.<\/a><\/p>\n\n\n\n<p><\/p>","protected":false},"excerpt":{"rendered":"<p>Neste fim de semana ser\u00e1 conclu\u00eddo o M\u00eas Mission\u00e1rio, com o tema \u201cJesus Cristo \u00e9 Miss\u00e3o\u201d e o lema \u201cN\u00e3o podemos deixar de falar sobre o que vimos e ouvimos\u201d (At 4, 20). E para acompanhar este momento, j\u00e1 est\u00e1 dispon\u00edvel o roteiro \u201cCelebrar em Fam\u00edlia\u201d que \u00e9 oferecido pela Comiss\u00e3o Episcopal Pastoral para a Liturgia da Confer\u00eancia Nacional dos Bispos do Brasil (CNBB). \u201cNesta celebra\u00e7\u00e3o familiar do \u201cDia do Senhor\u201d, fazemos mem\u00f3ria do Mandamento do Senhor. \u201cRecebemos de Jesus o mandamento de amor a Deus e o pr\u00f3ximo. Nele, reconhecemos o verdadeiro adorador do Pai e fiel servidor da [&hellip;]<\/p>\n","protected":false},"author":2,"featured_media":7420,"comment_status":"open","ping_status":"closed","sticky":false,"template":"","format":"standard","meta":{"_acf_changed":false,"footnotes":""},"categories":[611],"tags":[],"class_list":["post-7419","post","type-post","status-publish","format-standard","has-post-thumbnail","hentry","category-noticias"],"acf":[],"yoast_head":"<!-- This site is optimized with the Yoast SEO plugin v27.2 - https:\/\/yoast.com\/product\/yoast-seo-wordpress\/ -->\n<title>Celebrar em Fam\u00edlia - Roteiro para o 31\u00ba Domingo do Tempo Comum<\/title>\n<meta name=\"description\" content=\"Neste fim de semana ser\u00e1 conclu\u00eddo o M\u00eas Mission\u00e1rio, com o tema \u201cJesus Cristo \u00e9 Miss\u00e3o\u201d e o lema \u201cN\u00e3o podemos deixar de falar sobre o que vimos e ouvimos\u201d (At 4, 20).\" \/>\n<meta name=\"robots\" content=\"index, follow, max-snippet:-1, max-image-preview:large, max-video-preview:-1\" \/>\n<link rel=\"canonical\" href=\"https:\/\/www.padreeustaquio.com.br\/en\/celebrating-as-a-family-a-guide-for-the-31st-sunday-in-ordinary-time\/\" \/>\n<meta property=\"og:locale\" content=\"en_US\" \/>\n<meta property=\"og:type\" content=\"article\" \/>\n<meta property=\"og:title\" content=\"Celebrar em Fam\u00edlia - Roteiro para o 31\u00ba Domingo do Tempo Comum\" \/>\n<meta property=\"og:description\" content=\"Neste fim de semana ser\u00e1 conclu\u00eddo o M\u00eas Mission\u00e1rio, com o tema \u201cJesus Cristo \u00e9 Miss\u00e3o\u201d e o lema \u201cN\u00e3o podemos deixar de falar sobre o que vimos e ouvimos\u201d (At 4, 20).\" \/>\n<meta property=\"og:url\" content=\"https:\/\/www.padreeustaquio.com.br\/en\/celebrating-as-a-family-a-guide-for-the-31st-sunday-in-ordinary-time\/\" \/>\n<meta property=\"og:site_name\" content=\"Padre Eust\u00e1quio\" \/>\n<meta property=\"article:publisher\" content=\"https:\/\/www.facebook.com\/beatopadreeustaquio\/\" \/>\n<meta property=\"article:published_time\" content=\"2021-10-30T12:45:55+00:00\" \/>\n<meta property=\"article:modified_time\" content=\"2021-10-30T12:46:01+00:00\" \/>\n<meta property=\"og:image\" content=\"https:\/\/www.padreeustaquio.com.br\/wp-content\/uploads\/2021\/10\/31-dom-tc.jpg\" \/>\n\t<meta property=\"og:image:width\" content=\"748\" \/>\n\t<meta property=\"og:image:height\" content=\"394\" \/>\n\t<meta property=\"og:image:type\" content=\"image\/jpeg\" \/>\n<meta name=\"author\" content=\"@sscc\" \/>\n<meta name=\"twitter:card\" content=\"summary_large_image\" \/>\n<meta name=\"twitter:creator\" content=\"@beatopeustaquio\" \/>\n<meta name=\"twitter:site\" content=\"@beatopeustaquio\" \/>\n<meta name=\"twitter:label1\" content=\"Written by\" \/>\n\t<meta name=\"twitter:data1\" content=\"@sscc\" \/>\n\t<meta name=\"twitter:label2\" content=\"Est. reading time\" \/>\n\t<meta name=\"twitter:data2\" content=\"2 minutes\" \/>\n<script type=\"application\/ld+json\" class=\"yoast-schema-graph\">{\"@context\":\"https:\/\/schema.org\",\"@graph\":[{\"@type\":\"Article\",\"@id\":\"https:\/\/www.padreeustaquio.com.br\/celebrar-em-familia-roteiro-para-o-31o-domingo-do-tempo-comum\/#article\",\"isPartOf\":{\"@id\":\"https:\/\/www.padreeustaquio.com.br\/celebrar-em-familia-roteiro-para-o-31o-domingo-do-tempo-comum\/\"},\"author\":{\"name\":\"@sscc\",\"@id\":\"https:\/\/www.padreeustaquio.com.br\/#\/schema\/person\/a2a51db1d00f1a7af0204a0f1ddb1566\"},\"headline\":\"Celebrar em Fam\u00edlia &#8211; Roteiro para o 31\u00ba Domingo do Tempo Comum\",\"datePublished\":\"2021-10-30T12:45:55+00:00\",\"dateModified\":\"2021-10-30T12:46:01+00:00\",\"mainEntityOfPage\":{\"@id\":\"https:\/\/www.padreeustaquio.com.br\/celebrar-em-familia-roteiro-para-o-31o-domingo-do-tempo-comum\/\"},\"wordCount\":322,\"commentCount\":0,\"publisher\":{\"@id\":\"https:\/\/www.padreeustaquio.com.br\/#organization\"},\"image\":{\"@id\":\"https:\/\/www.padreeustaquio.com.br\/celebrar-em-familia-roteiro-para-o-31o-domingo-do-tempo-comum\/#primaryimage\"},\"thumbnailUrl\":\"https:\/\/www.padreeustaquio.com.br\/wp-content\/uploads\/2021\/10\/31-dom-tc.jpg\",\"articleSection\":[\"Not\u00edcias\"],\"inLanguage\":\"en-US\",\"potentialAction\":[{\"@type\":\"CommentAction\",\"name\":\"Comment\",\"target\":[\"https:\/\/www.padreeustaquio.com.br\/celebrar-em-familia-roteiro-para-o-31o-domingo-do-tempo-comum\/#respond\"]}]},{\"@type\":\"WebPage\",\"@id\":\"https:\/\/www.padreeustaquio.com.br\/celebrar-em-familia-roteiro-para-o-31o-domingo-do-tempo-comum\/\",\"url\":\"https:\/\/www.padreeustaquio.com.br\/celebrar-em-familia-roteiro-para-o-31o-domingo-do-tempo-comum\/\",\"name\":\"Celebrar em Fam\u00edlia - Roteiro para o 31\u00ba Domingo do Tempo Comum\",\"isPartOf\":{\"@id\":\"https:\/\/www.padreeustaquio.com.br\/#website\"},\"primaryImageOfPage\":{\"@id\":\"https:\/\/www.padreeustaquio.com.br\/celebrar-em-familia-roteiro-para-o-31o-domingo-do-tempo-comum\/#primaryimage\"},\"image\":{\"@id\":\"https:\/\/www.padreeustaquio.com.br\/celebrar-em-familia-roteiro-para-o-31o-domingo-do-tempo-comum\/#primaryimage\"},\"thumbnailUrl\":\"https:\/\/www.padreeustaquio.com.br\/wp-content\/uploads\/2021\/10\/31-dom-tc.jpg\",\"datePublished\":\"2021-10-30T12:45:55+00:00\",\"dateModified\":\"2021-10-30T12:46:01+00:00\",\"description\":\"Neste fim de semana ser\u00e1 conclu\u00eddo o M\u00eas Mission\u00e1rio, com o tema \u201cJesus Cristo \u00e9 Miss\u00e3o\u201d e o lema \u201cN\u00e3o podemos deixar de falar sobre o que vimos e ouvimos\u201d (At 4, 20).\",\"breadcrumb\":{\"@id\":\"https:\/\/www.padreeustaquio.com.br\/celebrar-em-familia-roteiro-para-o-31o-domingo-do-tempo-comum\/#breadcrumb\"},\"inLanguage\":\"en-US\",\"potentialAction\":[{\"@type\":\"ReadAction\",\"target\":[\"https:\/\/www.padreeustaquio.com.br\/celebrar-em-familia-roteiro-para-o-31o-domingo-do-tempo-comum\/\"]}]},{\"@type\":\"ImageObject\",\"inLanguage\":\"en-US\",\"@id\":\"https:\/\/www.padreeustaquio.com.br\/celebrar-em-familia-roteiro-para-o-31o-domingo-do-tempo-comum\/#primaryimage\",\"url\":\"https:\/\/www.padreeustaquio.com.br\/wp-content\/uploads\/2021\/10\/31-dom-tc.jpg\",\"contentUrl\":\"https:\/\/www.padreeustaquio.com.br\/wp-content\/uploads\/2021\/10\/31-dom-tc.jpg\",\"width\":748,\"height\":394},{\"@type\":\"BreadcrumbList\",\"@id\":\"https:\/\/www.padreeustaquio.com.br\/celebrar-em-familia-roteiro-para-o-31o-domingo-do-tempo-comum\/#breadcrumb\",\"itemListElement\":[{\"@type\":\"ListItem\",\"position\":1,\"name\":\"In\u00edcio\",\"item\":\"https:\/\/www.padreeustaquio.com.br\/\"},{\"@type\":\"ListItem\",\"position\":2,\"name\":\"Celebrar em Fam\u00edlia &#8211; Roteiro para o 31\u00ba Domingo do Tempo Comum\"}]},{\"@type\":\"WebSite\",\"@id\":\"https:\/\/www.padreeustaquio.com.br\/#website\",\"url\":\"https:\/\/www.padreeustaquio.com.br\/\",\"name\":\"Padre Eust\u00e1quio\",\"description\":\"Sa\u00fade e Paz\",\"publisher\":{\"@id\":\"https:\/\/www.padreeustaquio.com.br\/#organization\"},\"potentialAction\":[{\"@type\":\"SearchAction\",\"target\":{\"@type\":\"EntryPoint\",\"urlTemplate\":\"https:\/\/www.padreeustaquio.com.br\/?s={search_term_string}\"},\"query-input\":{\"@type\":\"PropertyValueSpecification\",\"valueRequired\":true,\"valueName\":\"search_term_string\"}}],\"inLanguage\":\"en-US\"},{\"@type\":\"Organization\",\"@id\":\"https:\/\/www.padreeustaquio.com.br\/#organization\",\"name\":\"Padre Eust\u00e1quio\",\"url\":\"https:\/\/www.padreeustaquio.com.br\/\",\"logo\":{\"@type\":\"ImageObject\",\"inLanguage\":\"en-US\",\"@id\":\"https:\/\/www.padreeustaquio.com.br\/#\/schema\/logo\/image\/\",\"url\":\"https:\/\/www.padreeustaquio.com.br\/wp-content\/uploads\/2019\/08\/marca.png\",\"contentUrl\":\"https:\/\/www.padreeustaquio.com.br\/wp-content\/uploads\/2019\/08\/marca.png\",\"width\":350,\"height\":400,\"caption\":\"Padre Eust\u00e1quio\"},\"image\":{\"@id\":\"https:\/\/www.padreeustaquio.com.br\/#\/schema\/logo\/image\/\"},\"sameAs\":[\"https:\/\/www.facebook.com\/beatopadreeustaquio\/\",\"https:\/\/x.com\/beatopeustaquio\",\"https:\/\/www.instagram.com\/beatopadreeustaquio\/\",\"https:\/\/www.youtube.com\/channel\/UCRhw7vfabnajwLxb1ZXMeIw\"]},{\"@type\":\"Person\",\"@id\":\"https:\/\/www.padreeustaquio.com.br\/#\/schema\/person\/a2a51db1d00f1a7af0204a0f1ddb1566\",\"name\":\"@sscc\",\"image\":{\"@type\":\"ImageObject\",\"inLanguage\":\"en-US\",\"@id\":\"https:\/\/secure.gravatar.com\/avatar\/68cfafa5f44617fea54071e215026e0ff06be366c3d54a8425f04fdcb86f8c5f?s=96&d=mm&r=g\",\"url\":\"https:\/\/secure.gravatar.com\/avatar\/68cfafa5f44617fea54071e215026e0ff06be366c3d54a8425f04fdcb86f8c5f?s=96&d=mm&r=g\",\"contentUrl\":\"https:\/\/secure.gravatar.com\/avatar\/68cfafa5f44617fea54071e215026e0ff06be366c3d54a8425f04fdcb86f8c5f?s=96&d=mm&r=g\",\"caption\":\"@sscc\"},\"url\":\"https:\/\/www.padreeustaquio.com.br\/en\/author\/sscc\/\"}]}<\/script>\n<!-- \/ Yoast SEO plugin. -->","yoast_head_json":{"title":"Celebrating as a Family - Guide for the 31st Sunday in Ordinary Time","description":"This weekend will mark the conclusion of Mission Month, with the theme &quot;Jesus Christ is Mission&quot; and the motto &quot;We cannot help speaking about what we have seen and heard&quot; (Acts 4:20).","robots":{"index":"index","follow":"follow","max-snippet":"max-snippet:-1","max-image-preview":"max-image-preview:large","max-video-preview":"max-video-preview:-1"},"canonical":"https:\/\/www.padreeustaquio.com.br\/en\/celebrating-as-a-family-a-guide-for-the-31st-sunday-in-ordinary-time\/","og_locale":"en_US","og_type":"article","og_title":"Celebrar em Fam\u00edlia - Roteiro para o 31\u00ba Domingo do Tempo Comum","og_description":"Neste fim de semana ser\u00e1 conclu\u00eddo o M\u00eas Mission\u00e1rio, com o tema \u201cJesus Cristo \u00e9 Miss\u00e3o\u201d e o lema \u201cN\u00e3o podemos deixar de falar sobre o que vimos e ouvimos\u201d (At 4, 20).","og_url":"https:\/\/www.padreeustaquio.com.br\/en\/celebrating-as-a-family-a-guide-for-the-31st-sunday-in-ordinary-time\/","og_site_name":"Padre Eust\u00e1quio","article_publisher":"https:\/\/www.facebook.com\/beatopadreeustaquio\/","article_published_time":"2021-10-30T12:45:55+00:00","article_modified_time":"2021-10-30T12:46:01+00:00","og_image":[{"width":748,"height":394,"url":"https:\/\/www.padreeustaquio.com.br\/wp-content\/uploads\/2021\/10\/31-dom-tc.jpg","type":"image\/jpeg"}],"author":"@sscc","twitter_card":"summary_large_image","twitter_creator":"@beatopeustaquio","twitter_site":"@beatopeustaquio","twitter_misc":{"Written by":"@sscc","Est. reading time":"2 minutes"},"schema":{"@context":"https:\/\/schema.org","@graph":[{"@type":"Article","@id":"https:\/\/www.padreeustaquio.com.br\/celebrar-em-familia-roteiro-para-o-31o-domingo-do-tempo-comum\/#article","isPartOf":{"@id":"https:\/\/www.padreeustaquio.com.br\/celebrar-em-familia-roteiro-para-o-31o-domingo-do-tempo-comum\/"},"author":{"name":"@sscc","@id":"https:\/\/www.padreeustaquio.com.br\/#\/schema\/person\/a2a51db1d00f1a7af0204a0f1ddb1566"},"headline":"Celebrar em Fam\u00edlia &#8211; Roteiro para o 31\u00ba Domingo do Tempo Comum","datePublished":"2021-10-30T12:45:55+00:00","dateModified":"2021-10-30T12:46:01+00:00","mainEntityOfPage":{"@id":"https:\/\/www.padreeustaquio.com.br\/celebrar-em-familia-roteiro-para-o-31o-domingo-do-tempo-comum\/"},"wordCount":322,"commentCount":0,"publisher":{"@id":"https:\/\/www.padreeustaquio.com.br\/#organization"},"image":{"@id":"https:\/\/www.padreeustaquio.com.br\/celebrar-em-familia-roteiro-para-o-31o-domingo-do-tempo-comum\/#primaryimage"},"thumbnailUrl":"https:\/\/www.padreeustaquio.com.br\/wp-content\/uploads\/2021\/10\/31-dom-tc.jpg","articleSection":["Not\u00edcias"],"inLanguage":"en-US","potentialAction":[{"@type":"CommentAction","name":"Comment","target":["https:\/\/www.padreeustaquio.com.br\/celebrar-em-familia-roteiro-para-o-31o-domingo-do-tempo-comum\/#respond"]}]},{"@type":"WebPage","@id":"https:\/\/www.padreeustaquio.com.br\/celebrar-em-familia-roteiro-para-o-31o-domingo-do-tempo-comum\/","url":"https:\/\/www.padreeustaquio.com.br\/celebrar-em-familia-roteiro-para-o-31o-domingo-do-tempo-comum\/","name":"Celebrating as a Family - Guide for the 31st Sunday in Ordinary Time","isPartOf":{"@id":"https:\/\/www.padreeustaquio.com.br\/#website"},"primaryImageOfPage":{"@id":"https:\/\/www.padreeustaquio.com.br\/celebrar-em-familia-roteiro-para-o-31o-domingo-do-tempo-comum\/#primaryimage"},"image":{"@id":"https:\/\/www.padreeustaquio.com.br\/celebrar-em-familia-roteiro-para-o-31o-domingo-do-tempo-comum\/#primaryimage"},"thumbnailUrl":"https:\/\/www.padreeustaquio.com.br\/wp-content\/uploads\/2021\/10\/31-dom-tc.jpg","datePublished":"2021-10-30T12:45:55+00:00","dateModified":"2021-10-30T12:46:01+00:00","description":"This weekend will mark the conclusion of Mission Month, with the theme &quot;Jesus Christ is Mission&quot; and the motto &quot;We cannot help speaking about what we have seen and heard&quot; (Acts 4:20).","breadcrumb":{"@id":"https:\/\/www.padreeustaquio.com.br\/celebrar-em-familia-roteiro-para-o-31o-domingo-do-tempo-comum\/#breadcrumb"},"inLanguage":"en-US","potentialAction":[{"@type":"ReadAction","target":["https:\/\/www.padreeustaquio.com.br\/celebrar-em-familia-roteiro-para-o-31o-domingo-do-tempo-comum\/"]}]},{"@type":"ImageObject","inLanguage":"en-US","@id":"https:\/\/www.padreeustaquio.com.br\/celebrar-em-familia-roteiro-para-o-31o-domingo-do-tempo-comum\/#primaryimage","url":"https:\/\/www.padreeustaquio.com.br\/wp-content\/uploads\/2021\/10\/31-dom-tc.jpg","contentUrl":"https:\/\/www.padreeustaquio.com.br\/wp-content\/uploads\/2021\/10\/31-dom-tc.jpg","width":748,"height":394},{"@type":"BreadcrumbList","@id":"https:\/\/www.padreeustaquio.com.br\/celebrar-em-familia-roteiro-para-o-31o-domingo-do-tempo-comum\/#breadcrumb","itemListElement":[{"@type":"ListItem","position":1,"name":"In\u00edcio","item":"https:\/\/www.padreeustaquio.com.br\/"},{"@type":"ListItem","position":2,"name":"Celebrar em Fam\u00edlia &#8211; Roteiro para o 31\u00ba Domingo do Tempo Comum"}]},{"@type":"WebSite","@id":"https:\/\/www.padreeustaquio.com.br\/#website","url":"https:\/\/www.padreeustaquio.com.br\/","name":"FATHER EUST\u00c1QUIO","description":"Health and Peace","publisher":{"@id":"https:\/\/www.padreeustaquio.com.br\/#organization"},"potentialAction":[{"@type":"SearchAction","target":{"@type":"EntryPoint","urlTemplate":"https:\/\/www.padreeustaquio.com.br\/?s={search_term_string}"},"query-input":{"@type":"PropertyValueSpecification","valueRequired":true,"valueName":"search_term_string"}}],"inLanguage":"en-US"},{"@type":"Organization","@id":"https:\/\/www.padreeustaquio.com.br\/#organization","name":"FATHER EUST\u00c1QUIO","url":"https:\/\/www.padreeustaquio.com.br\/","logo":{"@type":"ImageObject","inLanguage":"en-US","@id":"https:\/\/www.padreeustaquio.com.br\/#\/schema\/logo\/image\/","url":"https:\/\/www.padreeustaquio.com.br\/wp-content\/uploads\/2019\/08\/marca.png","contentUrl":"https:\/\/www.padreeustaquio.com.br\/wp-content\/uploads\/2019\/08\/marca.png","width":350,"height":400,"caption":"Padre Eust\u00e1quio"},"image":{"@id":"https:\/\/www.padreeustaquio.com.br\/#\/schema\/logo\/image\/"},"sameAs":["https:\/\/www.facebook.com\/beatopadreeustaquio\/","https:\/\/x.com\/beatopeustaquio","https:\/\/www.instagram.com\/beatopadreeustaquio\/","https:\/\/www.youtube.com\/channel\/UCRhw7vfabnajwLxb1ZXMeIw"]},{"@type":"Person","@id":"https:\/\/www.padreeustaquio.com.br\/#\/schema\/person\/a2a51db1d00f1a7af0204a0f1ddb1566","name":"@sscc","image":{"@type":"ImageObject","inLanguage":"en-US","@id":"https:\/\/secure.gravatar.com\/avatar\/68cfafa5f44617fea54071e215026e0ff06be366c3d54a8425f04fdcb86f8c5f?s=96&d=mm&r=g","url":"https:\/\/secure.gravatar.com\/avatar\/68cfafa5f44617fea54071e215026e0ff06be366c3d54a8425f04fdcb86f8c5f?s=96&d=mm&r=g","contentUrl":"https:\/\/secure.gravatar.com\/avatar\/68cfafa5f44617fea54071e215026e0ff06be366c3d54a8425f04fdcb86f8c5f?s=96&d=mm&r=g","caption":"@sscc"},"url":"https:\/\/www.padreeustaquio.com.br\/en\/author\/sscc\/"}]}},"_links":{"self":[{"href":"https:\/\/www.padreeustaquio.com.br\/en\/wp-json\/wp\/v2\/posts\/7419","targetHints":{"allow":["GET"]}}],"collection":[{"href":"https:\/\/www.padreeustaquio.com.br\/en\/wp-json\/wp\/v2\/posts"}],"about":[{"href":"https:\/\/www.padreeustaquio.com.br\/en\/wp-json\/wp\/v2\/types\/post"}],"author":[{"embeddable":true,"href":"https:\/\/www.padreeustaquio.com.br\/en\/wp-json\/wp\/v2\/users\/2"}],"replies":[{"embeddable":true,"href":"https:\/\/www.padreeustaquio.com.br\/en\/wp-json\/wp\/v2\/comments?post=7419"}],"version-history":[{"count":0,"href":"https:\/\/www.padreeustaquio.com.br\/en\/wp-json\/wp\/v2\/posts\/7419\/revisions"}],"wp:featuredmedia":[{"embeddable":true,"href":"https:\/\/www.padreeustaquio.com.br\/en\/wp-json\/wp\/v2\/media\/7420"}],"wp:attachment":[{"href":"https:\/\/www.padreeustaquio.com.br\/en\/wp-json\/wp\/v2\/media?parent=7419"}],"wp:term":[{"taxonomy":"category","embeddable":true,"href":"https:\/\/www.padreeustaquio.com.br\/en\/wp-json\/wp\/v2\/categories?post=7419"},{"taxonomy":"post_tag","embeddable":true,"href":"https:\/\/www.padreeustaquio.com.br\/en\/wp-json\/wp\/v2\/tags?post=7419"}],"curies":[{"name":"wp","href":"https:\/\/api.w.org\/{rel}","templated":true}]}}