{"id":7290,"date":"2021-10-12T06:11:00","date_gmt":"2021-10-12T09:11:00","guid":{"rendered":"https:\/\/www.padreeustaquio.com.br\/?p=7290"},"modified":"2021-10-11T16:53:33","modified_gmt":"2021-10-11T19:53:33","slug":"father-eustaquios-mission-in-brazil-was-blessed-by-our-lady-of-aparecida","status":"publish","type":"post","link":"https:\/\/www.padreeustaquio.com.br\/en\/father-eustaquios-mission-in-brazil-was-blessed-by-our-lady-of-aparecida\/","title":{"rendered":"Father Eust\u00e1quio asked for the blessing of Our Lady of Aparecida for the mission in Brazil."},"content":{"rendered":"<p>On May 12, 1925, the first missionaries of the Congregation of the Sacred Hearts arrived in Brazil, disembarking in Rio de Janeiro. Their plans were to found the Congregation in the South American country and serve in cities that needed spiritual guidance.<\/p>\n\n\n\n<p>To pray for the work that was beginning, in June of that year, Father Eust\u00e1quio, Father Mathias, and Father Gil traveled to Aparecida, in S\u00e3o Paulo. They went to the Church of the Patron Saint of Brazil to pray before the image found in the waters of the Para\u00edba River.<\/p>\n\n\n\n<p>During the visit, Father Eust\u00e1quio sent a postcard from the city to his sister Pac\u00edfica, also a nun, in the Netherlands. In the postcard, the priest wrote:<\/p>\n\n\n\n<p><em><strong>\u201cDear sister Pacifica, <br>Sincerely, from this famous pilgrimage site in Brazil \u2013 to the Sisters of the Sacred Hearts, to the Reverend Mother and the sisters. Everything, thank God, is going well. We will support our bishop in Uberaba. Temporary address: Episcopal Palace, Uberaba, Brazil. Next, we will go to a pilgrimage site that is without a spiritual director: \u00c1gua Suja, to settle permanently. You will receive a letter soon. <br>Your beloved, Father Eustace.\u201d<\/strong><\/em><\/p>\n\n\n\n<figure class=\"wp-block-gallery columns-2 is-cropped wp-block-gallery-1 is-layout-flex wp-block-gallery-is-layout-flex\"><ul class=\"blocks-gallery-grid\"><li class=\"blocks-gallery-item\"><figure><a href=\"https:\/\/www.padreeustaquio.com.br\/en\/?attachment_id=7294\"><img fetchpriority=\"high\" decoding=\"async\" width=\"748\" height=\"394\" src=\"https:\/\/www.padreeustaquio.com.br\/wp-content\/uploads\/2021\/10\/postal-1.jpg\" alt=\"\" data-id=\"7294\" data-full-url=\"https:\/\/www.padreeustaquio.com.br\/wp-content\/uploads\/2021\/10\/postal-1.jpg\" data-link=\"https:\/\/www.padreeustaquio.com.br\/?attachment_id=7294\" class=\"wp-image-7294\" srcset=\"https:\/\/www.padreeustaquio.com.br\/wp-content\/uploads\/2021\/10\/postal-1.jpg 748w, https:\/\/www.padreeustaquio.com.br\/wp-content\/uploads\/2021\/10\/postal-1-300x158.jpg 300w\" sizes=\"(max-width: 748px) 100vw, 748px\" \/><\/a><\/figure><\/li><li class=\"blocks-gallery-item\"><figure><a href=\"https:\/\/www.padreeustaquio.com.br\/en\/?attachment_id=7295\"><img decoding=\"async\" width=\"748\" height=\"394\" src=\"https:\/\/www.padreeustaquio.com.br\/wp-content\/uploads\/2021\/10\/postal-2.jpg\" alt=\"\" data-id=\"7295\" data-full-url=\"https:\/\/www.padreeustaquio.com.br\/wp-content\/uploads\/2021\/10\/postal-2.jpg\" data-link=\"https:\/\/www.padreeustaquio.com.br\/?attachment_id=7295\" class=\"wp-image-7295\" srcset=\"https:\/\/www.padreeustaquio.com.br\/wp-content\/uploads\/2021\/10\/postal-2.jpg 748w, https:\/\/www.padreeustaquio.com.br\/wp-content\/uploads\/2021\/10\/postal-2-300x158.jpg 300w\" sizes=\"(max-width: 748px) 100vw, 748px\" \/><\/a><\/figure><\/li><\/ul><\/figure>\n\n\n\n<p>At another time, during the Feast of Our Lady of Aparecida, Father Eust\u00e1quio attributed the faith and devotion of the Brazilian people to the mother of Jesus. Read the full text:<\/p>\n\n\n\n<p><em>I have faith that the Catholic religion in Brazil will never be lost, because devotion to Mary secures it. Our Lady is invoked under all titles, yesterday under the title of Our Lady of Lourdes, another day under the title of Our Lady of the Abbey, today under the title of Our Lady of Aparecida, Patroness of Brazil.<\/em><\/p>\n\n\n\n<p><em>And to further increase your devotion, I want to show you that the image that will be carried in triumph is the image of your heavenly mother, under the title of Our Lady of Aparecida. Mother is the title we understand best, the title that inspires the most confidence in us, the title that best explains Mary&#039;s inexhaustible qualities. And who wouldn&#039;t be thrilled to see their own Mother carried in triumph?<\/em><\/p>\n\n\n\n<p><em>Mary is our Mother, how much love must a child have for his mother! A mother is everything to her child, just as children should be everything to their Mother. This we must learn from the heights of Calvary, where Jesus, dying of thirst and hunger, entrusted Mary, as Mother, to humankind through the hands of Saint John!<\/em><\/p>\n\n\n\n<p><em>Daily life explains to us what a mother is. The first word a child speaks is the tender word &quot;Mother.&quot; Mother \u2013 that&#039;s how the child cries; Mother \u2013 the child shouts with joy; Mother \u2013 the child groans in pain; Mother \u2013 the child exclaims in danger; Mother \u2013 the child speaks with their last breath. From beginning to end, we always find the word &quot;mother&quot; on the lips of a good child. From the mother&#039;s memory, the memories of her child never fade, and the child will only lack bread when the mother no longer has it. Isn&#039;t it true that a mother never forgets her child, that she never denies forgiveness even to a child unworthy of this world?<\/em><\/p>\n\n\n\n<p><em>Oh earthly Mother, you are the image of our Heavenly Mother. If a mother is willing to sacrifice her life to save her child, our Heavenly Mother will not rest until she saves the life of our soul. If our mothers forgive us on earth, how much more hope do I have in you, oh Mary! If even an impious mother wants to protect her children in any way, how much more so a Heavenly Mother, a Holy Mother. Yes, oh my loving Mother, because you are the purest, the holiest \u2013 you are, oh Heavenly Mother, found worthy enough to be the Mother of God!<\/em><\/p>\n\n\n\n<p><em>Our mothers do not forget us on earth, but much less You, Heavenly Mother, who loves us so much. Oh My Mother, increase my faith, my trust in you. But if our Heavenly Mother is a true Mother to us, let us also be true children to Her. If we do not leave Mary&#039;s memory, our mother will never leave our memory either.<\/em><\/p>\n\n\n\n<p><em>We will always keep a memory in our hearts. If She gave her life for us, we cannot fail to give it to her. I must always walk in her holy shadow. I must say the prayers she likes, and the rosary will never leave my side.<\/em>.<\/p>\n\n\n\n<p><em>In sickness, look upon Mary! In joy, look upon Mary! Throughout your life, at the hour of your death, invoke the name of your Mother Mary, whom we invoke today under the glorious title of Our Lady of Aparecida! Yes, in the image of Our Lady of Aparecida we must always see the image of our Heavenly Mother, our Mother whom we love so much, who loves us so much, our Mother who protects us, from whose protection we will never leave, our mother who defends us and whom we will always defend.<\/em>.<\/p>\n\n\n\n<p><em>My Mother, who gave her life for me, and for whom I too shall give mine, without sin, without stain, by the grace of God, so that my soul may fly to the bosom of my Mother to sing her glories and the glories of her Son, Our Lord, for ever and ever. Amen.<\/em>.<\/p>\n\n\n\n<p><\/p>\n\n\n\n<p><\/p>","protected":false},"excerpt":{"rendered":"<p>Em 12 de maio de 1925 os primeiros mission\u00e1rios da Congrega\u00e7\u00e3o dos Sagrados Cora\u00e7\u00f5es chegaram ao Brasil, desembarcando no Rio de Janeiro. Os planos eram fundar a Congrega\u00e7\u00e3o no pa\u00eds sulamericano e servir nas cidades que necessitavam de acompanhamento espiritual. Para rezar pelo trabalho que come\u00e7ava, em junho daquele ano, Padre Eust\u00e1quio, Padre Mathias e Padre Gil viajaram a Aparecida, em S\u00e3o Paulo. Eles foram at\u00e9 a Igreja da Padroeira do Brasil para rezar diante da imagem encontrada nas \u00e1guas do Rio Para\u00edba. Durante a visita, Padre Eust\u00e1quio enviou um postal da cidade \u00e0 sua irm\u00e3 Pac\u00edfica, tamb\u00e9m religiosa, na [&hellip;]<\/p>\n","protected":false},"author":2,"featured_media":7294,"comment_status":"open","ping_status":"closed","sticky":false,"template":"","format":"standard","meta":{"_acf_changed":false,"footnotes":""},"categories":[611],"tags":[],"class_list":["post-7290","post","type-post","status-publish","format-standard","has-post-thumbnail","hentry","category-noticias"],"acf":[],"yoast_head":"<!-- This site is optimized with the Yoast SEO plugin v27.2 - https:\/\/yoast.com\/product\/yoast-seo-wordpress\/ -->\n<title>Padre Eust\u00e1quio pediu a b\u00ean\u00e7\u00e3o de Nossa Senhora Aparecida para a miss\u00e3o no Brasil<\/title>\n<meta name=\"description\" content=\"Em 12 de maio de 1925 os primeiros mission\u00e1rios da Congrega\u00e7\u00e3o dos Sagrados Cora\u00e7\u00f5es chegaram ao Brasil, no Rio de Janeiro, mas a primeira parada deles foi a cidade de Aparecida-SP, onde pediram as b\u00ean\u00e7\u00e3os da padroeira para a miss\u00e3o por aqui.\" \/>\n<meta name=\"robots\" content=\"index, follow, max-snippet:-1, max-image-preview:large, max-video-preview:-1\" \/>\n<link rel=\"canonical\" href=\"https:\/\/www.padreeustaquio.com.br\/en\/father-eustaquios-mission-in-brazil-was-blessed-by-our-lady-of-aparecida\/\" \/>\n<meta property=\"og:locale\" content=\"en_US\" \/>\n<meta property=\"og:type\" content=\"article\" \/>\n<meta property=\"og:title\" content=\"Padre Eust\u00e1quio pediu a b\u00ean\u00e7\u00e3o de Nossa Senhora Aparecida para a miss\u00e3o no Brasil\" \/>\n<meta property=\"og:description\" content=\"Em 12 de maio de 1925 os primeiros mission\u00e1rios da Congrega\u00e7\u00e3o dos Sagrados Cora\u00e7\u00f5es chegaram ao Brasil, no Rio de Janeiro, mas a primeira parada deles foi a cidade de Aparecida-SP, onde pediram as b\u00ean\u00e7\u00e3os da padroeira para a miss\u00e3o por aqui.\" \/>\n<meta property=\"og:url\" content=\"https:\/\/www.padreeustaquio.com.br\/en\/father-eustaquios-mission-in-brazil-was-blessed-by-our-lady-of-aparecida\/\" \/>\n<meta property=\"og:site_name\" content=\"Padre Eust\u00e1quio\" \/>\n<meta property=\"article:publisher\" content=\"https:\/\/www.facebook.com\/beatopadreeustaquio\/\" \/>\n<meta property=\"article:published_time\" content=\"2021-10-12T09:11:00+00:00\" \/>\n<meta property=\"og:image\" content=\"https:\/\/www.padreeustaquio.com.br\/wp-content\/uploads\/2021\/10\/postal-1.jpg\" \/>\n\t<meta property=\"og:image:width\" content=\"748\" \/>\n\t<meta property=\"og:image:height\" content=\"394\" \/>\n\t<meta property=\"og:image:type\" content=\"image\/jpeg\" \/>\n<meta name=\"author\" content=\"@sscc\" \/>\n<meta name=\"twitter:card\" content=\"summary_large_image\" \/>\n<meta name=\"twitter:creator\" content=\"@beatopeustaquio\" \/>\n<meta name=\"twitter:site\" content=\"@beatopeustaquio\" \/>\n<meta name=\"twitter:label1\" content=\"Written by\" \/>\n\t<meta name=\"twitter:data1\" content=\"@sscc\" \/>\n\t<meta name=\"twitter:label2\" content=\"Est. reading time\" \/>\n\t<meta name=\"twitter:data2\" content=\"5 minutes\" \/>\n<script type=\"application\/ld+json\" class=\"yoast-schema-graph\">{\"@context\":\"https:\/\/schema.org\",\"@graph\":[{\"@type\":\"Article\",\"@id\":\"https:\/\/www.padreeustaquio.com.br\/missao-de-padre-eustaquio-no-brasil-contou-com-bencao-de-nossa-senhora-aparecida\/#article\",\"isPartOf\":{\"@id\":\"https:\/\/www.padreeustaquio.com.br\/missao-de-padre-eustaquio-no-brasil-contou-com-bencao-de-nossa-senhora-aparecida\/\"},\"author\":{\"name\":\"@sscc\",\"@id\":\"https:\/\/www.padreeustaquio.com.br\/#\/schema\/person\/a2a51db1d00f1a7af0204a0f1ddb1566\"},\"headline\":\"Padre Eust\u00e1quio pediu a b\u00ean\u00e7\u00e3o de Nossa Senhora Aparecida para a miss\u00e3o no Brasil\",\"datePublished\":\"2021-10-12T09:11:00+00:00\",\"mainEntityOfPage\":{\"@id\":\"https:\/\/www.padreeustaquio.com.br\/missao-de-padre-eustaquio-no-brasil-contou-com-bencao-de-nossa-senhora-aparecida\/\"},\"wordCount\":1020,\"commentCount\":0,\"publisher\":{\"@id\":\"https:\/\/www.padreeustaquio.com.br\/#organization\"},\"image\":{\"@id\":\"https:\/\/www.padreeustaquio.com.br\/missao-de-padre-eustaquio-no-brasil-contou-com-bencao-de-nossa-senhora-aparecida\/#primaryimage\"},\"thumbnailUrl\":\"https:\/\/www.padreeustaquio.com.br\/wp-content\/uploads\/2021\/10\/postal-1.jpg\",\"articleSection\":[\"Not\u00edcias\"],\"inLanguage\":\"en-US\",\"potentialAction\":[{\"@type\":\"CommentAction\",\"name\":\"Comment\",\"target\":[\"https:\/\/www.padreeustaquio.com.br\/missao-de-padre-eustaquio-no-brasil-contou-com-bencao-de-nossa-senhora-aparecida\/#respond\"]}]},{\"@type\":\"WebPage\",\"@id\":\"https:\/\/www.padreeustaquio.com.br\/missao-de-padre-eustaquio-no-brasil-contou-com-bencao-de-nossa-senhora-aparecida\/\",\"url\":\"https:\/\/www.padreeustaquio.com.br\/missao-de-padre-eustaquio-no-brasil-contou-com-bencao-de-nossa-senhora-aparecida\/\",\"name\":\"Padre Eust\u00e1quio pediu a b\u00ean\u00e7\u00e3o de Nossa Senhora Aparecida para a miss\u00e3o no Brasil\",\"isPartOf\":{\"@id\":\"https:\/\/www.padreeustaquio.com.br\/#website\"},\"primaryImageOfPage\":{\"@id\":\"https:\/\/www.padreeustaquio.com.br\/missao-de-padre-eustaquio-no-brasil-contou-com-bencao-de-nossa-senhora-aparecida\/#primaryimage\"},\"image\":{\"@id\":\"https:\/\/www.padreeustaquio.com.br\/missao-de-padre-eustaquio-no-brasil-contou-com-bencao-de-nossa-senhora-aparecida\/#primaryimage\"},\"thumbnailUrl\":\"https:\/\/www.padreeustaquio.com.br\/wp-content\/uploads\/2021\/10\/postal-1.jpg\",\"datePublished\":\"2021-10-12T09:11:00+00:00\",\"description\":\"Em 12 de maio de 1925 os primeiros mission\u00e1rios da Congrega\u00e7\u00e3o dos Sagrados Cora\u00e7\u00f5es chegaram ao Brasil, no Rio de Janeiro, mas a primeira parada deles foi a cidade de Aparecida-SP, onde pediram as b\u00ean\u00e7\u00e3os da padroeira para a miss\u00e3o por aqui.\",\"breadcrumb\":{\"@id\":\"https:\/\/www.padreeustaquio.com.br\/missao-de-padre-eustaquio-no-brasil-contou-com-bencao-de-nossa-senhora-aparecida\/#breadcrumb\"},\"inLanguage\":\"en-US\",\"potentialAction\":[{\"@type\":\"ReadAction\",\"target\":[\"https:\/\/www.padreeustaquio.com.br\/missao-de-padre-eustaquio-no-brasil-contou-com-bencao-de-nossa-senhora-aparecida\/\"]}]},{\"@type\":\"ImageObject\",\"inLanguage\":\"en-US\",\"@id\":\"https:\/\/www.padreeustaquio.com.br\/missao-de-padre-eustaquio-no-brasil-contou-com-bencao-de-nossa-senhora-aparecida\/#primaryimage\",\"url\":\"https:\/\/www.padreeustaquio.com.br\/wp-content\/uploads\/2021\/10\/postal-1.jpg\",\"contentUrl\":\"https:\/\/www.padreeustaquio.com.br\/wp-content\/uploads\/2021\/10\/postal-1.jpg\",\"width\":748,\"height\":394,\"caption\":\"Cart\u00e3o Postal enviado por Pe. Eust\u00e1quio \u00e0 sua irm\u00e3 Pac\u00edfica na Holanda\"},{\"@type\":\"BreadcrumbList\",\"@id\":\"https:\/\/www.padreeustaquio.com.br\/missao-de-padre-eustaquio-no-brasil-contou-com-bencao-de-nossa-senhora-aparecida\/#breadcrumb\",\"itemListElement\":[{\"@type\":\"ListItem\",\"position\":1,\"name\":\"In\u00edcio\",\"item\":\"https:\/\/www.padreeustaquio.com.br\/\"},{\"@type\":\"ListItem\",\"position\":2,\"name\":\"Padre Eust\u00e1quio pediu a b\u00ean\u00e7\u00e3o de Nossa Senhora Aparecida para a miss\u00e3o no Brasil\"}]},{\"@type\":\"WebSite\",\"@id\":\"https:\/\/www.padreeustaquio.com.br\/#website\",\"url\":\"https:\/\/www.padreeustaquio.com.br\/\",\"name\":\"Padre Eust\u00e1quio\",\"description\":\"Sa\u00fade e Paz\",\"publisher\":{\"@id\":\"https:\/\/www.padreeustaquio.com.br\/#organization\"},\"potentialAction\":[{\"@type\":\"SearchAction\",\"target\":{\"@type\":\"EntryPoint\",\"urlTemplate\":\"https:\/\/www.padreeustaquio.com.br\/?s={search_term_string}\"},\"query-input\":{\"@type\":\"PropertyValueSpecification\",\"valueRequired\":true,\"valueName\":\"search_term_string\"}}],\"inLanguage\":\"en-US\"},{\"@type\":\"Organization\",\"@id\":\"https:\/\/www.padreeustaquio.com.br\/#organization\",\"name\":\"Padre Eust\u00e1quio\",\"url\":\"https:\/\/www.padreeustaquio.com.br\/\",\"logo\":{\"@type\":\"ImageObject\",\"inLanguage\":\"en-US\",\"@id\":\"https:\/\/www.padreeustaquio.com.br\/#\/schema\/logo\/image\/\",\"url\":\"https:\/\/www.padreeustaquio.com.br\/wp-content\/uploads\/2019\/08\/marca.png\",\"contentUrl\":\"https:\/\/www.padreeustaquio.com.br\/wp-content\/uploads\/2019\/08\/marca.png\",\"width\":350,\"height\":400,\"caption\":\"Padre Eust\u00e1quio\"},\"image\":{\"@id\":\"https:\/\/www.padreeustaquio.com.br\/#\/schema\/logo\/image\/\"},\"sameAs\":[\"https:\/\/www.facebook.com\/beatopadreeustaquio\/\",\"https:\/\/x.com\/beatopeustaquio\",\"https:\/\/www.instagram.com\/beatopadreeustaquio\/\",\"https:\/\/www.youtube.com\/channel\/UCRhw7vfabnajwLxb1ZXMeIw\"]},{\"@type\":\"Person\",\"@id\":\"https:\/\/www.padreeustaquio.com.br\/#\/schema\/person\/a2a51db1d00f1a7af0204a0f1ddb1566\",\"name\":\"@sscc\",\"image\":{\"@type\":\"ImageObject\",\"inLanguage\":\"en-US\",\"@id\":\"https:\/\/secure.gravatar.com\/avatar\/68cfafa5f44617fea54071e215026e0ff06be366c3d54a8425f04fdcb86f8c5f?s=96&d=mm&r=g\",\"url\":\"https:\/\/secure.gravatar.com\/avatar\/68cfafa5f44617fea54071e215026e0ff06be366c3d54a8425f04fdcb86f8c5f?s=96&d=mm&r=g\",\"contentUrl\":\"https:\/\/secure.gravatar.com\/avatar\/68cfafa5f44617fea54071e215026e0ff06be366c3d54a8425f04fdcb86f8c5f?s=96&d=mm&r=g\",\"caption\":\"@sscc\"},\"url\":\"https:\/\/www.padreeustaquio.com.br\/en\/author\/sscc\/\"}]}<\/script>\n<!-- \/ Yoast SEO plugin. -->","yoast_head_json":{"title":"Father Eust\u00e1quio asked for the blessing of Our Lady of Aparecida for the mission in Brazil.","description":"On May 12, 1925, the first missionaries of the Congregation of the Sacred Hearts arrived in Brazil, in Rio de Janeiro, but their first stop was the city of Aparecida-SP, where they asked for the blessings of the patron saint for their mission here.","robots":{"index":"index","follow":"follow","max-snippet":"max-snippet:-1","max-image-preview":"max-image-preview:large","max-video-preview":"max-video-preview:-1"},"canonical":"https:\/\/www.padreeustaquio.com.br\/en\/father-eustaquios-mission-in-brazil-was-blessed-by-our-lady-of-aparecida\/","og_locale":"en_US","og_type":"article","og_title":"Padre Eust\u00e1quio pediu a b\u00ean\u00e7\u00e3o de Nossa Senhora Aparecida para a miss\u00e3o no Brasil","og_description":"Em 12 de maio de 1925 os primeiros mission\u00e1rios da Congrega\u00e7\u00e3o dos Sagrados Cora\u00e7\u00f5es chegaram ao Brasil, no Rio de Janeiro, mas a primeira parada deles foi a cidade de Aparecida-SP, onde pediram as b\u00ean\u00e7\u00e3os da padroeira para a miss\u00e3o por aqui.","og_url":"https:\/\/www.padreeustaquio.com.br\/en\/father-eustaquios-mission-in-brazil-was-blessed-by-our-lady-of-aparecida\/","og_site_name":"Padre Eust\u00e1quio","article_publisher":"https:\/\/www.facebook.com\/beatopadreeustaquio\/","article_published_time":"2021-10-12T09:11:00+00:00","og_image":[{"width":748,"height":394,"url":"https:\/\/www.padreeustaquio.com.br\/wp-content\/uploads\/2021\/10\/postal-1.jpg","type":"image\/jpeg"}],"author":"@sscc","twitter_card":"summary_large_image","twitter_creator":"@beatopeustaquio","twitter_site":"@beatopeustaquio","twitter_misc":{"Written by":"@sscc","Est. reading time":"5 minutes"},"schema":{"@context":"https:\/\/schema.org","@graph":[{"@type":"Article","@id":"https:\/\/www.padreeustaquio.com.br\/missao-de-padre-eustaquio-no-brasil-contou-com-bencao-de-nossa-senhora-aparecida\/#article","isPartOf":{"@id":"https:\/\/www.padreeustaquio.com.br\/missao-de-padre-eustaquio-no-brasil-contou-com-bencao-de-nossa-senhora-aparecida\/"},"author":{"name":"@sscc","@id":"https:\/\/www.padreeustaquio.com.br\/#\/schema\/person\/a2a51db1d00f1a7af0204a0f1ddb1566"},"headline":"Padre Eust\u00e1quio pediu a b\u00ean\u00e7\u00e3o de Nossa Senhora Aparecida para a miss\u00e3o no Brasil","datePublished":"2021-10-12T09:11:00+00:00","mainEntityOfPage":{"@id":"https:\/\/www.padreeustaquio.com.br\/missao-de-padre-eustaquio-no-brasil-contou-com-bencao-de-nossa-senhora-aparecida\/"},"wordCount":1020,"commentCount":0,"publisher":{"@id":"https:\/\/www.padreeustaquio.com.br\/#organization"},"image":{"@id":"https:\/\/www.padreeustaquio.com.br\/missao-de-padre-eustaquio-no-brasil-contou-com-bencao-de-nossa-senhora-aparecida\/#primaryimage"},"thumbnailUrl":"https:\/\/www.padreeustaquio.com.br\/wp-content\/uploads\/2021\/10\/postal-1.jpg","articleSection":["Not\u00edcias"],"inLanguage":"en-US","potentialAction":[{"@type":"CommentAction","name":"Comment","target":["https:\/\/www.padreeustaquio.com.br\/missao-de-padre-eustaquio-no-brasil-contou-com-bencao-de-nossa-senhora-aparecida\/#respond"]}]},{"@type":"WebPage","@id":"https:\/\/www.padreeustaquio.com.br\/missao-de-padre-eustaquio-no-brasil-contou-com-bencao-de-nossa-senhora-aparecida\/","url":"https:\/\/www.padreeustaquio.com.br\/missao-de-padre-eustaquio-no-brasil-contou-com-bencao-de-nossa-senhora-aparecida\/","name":"Father Eust\u00e1quio asked for the blessing of Our Lady of Aparecida for the mission in Brazil.","isPartOf":{"@id":"https:\/\/www.padreeustaquio.com.br\/#website"},"primaryImageOfPage":{"@id":"https:\/\/www.padreeustaquio.com.br\/missao-de-padre-eustaquio-no-brasil-contou-com-bencao-de-nossa-senhora-aparecida\/#primaryimage"},"image":{"@id":"https:\/\/www.padreeustaquio.com.br\/missao-de-padre-eustaquio-no-brasil-contou-com-bencao-de-nossa-senhora-aparecida\/#primaryimage"},"thumbnailUrl":"https:\/\/www.padreeustaquio.com.br\/wp-content\/uploads\/2021\/10\/postal-1.jpg","datePublished":"2021-10-12T09:11:00+00:00","description":"On May 12, 1925, the first missionaries of the Congregation of the Sacred Hearts arrived in Brazil, in Rio de Janeiro, but their first stop was the city of Aparecida-SP, where they asked for the blessings of the patron saint for their mission here.","breadcrumb":{"@id":"https:\/\/www.padreeustaquio.com.br\/missao-de-padre-eustaquio-no-brasil-contou-com-bencao-de-nossa-senhora-aparecida\/#breadcrumb"},"inLanguage":"en-US","potentialAction":[{"@type":"ReadAction","target":["https:\/\/www.padreeustaquio.com.br\/missao-de-padre-eustaquio-no-brasil-contou-com-bencao-de-nossa-senhora-aparecida\/"]}]},{"@type":"ImageObject","inLanguage":"en-US","@id":"https:\/\/www.padreeustaquio.com.br\/missao-de-padre-eustaquio-no-brasil-contou-com-bencao-de-nossa-senhora-aparecida\/#primaryimage","url":"https:\/\/www.padreeustaquio.com.br\/wp-content\/uploads\/2021\/10\/postal-1.jpg","contentUrl":"https:\/\/www.padreeustaquio.com.br\/wp-content\/uploads\/2021\/10\/postal-1.jpg","width":748,"height":394,"caption":"Cart\u00e3o Postal enviado por Pe. Eust\u00e1quio \u00e0 sua irm\u00e3 Pac\u00edfica na Holanda"},{"@type":"BreadcrumbList","@id":"https:\/\/www.padreeustaquio.com.br\/missao-de-padre-eustaquio-no-brasil-contou-com-bencao-de-nossa-senhora-aparecida\/#breadcrumb","itemListElement":[{"@type":"ListItem","position":1,"name":"In\u00edcio","item":"https:\/\/www.padreeustaquio.com.br\/"},{"@type":"ListItem","position":2,"name":"Padre Eust\u00e1quio pediu a b\u00ean\u00e7\u00e3o de Nossa Senhora Aparecida para a miss\u00e3o no Brasil"}]},{"@type":"WebSite","@id":"https:\/\/www.padreeustaquio.com.br\/#website","url":"https:\/\/www.padreeustaquio.com.br\/","name":"FATHER EUST\u00c1QUIO","description":"Health and Peace","publisher":{"@id":"https:\/\/www.padreeustaquio.com.br\/#organization"},"potentialAction":[{"@type":"SearchAction","target":{"@type":"EntryPoint","urlTemplate":"https:\/\/www.padreeustaquio.com.br\/?s={search_term_string}"},"query-input":{"@type":"PropertyValueSpecification","valueRequired":true,"valueName":"search_term_string"}}],"inLanguage":"en-US"},{"@type":"Organization","@id":"https:\/\/www.padreeustaquio.com.br\/#organization","name":"FATHER EUST\u00c1QUIO","url":"https:\/\/www.padreeustaquio.com.br\/","logo":{"@type":"ImageObject","inLanguage":"en-US","@id":"https:\/\/www.padreeustaquio.com.br\/#\/schema\/logo\/image\/","url":"https:\/\/www.padreeustaquio.com.br\/wp-content\/uploads\/2019\/08\/marca.png","contentUrl":"https:\/\/www.padreeustaquio.com.br\/wp-content\/uploads\/2019\/08\/marca.png","width":350,"height":400,"caption":"Padre Eust\u00e1quio"},"image":{"@id":"https:\/\/www.padreeustaquio.com.br\/#\/schema\/logo\/image\/"},"sameAs":["https:\/\/www.facebook.com\/beatopadreeustaquio\/","https:\/\/x.com\/beatopeustaquio","https:\/\/www.instagram.com\/beatopadreeustaquio\/","https:\/\/www.youtube.com\/channel\/UCRhw7vfabnajwLxb1ZXMeIw"]},{"@type":"Person","@id":"https:\/\/www.padreeustaquio.com.br\/#\/schema\/person\/a2a51db1d00f1a7af0204a0f1ddb1566","name":"@sscc","image":{"@type":"ImageObject","inLanguage":"en-US","@id":"https:\/\/secure.gravatar.com\/avatar\/68cfafa5f44617fea54071e215026e0ff06be366c3d54a8425f04fdcb86f8c5f?s=96&d=mm&r=g","url":"https:\/\/secure.gravatar.com\/avatar\/68cfafa5f44617fea54071e215026e0ff06be366c3d54a8425f04fdcb86f8c5f?s=96&d=mm&r=g","contentUrl":"https:\/\/secure.gravatar.com\/avatar\/68cfafa5f44617fea54071e215026e0ff06be366c3d54a8425f04fdcb86f8c5f?s=96&d=mm&r=g","caption":"@sscc"},"url":"https:\/\/www.padreeustaquio.com.br\/en\/author\/sscc\/"}]}},"_links":{"self":[{"href":"https:\/\/www.padreeustaquio.com.br\/en\/wp-json\/wp\/v2\/posts\/7290","targetHints":{"allow":["GET"]}}],"collection":[{"href":"https:\/\/www.padreeustaquio.com.br\/en\/wp-json\/wp\/v2\/posts"}],"about":[{"href":"https:\/\/www.padreeustaquio.com.br\/en\/wp-json\/wp\/v2\/types\/post"}],"author":[{"embeddable":true,"href":"https:\/\/www.padreeustaquio.com.br\/en\/wp-json\/wp\/v2\/users\/2"}],"replies":[{"embeddable":true,"href":"https:\/\/www.padreeustaquio.com.br\/en\/wp-json\/wp\/v2\/comments?post=7290"}],"version-history":[{"count":0,"href":"https:\/\/www.padreeustaquio.com.br\/en\/wp-json\/wp\/v2\/posts\/7290\/revisions"}],"wp:featuredmedia":[{"embeddable":true,"href":"https:\/\/www.padreeustaquio.com.br\/en\/wp-json\/wp\/v2\/media\/7294"}],"wp:attachment":[{"href":"https:\/\/www.padreeustaquio.com.br\/en\/wp-json\/wp\/v2\/media?parent=7290"}],"wp:term":[{"taxonomy":"category","embeddable":true,"href":"https:\/\/www.padreeustaquio.com.br\/en\/wp-json\/wp\/v2\/categories?post=7290"},{"taxonomy":"post_tag","embeddable":true,"href":"https:\/\/www.padreeustaquio.com.br\/en\/wp-json\/wp\/v2\/tags?post=7290"}],"curies":[{"name":"wp","href":"https:\/\/api.w.org\/{rel}","templated":true}]}}