{"id":7265,"date":"2021-10-11T06:33:00","date_gmt":"2021-10-11T09:33:00","guid":{"rendered":"https:\/\/www.padreeustaquio.com.br\/?p=7265"},"modified":"2021-10-07T13:04:40","modified_gmt":"2021-10-07T16:04:40","slug":"vice-postulator-will-preside-over-masses-at-the-22nd-national-meeting","status":"publish","type":"post","link":"https:\/\/www.padreeustaquio.com.br\/en\/vice-postulator-will-preside-over-masses-at-the-22nd-national-meeting\/","title":{"rendered":"Vice-postulator will preside over masses at the 22nd National Dedo de Prosa Meeting."},"content":{"rendered":"<p>Starting on October 28th at Sesc Praia Formosa in Aracruz, Esp\u00edrito Santo, the 22nd National Meeting of Senior Citizens (Dedo de Prosa da Melhor Idade) will feature various musical and recreational activities, as well as moments of religious reflection.<\/p>\n\n\n\n<p>With the theme &quot;I see flowers in you,&quot; the gathering aims to bring together seniors from various parts of the country. After almost two years without a major event, the &quot;Dedo de Prosa&quot; gathering returns in full force. It will be a four-day, comprehensive event, featuring a talent festival, workshops, activities, shows, themed dances, a mass, beach time, sun, sea, and moments of connection with wonderful people from all over the country.<\/p>\n\n\n\n<p>The Sesc Tourism Center in Praia Formosa is located a few meters from the beach and about 50km from Vit\u00f3ria Airport. It is close to indigenous villages, offering the opportunity to experience the culture of the region&#039;s indigenous people firsthand.<\/p>\n\n\n\n<p>Among the confirmed attendees are artists such as the duo Caju e Castanha, Renato e seus Blue Caps, and Byafra. The closing Mass of the event will be presided over by Father Vin\u00edcius Maciel, ss.cc., responsible for the Cause of Canonization of Blessed Father Eust\u00e1quio in Brazil. The celebration is scheduled for Sunday the 31st, at 3 pm.<\/p>\n\n\n\n<p>The &quot;Encontro Dedo de Prosa&quot; (Encounter of a Little Chat) originated from the &quot;Programa Dedo de Prosa&quot; (Program of the Little Chat), which is the first Brazilian television program aimed at senior citizens. Hosted by Juarez Elisi\u00e1rio, it is an excellent entertainment option and a space for discussions about active aging in the population.<\/p>\n\n\n\n<p>To learn more <a href=\"http:\/\/www.programadedodeprosa.com.br\/default.asp?pag=p000124\" target=\"_blank\" rel=\"noreferrer noopener\">CLICK HERE<\/a> And get more information about the event, in addition to the full schedule!<\/p>\n\n\n\n<p><\/p>","protected":false},"excerpt":{"rendered":"<p>Com in\u00edcio marcado para o pr\u00f3ximo dia 28 de outubro, no Sesc Praia Formosa, em Aracruz no Esp\u00edrito Santo, o 22\u00ba Encontro Nacional Dedo de Prosa da Melhor Idade ter\u00e1 v\u00e1rias atra\u00e7\u00f5es musicais, recreativas e momentos de reflex\u00e3o religiosa. Com o tema &#8220;Eu vejo flores em voc\u00ea&#8221; o encontro pretende reunir idosos de v\u00e1rias partes do pa\u00eds. Depois de ficar quase dois anos sem a realiza\u00e7\u00e3o de um grande evento, o encontro &#8220;Dedo de Prosa&#8221; volta com for\u00e7a total. Ser\u00e3o quatro dias de um evento completo, com festival de talentos, oficinas, din\u00e2micas, shows, bailes tem\u00e1ticos, missa, praia, sol, mar e [&hellip;]<\/p>\n","protected":false},"author":2,"featured_media":7266,"comment_status":"open","ping_status":"closed","sticky":false,"template":"","format":"standard","meta":{"_acf_changed":false,"footnotes":""},"categories":[611],"tags":[],"class_list":["post-7265","post","type-post","status-publish","format-standard","has-post-thumbnail","hentry","category-noticias"],"acf":[],"yoast_head":"<!-- This site is optimized with the Yoast SEO plugin v27.2 - https:\/\/yoast.com\/product\/yoast-seo-wordpress\/ -->\n<title>Vice-postulador presidir\u00e1 missas no 22\u00ba Encontro Nacional Dedo de Prosa<\/title>\n<meta name=\"description\" content=\"Com in\u00edcio marcado para o pr\u00f3ximo dia 28 de outubro, no Sesc Praia Formosa, em Aracruz no Esp\u00edrito Santo, o 22\u00ba Encontro Nacional Dedo de Prosa da Melhor Idade ter\u00e1 v\u00e1rias atra\u00e7\u00f5es musicais, recreativas e momentos de reflex\u00e3o religiosa.\" \/>\n<meta name=\"robots\" content=\"index, follow, max-snippet:-1, max-image-preview:large, max-video-preview:-1\" \/>\n<link rel=\"canonical\" href=\"https:\/\/www.padreeustaquio.com.br\/en\/vice-postulator-will-preside-over-masses-at-the-22nd-national-meeting\/\" \/>\n<meta property=\"og:locale\" content=\"en_US\" \/>\n<meta property=\"og:type\" content=\"article\" \/>\n<meta property=\"og:title\" content=\"Vice-postulador presidir\u00e1 missas no 22\u00ba Encontro Nacional Dedo de Prosa\" \/>\n<meta property=\"og:description\" content=\"Com in\u00edcio marcado para o pr\u00f3ximo dia 28 de outubro, no Sesc Praia Formosa, em Aracruz no Esp\u00edrito Santo, o 22\u00ba Encontro Nacional Dedo de Prosa da Melhor Idade ter\u00e1 v\u00e1rias atra\u00e7\u00f5es musicais, recreativas e momentos de reflex\u00e3o religiosa.\" \/>\n<meta property=\"og:url\" content=\"https:\/\/www.padreeustaquio.com.br\/en\/vice-postulator-will-preside-over-masses-at-the-22nd-national-meeting\/\" \/>\n<meta property=\"og:site_name\" content=\"Padre Eust\u00e1quio\" \/>\n<meta property=\"article:publisher\" content=\"https:\/\/www.facebook.com\/beatopadreeustaquio\/\" \/>\n<meta property=\"article:published_time\" content=\"2021-10-11T09:33:00+00:00\" \/>\n<meta property=\"og:image\" content=\"https:\/\/www.padreeustaquio.com.br\/wp-content\/uploads\/2021\/10\/dedo-de-prosa.jpg\" \/>\n\t<meta property=\"og:image:width\" content=\"748\" \/>\n\t<meta property=\"og:image:height\" content=\"394\" \/>\n\t<meta property=\"og:image:type\" content=\"image\/jpeg\" \/>\n<meta name=\"author\" content=\"@sscc\" \/>\n<meta name=\"twitter:card\" content=\"summary_large_image\" \/>\n<meta name=\"twitter:creator\" content=\"@beatopeustaquio\" \/>\n<meta name=\"twitter:site\" content=\"@beatopeustaquio\" \/>\n<meta name=\"twitter:label1\" content=\"Written by\" \/>\n\t<meta name=\"twitter:data1\" content=\"@sscc\" \/>\n\t<meta name=\"twitter:label2\" content=\"Est. reading time\" \/>\n\t<meta name=\"twitter:data2\" content=\"2 minutes\" \/>\n<script type=\"application\/ld+json\" class=\"yoast-schema-graph\">{\"@context\":\"https:\/\/schema.org\",\"@graph\":[{\"@type\":\"Article\",\"@id\":\"https:\/\/www.padreeustaquio.com.br\/vice-postulador-presidira-missas-no-22o-encontro-nacional-dedo-de-prosa\/#article\",\"isPartOf\":{\"@id\":\"https:\/\/www.padreeustaquio.com.br\/vice-postulador-presidira-missas-no-22o-encontro-nacional-dedo-de-prosa\/\"},\"author\":{\"name\":\"@sscc\",\"@id\":\"https:\/\/www.padreeustaquio.com.br\/#\/schema\/person\/a2a51db1d00f1a7af0204a0f1ddb1566\"},\"headline\":\"Vice-postulador presidir\u00e1 missas no 22\u00ba Encontro Nacional Dedo de Prosa\",\"datePublished\":\"2021-10-11T09:33:00+00:00\",\"mainEntityOfPage\":{\"@id\":\"https:\/\/www.padreeustaquio.com.br\/vice-postulador-presidira-missas-no-22o-encontro-nacional-dedo-de-prosa\/\"},\"wordCount\":312,\"commentCount\":0,\"publisher\":{\"@id\":\"https:\/\/www.padreeustaquio.com.br\/#organization\"},\"image\":{\"@id\":\"https:\/\/www.padreeustaquio.com.br\/vice-postulador-presidira-missas-no-22o-encontro-nacional-dedo-de-prosa\/#primaryimage\"},\"thumbnailUrl\":\"https:\/\/www.padreeustaquio.com.br\/wp-content\/uploads\/2021\/10\/dedo-de-prosa.jpg\",\"articleSection\":[\"Not\u00edcias\"],\"inLanguage\":\"en-US\",\"potentialAction\":[{\"@type\":\"CommentAction\",\"name\":\"Comment\",\"target\":[\"https:\/\/www.padreeustaquio.com.br\/vice-postulador-presidira-missas-no-22o-encontro-nacional-dedo-de-prosa\/#respond\"]}]},{\"@type\":\"WebPage\",\"@id\":\"https:\/\/www.padreeustaquio.com.br\/vice-postulador-presidira-missas-no-22o-encontro-nacional-dedo-de-prosa\/\",\"url\":\"https:\/\/www.padreeustaquio.com.br\/vice-postulador-presidira-missas-no-22o-encontro-nacional-dedo-de-prosa\/\",\"name\":\"Vice-postulador presidir\u00e1 missas no 22\u00ba Encontro Nacional Dedo de Prosa\",\"isPartOf\":{\"@id\":\"https:\/\/www.padreeustaquio.com.br\/#website\"},\"primaryImageOfPage\":{\"@id\":\"https:\/\/www.padreeustaquio.com.br\/vice-postulador-presidira-missas-no-22o-encontro-nacional-dedo-de-prosa\/#primaryimage\"},\"image\":{\"@id\":\"https:\/\/www.padreeustaquio.com.br\/vice-postulador-presidira-missas-no-22o-encontro-nacional-dedo-de-prosa\/#primaryimage\"},\"thumbnailUrl\":\"https:\/\/www.padreeustaquio.com.br\/wp-content\/uploads\/2021\/10\/dedo-de-prosa.jpg\",\"datePublished\":\"2021-10-11T09:33:00+00:00\",\"description\":\"Com in\u00edcio marcado para o pr\u00f3ximo dia 28 de outubro, no Sesc Praia Formosa, em Aracruz no Esp\u00edrito Santo, o 22\u00ba Encontro Nacional Dedo de Prosa da Melhor Idade ter\u00e1 v\u00e1rias atra\u00e7\u00f5es musicais, recreativas e momentos de reflex\u00e3o religiosa.\",\"breadcrumb\":{\"@id\":\"https:\/\/www.padreeustaquio.com.br\/vice-postulador-presidira-missas-no-22o-encontro-nacional-dedo-de-prosa\/#breadcrumb\"},\"inLanguage\":\"en-US\",\"potentialAction\":[{\"@type\":\"ReadAction\",\"target\":[\"https:\/\/www.padreeustaquio.com.br\/vice-postulador-presidira-missas-no-22o-encontro-nacional-dedo-de-prosa\/\"]}]},{\"@type\":\"ImageObject\",\"inLanguage\":\"en-US\",\"@id\":\"https:\/\/www.padreeustaquio.com.br\/vice-postulador-presidira-missas-no-22o-encontro-nacional-dedo-de-prosa\/#primaryimage\",\"url\":\"https:\/\/www.padreeustaquio.com.br\/wp-content\/uploads\/2021\/10\/dedo-de-prosa.jpg\",\"contentUrl\":\"https:\/\/www.padreeustaquio.com.br\/wp-content\/uploads\/2021\/10\/dedo-de-prosa.jpg\",\"width\":748,\"height\":394},{\"@type\":\"BreadcrumbList\",\"@id\":\"https:\/\/www.padreeustaquio.com.br\/vice-postulador-presidira-missas-no-22o-encontro-nacional-dedo-de-prosa\/#breadcrumb\",\"itemListElement\":[{\"@type\":\"ListItem\",\"position\":1,\"name\":\"In\u00edcio\",\"item\":\"https:\/\/www.padreeustaquio.com.br\/\"},{\"@type\":\"ListItem\",\"position\":2,\"name\":\"Vice-postulador presidir\u00e1 missas no 22\u00ba Encontro Nacional Dedo de Prosa\"}]},{\"@type\":\"WebSite\",\"@id\":\"https:\/\/www.padreeustaquio.com.br\/#website\",\"url\":\"https:\/\/www.padreeustaquio.com.br\/\",\"name\":\"Padre Eust\u00e1quio\",\"description\":\"Sa\u00fade e Paz\",\"publisher\":{\"@id\":\"https:\/\/www.padreeustaquio.com.br\/#organization\"},\"potentialAction\":[{\"@type\":\"SearchAction\",\"target\":{\"@type\":\"EntryPoint\",\"urlTemplate\":\"https:\/\/www.padreeustaquio.com.br\/?s={search_term_string}\"},\"query-input\":{\"@type\":\"PropertyValueSpecification\",\"valueRequired\":true,\"valueName\":\"search_term_string\"}}],\"inLanguage\":\"en-US\"},{\"@type\":\"Organization\",\"@id\":\"https:\/\/www.padreeustaquio.com.br\/#organization\",\"name\":\"Padre Eust\u00e1quio\",\"url\":\"https:\/\/www.padreeustaquio.com.br\/\",\"logo\":{\"@type\":\"ImageObject\",\"inLanguage\":\"en-US\",\"@id\":\"https:\/\/www.padreeustaquio.com.br\/#\/schema\/logo\/image\/\",\"url\":\"https:\/\/www.padreeustaquio.com.br\/wp-content\/uploads\/2019\/08\/marca.png\",\"contentUrl\":\"https:\/\/www.padreeustaquio.com.br\/wp-content\/uploads\/2019\/08\/marca.png\",\"width\":350,\"height\":400,\"caption\":\"Padre Eust\u00e1quio\"},\"image\":{\"@id\":\"https:\/\/www.padreeustaquio.com.br\/#\/schema\/logo\/image\/\"},\"sameAs\":[\"https:\/\/www.facebook.com\/beatopadreeustaquio\/\",\"https:\/\/x.com\/beatopeustaquio\",\"https:\/\/www.instagram.com\/beatopadreeustaquio\/\",\"https:\/\/www.youtube.com\/channel\/UCRhw7vfabnajwLxb1ZXMeIw\"]},{\"@type\":\"Person\",\"@id\":\"https:\/\/www.padreeustaquio.com.br\/#\/schema\/person\/a2a51db1d00f1a7af0204a0f1ddb1566\",\"name\":\"@sscc\",\"image\":{\"@type\":\"ImageObject\",\"inLanguage\":\"en-US\",\"@id\":\"https:\/\/secure.gravatar.com\/avatar\/68cfafa5f44617fea54071e215026e0ff06be366c3d54a8425f04fdcb86f8c5f?s=96&d=mm&r=g\",\"url\":\"https:\/\/secure.gravatar.com\/avatar\/68cfafa5f44617fea54071e215026e0ff06be366c3d54a8425f04fdcb86f8c5f?s=96&d=mm&r=g\",\"contentUrl\":\"https:\/\/secure.gravatar.com\/avatar\/68cfafa5f44617fea54071e215026e0ff06be366c3d54a8425f04fdcb86f8c5f?s=96&d=mm&r=g\",\"caption\":\"@sscc\"},\"url\":\"https:\/\/www.padreeustaquio.com.br\/en\/author\/sscc\/\"}]}<\/script>\n<!-- \/ Yoast SEO plugin. -->","yoast_head_json":{"title":"Vice-postulator will preside over masses at the 22nd National Dedo de Prosa Meeting.","description":"Starting on October 28th at Sesc Praia Formosa in Aracruz, Esp\u00edrito Santo, the 22nd National Meeting of Senior Citizens (Dedo de Prosa da Melhor Idade) will feature various musical and recreational activities, as well as moments of religious reflection.","robots":{"index":"index","follow":"follow","max-snippet":"max-snippet:-1","max-image-preview":"max-image-preview:large","max-video-preview":"max-video-preview:-1"},"canonical":"https:\/\/www.padreeustaquio.com.br\/en\/vice-postulator-will-preside-over-masses-at-the-22nd-national-meeting\/","og_locale":"en_US","og_type":"article","og_title":"Vice-postulador presidir\u00e1 missas no 22\u00ba Encontro Nacional Dedo de Prosa","og_description":"Com in\u00edcio marcado para o pr\u00f3ximo dia 28 de outubro, no Sesc Praia Formosa, em Aracruz no Esp\u00edrito Santo, o 22\u00ba Encontro Nacional Dedo de Prosa da Melhor Idade ter\u00e1 v\u00e1rias atra\u00e7\u00f5es musicais, recreativas e momentos de reflex\u00e3o religiosa.","og_url":"https:\/\/www.padreeustaquio.com.br\/en\/vice-postulator-will-preside-over-masses-at-the-22nd-national-meeting\/","og_site_name":"Padre Eust\u00e1quio","article_publisher":"https:\/\/www.facebook.com\/beatopadreeustaquio\/","article_published_time":"2021-10-11T09:33:00+00:00","og_image":[{"width":748,"height":394,"url":"https:\/\/www.padreeustaquio.com.br\/wp-content\/uploads\/2021\/10\/dedo-de-prosa.jpg","type":"image\/jpeg"}],"author":"@sscc","twitter_card":"summary_large_image","twitter_creator":"@beatopeustaquio","twitter_site":"@beatopeustaquio","twitter_misc":{"Written by":"@sscc","Est. reading time":"2 minutes"},"schema":{"@context":"https:\/\/schema.org","@graph":[{"@type":"Article","@id":"https:\/\/www.padreeustaquio.com.br\/vice-postulador-presidira-missas-no-22o-encontro-nacional-dedo-de-prosa\/#article","isPartOf":{"@id":"https:\/\/www.padreeustaquio.com.br\/vice-postulador-presidira-missas-no-22o-encontro-nacional-dedo-de-prosa\/"},"author":{"name":"@sscc","@id":"https:\/\/www.padreeustaquio.com.br\/#\/schema\/person\/a2a51db1d00f1a7af0204a0f1ddb1566"},"headline":"Vice-postulador presidir\u00e1 missas no 22\u00ba Encontro Nacional Dedo de Prosa","datePublished":"2021-10-11T09:33:00+00:00","mainEntityOfPage":{"@id":"https:\/\/www.padreeustaquio.com.br\/vice-postulador-presidira-missas-no-22o-encontro-nacional-dedo-de-prosa\/"},"wordCount":312,"commentCount":0,"publisher":{"@id":"https:\/\/www.padreeustaquio.com.br\/#organization"},"image":{"@id":"https:\/\/www.padreeustaquio.com.br\/vice-postulador-presidira-missas-no-22o-encontro-nacional-dedo-de-prosa\/#primaryimage"},"thumbnailUrl":"https:\/\/www.padreeustaquio.com.br\/wp-content\/uploads\/2021\/10\/dedo-de-prosa.jpg","articleSection":["Not\u00edcias"],"inLanguage":"en-US","potentialAction":[{"@type":"CommentAction","name":"Comment","target":["https:\/\/www.padreeustaquio.com.br\/vice-postulador-presidira-missas-no-22o-encontro-nacional-dedo-de-prosa\/#respond"]}]},{"@type":"WebPage","@id":"https:\/\/www.padreeustaquio.com.br\/vice-postulador-presidira-missas-no-22o-encontro-nacional-dedo-de-prosa\/","url":"https:\/\/www.padreeustaquio.com.br\/vice-postulador-presidira-missas-no-22o-encontro-nacional-dedo-de-prosa\/","name":"Vice-postulator will preside over masses at the 22nd National Dedo de Prosa Meeting.","isPartOf":{"@id":"https:\/\/www.padreeustaquio.com.br\/#website"},"primaryImageOfPage":{"@id":"https:\/\/www.padreeustaquio.com.br\/vice-postulador-presidira-missas-no-22o-encontro-nacional-dedo-de-prosa\/#primaryimage"},"image":{"@id":"https:\/\/www.padreeustaquio.com.br\/vice-postulador-presidira-missas-no-22o-encontro-nacional-dedo-de-prosa\/#primaryimage"},"thumbnailUrl":"https:\/\/www.padreeustaquio.com.br\/wp-content\/uploads\/2021\/10\/dedo-de-prosa.jpg","datePublished":"2021-10-11T09:33:00+00:00","description":"Starting on October 28th at Sesc Praia Formosa in Aracruz, Esp\u00edrito Santo, the 22nd National Meeting of Senior Citizens (Dedo de Prosa da Melhor Idade) will feature various musical and recreational activities, as well as moments of religious reflection.","breadcrumb":{"@id":"https:\/\/www.padreeustaquio.com.br\/vice-postulador-presidira-missas-no-22o-encontro-nacional-dedo-de-prosa\/#breadcrumb"},"inLanguage":"en-US","potentialAction":[{"@type":"ReadAction","target":["https:\/\/www.padreeustaquio.com.br\/vice-postulador-presidira-missas-no-22o-encontro-nacional-dedo-de-prosa\/"]}]},{"@type":"ImageObject","inLanguage":"en-US","@id":"https:\/\/www.padreeustaquio.com.br\/vice-postulador-presidira-missas-no-22o-encontro-nacional-dedo-de-prosa\/#primaryimage","url":"https:\/\/www.padreeustaquio.com.br\/wp-content\/uploads\/2021\/10\/dedo-de-prosa.jpg","contentUrl":"https:\/\/www.padreeustaquio.com.br\/wp-content\/uploads\/2021\/10\/dedo-de-prosa.jpg","width":748,"height":394},{"@type":"BreadcrumbList","@id":"https:\/\/www.padreeustaquio.com.br\/vice-postulador-presidira-missas-no-22o-encontro-nacional-dedo-de-prosa\/#breadcrumb","itemListElement":[{"@type":"ListItem","position":1,"name":"In\u00edcio","item":"https:\/\/www.padreeustaquio.com.br\/"},{"@type":"ListItem","position":2,"name":"Vice-postulador presidir\u00e1 missas no 22\u00ba Encontro Nacional Dedo de Prosa"}]},{"@type":"WebSite","@id":"https:\/\/www.padreeustaquio.com.br\/#website","url":"https:\/\/www.padreeustaquio.com.br\/","name":"FATHER EUST\u00c1QUIO","description":"Health and Peace","publisher":{"@id":"https:\/\/www.padreeustaquio.com.br\/#organization"},"potentialAction":[{"@type":"SearchAction","target":{"@type":"EntryPoint","urlTemplate":"https:\/\/www.padreeustaquio.com.br\/?s={search_term_string}"},"query-input":{"@type":"PropertyValueSpecification","valueRequired":true,"valueName":"search_term_string"}}],"inLanguage":"en-US"},{"@type":"Organization","@id":"https:\/\/www.padreeustaquio.com.br\/#organization","name":"FATHER EUST\u00c1QUIO","url":"https:\/\/www.padreeustaquio.com.br\/","logo":{"@type":"ImageObject","inLanguage":"en-US","@id":"https:\/\/www.padreeustaquio.com.br\/#\/schema\/logo\/image\/","url":"https:\/\/www.padreeustaquio.com.br\/wp-content\/uploads\/2019\/08\/marca.png","contentUrl":"https:\/\/www.padreeustaquio.com.br\/wp-content\/uploads\/2019\/08\/marca.png","width":350,"height":400,"caption":"Padre Eust\u00e1quio"},"image":{"@id":"https:\/\/www.padreeustaquio.com.br\/#\/schema\/logo\/image\/"},"sameAs":["https:\/\/www.facebook.com\/beatopadreeustaquio\/","https:\/\/x.com\/beatopeustaquio","https:\/\/www.instagram.com\/beatopadreeustaquio\/","https:\/\/www.youtube.com\/channel\/UCRhw7vfabnajwLxb1ZXMeIw"]},{"@type":"Person","@id":"https:\/\/www.padreeustaquio.com.br\/#\/schema\/person\/a2a51db1d00f1a7af0204a0f1ddb1566","name":"@sscc","image":{"@type":"ImageObject","inLanguage":"en-US","@id":"https:\/\/secure.gravatar.com\/avatar\/68cfafa5f44617fea54071e215026e0ff06be366c3d54a8425f04fdcb86f8c5f?s=96&d=mm&r=g","url":"https:\/\/secure.gravatar.com\/avatar\/68cfafa5f44617fea54071e215026e0ff06be366c3d54a8425f04fdcb86f8c5f?s=96&d=mm&r=g","contentUrl":"https:\/\/secure.gravatar.com\/avatar\/68cfafa5f44617fea54071e215026e0ff06be366c3d54a8425f04fdcb86f8c5f?s=96&d=mm&r=g","caption":"@sscc"},"url":"https:\/\/www.padreeustaquio.com.br\/en\/author\/sscc\/"}]}},"_links":{"self":[{"href":"https:\/\/www.padreeustaquio.com.br\/en\/wp-json\/wp\/v2\/posts\/7265","targetHints":{"allow":["GET"]}}],"collection":[{"href":"https:\/\/www.padreeustaquio.com.br\/en\/wp-json\/wp\/v2\/posts"}],"about":[{"href":"https:\/\/www.padreeustaquio.com.br\/en\/wp-json\/wp\/v2\/types\/post"}],"author":[{"embeddable":true,"href":"https:\/\/www.padreeustaquio.com.br\/en\/wp-json\/wp\/v2\/users\/2"}],"replies":[{"embeddable":true,"href":"https:\/\/www.padreeustaquio.com.br\/en\/wp-json\/wp\/v2\/comments?post=7265"}],"version-history":[{"count":0,"href":"https:\/\/www.padreeustaquio.com.br\/en\/wp-json\/wp\/v2\/posts\/7265\/revisions"}],"wp:featuredmedia":[{"embeddable":true,"href":"https:\/\/www.padreeustaquio.com.br\/en\/wp-json\/wp\/v2\/media\/7266"}],"wp:attachment":[{"href":"https:\/\/www.padreeustaquio.com.br\/en\/wp-json\/wp\/v2\/media?parent=7265"}],"wp:term":[{"taxonomy":"category","embeddable":true,"href":"https:\/\/www.padreeustaquio.com.br\/en\/wp-json\/wp\/v2\/categories?post=7265"},{"taxonomy":"post_tag","embeddable":true,"href":"https:\/\/www.padreeustaquio.com.br\/en\/wp-json\/wp\/v2\/tags?post=7265"}],"curies":[{"name":"wp","href":"https:\/\/api.w.org\/{rel}","templated":true}]}}