{"id":6988,"date":"2021-09-13T17:02:28","date_gmt":"2021-09-13T20:02:28","guid":{"rendered":"https:\/\/www.padreeustaquio.com.br\/?p=6988"},"modified":"2021-09-13T18:53:11","modified_gmt":"2021-09-13T21:53:11","slug":"father-eustace-and-the-time-of-exile","status":"publish","type":"post","link":"https:\/\/www.padreeustaquio.com.br\/en\/father-eustace-and-the-time-of-exile\/","title":{"rendered":"Father Eust\u00e1quio and the time of exile"},"content":{"rendered":"<p>The solution found by Father Eust\u00e1quio&#039;s superiors was to remove him from the parish of Po\u00e1-SP starting on May 13, 1941. The civil and religious authorities determined his exile to a farm in the city of Rio Claro-SP, and the change of his name to Father Jos\u00e9, which he accepted, demonstrating obedience and humility.<\/p>\n\n\n\n<p>Discovered, he went to other places. His refuge then became the convent of the priests in Patroc\u00ednio-MG, in what was then the D. Lustosa Gymnasium, starting on October 13, 1941. After that, before leaving for the capital of Minas Gerais, he was sent as a provisional parish priest to the city of Ibi\u00e1-MG, where he didn&#039;t even complete two months, but he left behind the project for the Santa Casa (Holy House) that today bears his name. After his arrival in Ibi\u00e1, the entire surrounding area of Arax\u00e1, S\u00e3o Gotardo, Campos Altos, Tiros, Pratinha\u2026 sought him out.<\/p>\n\n\n\n<figure class=\"wp-block-gallery columns-3 is-cropped wp-block-gallery-1 is-layout-flex wp-block-gallery-is-layout-flex\"><ul class=\"blocks-gallery-grid\"><li class=\"blocks-gallery-item\"><figure><a href=\"https:\/\/www.padreeustaquio.com.br\/en\/father-eustace-and-the-time-of-exile\/whatsapp-image-2021-09-13-at-16-57-29-1\/\"><img decoding=\"async\" width=\"150\" height=\"150\" src=\"https:\/\/www.padreeustaquio.com.br\/wp-content\/uploads\/2021\/09\/WhatsApp-Image-2021-09-13-at-16.57.29-1-150x150.jpeg\" alt=\"\" data-id=\"6989\" data-full-url=\"https:\/\/www.padreeustaquio.com.br\/wp-content\/uploads\/2021\/09\/WhatsApp-Image-2021-09-13-at-16.57.29-1.jpeg\" data-link=\"https:\/\/www.padreeustaquio.com.br\/padre-eustaquio-e-o-tempo-de-exilio\/whatsapp-image-2021-09-13-at-16-57-29-1\/\" class=\"wp-image-6989\" srcset=\"https:\/\/www.padreeustaquio.com.br\/wp-content\/uploads\/2021\/09\/WhatsApp-Image-2021-09-13-at-16.57.29-1-150x150.jpeg 150w, https:\/\/www.padreeustaquio.com.br\/wp-content\/uploads\/2021\/09\/WhatsApp-Image-2021-09-13-at-16.57.29-1-75x75.jpeg 75w, https:\/\/www.padreeustaquio.com.br\/wp-content\/uploads\/2021\/09\/WhatsApp-Image-2021-09-13-at-16.57.29-1-180x180.jpeg 180w, https:\/\/www.padreeustaquio.com.br\/wp-content\/uploads\/2021\/09\/WhatsApp-Image-2021-09-13-at-16.57.29-1-400x400.jpeg 400w, https:\/\/www.padreeustaquio.com.br\/wp-content\/uploads\/2021\/09\/WhatsApp-Image-2021-09-13-at-16.57.29-1-600x600.jpeg 600w\" sizes=\"(max-width: 150px) 100vw, 150px\" \/><\/a><\/figure><\/li><li class=\"blocks-gallery-item\"><figure><a href=\"https:\/\/www.padreeustaquio.com.br\/en\/father-eustace-and-the-time-of-exile\/whatsapp-image-2021-09-13-at-16-57-29-2\/\"><img decoding=\"async\" width=\"150\" height=\"150\" src=\"https:\/\/www.padreeustaquio.com.br\/wp-content\/uploads\/2021\/09\/WhatsApp-Image-2021-09-13-at-16.57.29-2-150x150.jpeg\" alt=\"\" data-id=\"6990\" data-full-url=\"https:\/\/www.padreeustaquio.com.br\/wp-content\/uploads\/2021\/09\/WhatsApp-Image-2021-09-13-at-16.57.29-2.jpeg\" data-link=\"https:\/\/www.padreeustaquio.com.br\/padre-eustaquio-e-o-tempo-de-exilio\/whatsapp-image-2021-09-13-at-16-57-29-2\/\" class=\"wp-image-6990\" srcset=\"https:\/\/www.padreeustaquio.com.br\/wp-content\/uploads\/2021\/09\/WhatsApp-Image-2021-09-13-at-16.57.29-2-150x150.jpeg 150w, https:\/\/www.padreeustaquio.com.br\/wp-content\/uploads\/2021\/09\/WhatsApp-Image-2021-09-13-at-16.57.29-2-75x75.jpeg 75w, https:\/\/www.padreeustaquio.com.br\/wp-content\/uploads\/2021\/09\/WhatsApp-Image-2021-09-13-at-16.57.29-2-180x180.jpeg 180w, https:\/\/www.padreeustaquio.com.br\/wp-content\/uploads\/2021\/09\/WhatsApp-Image-2021-09-13-at-16.57.29-2-400x400.jpeg 400w, https:\/\/www.padreeustaquio.com.br\/wp-content\/uploads\/2021\/09\/WhatsApp-Image-2021-09-13-at-16.57.29-2-600x600.jpeg 600w\" sizes=\"(max-width: 150px) 100vw, 150px\" \/><\/a><\/figure><\/li><li class=\"blocks-gallery-item\"><figure><a href=\"https:\/\/www.padreeustaquio.com.br\/en\/father-eustace-and-the-time-of-exile\/whatsapp-image-2021-09-13-at-16-57-29-3\/\"><img decoding=\"async\" width=\"150\" height=\"150\" src=\"https:\/\/www.padreeustaquio.com.br\/wp-content\/uploads\/2021\/09\/WhatsApp-Image-2021-09-13-at-16.57.29-3-150x150.jpeg\" alt=\"\" data-id=\"6991\" data-full-url=\"https:\/\/www.padreeustaquio.com.br\/wp-content\/uploads\/2021\/09\/WhatsApp-Image-2021-09-13-at-16.57.29-3.jpeg\" data-link=\"https:\/\/www.padreeustaquio.com.br\/padre-eustaquio-e-o-tempo-de-exilio\/whatsapp-image-2021-09-13-at-16-57-29-3\/\" class=\"wp-image-6991\" srcset=\"https:\/\/www.padreeustaquio.com.br\/wp-content\/uploads\/2021\/09\/WhatsApp-Image-2021-09-13-at-16.57.29-3-150x150.jpeg 150w, https:\/\/www.padreeustaquio.com.br\/wp-content\/uploads\/2021\/09\/WhatsApp-Image-2021-09-13-at-16.57.29-3-75x75.jpeg 75w, https:\/\/www.padreeustaquio.com.br\/wp-content\/uploads\/2021\/09\/WhatsApp-Image-2021-09-13-at-16.57.29-3-180x180.jpeg 180w, https:\/\/www.padreeustaquio.com.br\/wp-content\/uploads\/2021\/09\/WhatsApp-Image-2021-09-13-at-16.57.29-3-400x400.jpeg 400w, https:\/\/www.padreeustaquio.com.br\/wp-content\/uploads\/2021\/09\/WhatsApp-Image-2021-09-13-at-16.57.29-3-600x600.jpeg 600w\" sizes=\"(max-width: 150px) 100vw, 150px\" \/><\/a><\/figure><\/li><li class=\"blocks-gallery-item\"><figure><a href=\"https:\/\/www.padreeustaquio.com.br\/en\/father-eustace-and-the-time-of-exile\/whatsapp-image-2021-09-13-at-16-57-29-4\/\"><img loading=\"lazy\" decoding=\"async\" width=\"150\" height=\"150\" src=\"https:\/\/www.padreeustaquio.com.br\/wp-content\/uploads\/2021\/09\/WhatsApp-Image-2021-09-13-at-16.57.29-4-150x150.jpeg\" alt=\"\" data-id=\"6992\" data-full-url=\"https:\/\/www.padreeustaquio.com.br\/wp-content\/uploads\/2021\/09\/WhatsApp-Image-2021-09-13-at-16.57.29-4.jpeg\" data-link=\"https:\/\/www.padreeustaquio.com.br\/padre-eustaquio-e-o-tempo-de-exilio\/whatsapp-image-2021-09-13-at-16-57-29-4\/\" class=\"wp-image-6992\" srcset=\"https:\/\/www.padreeustaquio.com.br\/wp-content\/uploads\/2021\/09\/WhatsApp-Image-2021-09-13-at-16.57.29-4-150x150.jpeg 150w, https:\/\/www.padreeustaquio.com.br\/wp-content\/uploads\/2021\/09\/WhatsApp-Image-2021-09-13-at-16.57.29-4-75x75.jpeg 75w, https:\/\/www.padreeustaquio.com.br\/wp-content\/uploads\/2021\/09\/WhatsApp-Image-2021-09-13-at-16.57.29-4-180x180.jpeg 180w, https:\/\/www.padreeustaquio.com.br\/wp-content\/uploads\/2021\/09\/WhatsApp-Image-2021-09-13-at-16.57.29-4-400x400.jpeg 400w, https:\/\/www.padreeustaquio.com.br\/wp-content\/uploads\/2021\/09\/WhatsApp-Image-2021-09-13-at-16.57.29-4-600x600.jpeg 600w\" sizes=\"(max-width: 150px) 100vw, 150px\" \/><\/a><\/figure><\/li><li class=\"blocks-gallery-item\"><figure><a href=\"https:\/\/www.padreeustaquio.com.br\/en\/father-eustace-and-the-time-of-exile\/whatsapp-image-2021-09-13-at-16-57-29-7\/\"><img loading=\"lazy\" decoding=\"async\" width=\"150\" height=\"150\" src=\"https:\/\/www.padreeustaquio.com.br\/wp-content\/uploads\/2021\/09\/WhatsApp-Image-2021-09-13-at-16.57.29-7-150x150.jpeg\" alt=\"\" data-id=\"6995\" data-full-url=\"https:\/\/www.padreeustaquio.com.br\/wp-content\/uploads\/2021\/09\/WhatsApp-Image-2021-09-13-at-16.57.29-7.jpeg\" data-link=\"https:\/\/www.padreeustaquio.com.br\/padre-eustaquio-e-o-tempo-de-exilio\/whatsapp-image-2021-09-13-at-16-57-29-7\/\" class=\"wp-image-6995\" srcset=\"https:\/\/www.padreeustaquio.com.br\/wp-content\/uploads\/2021\/09\/WhatsApp-Image-2021-09-13-at-16.57.29-7-150x150.jpeg 150w, https:\/\/www.padreeustaquio.com.br\/wp-content\/uploads\/2021\/09\/WhatsApp-Image-2021-09-13-at-16.57.29-7-300x300.jpeg 300w, https:\/\/www.padreeustaquio.com.br\/wp-content\/uploads\/2021\/09\/WhatsApp-Image-2021-09-13-at-16.57.29-7-75x75.jpeg 75w, https:\/\/www.padreeustaquio.com.br\/wp-content\/uploads\/2021\/09\/WhatsApp-Image-2021-09-13-at-16.57.29-7-180x180.jpeg 180w, https:\/\/www.padreeustaquio.com.br\/wp-content\/uploads\/2021\/09\/WhatsApp-Image-2021-09-13-at-16.57.29-7-400x400.jpeg 400w, https:\/\/www.padreeustaquio.com.br\/wp-content\/uploads\/2021\/09\/WhatsApp-Image-2021-09-13-at-16.57.29-7-600x600.jpeg 600w, https:\/\/www.padreeustaquio.com.br\/wp-content\/uploads\/2021\/09\/WhatsApp-Image-2021-09-13-at-16.57.29-7.jpeg 713w\" sizes=\"(max-width: 150px) 100vw, 150px\" \/><\/a><\/figure><\/li><li class=\"blocks-gallery-item\"><figure><a href=\"https:\/\/www.padreeustaquio.com.br\/en\/father-eustace-and-the-time-of-exile\/whatsapp-image-2021-09-13-at-16-57-29-5\/\"><img loading=\"lazy\" decoding=\"async\" width=\"150\" height=\"150\" src=\"https:\/\/www.padreeustaquio.com.br\/wp-content\/uploads\/2021\/09\/WhatsApp-Image-2021-09-13-at-16.57.29-5-150x150.jpeg\" alt=\"\" data-id=\"6993\" data-full-url=\"https:\/\/www.padreeustaquio.com.br\/wp-content\/uploads\/2021\/09\/WhatsApp-Image-2021-09-13-at-16.57.29-5.jpeg\" data-link=\"https:\/\/www.padreeustaquio.com.br\/padre-eustaquio-e-o-tempo-de-exilio\/whatsapp-image-2021-09-13-at-16-57-29-5\/\" class=\"wp-image-6993\" srcset=\"https:\/\/www.padreeustaquio.com.br\/wp-content\/uploads\/2021\/09\/WhatsApp-Image-2021-09-13-at-16.57.29-5-150x150.jpeg 150w, https:\/\/www.padreeustaquio.com.br\/wp-content\/uploads\/2021\/09\/WhatsApp-Image-2021-09-13-at-16.57.29-5-75x75.jpeg 75w, https:\/\/www.padreeustaquio.com.br\/wp-content\/uploads\/2021\/09\/WhatsApp-Image-2021-09-13-at-16.57.29-5-180x180.jpeg 180w, https:\/\/www.padreeustaquio.com.br\/wp-content\/uploads\/2021\/09\/WhatsApp-Image-2021-09-13-at-16.57.29-5-400x400.jpeg 400w, https:\/\/www.padreeustaquio.com.br\/wp-content\/uploads\/2021\/09\/WhatsApp-Image-2021-09-13-at-16.57.29-5-600x600.jpeg 600w\" sizes=\"(max-width: 150px) 100vw, 150px\" \/><\/a><\/figure><\/li><li class=\"blocks-gallery-item\"><figure><a href=\"https:\/\/www.padreeustaquio.com.br\/en\/father-eustace-and-the-time-of-exile\/whatsapp-image-2021-09-13-at-16-57-29-6\/\"><img loading=\"lazy\" decoding=\"async\" width=\"150\" height=\"150\" src=\"https:\/\/www.padreeustaquio.com.br\/wp-content\/uploads\/2021\/09\/WhatsApp-Image-2021-09-13-at-16.57.29-6-150x150.jpeg\" alt=\"\" data-id=\"6994\" data-full-url=\"https:\/\/www.padreeustaquio.com.br\/wp-content\/uploads\/2021\/09\/WhatsApp-Image-2021-09-13-at-16.57.29-6.jpeg\" data-link=\"https:\/\/www.padreeustaquio.com.br\/padre-eustaquio-e-o-tempo-de-exilio\/whatsapp-image-2021-09-13-at-16-57-29-6\/\" class=\"wp-image-6994\" srcset=\"https:\/\/www.padreeustaquio.com.br\/wp-content\/uploads\/2021\/09\/WhatsApp-Image-2021-09-13-at-16.57.29-6-150x150.jpeg 150w, https:\/\/www.padreeustaquio.com.br\/wp-content\/uploads\/2021\/09\/WhatsApp-Image-2021-09-13-at-16.57.29-6-75x75.jpeg 75w, https:\/\/www.padreeustaquio.com.br\/wp-content\/uploads\/2021\/09\/WhatsApp-Image-2021-09-13-at-16.57.29-6-180x180.jpeg 180w, https:\/\/www.padreeustaquio.com.br\/wp-content\/uploads\/2021\/09\/WhatsApp-Image-2021-09-13-at-16.57.29-6-400x400.jpeg 400w, https:\/\/www.padreeustaquio.com.br\/wp-content\/uploads\/2021\/09\/WhatsApp-Image-2021-09-13-at-16.57.29-6-600x600.jpeg 600w\" sizes=\"(max-width: 150px) 100vw, 150px\" \/><\/a><\/figure><\/li><li class=\"blocks-gallery-item\"><figure><a href=\"https:\/\/www.padreeustaquio.com.br\/en\/father-eustace-and-the-time-of-exile\/whatsapp-image-2021-09-13-at-16-57-29\/\"><img loading=\"lazy\" decoding=\"async\" width=\"150\" height=\"150\" src=\"https:\/\/www.padreeustaquio.com.br\/wp-content\/uploads\/2021\/09\/WhatsApp-Image-2021-09-13-at-16.57.29-150x150.jpeg\" alt=\"\" data-id=\"6996\" data-full-url=\"https:\/\/www.padreeustaquio.com.br\/wp-content\/uploads\/2021\/09\/WhatsApp-Image-2021-09-13-at-16.57.29.jpeg\" data-link=\"https:\/\/www.padreeustaquio.com.br\/padre-eustaquio-e-o-tempo-de-exilio\/whatsapp-image-2021-09-13-at-16-57-29\/\" class=\"wp-image-6996\" srcset=\"https:\/\/www.padreeustaquio.com.br\/wp-content\/uploads\/2021\/09\/WhatsApp-Image-2021-09-13-at-16.57.29-150x150.jpeg 150w, https:\/\/www.padreeustaquio.com.br\/wp-content\/uploads\/2021\/09\/WhatsApp-Image-2021-09-13-at-16.57.29-75x75.jpeg 75w, https:\/\/www.padreeustaquio.com.br\/wp-content\/uploads\/2021\/09\/WhatsApp-Image-2021-09-13-at-16.57.29-180x180.jpeg 180w, https:\/\/www.padreeustaquio.com.br\/wp-content\/uploads\/2021\/09\/WhatsApp-Image-2021-09-13-at-16.57.29-400x400.jpeg 400w, https:\/\/www.padreeustaquio.com.br\/wp-content\/uploads\/2021\/09\/WhatsApp-Image-2021-09-13-at-16.57.29-600x600.jpeg 600w\" sizes=\"(max-width: 150px) 100vw, 150px\" \/><\/a><\/figure><\/li><\/ul><\/figure>","protected":false},"excerpt":{"rendered":"<p>A solu\u00e7\u00e3o encontrada pelos superiores de Padre Eust\u00e1quio foi a de afast\u00e1-lo da par\u00f3quia de Po\u00e1-SP a partir de 13 de maio de 1941. As autoridades civis e religiosas determinaram seu ex\u00edlio para uma fazenda na cidade de Rio Claro-SP, e a troca de seu nome para Padre Jos\u00e9, o que ele aceitou testemunhando obedi\u00eancia e humildade. Descoberto, foi para outros lugares. Seu ref\u00fagio, em seguida, passa a ser o convento dos padres em Patroc\u00ednio\u2013MG no ent\u00e3o Gin\u00e1sio D. Lustosa, a partir de 13 de outubro de 1941. Depois disso, antes de partir para a capital mineira, foi enviado como [&hellip;]<\/p>\n","protected":false},"author":2,"featured_media":6994,"comment_status":"open","ping_status":"closed","sticky":false,"template":"","format":"standard","meta":{"_acf_changed":false,"footnotes":""},"categories":[619],"tags":[],"class_list":["post-6988","post","type-post","status-publish","format-standard","has-post-thumbnail","hentry","category-galeria"],"acf":[],"yoast_head":"<!-- This site is optimized with the Yoast SEO plugin v27.2 - https:\/\/yoast.com\/product\/yoast-seo-wordpress\/ -->\n<title>Padre Eust\u00e1quio e o tempo de ex\u00edlio - Padre Eust\u00e1quio<\/title>\n<meta name=\"robots\" content=\"index, follow, max-snippet:-1, max-image-preview:large, max-video-preview:-1\" \/>\n<link rel=\"canonical\" href=\"https:\/\/www.padreeustaquio.com.br\/en\/father-eustace-and-the-time-of-exile\/\" \/>\n<meta property=\"og:locale\" content=\"en_US\" \/>\n<meta property=\"og:type\" content=\"article\" \/>\n<meta property=\"og:title\" content=\"Padre Eust\u00e1quio e o tempo de ex\u00edlio - Padre Eust\u00e1quio\" \/>\n<meta property=\"og:description\" content=\"A solu\u00e7\u00e3o encontrada pelos superiores de Padre Eust\u00e1quio foi a de afast\u00e1-lo da par\u00f3quia de Po\u00e1-SP a partir de 13 de maio de 1941. As autoridades civis e religiosas determinaram seu ex\u00edlio para uma fazenda na cidade de Rio Claro-SP, e a troca de seu nome para Padre Jos\u00e9, o que ele aceitou testemunhando obedi\u00eancia e humildade. Descoberto, foi para outros lugares. Seu ref\u00fagio, em seguida, passa a ser o convento dos padres em Patroc\u00ednio\u2013MG no ent\u00e3o Gin\u00e1sio D. Lustosa, a partir de 13 de outubro de 1941. Depois disso, antes de partir para a capital mineira, foi enviado como [&hellip;]\" \/>\n<meta property=\"og:url\" content=\"https:\/\/www.padreeustaquio.com.br\/en\/father-eustace-and-the-time-of-exile\/\" \/>\n<meta property=\"og:site_name\" content=\"Padre Eust\u00e1quio\" \/>\n<meta property=\"article:publisher\" content=\"https:\/\/www.facebook.com\/beatopadreeustaquio\/\" \/>\n<meta property=\"article:published_time\" content=\"2021-09-13T20:02:28+00:00\" \/>\n<meta property=\"article:modified_time\" content=\"2021-09-13T21:53:11+00:00\" \/>\n<meta property=\"og:image\" content=\"https:\/\/www.padreeustaquio.com.br\/wp-content\/uploads\/2021\/09\/WhatsApp-Image-2021-09-13-at-16.57.29-6.jpeg\" \/>\n\t<meta property=\"og:image:width\" content=\"875\" \/>\n\t<meta property=\"og:image:height\" content=\"1280\" \/>\n\t<meta property=\"og:image:type\" content=\"image\/jpeg\" \/>\n<meta name=\"author\" content=\"@sscc\" \/>\n<meta name=\"twitter:card\" content=\"summary_large_image\" \/>\n<meta name=\"twitter:creator\" content=\"@beatopeustaquio\" \/>\n<meta name=\"twitter:site\" content=\"@beatopeustaquio\" \/>\n<meta name=\"twitter:label1\" content=\"Written by\" \/>\n\t<meta name=\"twitter:data1\" content=\"@sscc\" \/>\n\t<meta name=\"twitter:label2\" content=\"Est. reading time\" \/>\n\t<meta name=\"twitter:data2\" content=\"3 minutes\" \/>\n<script type=\"application\/ld+json\" class=\"yoast-schema-graph\">{\"@context\":\"https:\/\/schema.org\",\"@graph\":[{\"@type\":\"Article\",\"@id\":\"https:\/\/www.padreeustaquio.com.br\/padre-eustaquio-e-o-tempo-de-exilio\/#article\",\"isPartOf\":{\"@id\":\"https:\/\/www.padreeustaquio.com.br\/padre-eustaquio-e-o-tempo-de-exilio\/\"},\"author\":{\"name\":\"@sscc\",\"@id\":\"https:\/\/www.padreeustaquio.com.br\/#\/schema\/person\/a2a51db1d00f1a7af0204a0f1ddb1566\"},\"headline\":\"Padre Eust\u00e1quio e o tempo de ex\u00edlio\",\"datePublished\":\"2021-09-13T20:02:28+00:00\",\"dateModified\":\"2021-09-13T21:53:11+00:00\",\"mainEntityOfPage\":{\"@id\":\"https:\/\/www.padreeustaquio.com.br\/padre-eustaquio-e-o-tempo-de-exilio\/\"},\"wordCount\":164,\"commentCount\":0,\"publisher\":{\"@id\":\"https:\/\/www.padreeustaquio.com.br\/#organization\"},\"image\":{\"@id\":\"https:\/\/www.padreeustaquio.com.br\/padre-eustaquio-e-o-tempo-de-exilio\/#primaryimage\"},\"thumbnailUrl\":\"https:\/\/www.padreeustaquio.com.br\/wp-content\/uploads\/2021\/09\/WhatsApp-Image-2021-09-13-at-16.57.29-6.jpeg\",\"articleSection\":[\"Galerias\"],\"inLanguage\":\"en-US\",\"potentialAction\":[{\"@type\":\"CommentAction\",\"name\":\"Comment\",\"target\":[\"https:\/\/www.padreeustaquio.com.br\/padre-eustaquio-e-o-tempo-de-exilio\/#respond\"]}]},{\"@type\":\"WebPage\",\"@id\":\"https:\/\/www.padreeustaquio.com.br\/padre-eustaquio-e-o-tempo-de-exilio\/\",\"url\":\"https:\/\/www.padreeustaquio.com.br\/padre-eustaquio-e-o-tempo-de-exilio\/\",\"name\":\"Padre Eust\u00e1quio e o tempo de ex\u00edlio - Padre Eust\u00e1quio\",\"isPartOf\":{\"@id\":\"https:\/\/www.padreeustaquio.com.br\/#website\"},\"primaryImageOfPage\":{\"@id\":\"https:\/\/www.padreeustaquio.com.br\/padre-eustaquio-e-o-tempo-de-exilio\/#primaryimage\"},\"image\":{\"@id\":\"https:\/\/www.padreeustaquio.com.br\/padre-eustaquio-e-o-tempo-de-exilio\/#primaryimage\"},\"thumbnailUrl\":\"https:\/\/www.padreeustaquio.com.br\/wp-content\/uploads\/2021\/09\/WhatsApp-Image-2021-09-13-at-16.57.29-6.jpeg\",\"datePublished\":\"2021-09-13T20:02:28+00:00\",\"dateModified\":\"2021-09-13T21:53:11+00:00\",\"breadcrumb\":{\"@id\":\"https:\/\/www.padreeustaquio.com.br\/padre-eustaquio-e-o-tempo-de-exilio\/#breadcrumb\"},\"inLanguage\":\"en-US\",\"potentialAction\":[{\"@type\":\"ReadAction\",\"target\":[\"https:\/\/www.padreeustaquio.com.br\/padre-eustaquio-e-o-tempo-de-exilio\/\"]}]},{\"@type\":\"ImageObject\",\"inLanguage\":\"en-US\",\"@id\":\"https:\/\/www.padreeustaquio.com.br\/padre-eustaquio-e-o-tempo-de-exilio\/#primaryimage\",\"url\":\"https:\/\/www.padreeustaquio.com.br\/wp-content\/uploads\/2021\/09\/WhatsApp-Image-2021-09-13-at-16.57.29-6.jpeg\",\"contentUrl\":\"https:\/\/www.padreeustaquio.com.br\/wp-content\/uploads\/2021\/09\/WhatsApp-Image-2021-09-13-at-16.57.29-6.jpeg\",\"width\":875,\"height\":1280},{\"@type\":\"BreadcrumbList\",\"@id\":\"https:\/\/www.padreeustaquio.com.br\/padre-eustaquio-e-o-tempo-de-exilio\/#breadcrumb\",\"itemListElement\":[{\"@type\":\"ListItem\",\"position\":1,\"name\":\"In\u00edcio\",\"item\":\"https:\/\/www.padreeustaquio.com.br\/\"},{\"@type\":\"ListItem\",\"position\":2,\"name\":\"Padre Eust\u00e1quio e o tempo de ex\u00edlio\"}]},{\"@type\":\"WebSite\",\"@id\":\"https:\/\/www.padreeustaquio.com.br\/#website\",\"url\":\"https:\/\/www.padreeustaquio.com.br\/\",\"name\":\"Padre Eust\u00e1quio\",\"description\":\"Sa\u00fade e Paz\",\"publisher\":{\"@id\":\"https:\/\/www.padreeustaquio.com.br\/#organization\"},\"potentialAction\":[{\"@type\":\"SearchAction\",\"target\":{\"@type\":\"EntryPoint\",\"urlTemplate\":\"https:\/\/www.padreeustaquio.com.br\/?s={search_term_string}\"},\"query-input\":{\"@type\":\"PropertyValueSpecification\",\"valueRequired\":true,\"valueName\":\"search_term_string\"}}],\"inLanguage\":\"en-US\"},{\"@type\":\"Organization\",\"@id\":\"https:\/\/www.padreeustaquio.com.br\/#organization\",\"name\":\"Padre Eust\u00e1quio\",\"url\":\"https:\/\/www.padreeustaquio.com.br\/\",\"logo\":{\"@type\":\"ImageObject\",\"inLanguage\":\"en-US\",\"@id\":\"https:\/\/www.padreeustaquio.com.br\/#\/schema\/logo\/image\/\",\"url\":\"https:\/\/www.padreeustaquio.com.br\/wp-content\/uploads\/2019\/08\/marca.png\",\"contentUrl\":\"https:\/\/www.padreeustaquio.com.br\/wp-content\/uploads\/2019\/08\/marca.png\",\"width\":350,\"height\":400,\"caption\":\"Padre Eust\u00e1quio\"},\"image\":{\"@id\":\"https:\/\/www.padreeustaquio.com.br\/#\/schema\/logo\/image\/\"},\"sameAs\":[\"https:\/\/www.facebook.com\/beatopadreeustaquio\/\",\"https:\/\/x.com\/beatopeustaquio\",\"https:\/\/www.instagram.com\/beatopadreeustaquio\/\",\"https:\/\/www.youtube.com\/channel\/UCRhw7vfabnajwLxb1ZXMeIw\"]},{\"@type\":\"Person\",\"@id\":\"https:\/\/www.padreeustaquio.com.br\/#\/schema\/person\/a2a51db1d00f1a7af0204a0f1ddb1566\",\"name\":\"@sscc\",\"image\":{\"@type\":\"ImageObject\",\"inLanguage\":\"en-US\",\"@id\":\"https:\/\/secure.gravatar.com\/avatar\/68cfafa5f44617fea54071e215026e0ff06be366c3d54a8425f04fdcb86f8c5f?s=96&d=mm&r=g\",\"url\":\"https:\/\/secure.gravatar.com\/avatar\/68cfafa5f44617fea54071e215026e0ff06be366c3d54a8425f04fdcb86f8c5f?s=96&d=mm&r=g\",\"contentUrl\":\"https:\/\/secure.gravatar.com\/avatar\/68cfafa5f44617fea54071e215026e0ff06be366c3d54a8425f04fdcb86f8c5f?s=96&d=mm&r=g\",\"caption\":\"@sscc\"},\"url\":\"https:\/\/www.padreeustaquio.com.br\/en\/author\/sscc\/\"}]}<\/script>\n<!-- \/ Yoast SEO plugin. -->","yoast_head_json":{"title":"Father Eustace and the time of exile - Father Eustace","robots":{"index":"index","follow":"follow","max-snippet":"max-snippet:-1","max-image-preview":"max-image-preview:large","max-video-preview":"max-video-preview:-1"},"canonical":"https:\/\/www.padreeustaquio.com.br\/en\/father-eustace-and-the-time-of-exile\/","og_locale":"en_US","og_type":"article","og_title":"Padre Eust\u00e1quio e o tempo de ex\u00edlio - Padre Eust\u00e1quio","og_description":"A solu\u00e7\u00e3o encontrada pelos superiores de Padre Eust\u00e1quio foi a de afast\u00e1-lo da par\u00f3quia de Po\u00e1-SP a partir de 13 de maio de 1941. As autoridades civis e religiosas determinaram seu ex\u00edlio para uma fazenda na cidade de Rio Claro-SP, e a troca de seu nome para Padre Jos\u00e9, o que ele aceitou testemunhando obedi\u00eancia e humildade. Descoberto, foi para outros lugares. Seu ref\u00fagio, em seguida, passa a ser o convento dos padres em Patroc\u00ednio\u2013MG no ent\u00e3o Gin\u00e1sio D. Lustosa, a partir de 13 de outubro de 1941. Depois disso, antes de partir para a capital mineira, foi enviado como [&hellip;]","og_url":"https:\/\/www.padreeustaquio.com.br\/en\/father-eustace-and-the-time-of-exile\/","og_site_name":"Padre Eust\u00e1quio","article_publisher":"https:\/\/www.facebook.com\/beatopadreeustaquio\/","article_published_time":"2021-09-13T20:02:28+00:00","article_modified_time":"2021-09-13T21:53:11+00:00","og_image":[{"width":875,"height":1280,"url":"https:\/\/www.padreeustaquio.com.br\/wp-content\/uploads\/2021\/09\/WhatsApp-Image-2021-09-13-at-16.57.29-6.jpeg","type":"image\/jpeg"}],"author":"@sscc","twitter_card":"summary_large_image","twitter_creator":"@beatopeustaquio","twitter_site":"@beatopeustaquio","twitter_misc":{"Written by":"@sscc","Est. reading time":"3 minutes"},"schema":{"@context":"https:\/\/schema.org","@graph":[{"@type":"Article","@id":"https:\/\/www.padreeustaquio.com.br\/padre-eustaquio-e-o-tempo-de-exilio\/#article","isPartOf":{"@id":"https:\/\/www.padreeustaquio.com.br\/padre-eustaquio-e-o-tempo-de-exilio\/"},"author":{"name":"@sscc","@id":"https:\/\/www.padreeustaquio.com.br\/#\/schema\/person\/a2a51db1d00f1a7af0204a0f1ddb1566"},"headline":"Padre Eust\u00e1quio e o tempo de ex\u00edlio","datePublished":"2021-09-13T20:02:28+00:00","dateModified":"2021-09-13T21:53:11+00:00","mainEntityOfPage":{"@id":"https:\/\/www.padreeustaquio.com.br\/padre-eustaquio-e-o-tempo-de-exilio\/"},"wordCount":164,"commentCount":0,"publisher":{"@id":"https:\/\/www.padreeustaquio.com.br\/#organization"},"image":{"@id":"https:\/\/www.padreeustaquio.com.br\/padre-eustaquio-e-o-tempo-de-exilio\/#primaryimage"},"thumbnailUrl":"https:\/\/www.padreeustaquio.com.br\/wp-content\/uploads\/2021\/09\/WhatsApp-Image-2021-09-13-at-16.57.29-6.jpeg","articleSection":["Galerias"],"inLanguage":"en-US","potentialAction":[{"@type":"CommentAction","name":"Comment","target":["https:\/\/www.padreeustaquio.com.br\/padre-eustaquio-e-o-tempo-de-exilio\/#respond"]}]},{"@type":"WebPage","@id":"https:\/\/www.padreeustaquio.com.br\/padre-eustaquio-e-o-tempo-de-exilio\/","url":"https:\/\/www.padreeustaquio.com.br\/padre-eustaquio-e-o-tempo-de-exilio\/","name":"Father Eustace and the time of exile - Father Eustace","isPartOf":{"@id":"https:\/\/www.padreeustaquio.com.br\/#website"},"primaryImageOfPage":{"@id":"https:\/\/www.padreeustaquio.com.br\/padre-eustaquio-e-o-tempo-de-exilio\/#primaryimage"},"image":{"@id":"https:\/\/www.padreeustaquio.com.br\/padre-eustaquio-e-o-tempo-de-exilio\/#primaryimage"},"thumbnailUrl":"https:\/\/www.padreeustaquio.com.br\/wp-content\/uploads\/2021\/09\/WhatsApp-Image-2021-09-13-at-16.57.29-6.jpeg","datePublished":"2021-09-13T20:02:28+00:00","dateModified":"2021-09-13T21:53:11+00:00","breadcrumb":{"@id":"https:\/\/www.padreeustaquio.com.br\/padre-eustaquio-e-o-tempo-de-exilio\/#breadcrumb"},"inLanguage":"en-US","potentialAction":[{"@type":"ReadAction","target":["https:\/\/www.padreeustaquio.com.br\/padre-eustaquio-e-o-tempo-de-exilio\/"]}]},{"@type":"ImageObject","inLanguage":"en-US","@id":"https:\/\/www.padreeustaquio.com.br\/padre-eustaquio-e-o-tempo-de-exilio\/#primaryimage","url":"https:\/\/www.padreeustaquio.com.br\/wp-content\/uploads\/2021\/09\/WhatsApp-Image-2021-09-13-at-16.57.29-6.jpeg","contentUrl":"https:\/\/www.padreeustaquio.com.br\/wp-content\/uploads\/2021\/09\/WhatsApp-Image-2021-09-13-at-16.57.29-6.jpeg","width":875,"height":1280},{"@type":"BreadcrumbList","@id":"https:\/\/www.padreeustaquio.com.br\/padre-eustaquio-e-o-tempo-de-exilio\/#breadcrumb","itemListElement":[{"@type":"ListItem","position":1,"name":"In\u00edcio","item":"https:\/\/www.padreeustaquio.com.br\/"},{"@type":"ListItem","position":2,"name":"Padre Eust\u00e1quio e o tempo de ex\u00edlio"}]},{"@type":"WebSite","@id":"https:\/\/www.padreeustaquio.com.br\/#website","url":"https:\/\/www.padreeustaquio.com.br\/","name":"FATHER EUST\u00c1QUIO","description":"Health and Peace","publisher":{"@id":"https:\/\/www.padreeustaquio.com.br\/#organization"},"potentialAction":[{"@type":"SearchAction","target":{"@type":"EntryPoint","urlTemplate":"https:\/\/www.padreeustaquio.com.br\/?s={search_term_string}"},"query-input":{"@type":"PropertyValueSpecification","valueRequired":true,"valueName":"search_term_string"}}],"inLanguage":"en-US"},{"@type":"Organization","@id":"https:\/\/www.padreeustaquio.com.br\/#organization","name":"FATHER EUST\u00c1QUIO","url":"https:\/\/www.padreeustaquio.com.br\/","logo":{"@type":"ImageObject","inLanguage":"en-US","@id":"https:\/\/www.padreeustaquio.com.br\/#\/schema\/logo\/image\/","url":"https:\/\/www.padreeustaquio.com.br\/wp-content\/uploads\/2019\/08\/marca.png","contentUrl":"https:\/\/www.padreeustaquio.com.br\/wp-content\/uploads\/2019\/08\/marca.png","width":350,"height":400,"caption":"Padre Eust\u00e1quio"},"image":{"@id":"https:\/\/www.padreeustaquio.com.br\/#\/schema\/logo\/image\/"},"sameAs":["https:\/\/www.facebook.com\/beatopadreeustaquio\/","https:\/\/x.com\/beatopeustaquio","https:\/\/www.instagram.com\/beatopadreeustaquio\/","https:\/\/www.youtube.com\/channel\/UCRhw7vfabnajwLxb1ZXMeIw"]},{"@type":"Person","@id":"https:\/\/www.padreeustaquio.com.br\/#\/schema\/person\/a2a51db1d00f1a7af0204a0f1ddb1566","name":"@sscc","image":{"@type":"ImageObject","inLanguage":"en-US","@id":"https:\/\/secure.gravatar.com\/avatar\/68cfafa5f44617fea54071e215026e0ff06be366c3d54a8425f04fdcb86f8c5f?s=96&d=mm&r=g","url":"https:\/\/secure.gravatar.com\/avatar\/68cfafa5f44617fea54071e215026e0ff06be366c3d54a8425f04fdcb86f8c5f?s=96&d=mm&r=g","contentUrl":"https:\/\/secure.gravatar.com\/avatar\/68cfafa5f44617fea54071e215026e0ff06be366c3d54a8425f04fdcb86f8c5f?s=96&d=mm&r=g","caption":"@sscc"},"url":"https:\/\/www.padreeustaquio.com.br\/en\/author\/sscc\/"}]}},"_links":{"self":[{"href":"https:\/\/www.padreeustaquio.com.br\/en\/wp-json\/wp\/v2\/posts\/6988","targetHints":{"allow":["GET"]}}],"collection":[{"href":"https:\/\/www.padreeustaquio.com.br\/en\/wp-json\/wp\/v2\/posts"}],"about":[{"href":"https:\/\/www.padreeustaquio.com.br\/en\/wp-json\/wp\/v2\/types\/post"}],"author":[{"embeddable":true,"href":"https:\/\/www.padreeustaquio.com.br\/en\/wp-json\/wp\/v2\/users\/2"}],"replies":[{"embeddable":true,"href":"https:\/\/www.padreeustaquio.com.br\/en\/wp-json\/wp\/v2\/comments?post=6988"}],"version-history":[{"count":0,"href":"https:\/\/www.padreeustaquio.com.br\/en\/wp-json\/wp\/v2\/posts\/6988\/revisions"}],"wp:featuredmedia":[{"embeddable":true,"href":"https:\/\/www.padreeustaquio.com.br\/en\/wp-json\/wp\/v2\/media\/6994"}],"wp:attachment":[{"href":"https:\/\/www.padreeustaquio.com.br\/en\/wp-json\/wp\/v2\/media?parent=6988"}],"wp:term":[{"taxonomy":"category","embeddable":true,"href":"https:\/\/www.padreeustaquio.com.br\/en\/wp-json\/wp\/v2\/categories?post=6988"},{"taxonomy":"post_tag","embeddable":true,"href":"https:\/\/www.padreeustaquio.com.br\/en\/wp-json\/wp\/v2\/tags?post=6988"}],"curies":[{"name":"wp","href":"https:\/\/api.w.org\/{rel}","templated":true}]}}